{"id":8342,"date":"2024-09-27T07:50:28","date_gmt":"2024-09-27T10:50:28","guid":{"rendered":"https:\/\/nuevodigitaldeescobar.com.ar\/?p=8342"},"modified":"2024-09-27T07:50:31","modified_gmt":"2024-09-27T10:50:31","slug":"la-fiesta-nacional-de-la-flor-genero-una-gran-demanda-hotelera","status":"publish","type":"post","link":"https:\/\/nuevodigitaldeescobar.com.ar\/?p=8342","title":{"rendered":"La Fiesta Nacional de la Flor gener\u00f3 una gran demanda hotelera"},"content":{"rendered":"<p><span style=\"color: #003366;\"><strong><em>La expectativa que gener\u00f3 la Fiesta Nacional de la Flor en turistas de distintos puntos de la regi\u00f3n se vio reflejada en la alta demanda que mostr\u00f3 el sector hotelero del partido de Escobar, que en estos d\u00edas trabaja con sus m\u00e1ximos niveles de ocupaci\u00f3n.<\/em><\/strong><\/span><\/p>\n<p><!--more--><\/p>\n<hr \/>\n<p>El Howard Johnson en Bel\u00e9n de Escobar y la Posada Mendoza by DOT Tradition en Ingeniero Maschwitz ya alcanzaron el 100% de su capacidad. Por su parte, el Hotel Sans Souci y el Hotel Las Clavelinas, en Bel\u00e9n de Escobar e Ingeniero Maschwitz, respectivamente, operan con el 70% de plazas ocupadas. A su vez, la plataforma digital de alquileres temporarios Airbnb report\u00f3 una ocupaci\u00f3n del 50% de las opciones disponibles en el distrito.<\/p>\n<p>Leonardo Arias, empleado administrativo de Howard Johnson, comenta: <em>\u201cEn este momento estamos al 100% de capacidad. La temporada alta va desde noviembre a febrero, pero aqu\u00ed en Escobar tenemos la particularidad de contar con la Fiesta Nacional de la Flor, que sin duda influye positivamente en nuestro trabajo. Este evento es muy especial para la ciudad porque recibimos visitantes que vienen especialmente desde distintos puntos del pa\u00eds. Es un orgullo ver c\u00f3mo la Fiesta de la Flor transforma a Escobar con gente que viene a disfrutar de su magia y su color y llena nuestras 44 habitaciones\u201d<\/em>.<\/p>\n<p><a href=\"https:\/\/nuevodigitaldeescobar.com.ar\/?attachment_id=8345\" rel=\"attachment wp-att-8345\"><img fetchpriority=\"high\" decoding=\"async\" class=\"alignnone size-full wp-image-8345\" src=\"http:\/\/nuevodigitaldeescobar.com.ar\/wp-content\/uploads\/2024\/09\/ff-3-e1727434067104.jpg\" alt=\"\" width=\"720\" height=\"480\" \/><\/a><\/p>\n<p>La Fiesta no solamente atrae a turistas de todo el pa\u00eds, sino tambi\u00e9n a empresarios y expositores que encuentran en Escobar un espacio ideal para desarrollar sus emprendimientos y disfrutar de un evento \u00fanico. Asimismo, la afluencia de visitantes favorece la activaci\u00f3n de la econom\u00eda local con m\u00e1s ingresos y puestos de trabajo directos e indirectos.<\/p>\n<p>Mat\u00edas Baruzzo, encargado de ventas del Hotel Las Clavelinas, explica: <em>\u201cNosotros estamos actualmente en un 60% de capacidad y las reservas siguen aumentando. Todo se incrementa con el inicio de la Fiesta de la Flor, un hecho muy significativo porque nos genera mayor ocupaci\u00f3n y un \u2018cambio de aire\u2019, sobre todo durante el fin de semana del desfile de carrozas, donde la ocupaci\u00f3n llega al 100%, es decir, alrededor de 120 personas\u201d<\/em>.<\/p>\n<p><a href=\"https:\/\/nuevodigitaldeescobar.com.ar\/?attachment_id=8344\" rel=\"attachment wp-att-8344\"><img decoding=\"async\" class=\"alignnone size-full wp-image-8344\" src=\"http:\/\/nuevodigitaldeescobar.com.ar\/wp-content\/uploads\/2024\/09\/ff-2-1-e1727434197476.jpg\" alt=\"\" width=\"720\" height=\"405\" \/><\/a><\/p>\n<p>El intendente Ariel Sujarchuk reafirm\u00f3 que <em>\u201clogramos que la Fiesta Nacional de la Flor recuperara su prestigio y su poder de convocatoria. As\u00ed, el turismo volvi\u00f3 a ser una actividad clave para el crecimiento y desarrollo de nuestro distrito. En 2023 logramos un 35% de aumento en el n\u00famero de visitantes en comparaci\u00f3n con el 2022, lo que constituy\u00f3 un r\u00e9cord hist\u00f3rico para Escobar, y este a\u00f1o vamos a seguir creciendo. Estamos realmente orgullosos\u201d<\/em>.<\/p>\n<p>La Fiesta Nacional de la Flor abrir\u00e1 los viernes y s\u00e1bados de 9 a 20 horas, y domingos a jueves de 9 a 19. Los tickets para visitar el predio se compran online a trav\u00e9s de <a href=\"http:\/\/www.tuentrada.com\">www.tuentrada.com<\/a> y f\u00edsicamente en la boleter\u00eda del Predio Floral o el Teatro Seminari. El costo general de las entradas para los habitantes de Escobar ser\u00e1 de $3.000, mientras que para jubilados del distrito y menores de 10 a\u00f1os el acceso ser\u00e1 gratuito. Para el resto del p\u00fablico, el precio ser\u00e1 de $4.000. Quienes deseen mayor informaci\u00f3n, pueden ingresar a <a href=\"http:\/\/www.escobar.gob.ar\/FNF\">www.escobar.gob.ar\/FNF<\/a>.<\/p>\n","protected":false},"excerpt":{"rendered":"<p>La expectativa que gener\u00f3 la Fiesta Nacional de la Flor en turistas de distintos puntos de la regi\u00f3n se vio reflejada en la alta demanda [&hellip;]<\/p>\n","protected":false},"author":1,"featured_media":8343,"comment_status":"open","ping_status":"open","sticky":false,"template":"","format":"standard","meta":{"footnotes":""},"categories":[11],"tags":[],"class_list":["post-8342","post","type-post","status-publish","format-standard","has-post-thumbnail","hentry","category-cultura-arte-y-espectaculos"],"better_featured_image":{"id":8343,"alt_text":"","caption":"","description":"","media_type":"image","media_details":{"width":720,"height":480,"file":"2024\/09\/ff-1-1-e1727434220942.jpg","filesize":455013,"sizes":{"medium":{"file":"ff-1-1-300x200.jpg","width":300,"height":200,"mime-type":"image\/jpeg","filesize":21370,"source_url":"https:\/\/nuevodigitaldeescobar.com.ar\/wp-content\/uploads\/2024\/09\/ff-1-1-300x200.jpg"},"large":{"file":"ff-1-1-1024x683.jpg","width":1024,"height":683,"mime-type":"image\/jpeg","filesize":161881,"source_url":"https:\/\/nuevodigitaldeescobar.com.ar\/wp-content\/uploads\/2024\/09\/ff-1-1-1024x683.jpg"},"thumbnail":{"file":"ff-1-1-150x150.jpg","width":150,"height":150,"mime-type":"image\/jpeg","filesize":9355,"source_url":"https:\/\/nuevodigitaldeescobar.com.ar\/wp-content\/uploads\/2024\/09\/ff-1-1-150x150.jpg"},"medium_large":{"file":"ff-1-1-768x512.jpg","width":768,"height":512,"mime-type":"image\/jpeg","filesize":100123,"source_url":"https:\/\/nuevodigitaldeescobar.com.ar\/wp-content\/uploads\/2024\/09\/ff-1-1-768x512.jpg"},"1536x1536":{"file":"ff-1-1-1536x1024.jpg","width":1536,"height":1024,"mime-type":"image\/jpeg","filesize":308386,"source_url":"https:\/\/nuevodigitaldeescobar.com.ar\/wp-content\/uploads\/2024\/09\/ff-1-1-1536x1024.jpg"}},"image_meta":{"aperture":"0","credit":"","camera":"","caption":"","created_timestamp":"0","copyright":"","focal_length":"0","iso":"0","shutter_speed":"0","title":"","orientation":"0","keywords":[]}},"post":8342,"source_url":"https:\/\/nuevodigitaldeescobar.com.ar\/wp-content\/uploads\/2024\/09\/ff-1-1-e1727434220942.jpg"},"yoast_head":"<!-- This site is optimized with the Yoast SEO plugin v26.1.1 - https:\/\/yoast.com\/wordpress\/plugins\/seo\/ -->\n<title>La Fiesta Nacional de la Flor gener\u00f3 una gran demanda hotelera - Nuevo Digital de Escobar<\/title>\n<meta name=\"robots\" content=\"index, follow, max-snippet:-1, max-image-preview:large, max-video-preview:-1\" \/>\n<link rel=\"canonical\" href=\"https:\/\/nuevodigitaldeescobar.com.ar\/?p=8342\" \/>\n<meta property=\"og:locale\" content=\"es_ES\" \/>\n<meta property=\"og:type\" content=\"article\" \/>\n<meta property=\"og:title\" content=\"La Fiesta Nacional de la Flor gener\u00f3 una gran demanda hotelera - Nuevo Digital de Escobar\" \/>\n<meta property=\"og:description\" content=\"La expectativa que gener\u00f3 la Fiesta Nacional de la Flor en turistas de distintos puntos de la regi\u00f3n se vio reflejada en la alta demanda [&hellip;]\" \/>\n<meta property=\"og:url\" content=\"https:\/\/nuevodigitaldeescobar.com.ar\/?p=8342\" \/>\n<meta property=\"og:site_name\" content=\"Nuevo Digital de Escobar\" \/>\n<meta property=\"article:publisher\" content=\"https:\/\/www.facebook.com\/NUEVODigitalDeEscobar\" \/>\n<meta property=\"article:published_time\" content=\"2024-09-27T10:50:28+00:00\" \/>\n<meta property=\"article:modified_time\" content=\"2024-09-27T10:50:31+00:00\" \/>\n<meta property=\"og:image\" content=\"https:\/\/nuevodigitaldeescobar.com.ar\/wp-content\/uploads\/2024\/09\/ff-1-1-e1727434220942.jpg\" \/>\n\t<meta property=\"og:image:width\" content=\"720\" \/>\n\t<meta property=\"og:image:height\" content=\"480\" \/>\n\t<meta property=\"og:image:type\" content=\"image\/jpeg\" \/>\n<meta name=\"author\" content=\"Redacci\u00f3n\" \/>\n<meta name=\"twitter:card\" content=\"summary_large_image\" \/>\n<meta name=\"twitter:creator\" content=\"@nuevodigescobar\" \/>\n<meta name=\"twitter:site\" content=\"@nuevodigescobar\" \/>\n<meta name=\"twitter:label1\" content=\"Escrito por\" \/>\n\t<meta name=\"twitter:data1\" content=\"Redacci\u00f3n\" \/>\n\t<meta name=\"twitter:label2\" content=\"Tiempo de lectura\" \/>\n\t<meta name=\"twitter:data2\" content=\"3 minutos\" \/>\n<script type=\"application\/ld+json\" class=\"yoast-schema-graph\">{\"@context\":\"https:\/\/schema.org\",\"@graph\":[{\"@type\":\"Article\",\"@id\":\"https:\/\/nuevodigitaldeescobar.com.ar\/?p=8342#article\",\"isPartOf\":{\"@id\":\"https:\/\/nuevodigitaldeescobar.com.ar\/?p=8342\"},\"author\":{\"name\":\"Redacci\u00f3n\",\"@id\":\"https:\/\/nuevodigitaldeescobar.com.ar\/#\/schema\/person\/035e90a8efe9a80e6eec22656ad6ea4c\"},\"headline\":\"La Fiesta Nacional de la Flor gener\u00f3 una gran demanda hotelera\",\"datePublished\":\"2024-09-27T10:50:28+00:00\",\"dateModified\":\"2024-09-27T10:50:31+00:00\",\"mainEntityOfPage\":{\"@id\":\"https:\/\/nuevodigitaldeescobar.com.ar\/?p=8342\"},\"wordCount\":541,\"commentCount\":0,\"publisher\":{\"@id\":\"https:\/\/nuevodigitaldeescobar.com.ar\/#organization\"},\"image\":{\"@id\":\"https:\/\/nuevodigitaldeescobar.com.ar\/?p=8342#primaryimage\"},\"thumbnailUrl\":\"https:\/\/nuevodigitaldeescobar.com.ar\/wp-content\/uploads\/2024\/09\/ff-1-1-e1727434220942.jpg\",\"articleSection\":[\"Cultura, Arte y Espect\u00e1culos\"],\"inLanguage\":\"es\",\"potentialAction\":[{\"@type\":\"CommentAction\",\"name\":\"Comment\",\"target\":[\"https:\/\/nuevodigitaldeescobar.com.ar\/?p=8342#respond\"]}]},{\"@type\":\"WebPage\",\"@id\":\"https:\/\/nuevodigitaldeescobar.com.ar\/?p=8342\",\"url\":\"https:\/\/nuevodigitaldeescobar.com.ar\/?p=8342\",\"name\":\"La Fiesta Nacional de la Flor gener\u00f3 una gran demanda hotelera - Nuevo Digital de Escobar\",\"isPartOf\":{\"@id\":\"https:\/\/nuevodigitaldeescobar.com.ar\/#website\"},\"primaryImageOfPage\":{\"@id\":\"https:\/\/nuevodigitaldeescobar.com.ar\/?p=8342#primaryimage\"},\"image\":{\"@id\":\"https:\/\/nuevodigitaldeescobar.com.ar\/?p=8342#primaryimage\"},\"thumbnailUrl\":\"https:\/\/nuevodigitaldeescobar.com.ar\/wp-content\/uploads\/2024\/09\/ff-1-1-e1727434220942.jpg\",\"datePublished\":\"2024-09-27T10:50:28+00:00\",\"dateModified\":\"2024-09-27T10:50:31+00:00\",\"breadcrumb\":{\"@id\":\"https:\/\/nuevodigitaldeescobar.com.ar\/?p=8342#breadcrumb\"},\"inLanguage\":\"es\",\"potentialAction\":[{\"@type\":\"ReadAction\",\"target\":[\"https:\/\/nuevodigitaldeescobar.com.ar\/?p=8342\"]}]},{\"@type\":\"ImageObject\",\"inLanguage\":\"es\",\"@id\":\"https:\/\/nuevodigitaldeescobar.com.ar\/?p=8342#primaryimage\",\"url\":\"https:\/\/nuevodigitaldeescobar.com.ar\/wp-content\/uploads\/2024\/09\/ff-1-1-e1727434220942.jpg\",\"contentUrl\":\"https:\/\/nuevodigitaldeescobar.com.ar\/wp-content\/uploads\/2024\/09\/ff-1-1-e1727434220942.jpg\",\"width\":720,\"height\":480},{\"@type\":\"BreadcrumbList\",\"@id\":\"https:\/\/nuevodigitaldeescobar.com.ar\/?p=8342#breadcrumb\",\"itemListElement\":[{\"@type\":\"ListItem\",\"position\":1,\"name\":\"Portada\",\"item\":\"https:\/\/nuevodigitaldeescobar.com.ar\/\"},{\"@type\":\"ListItem\",\"position\":2,\"name\":\"La Fiesta Nacional de la Flor gener\u00f3 una gran demanda hotelera\"}]},{\"@type\":\"WebSite\",\"@id\":\"https:\/\/nuevodigitaldeescobar.com.ar\/#website\",\"url\":\"https:\/\/nuevodigitaldeescobar.com.ar\/\",\"name\":\"Nuevo Digital de Escobar\",\"description\":\"La vida escobarense. Directora: Rosana Brunner\",\"publisher\":{\"@id\":\"https:\/\/nuevodigitaldeescobar.com.ar\/#organization\"},\"potentialAction\":[{\"@type\":\"SearchAction\",\"target\":{\"@type\":\"EntryPoint\",\"urlTemplate\":\"https:\/\/nuevodigitaldeescobar.com.ar\/?s={search_term_string}\"},\"query-input\":{\"@type\":\"PropertyValueSpecification\",\"valueRequired\":true,\"valueName\":\"search_term_string\"}}],\"inLanguage\":\"es\"},{\"@type\":\"Organization\",\"@id\":\"https:\/\/nuevodigitaldeescobar.com.ar\/#organization\",\"name\":\"Nuevo Digital de Escobar\",\"url\":\"https:\/\/nuevodigitaldeescobar.com.ar\/\",\"logo\":{\"@type\":\"ImageObject\",\"inLanguage\":\"es\",\"@id\":\"https:\/\/nuevodigitaldeescobar.com.ar\/#\/schema\/logo\/image\/\",\"url\":\"https:\/\/nuevodigitaldeescobar.com.ar\/wp-content\/uploads\/2025\/05\/cropped-logo-nuevo2.jpg\",\"contentUrl\":\"https:\/\/nuevodigitaldeescobar.com.ar\/wp-content\/uploads\/2025\/05\/cropped-logo-nuevo2.jpg\",\"width\":305,\"height\":305,\"caption\":\"Nuevo Digital de Escobar\"},\"image\":{\"@id\":\"https:\/\/nuevodigitaldeescobar.com.ar\/#\/schema\/logo\/image\/\"},\"sameAs\":[\"https:\/\/www.facebook.com\/NUEVODigitalDeEscobar\",\"https:\/\/x.com\/nuevodigescobar\",\"https:\/\/www.instagram.com\/nuevodigitaldeescobar\"]},{\"@type\":\"Person\",\"@id\":\"https:\/\/nuevodigitaldeescobar.com.ar\/#\/schema\/person\/035e90a8efe9a80e6eec22656ad6ea4c\",\"name\":\"Redacci\u00f3n\",\"image\":{\"@type\":\"ImageObject\",\"inLanguage\":\"es\",\"@id\":\"https:\/\/nuevodigitaldeescobar.com.ar\/#\/schema\/person\/image\/\",\"url\":\"https:\/\/secure.gravatar.com\/avatar\/8af8f40000c24e9eef3034f2be5998a372bb1389e64b1a4a36b3a7979142220d?s=96&d=mm&r=g\",\"contentUrl\":\"https:\/\/secure.gravatar.com\/avatar\/8af8f40000c24e9eef3034f2be5998a372bb1389e64b1a4a36b3a7979142220d?s=96&d=mm&r=g\",\"caption\":\"Redacci\u00f3n\"},\"sameAs\":[\"http:\/\/nuevodigitaldeescobar.com.ar\"],\"url\":\"https:\/\/nuevodigitaldeescobar.com.ar\/?author=1\"}]}<\/script>\n<!-- \/ Yoast SEO plugin. -->","yoast_head_json":{"title":"La Fiesta Nacional de la Flor gener\u00f3 una gran demanda hotelera - Nuevo Digital de Escobar","robots":{"index":"index","follow":"follow","max-snippet":"max-snippet:-1","max-image-preview":"max-image-preview:large","max-video-preview":"max-video-preview:-1"},"canonical":"https:\/\/nuevodigitaldeescobar.com.ar\/?p=8342","og_locale":"es_ES","og_type":"article","og_title":"La Fiesta Nacional de la Flor gener\u00f3 una gran demanda hotelera - Nuevo Digital de Escobar","og_description":"La expectativa que gener\u00f3 la Fiesta Nacional de la Flor en turistas de distintos puntos de la regi\u00f3n se vio reflejada en la alta demanda [&hellip;]","og_url":"https:\/\/nuevodigitaldeescobar.com.ar\/?p=8342","og_site_name":"Nuevo Digital de Escobar","article_publisher":"https:\/\/www.facebook.com\/NUEVODigitalDeEscobar","article_published_time":"2024-09-27T10:50:28+00:00","article_modified_time":"2024-09-27T10:50:31+00:00","og_image":[{"width":720,"height":480,"url":"https:\/\/nuevodigitaldeescobar.com.ar\/wp-content\/uploads\/2024\/09\/ff-1-1-e1727434220942.jpg","type":"image\/jpeg"}],"author":"Redacci\u00f3n","twitter_card":"summary_large_image","twitter_creator":"@nuevodigescobar","twitter_site":"@nuevodigescobar","twitter_misc":{"Escrito por":"Redacci\u00f3n","Tiempo de lectura":"3 minutos"},"schema":{"@context":"https:\/\/schema.org","@graph":[{"@type":"Article","@id":"https:\/\/nuevodigitaldeescobar.com.ar\/?p=8342#article","isPartOf":{"@id":"https:\/\/nuevodigitaldeescobar.com.ar\/?p=8342"},"author":{"name":"Redacci\u00f3n","@id":"https:\/\/nuevodigitaldeescobar.com.ar\/#\/schema\/person\/035e90a8efe9a80e6eec22656ad6ea4c"},"headline":"La Fiesta Nacional de la Flor gener\u00f3 una gran demanda hotelera","datePublished":"2024-09-27T10:50:28+00:00","dateModified":"2024-09-27T10:50:31+00:00","mainEntityOfPage":{"@id":"https:\/\/nuevodigitaldeescobar.com.ar\/?p=8342"},"wordCount":541,"commentCount":0,"publisher":{"@id":"https:\/\/nuevodigitaldeescobar.com.ar\/#organization"},"image":{"@id":"https:\/\/nuevodigitaldeescobar.com.ar\/?p=8342#primaryimage"},"thumbnailUrl":"https:\/\/nuevodigitaldeescobar.com.ar\/wp-content\/uploads\/2024\/09\/ff-1-1-e1727434220942.jpg","articleSection":["Cultura, Arte y Espect\u00e1culos"],"inLanguage":"es","potentialAction":[{"@type":"CommentAction","name":"Comment","target":["https:\/\/nuevodigitaldeescobar.com.ar\/?p=8342#respond"]}]},{"@type":"WebPage","@id":"https:\/\/nuevodigitaldeescobar.com.ar\/?p=8342","url":"https:\/\/nuevodigitaldeescobar.com.ar\/?p=8342","name":"La Fiesta Nacional de la Flor gener\u00f3 una gran demanda hotelera - Nuevo Digital de Escobar","isPartOf":{"@id":"https:\/\/nuevodigitaldeescobar.com.ar\/#website"},"primaryImageOfPage":{"@id":"https:\/\/nuevodigitaldeescobar.com.ar\/?p=8342#primaryimage"},"image":{"@id":"https:\/\/nuevodigitaldeescobar.com.ar\/?p=8342#primaryimage"},"thumbnailUrl":"https:\/\/nuevodigitaldeescobar.com.ar\/wp-content\/uploads\/2024\/09\/ff-1-1-e1727434220942.jpg","datePublished":"2024-09-27T10:50:28+00:00","dateModified":"2024-09-27T10:50:31+00:00","breadcrumb":{"@id":"https:\/\/nuevodigitaldeescobar.com.ar\/?p=8342#breadcrumb"},"inLanguage":"es","potentialAction":[{"@type":"ReadAction","target":["https:\/\/nuevodigitaldeescobar.com.ar\/?p=8342"]}]},{"@type":"ImageObject","inLanguage":"es","@id":"https:\/\/nuevodigitaldeescobar.com.ar\/?p=8342#primaryimage","url":"https:\/\/nuevodigitaldeescobar.com.ar\/wp-content\/uploads\/2024\/09\/ff-1-1-e1727434220942.jpg","contentUrl":"https:\/\/nuevodigitaldeescobar.com.ar\/wp-content\/uploads\/2024\/09\/ff-1-1-e1727434220942.jpg","width":720,"height":480},{"@type":"BreadcrumbList","@id":"https:\/\/nuevodigitaldeescobar.com.ar\/?p=8342#breadcrumb","itemListElement":[{"@type":"ListItem","position":1,"name":"Portada","item":"https:\/\/nuevodigitaldeescobar.com.ar\/"},{"@type":"ListItem","position":2,"name":"La Fiesta Nacional de la Flor gener\u00f3 una gran demanda hotelera"}]},{"@type":"WebSite","@id":"https:\/\/nuevodigitaldeescobar.com.ar\/#website","url":"https:\/\/nuevodigitaldeescobar.com.ar\/","name":"Nuevo Digital de Escobar","description":"La vida escobarense. Directora: Rosana Brunner","publisher":{"@id":"https:\/\/nuevodigitaldeescobar.com.ar\/#organization"},"potentialAction":[{"@type":"SearchAction","target":{"@type":"EntryPoint","urlTemplate":"https:\/\/nuevodigitaldeescobar.com.ar\/?s={search_term_string}"},"query-input":{"@type":"PropertyValueSpecification","valueRequired":true,"valueName":"search_term_string"}}],"inLanguage":"es"},{"@type":"Organization","@id":"https:\/\/nuevodigitaldeescobar.com.ar\/#organization","name":"Nuevo Digital de Escobar","url":"https:\/\/nuevodigitaldeescobar.com.ar\/","logo":{"@type":"ImageObject","inLanguage":"es","@id":"https:\/\/nuevodigitaldeescobar.com.ar\/#\/schema\/logo\/image\/","url":"https:\/\/nuevodigitaldeescobar.com.ar\/wp-content\/uploads\/2025\/05\/cropped-logo-nuevo2.jpg","contentUrl":"https:\/\/nuevodigitaldeescobar.com.ar\/wp-content\/uploads\/2025\/05\/cropped-logo-nuevo2.jpg","width":305,"height":305,"caption":"Nuevo Digital de Escobar"},"image":{"@id":"https:\/\/nuevodigitaldeescobar.com.ar\/#\/schema\/logo\/image\/"},"sameAs":["https:\/\/www.facebook.com\/NUEVODigitalDeEscobar","https:\/\/x.com\/nuevodigescobar","https:\/\/www.instagram.com\/nuevodigitaldeescobar"]},{"@type":"Person","@id":"https:\/\/nuevodigitaldeescobar.com.ar\/#\/schema\/person\/035e90a8efe9a80e6eec22656ad6ea4c","name":"Redacci\u00f3n","image":{"@type":"ImageObject","inLanguage":"es","@id":"https:\/\/nuevodigitaldeescobar.com.ar\/#\/schema\/person\/image\/","url":"https:\/\/secure.gravatar.com\/avatar\/8af8f40000c24e9eef3034f2be5998a372bb1389e64b1a4a36b3a7979142220d?s=96&d=mm&r=g","contentUrl":"https:\/\/secure.gravatar.com\/avatar\/8af8f40000c24e9eef3034f2be5998a372bb1389e64b1a4a36b3a7979142220d?s=96&d=mm&r=g","caption":"Redacci\u00f3n"},"sameAs":["http:\/\/nuevodigitaldeescobar.com.ar"],"url":"https:\/\/nuevodigitaldeescobar.com.ar\/?author=1"}]}},"featured_image_urls":{"full":["https:\/\/nuevodigitaldeescobar.com.ar\/wp-content\/uploads\/2024\/09\/ff-1-1-e1727434220942.jpg",720,480,false],"thumbnail":["https:\/\/nuevodigitaldeescobar.com.ar\/wp-content\/uploads\/2024\/09\/ff-1-1-150x150.jpg",150,150,true],"medium":["https:\/\/nuevodigitaldeescobar.com.ar\/wp-content\/uploads\/2024\/09\/ff-1-1-300x200.jpg",300,200,true],"medium_large":["https:\/\/nuevodigitaldeescobar.com.ar\/wp-content\/uploads\/2024\/09\/ff-1-1-768x512.jpg",640,427,true],"large":["https:\/\/nuevodigitaldeescobar.com.ar\/wp-content\/uploads\/2024\/09\/ff-1-1-1024x683.jpg",640,427,true],"1536x1536":["https:\/\/nuevodigitaldeescobar.com.ar\/wp-content\/uploads\/2024\/09\/ff-1-1-1536x1024.jpg",1536,1024,true],"2048x2048":["https:\/\/nuevodigitaldeescobar.com.ar\/wp-content\/uploads\/2024\/09\/ff-1-1-e1727434220942.jpg",720,480,false]},"author_info":{"display_name":"Redacci\u00f3n","author_link":"https:\/\/nuevodigitaldeescobar.com.ar\/?author=1"},"category_info":"<a href=\"https:\/\/nuevodigitaldeescobar.com.ar\/?cat=11\" rel=\"category\">Cultura, Arte y Espect\u00e1culos<\/a>","tag_info":"Cultura, Arte y Espect\u00e1culos","comment_count":"0","_links":{"self":[{"href":"https:\/\/nuevodigitaldeescobar.com.ar\/index.php?rest_route=\/wp\/v2\/posts\/8342","targetHints":{"allow":["GET"]}}],"collection":[{"href":"https:\/\/nuevodigitaldeescobar.com.ar\/index.php?rest_route=\/wp\/v2\/posts"}],"about":[{"href":"https:\/\/nuevodigitaldeescobar.com.ar\/index.php?rest_route=\/wp\/v2\/types\/post"}],"author":[{"embeddable":true,"href":"https:\/\/nuevodigitaldeescobar.com.ar\/index.php?rest_route=\/wp\/v2\/users\/1"}],"replies":[{"embeddable":true,"href":"https:\/\/nuevodigitaldeescobar.com.ar\/index.php?rest_route=%2Fwp%2Fv2%2Fcomments&post=8342"}],"version-history":[{"count":1,"href":"https:\/\/nuevodigitaldeescobar.com.ar\/index.php?rest_route=\/wp\/v2\/posts\/8342\/revisions"}],"predecessor-version":[{"id":8346,"href":"https:\/\/nuevodigitaldeescobar.com.ar\/index.php?rest_route=\/wp\/v2\/posts\/8342\/revisions\/8346"}],"wp:featuredmedia":[{"embeddable":true,"href":"https:\/\/nuevodigitaldeescobar.com.ar\/index.php?rest_route=\/wp\/v2\/media\/8343"}],"wp:attachment":[{"href":"https:\/\/nuevodigitaldeescobar.com.ar\/index.php?rest_route=%2Fwp%2Fv2%2Fmedia&parent=8342"}],"wp:term":[{"taxonomy":"category","embeddable":true,"href":"https:\/\/nuevodigitaldeescobar.com.ar\/index.php?rest_route=%2Fwp%2Fv2%2Fcategories&post=8342"},{"taxonomy":"post_tag","embeddable":true,"href":"https:\/\/nuevodigitaldeescobar.com.ar\/index.php?rest_route=%2Fwp%2Fv2%2Ftags&post=8342"}],"curies":[{"name":"wp","href":"https:\/\/api.w.org\/{rel}","templated":true}]}}