{"id":8353,"date":"2024-09-27T07:29:00","date_gmt":"2024-09-27T10:29:00","guid":{"rendered":"https:\/\/nuevodigitaldeescobar.com.ar\/?p=8353"},"modified":"2024-09-27T08:31:35","modified_gmt":"2024-09-27T11:31:35","slug":"incendios-en-cordoba-el-senado-aprobo-la-emergencia-ambiental-por-180-dias","status":"publish","type":"post","link":"https:\/\/nuevodigitaldeescobar.com.ar\/?p=8353","title":{"rendered":"Incendios en C\u00f3rdoba: el Senado aprob\u00f3 la emergencia ambiental por 180 d\u00edas"},"content":{"rendered":"<p><span style=\"color: #003366;\"><strong><em>Fue por 55 votos afirmativos, cero negativos y tres abstenciones, propinadas por senadores de La Libertad Avanza (LLA), a horas de la visita de Milei en suelo cordob\u00e9s.<\/em><\/strong><\/span><\/p>\n<p><!--more--><\/p>\n<hr \/>\n<p>El Senado de la Naci\u00f3n aprob\u00f3 un proyecto que declara por 180 d\u00edas la emergencia ambiental en la provincia de C\u00f3rdoba, en medio de los incendios que azotan al territorio desde hace d\u00edas. Ser\u00e1 remitido a la C\u00e1mara de Diputados.<\/p>\n<p>Fue por 55 votos afirmativos, cero negativos y tres abstenciones propinadas por senadores de La Libertad Avanza (LLA): Ezequiel Atauche (Jujuy), Vilma Vedia (Jujuy) y Bruno Olivera (San Juan).<\/p>\n<p>Atauche, jefe del bloque LLA y uno de los senadores con mayor sinton\u00eda con la Casa Rosada, argument\u00f3 que votaron de esa manera porque la iniciativa no tiene partidas asignadas y algunas cuestiones <em>\u00abno les quedan claras\u00bb<\/em>.<\/p>\n<p>El argumento del juje\u00f1o gener\u00f3 fuerte repudio por parte de las bancadas de C\u00f3rdoba que ocupan Alejandra Vigo, Luis Juez y Carmen \u00c1lvarez Rivero. Adem\u00e1s, se plegaron kirchneristas como Juliana Di Tullio y la senadora por la ciudad de Buenos Aires, Guadalupe Tagliaferri, que le pidi\u00f3 a Atauche que mejorara su defensa del voto.<\/p>\n<p>Fiel a su estilo, el m\u00e1s pirot\u00e9cnico fue Juez que inici\u00f3 suave, pero termin\u00f3 explotando contra el gobierno del presidente Javier Milei: <em>\u00abHay m\u00faltiples miradas sobre una desgracia que est\u00e1 viviendo la Provincia de C\u00f3rdoba y los tres senadores hab\u00edamos arreglado no utilizar este tema, la tragedia, para intentar sacar una ventaja y est\u00e1bamos cumpliendo hasta 13 segundos\u00bb<\/em>.<\/p>\n<p>En esa l\u00ednea, continu\u00f3: <em>\u00abLa verdad, lo tengo que decir\u2026 \u00bfQu\u00e9 mierda m\u00e1s nos tiene que pasar en C\u00f3rdoba para que el Gobierno sepa que la estamos pasando como el culo? \u00bfQu\u00e9 m\u00e1s tiene que pasar en mi provincia para que se den cuenta los dirigentes pol\u00edticos que hay gente que perdi\u00f3 todo?\u00bb<\/em>.<\/p>\n<p>Di Tullio, por su parte, critic\u00f3 la ejecuci\u00f3n del presupuesto en el \u00e1rea ambiental: <em>\u00abEn el primer trimestre ejecut\u00f3 cero y la subejecuci\u00f3n es escandalosa. Para la ley de presupuesto que envi\u00f3 el presidente Milei, el programa nacional de manejo de fuego es el 0,025% del total del gasto\u00bb<\/em>.<\/p>\n<p>A su vez, la senadora tambi\u00e9n carg\u00f3 contra el jefe de Estado, que el mi\u00e9rcoles visit\u00f3 C\u00f3rdoba, y aprovech\u00f3 para criticar a los supuestos trolls libertarios que acusaron a militantes de La C\u00e1mpora como los iniciadores del fuego: <em>\u00abEn vez de poner guita para que vayan las brigadas de defensa civil de todo el pa\u00eds a C\u00f3rdoba, pone a brigadas de trolls a inventar que 17 militantes de La C\u00e1mpora fueron los que prendieron fuego C\u00f3rdoba\u00bb<\/em>.<\/p>\n<p><em>\u00abEstamos retrocediendo espantosamente, pero lo que s\u00ed est\u00e1 avanzando es la emergencia clim\u00e1tica: avanza la motosierra y la emergencia clim\u00e1tica\u00bb<\/em>, cerr\u00f3 Di Tullio.<\/p>\n<h3><span style=\"color: #003366;\">El proyecto<\/span><\/h3>\n<p>El proyecto instruye a la Secretar\u00eda de Turismo, Deportes y Ambiente a que destine <em>\u00abuna partida extraordinaria para intervenir y asistir inmediatamente a los fines de la reconstrucci\u00f3n de infraestructura y recuperaci\u00f3n de las actividades econ\u00f3micas afectadas\u00bb<\/em>.<\/p>\n<p><em>\u00abEstas acciones se implementar\u00e1n en coordinaci\u00f3n con el gobierno de la provincia de C\u00f3rdoba y los gobiernos municipales de las localidades afectadas, respetando los protocolos establecidos por el Plan Nacional de Manejo del Fuego\u00bb<\/em>, agrega el documento.<\/p>\n<p>Adem\u00e1s, faculta a la Casa Rosada a <em>\u00abadoptar medidas financieras especiales que brinden apoyo directo a las econom\u00edas regionales y a los habitantes de las zonas afectadas por los incendios en las Sierras de C\u00f3rdoba, conforme a lo establecido por la Ley N\u00b0 27.287, en relaci\u00f3n con la gesti\u00f3n de desastres y la protecci\u00f3n de las actividades productivas locales\u00bb<\/em>.<\/p>\n<p><em>(NA)<\/em><\/p>\n","protected":false},"excerpt":{"rendered":"<p>Fue por 55 votos afirmativos, cero negativos y tres abstenciones, propinadas por senadores de La Libertad Avanza (LLA), a horas de la visita de Milei [&hellip;]<\/p>\n","protected":false},"author":1,"featured_media":8354,"comment_status":"open","ping_status":"open","sticky":false,"template":"","format":"standard","meta":{"footnotes":""},"categories":[14,12,61],"tags":[],"class_list":["post-8353","post","type-post","status-publish","format-standard","has-post-thumbnail","hentry","category-clima-medioambiente-y-sostenibilidad","category-legislativas","category-nacionales"],"better_featured_image":{"id":8354,"alt_text":"","caption":"","description":"","media_type":"image","media_details":{"width":720,"height":410,"file":"2024\/09\/incendios-cordoba-e1727436677127.jpg","filesize":255753,"sizes":{"medium":{"file":"incendios-cordoba-300x171.jpg","width":300,"height":171,"mime-type":"image\/jpeg","filesize":13428,"source_url":"https:\/\/nuevodigitaldeescobar.com.ar\/wp-content\/uploads\/2024\/09\/incendios-cordoba-300x171.jpg"},"large":{"file":"incendios-cordoba-1024x584.jpg","width":1024,"height":584,"mime-type":"image\/jpeg","filesize":114427,"source_url":"https:\/\/nuevodigitaldeescobar.com.ar\/wp-content\/uploads\/2024\/09\/incendios-cordoba-1024x584.jpg"},"thumbnail":{"file":"incendios-cordoba-150x150.jpg","width":150,"height":150,"mime-type":"image\/jpeg","filesize":6340,"source_url":"https:\/\/nuevodigitaldeescobar.com.ar\/wp-content\/uploads\/2024\/09\/incendios-cordoba-150x150.jpg"},"medium_large":{"file":"incendios-cordoba-768x438.jpg","width":768,"height":438,"mime-type":"image\/jpeg","filesize":70004,"source_url":"https:\/\/nuevodigitaldeescobar.com.ar\/wp-content\/uploads\/2024\/09\/incendios-cordoba-768x438.jpg"}},"image_meta":{"aperture":"0","credit":"","camera":"","caption":"","created_timestamp":"0","copyright":"","focal_length":"0","iso":"0","shutter_speed":"0","title":"","orientation":"0","keywords":[]}},"post":8353,"source_url":"https:\/\/nuevodigitaldeescobar.com.ar\/wp-content\/uploads\/2024\/09\/incendios-cordoba-e1727436677127.jpg"},"yoast_head":"<!-- This site is optimized with the Yoast SEO plugin v26.1.1 - https:\/\/yoast.com\/wordpress\/plugins\/seo\/ -->\n<title>Incendios en C\u00f3rdoba: el Senado aprob\u00f3 la emergencia ambiental por 180 d\u00edas - Nuevo Digital de Escobar<\/title>\n<meta name=\"robots\" content=\"index, follow, max-snippet:-1, max-image-preview:large, max-video-preview:-1\" \/>\n<link rel=\"canonical\" href=\"https:\/\/nuevodigitaldeescobar.com.ar\/?p=8353\" \/>\n<meta property=\"og:locale\" content=\"es_ES\" \/>\n<meta property=\"og:type\" content=\"article\" \/>\n<meta property=\"og:title\" content=\"Incendios en C\u00f3rdoba: el Senado aprob\u00f3 la emergencia ambiental por 180 d\u00edas - Nuevo Digital de Escobar\" \/>\n<meta property=\"og:description\" content=\"Fue por 55 votos afirmativos, cero negativos y tres abstenciones, propinadas por senadores de La Libertad Avanza (LLA), a horas de la visita de Milei [&hellip;]\" \/>\n<meta property=\"og:url\" content=\"https:\/\/nuevodigitaldeescobar.com.ar\/?p=8353\" \/>\n<meta property=\"og:site_name\" content=\"Nuevo Digital de Escobar\" \/>\n<meta property=\"article:publisher\" content=\"https:\/\/www.facebook.com\/NUEVODigitalDeEscobar\" \/>\n<meta property=\"article:published_time\" content=\"2024-09-27T10:29:00+00:00\" \/>\n<meta property=\"article:modified_time\" content=\"2024-09-27T11:31:35+00:00\" \/>\n<meta property=\"og:image\" content=\"https:\/\/nuevodigitaldeescobar.com.ar\/wp-content\/uploads\/2024\/09\/incendios-cordoba-e1727436677127.jpg\" \/>\n\t<meta property=\"og:image:width\" content=\"720\" \/>\n\t<meta property=\"og:image:height\" content=\"410\" \/>\n\t<meta property=\"og:image:type\" content=\"image\/jpeg\" \/>\n<meta name=\"author\" content=\"Redacci\u00f3n\" \/>\n<meta name=\"twitter:card\" content=\"summary_large_image\" \/>\n<meta name=\"twitter:creator\" content=\"@nuevodigescobar\" \/>\n<meta name=\"twitter:site\" content=\"@nuevodigescobar\" \/>\n<meta name=\"twitter:label1\" content=\"Escrito por\" \/>\n\t<meta name=\"twitter:data1\" content=\"Redacci\u00f3n\" \/>\n\t<meta name=\"twitter:label2\" content=\"Tiempo de lectura\" \/>\n\t<meta name=\"twitter:data2\" content=\"3 minutos\" \/>\n<script type=\"application\/ld+json\" class=\"yoast-schema-graph\">{\"@context\":\"https:\/\/schema.org\",\"@graph\":[{\"@type\":\"Article\",\"@id\":\"https:\/\/nuevodigitaldeescobar.com.ar\/?p=8353#article\",\"isPartOf\":{\"@id\":\"https:\/\/nuevodigitaldeescobar.com.ar\/?p=8353\"},\"author\":{\"name\":\"Redacci\u00f3n\",\"@id\":\"https:\/\/nuevodigitaldeescobar.com.ar\/#\/schema\/person\/035e90a8efe9a80e6eec22656ad6ea4c\"},\"headline\":\"Incendios en C\u00f3rdoba: el Senado aprob\u00f3 la emergencia ambiental por 180 d\u00edas\",\"datePublished\":\"2024-09-27T10:29:00+00:00\",\"dateModified\":\"2024-09-27T11:31:35+00:00\",\"mainEntityOfPage\":{\"@id\":\"https:\/\/nuevodigitaldeescobar.com.ar\/?p=8353\"},\"wordCount\":635,\"commentCount\":0,\"publisher\":{\"@id\":\"https:\/\/nuevodigitaldeescobar.com.ar\/#organization\"},\"image\":{\"@id\":\"https:\/\/nuevodigitaldeescobar.com.ar\/?p=8353#primaryimage\"},\"thumbnailUrl\":\"https:\/\/nuevodigitaldeescobar.com.ar\/wp-content\/uploads\/2024\/09\/incendios-cordoba-e1727436677127.jpg\",\"articleSection\":[\"Clima, Medioambiente y Sostenibilidad\",\"Legislativas\",\"Nacionales\"],\"inLanguage\":\"es\",\"potentialAction\":[{\"@type\":\"CommentAction\",\"name\":\"Comment\",\"target\":[\"https:\/\/nuevodigitaldeescobar.com.ar\/?p=8353#respond\"]}]},{\"@type\":\"WebPage\",\"@id\":\"https:\/\/nuevodigitaldeescobar.com.ar\/?p=8353\",\"url\":\"https:\/\/nuevodigitaldeescobar.com.ar\/?p=8353\",\"name\":\"Incendios en C\u00f3rdoba: el Senado aprob\u00f3 la emergencia ambiental por 180 d\u00edas - Nuevo Digital de Escobar\",\"isPartOf\":{\"@id\":\"https:\/\/nuevodigitaldeescobar.com.ar\/#website\"},\"primaryImageOfPage\":{\"@id\":\"https:\/\/nuevodigitaldeescobar.com.ar\/?p=8353#primaryimage\"},\"image\":{\"@id\":\"https:\/\/nuevodigitaldeescobar.com.ar\/?p=8353#primaryimage\"},\"thumbnailUrl\":\"https:\/\/nuevodigitaldeescobar.com.ar\/wp-content\/uploads\/2024\/09\/incendios-cordoba-e1727436677127.jpg\",\"datePublished\":\"2024-09-27T10:29:00+00:00\",\"dateModified\":\"2024-09-27T11:31:35+00:00\",\"breadcrumb\":{\"@id\":\"https:\/\/nuevodigitaldeescobar.com.ar\/?p=8353#breadcrumb\"},\"inLanguage\":\"es\",\"potentialAction\":[{\"@type\":\"ReadAction\",\"target\":[\"https:\/\/nuevodigitaldeescobar.com.ar\/?p=8353\"]}]},{\"@type\":\"ImageObject\",\"inLanguage\":\"es\",\"@id\":\"https:\/\/nuevodigitaldeescobar.com.ar\/?p=8353#primaryimage\",\"url\":\"https:\/\/nuevodigitaldeescobar.com.ar\/wp-content\/uploads\/2024\/09\/incendios-cordoba-e1727436677127.jpg\",\"contentUrl\":\"https:\/\/nuevodigitaldeescobar.com.ar\/wp-content\/uploads\/2024\/09\/incendios-cordoba-e1727436677127.jpg\",\"width\":720,\"height\":410},{\"@type\":\"BreadcrumbList\",\"@id\":\"https:\/\/nuevodigitaldeescobar.com.ar\/?p=8353#breadcrumb\",\"itemListElement\":[{\"@type\":\"ListItem\",\"position\":1,\"name\":\"Portada\",\"item\":\"https:\/\/nuevodigitaldeescobar.com.ar\/\"},{\"@type\":\"ListItem\",\"position\":2,\"name\":\"Incendios en C\u00f3rdoba: el Senado aprob\u00f3 la emergencia ambiental por 180 d\u00edas\"}]},{\"@type\":\"WebSite\",\"@id\":\"https:\/\/nuevodigitaldeescobar.com.ar\/#website\",\"url\":\"https:\/\/nuevodigitaldeescobar.com.ar\/\",\"name\":\"Nuevo Digital de Escobar\",\"description\":\"La vida escobarense. Directora: Rosana Brunner\",\"publisher\":{\"@id\":\"https:\/\/nuevodigitaldeescobar.com.ar\/#organization\"},\"potentialAction\":[{\"@type\":\"SearchAction\",\"target\":{\"@type\":\"EntryPoint\",\"urlTemplate\":\"https:\/\/nuevodigitaldeescobar.com.ar\/?s={search_term_string}\"},\"query-input\":{\"@type\":\"PropertyValueSpecification\",\"valueRequired\":true,\"valueName\":\"search_term_string\"}}],\"inLanguage\":\"es\"},{\"@type\":\"Organization\",\"@id\":\"https:\/\/nuevodigitaldeescobar.com.ar\/#organization\",\"name\":\"Nuevo Digital de Escobar\",\"url\":\"https:\/\/nuevodigitaldeescobar.com.ar\/\",\"logo\":{\"@type\":\"ImageObject\",\"inLanguage\":\"es\",\"@id\":\"https:\/\/nuevodigitaldeescobar.com.ar\/#\/schema\/logo\/image\/\",\"url\":\"https:\/\/nuevodigitaldeescobar.com.ar\/wp-content\/uploads\/2025\/05\/cropped-logo-nuevo2.jpg\",\"contentUrl\":\"https:\/\/nuevodigitaldeescobar.com.ar\/wp-content\/uploads\/2025\/05\/cropped-logo-nuevo2.jpg\",\"width\":305,\"height\":305,\"caption\":\"Nuevo Digital de Escobar\"},\"image\":{\"@id\":\"https:\/\/nuevodigitaldeescobar.com.ar\/#\/schema\/logo\/image\/\"},\"sameAs\":[\"https:\/\/www.facebook.com\/NUEVODigitalDeEscobar\",\"https:\/\/x.com\/nuevodigescobar\",\"https:\/\/www.instagram.com\/nuevodigitaldeescobar\"]},{\"@type\":\"Person\",\"@id\":\"https:\/\/nuevodigitaldeescobar.com.ar\/#\/schema\/person\/035e90a8efe9a80e6eec22656ad6ea4c\",\"name\":\"Redacci\u00f3n\",\"image\":{\"@type\":\"ImageObject\",\"inLanguage\":\"es\",\"@id\":\"https:\/\/nuevodigitaldeescobar.com.ar\/#\/schema\/person\/image\/\",\"url\":\"https:\/\/secure.gravatar.com\/avatar\/8af8f40000c24e9eef3034f2be5998a372bb1389e64b1a4a36b3a7979142220d?s=96&d=mm&r=g\",\"contentUrl\":\"https:\/\/secure.gravatar.com\/avatar\/8af8f40000c24e9eef3034f2be5998a372bb1389e64b1a4a36b3a7979142220d?s=96&d=mm&r=g\",\"caption\":\"Redacci\u00f3n\"},\"sameAs\":[\"http:\/\/nuevodigitaldeescobar.com.ar\"],\"url\":\"https:\/\/nuevodigitaldeescobar.com.ar\/?author=1\"}]}<\/script>\n<!-- \/ Yoast SEO plugin. -->","yoast_head_json":{"title":"Incendios en C\u00f3rdoba: el Senado aprob\u00f3 la emergencia ambiental por 180 d\u00edas - Nuevo Digital de Escobar","robots":{"index":"index","follow":"follow","max-snippet":"max-snippet:-1","max-image-preview":"max-image-preview:large","max-video-preview":"max-video-preview:-1"},"canonical":"https:\/\/nuevodigitaldeescobar.com.ar\/?p=8353","og_locale":"es_ES","og_type":"article","og_title":"Incendios en C\u00f3rdoba: el Senado aprob\u00f3 la emergencia ambiental por 180 d\u00edas - Nuevo Digital de Escobar","og_description":"Fue por 55 votos afirmativos, cero negativos y tres abstenciones, propinadas por senadores de La Libertad Avanza (LLA), a horas de la visita de Milei [&hellip;]","og_url":"https:\/\/nuevodigitaldeescobar.com.ar\/?p=8353","og_site_name":"Nuevo Digital de Escobar","article_publisher":"https:\/\/www.facebook.com\/NUEVODigitalDeEscobar","article_published_time":"2024-09-27T10:29:00+00:00","article_modified_time":"2024-09-27T11:31:35+00:00","og_image":[{"width":720,"height":410,"url":"https:\/\/nuevodigitaldeescobar.com.ar\/wp-content\/uploads\/2024\/09\/incendios-cordoba-e1727436677127.jpg","type":"image\/jpeg"}],"author":"Redacci\u00f3n","twitter_card":"summary_large_image","twitter_creator":"@nuevodigescobar","twitter_site":"@nuevodigescobar","twitter_misc":{"Escrito por":"Redacci\u00f3n","Tiempo de lectura":"3 minutos"},"schema":{"@context":"https:\/\/schema.org","@graph":[{"@type":"Article","@id":"https:\/\/nuevodigitaldeescobar.com.ar\/?p=8353#article","isPartOf":{"@id":"https:\/\/nuevodigitaldeescobar.com.ar\/?p=8353"},"author":{"name":"Redacci\u00f3n","@id":"https:\/\/nuevodigitaldeescobar.com.ar\/#\/schema\/person\/035e90a8efe9a80e6eec22656ad6ea4c"},"headline":"Incendios en C\u00f3rdoba: el Senado aprob\u00f3 la emergencia ambiental por 180 d\u00edas","datePublished":"2024-09-27T10:29:00+00:00","dateModified":"2024-09-27T11:31:35+00:00","mainEntityOfPage":{"@id":"https:\/\/nuevodigitaldeescobar.com.ar\/?p=8353"},"wordCount":635,"commentCount":0,"publisher":{"@id":"https:\/\/nuevodigitaldeescobar.com.ar\/#organization"},"image":{"@id":"https:\/\/nuevodigitaldeescobar.com.ar\/?p=8353#primaryimage"},"thumbnailUrl":"https:\/\/nuevodigitaldeescobar.com.ar\/wp-content\/uploads\/2024\/09\/incendios-cordoba-e1727436677127.jpg","articleSection":["Clima, Medioambiente y Sostenibilidad","Legislativas","Nacionales"],"inLanguage":"es","potentialAction":[{"@type":"CommentAction","name":"Comment","target":["https:\/\/nuevodigitaldeescobar.com.ar\/?p=8353#respond"]}]},{"@type":"WebPage","@id":"https:\/\/nuevodigitaldeescobar.com.ar\/?p=8353","url":"https:\/\/nuevodigitaldeescobar.com.ar\/?p=8353","name":"Incendios en C\u00f3rdoba: el Senado aprob\u00f3 la emergencia ambiental por 180 d\u00edas - Nuevo Digital de Escobar","isPartOf":{"@id":"https:\/\/nuevodigitaldeescobar.com.ar\/#website"},"primaryImageOfPage":{"@id":"https:\/\/nuevodigitaldeescobar.com.ar\/?p=8353#primaryimage"},"image":{"@id":"https:\/\/nuevodigitaldeescobar.com.ar\/?p=8353#primaryimage"},"thumbnailUrl":"https:\/\/nuevodigitaldeescobar.com.ar\/wp-content\/uploads\/2024\/09\/incendios-cordoba-e1727436677127.jpg","datePublished":"2024-09-27T10:29:00+00:00","dateModified":"2024-09-27T11:31:35+00:00","breadcrumb":{"@id":"https:\/\/nuevodigitaldeescobar.com.ar\/?p=8353#breadcrumb"},"inLanguage":"es","potentialAction":[{"@type":"ReadAction","target":["https:\/\/nuevodigitaldeescobar.com.ar\/?p=8353"]}]},{"@type":"ImageObject","inLanguage":"es","@id":"https:\/\/nuevodigitaldeescobar.com.ar\/?p=8353#primaryimage","url":"https:\/\/nuevodigitaldeescobar.com.ar\/wp-content\/uploads\/2024\/09\/incendios-cordoba-e1727436677127.jpg","contentUrl":"https:\/\/nuevodigitaldeescobar.com.ar\/wp-content\/uploads\/2024\/09\/incendios-cordoba-e1727436677127.jpg","width":720,"height":410},{"@type":"BreadcrumbList","@id":"https:\/\/nuevodigitaldeescobar.com.ar\/?p=8353#breadcrumb","itemListElement":[{"@type":"ListItem","position":1,"name":"Portada","item":"https:\/\/nuevodigitaldeescobar.com.ar\/"},{"@type":"ListItem","position":2,"name":"Incendios en C\u00f3rdoba: el Senado aprob\u00f3 la emergencia ambiental por 180 d\u00edas"}]},{"@type":"WebSite","@id":"https:\/\/nuevodigitaldeescobar.com.ar\/#website","url":"https:\/\/nuevodigitaldeescobar.com.ar\/","name":"Nuevo Digital de Escobar","description":"La vida escobarense. Directora: Rosana Brunner","publisher":{"@id":"https:\/\/nuevodigitaldeescobar.com.ar\/#organization"},"potentialAction":[{"@type":"SearchAction","target":{"@type":"EntryPoint","urlTemplate":"https:\/\/nuevodigitaldeescobar.com.ar\/?s={search_term_string}"},"query-input":{"@type":"PropertyValueSpecification","valueRequired":true,"valueName":"search_term_string"}}],"inLanguage":"es"},{"@type":"Organization","@id":"https:\/\/nuevodigitaldeescobar.com.ar\/#organization","name":"Nuevo Digital de Escobar","url":"https:\/\/nuevodigitaldeescobar.com.ar\/","logo":{"@type":"ImageObject","inLanguage":"es","@id":"https:\/\/nuevodigitaldeescobar.com.ar\/#\/schema\/logo\/image\/","url":"https:\/\/nuevodigitaldeescobar.com.ar\/wp-content\/uploads\/2025\/05\/cropped-logo-nuevo2.jpg","contentUrl":"https:\/\/nuevodigitaldeescobar.com.ar\/wp-content\/uploads\/2025\/05\/cropped-logo-nuevo2.jpg","width":305,"height":305,"caption":"Nuevo Digital de Escobar"},"image":{"@id":"https:\/\/nuevodigitaldeescobar.com.ar\/#\/schema\/logo\/image\/"},"sameAs":["https:\/\/www.facebook.com\/NUEVODigitalDeEscobar","https:\/\/x.com\/nuevodigescobar","https:\/\/www.instagram.com\/nuevodigitaldeescobar"]},{"@type":"Person","@id":"https:\/\/nuevodigitaldeescobar.com.ar\/#\/schema\/person\/035e90a8efe9a80e6eec22656ad6ea4c","name":"Redacci\u00f3n","image":{"@type":"ImageObject","inLanguage":"es","@id":"https:\/\/nuevodigitaldeescobar.com.ar\/#\/schema\/person\/image\/","url":"https:\/\/secure.gravatar.com\/avatar\/8af8f40000c24e9eef3034f2be5998a372bb1389e64b1a4a36b3a7979142220d?s=96&d=mm&r=g","contentUrl":"https:\/\/secure.gravatar.com\/avatar\/8af8f40000c24e9eef3034f2be5998a372bb1389e64b1a4a36b3a7979142220d?s=96&d=mm&r=g","caption":"Redacci\u00f3n"},"sameAs":["http:\/\/nuevodigitaldeescobar.com.ar"],"url":"https:\/\/nuevodigitaldeescobar.com.ar\/?author=1"}]}},"featured_image_urls":{"full":["https:\/\/nuevodigitaldeescobar.com.ar\/wp-content\/uploads\/2024\/09\/incendios-cordoba-e1727436677127.jpg",720,410,false],"thumbnail":["https:\/\/nuevodigitaldeescobar.com.ar\/wp-content\/uploads\/2024\/09\/incendios-cordoba-150x150.jpg",150,150,true],"medium":["https:\/\/nuevodigitaldeescobar.com.ar\/wp-content\/uploads\/2024\/09\/incendios-cordoba-300x171.jpg",300,171,true],"medium_large":["https:\/\/nuevodigitaldeescobar.com.ar\/wp-content\/uploads\/2024\/09\/incendios-cordoba-768x438.jpg",640,365,true],"large":["https:\/\/nuevodigitaldeescobar.com.ar\/wp-content\/uploads\/2024\/09\/incendios-cordoba-1024x584.jpg",640,365,true],"1536x1536":["https:\/\/nuevodigitaldeescobar.com.ar\/wp-content\/uploads\/2024\/09\/incendios-cordoba-e1727436677127.jpg",720,410,false],"2048x2048":["https:\/\/nuevodigitaldeescobar.com.ar\/wp-content\/uploads\/2024\/09\/incendios-cordoba-e1727436677127.jpg",720,410,false]},"author_info":{"display_name":"Redacci\u00f3n","author_link":"https:\/\/nuevodigitaldeescobar.com.ar\/?author=1"},"category_info":"<a href=\"https:\/\/nuevodigitaldeescobar.com.ar\/?cat=14\" rel=\"category\">Clima, Medioambiente y Sostenibilidad<\/a> <a href=\"https:\/\/nuevodigitaldeescobar.com.ar\/?cat=12\" rel=\"category\">Legislativas<\/a> <a href=\"https:\/\/nuevodigitaldeescobar.com.ar\/?cat=61\" rel=\"category\">Nacionales<\/a>","tag_info":"Nacionales","comment_count":"0","_links":{"self":[{"href":"https:\/\/nuevodigitaldeescobar.com.ar\/index.php?rest_route=\/wp\/v2\/posts\/8353","targetHints":{"allow":["GET"]}}],"collection":[{"href":"https:\/\/nuevodigitaldeescobar.com.ar\/index.php?rest_route=\/wp\/v2\/posts"}],"about":[{"href":"https:\/\/nuevodigitaldeescobar.com.ar\/index.php?rest_route=\/wp\/v2\/types\/post"}],"author":[{"embeddable":true,"href":"https:\/\/nuevodigitaldeescobar.com.ar\/index.php?rest_route=\/wp\/v2\/users\/1"}],"replies":[{"embeddable":true,"href":"https:\/\/nuevodigitaldeescobar.com.ar\/index.php?rest_route=%2Fwp%2Fv2%2Fcomments&post=8353"}],"version-history":[{"count":1,"href":"https:\/\/nuevodigitaldeescobar.com.ar\/index.php?rest_route=\/wp\/v2\/posts\/8353\/revisions"}],"predecessor-version":[{"id":8355,"href":"https:\/\/nuevodigitaldeescobar.com.ar\/index.php?rest_route=\/wp\/v2\/posts\/8353\/revisions\/8355"}],"wp:featuredmedia":[{"embeddable":true,"href":"https:\/\/nuevodigitaldeescobar.com.ar\/index.php?rest_route=\/wp\/v2\/media\/8354"}],"wp:attachment":[{"href":"https:\/\/nuevodigitaldeescobar.com.ar\/index.php?rest_route=%2Fwp%2Fv2%2Fmedia&parent=8353"}],"wp:term":[{"taxonomy":"category","embeddable":true,"href":"https:\/\/nuevodigitaldeescobar.com.ar\/index.php?rest_route=%2Fwp%2Fv2%2Fcategories&post=8353"},{"taxonomy":"post_tag","embeddable":true,"href":"https:\/\/nuevodigitaldeescobar.com.ar\/index.php?rest_route=%2Fwp%2Fv2%2Ftags&post=8353"}],"curies":[{"name":"wp","href":"https:\/\/api.w.org\/{rel}","templated":true}]}}