{"id":8390,"date":"2024-09-27T07:54:05","date_gmt":"2024-09-27T10:54:05","guid":{"rendered":"https:\/\/nuevodigitaldeescobar.com.ar\/?p=8390"},"modified":"2024-10-01T07:55:56","modified_gmt":"2024-10-01T10:55:56","slug":"gran-inauguracion-de-la-61a-fiesta-nacional-de-la-flor","status":"publish","type":"post","link":"https:\/\/nuevodigitaldeescobar.com.ar\/?p=8390","title":{"rendered":"Gran inauguraci\u00f3n de la 61\u00aa Fiesta Nacional de la Flor"},"content":{"rendered":"<p><span style=\"color: #003366;\"><strong><em>Acompa\u00f1ado de cientos personas que se acercaron al Predio Floral, el intendente encabez\u00f3 el acto inaugural de la 61\u00aa edici\u00f3n de la Fiesta Nacional de la Flor.<\/em><\/strong><\/span><\/p>\n<p><!--more--><\/p>\n<hr \/>\n<p>La apertura de la exposici\u00f3n de floricultura m\u00e1s importante de Latinoam\u00e9rica cont\u00f3 este a\u00f1o con la presencia de Susana Gim\u00e9nez, quien fue reconocida por el Municipio por su compromiso y apoyo a las diversas actividades culturales del partido de Escobar. Lo mismo ocurrir\u00e1 el s\u00e1bado con Mirtha Legrand, otra gran figura del espect\u00e1culo nacional ligada afectivamente a nuestro distrito.<\/p>\n<p><em>\u201cLa floricultura nacional es nuestra producci\u00f3n, pero tambi\u00e9n nuestra identidad. Por eso, ac\u00e1 est\u00e1 el Estado acompa\u00f1ando a m\u00e1s de 250 productores que son floricultores, artesanos, trabajadores de la econom\u00eda social y comerciantes, y fomentando el crecimiento virtuoso de la econom\u00eda junto el derecho a pasarla bien. Somos pioneros de una fiesta que lleva m\u00e1s de 60 a\u00f1os y queremos que siga porque abrir una nueva edici\u00f3n de la Fiesta de la Flor es visitar la Argentina\u201d<\/em>, afirm\u00f3 Sujarchuk, qui\u00e9n cort\u00f3 la tradicional cinta inaugural junto al presidente de la Asociaci\u00f3n Civil Fiesta Nacional de la Flor, Tetsuya Hirose y el embajador de Jap\u00f3n, Hiroshi Yamauchi.<\/p>\n<p><a href=\"https:\/\/nuevodigitaldeescobar.com.ar\/?attachment_id=8391\" rel=\"attachment wp-att-8391\"><img fetchpriority=\"high\" decoding=\"async\" class=\"alignnone size-full wp-image-8391\" src=\"http:\/\/nuevodigitaldeescobar.com.ar\/wp-content\/uploads\/2024\/10\/ff-inauguracion-2024-e1727780147799.jpg\" alt=\"\" width=\"720\" height=\"480\" \/><\/a><\/p>\n<p>El evento estar\u00e1 abierto al p\u00fablico desde el s\u00e1bado 28 de septiembre al domingo 6 de octubre con la posibilidad de recorrer m\u00e1s de 250 puestos de plantas y flores, stands gastron\u00f3micos y puestos comerciales, asistir a espect\u00e1culos de grandes artistas, y participar de actividades recreativas en el Predio Floral de Mateo Gelves 1050 en Bel\u00e9n de Escobar.<\/p>\n<p>Tambi\u00e9n participaron el jefe de gabinete de la Subsecretar\u00eda de Desarrollo Agrario y Calidad Agroalimentaria, Javier Cernadas; el diputado provincial Leo Moreno; la presidenta del Honorable Concejo Deliberante, Mar\u00eda Laura Guazzaroni; los intendentes Facundo Diz (Navarro); Julio Zamora (Tigre); Juan Luis Mancini (Suipacha); y el gerente del Banco Credicoop, Carlos Heller.<\/p>\n<p>En su visita al Predio Floral, Susana Gim\u00e9nez brind\u00f3 una conferencia de prensa y salud\u00f3 a los vecinos y vecinas: <em>\u201cEs muy lindo estar ac\u00e1 por su gente, las plantas, la belleza, el ox\u00edgeno y por lo importante que es esta Fiesta para la Argentina. Escobar es un lugar famoso por las flores pero adem\u00e1s por todo lo que se est\u00e1 haciendo en el teatro y ahora tambi\u00e9n con el museo de arte Malba\u201d<\/em>, expres\u00f3 la conductora televisiva.<\/p>\n<p>Por su parte, durante la inauguraci\u00f3n, se entreg\u00f3 la Declaraci\u00f3n de Inter\u00e9s Legislativo de la 61\u00aa Fiesta Nacional de la Flor, un proyecto presentado por el diputado Leo Moreno en la legislatura bonaerense. Adem\u00e1s, el intendente hizo entrega de un reconocimiento como vecino ilustre a Tetsuya Hirose, quien expres\u00f3: <em>\u201cTenemos que agradecerles a todos los productores que han hecho un gran trabajo para poder llevar adelante este evento, a todos los empleados que se han esforzado para montar la exposici\u00f3n y, en primer lugar, a nuestro intendente porque sin la contribuci\u00f3n del Municipio de Escobar no ser\u00eda posible seguir con la Fiesta de la Flor\u201d<\/em>.<\/p>\n<p>Por la noche, el evento reuni\u00f3 a una multitud de vecinos y vecinas que disfrutaron del show de inauguraci\u00f3n a cargo de Luck Ra. Asimismo, el s\u00e1bado 28 se presentar\u00e1 Turf a las 19:30 horas, mientras que, la semana que viene, lo har\u00e1n Miranda! (5 de octubre, 20:30 hs), y Anaconda, Valentino Merlo y N\u00e9stor en Bloque (6 de octubre, 19:30 hs).<\/p>\n<p>Durante nueve d\u00edas los visitantes podr\u00e1n disfrutar de viveros y exposiciones florales, espect\u00e1culos en vivo de artistas locales, paseo gastron\u00f3mico, feria de emprendedores, stands comerciales, juegos infantiles, talleres de tem\u00e1tica ambiental, entre otras atracciones. Adem\u00e1s, el 5 de octubre se realizar\u00e1 el tradicional desfile de carrozas sobre Av. Tapia de Cruz y el 6 de octubre tendr\u00e1 lugar la elecci\u00f3n de embajadores y embajadoras. Para conocer m\u00e1s sobre la Fiesta Nacional de la Flor y adquirir entradas, se puede ingresar a <a href=\"http:\/\/www.escobar.gob.ar\/FNF\">www.escobar.gob.ar\/FNF<\/a>.<\/p>\n","protected":false},"excerpt":{"rendered":"<p>Acompa\u00f1ado de cientos personas que se acercaron al Predio Floral, el intendente encabez\u00f3 el acto inaugural de la 61\u00aa edici\u00f3n de la Fiesta Nacional de [&hellip;]<\/p>\n","protected":false},"author":1,"featured_media":8392,"comment_status":"open","ping_status":"open","sticky":false,"template":"","format":"standard","meta":{"footnotes":""},"categories":[11],"tags":[],"class_list":["post-8390","post","type-post","status-publish","format-standard","has-post-thumbnail","hentry","category-cultura-arte-y-espectaculos"],"better_featured_image":{"id":8392,"alt_text":"","caption":"","description":"","media_type":"image","media_details":{"width":720,"height":480,"file":"2024\/10\/ff-susana-gimenez-2024-e1727780127825.jpg","filesize":494763,"sizes":{"medium":{"file":"ff-susana-gimenez-2024-300x200.jpg","width":300,"height":200,"mime-type":"image\/jpeg","filesize":27587,"source_url":"https:\/\/nuevodigitaldeescobar.com.ar\/wp-content\/uploads\/2024\/10\/ff-susana-gimenez-2024-300x200.jpg"},"large":{"file":"ff-susana-gimenez-2024-1024x682.jpg","width":1024,"height":682,"mime-type":"image\/jpeg","filesize":197149,"source_url":"https:\/\/nuevodigitaldeescobar.com.ar\/wp-content\/uploads\/2024\/10\/ff-susana-gimenez-2024-1024x682.jpg"},"thumbnail":{"file":"ff-susana-gimenez-2024-150x150.jpg","width":150,"height":150,"mime-type":"image\/jpeg","filesize":13100,"source_url":"https:\/\/nuevodigitaldeescobar.com.ar\/wp-content\/uploads\/2024\/10\/ff-susana-gimenez-2024-150x150.jpg"},"medium_large":{"file":"ff-susana-gimenez-2024-768x512.jpg","width":768,"height":512,"mime-type":"image\/jpeg","filesize":124593,"source_url":"https:\/\/nuevodigitaldeescobar.com.ar\/wp-content\/uploads\/2024\/10\/ff-susana-gimenez-2024-768x512.jpg"},"1536x1536":{"file":"ff-susana-gimenez-2024-1536x1023.jpg","width":1536,"height":1023,"mime-type":"image\/jpeg","filesize":369777,"source_url":"https:\/\/nuevodigitaldeescobar.com.ar\/wp-content\/uploads\/2024\/10\/ff-susana-gimenez-2024-1536x1023.jpg"}},"image_meta":{"aperture":"0","credit":"","camera":"","caption":"","created_timestamp":"0","copyright":"","focal_length":"0","iso":"0","shutter_speed":"0","title":"","orientation":"0","keywords":[]}},"post":8390,"source_url":"https:\/\/nuevodigitaldeescobar.com.ar\/wp-content\/uploads\/2024\/10\/ff-susana-gimenez-2024-e1727780127825.jpg"},"yoast_head":"<!-- This site is optimized with the Yoast SEO plugin v26.1.1 - https:\/\/yoast.com\/wordpress\/plugins\/seo\/ -->\n<title>Gran inauguraci\u00f3n de la 61\u00aa Fiesta Nacional de la Flor - Nuevo Digital de Escobar<\/title>\n<meta name=\"robots\" content=\"index, follow, max-snippet:-1, max-image-preview:large, max-video-preview:-1\" \/>\n<link rel=\"canonical\" href=\"https:\/\/nuevodigitaldeescobar.com.ar\/?p=8390\" \/>\n<meta property=\"og:locale\" content=\"es_ES\" \/>\n<meta property=\"og:type\" content=\"article\" \/>\n<meta property=\"og:title\" content=\"Gran inauguraci\u00f3n de la 61\u00aa Fiesta Nacional de la Flor - Nuevo Digital de Escobar\" \/>\n<meta property=\"og:description\" content=\"Acompa\u00f1ado de cientos personas que se acercaron al Predio Floral, el intendente encabez\u00f3 el acto inaugural de la 61\u00aa edici\u00f3n de la Fiesta Nacional de [&hellip;]\" \/>\n<meta property=\"og:url\" content=\"https:\/\/nuevodigitaldeescobar.com.ar\/?p=8390\" \/>\n<meta property=\"og:site_name\" content=\"Nuevo Digital de Escobar\" \/>\n<meta property=\"article:publisher\" content=\"https:\/\/www.facebook.com\/NUEVODigitalDeEscobar\" \/>\n<meta property=\"article:published_time\" content=\"2024-09-27T10:54:05+00:00\" \/>\n<meta property=\"article:modified_time\" content=\"2024-10-01T10:55:56+00:00\" \/>\n<meta property=\"og:image\" content=\"https:\/\/nuevodigitaldeescobar.com.ar\/wp-content\/uploads\/2024\/10\/ff-susana-gimenez-2024-e1727780127825.jpg\" \/>\n\t<meta property=\"og:image:width\" content=\"720\" \/>\n\t<meta property=\"og:image:height\" content=\"480\" \/>\n\t<meta property=\"og:image:type\" content=\"image\/jpeg\" \/>\n<meta name=\"author\" content=\"Redacci\u00f3n\" \/>\n<meta name=\"twitter:card\" content=\"summary_large_image\" \/>\n<meta name=\"twitter:creator\" content=\"@nuevodigescobar\" \/>\n<meta name=\"twitter:site\" content=\"@nuevodigescobar\" \/>\n<meta name=\"twitter:label1\" content=\"Escrito por\" \/>\n\t<meta name=\"twitter:data1\" content=\"Redacci\u00f3n\" \/>\n\t<meta name=\"twitter:label2\" content=\"Tiempo de lectura\" \/>\n\t<meta name=\"twitter:data2\" content=\"3 minutos\" \/>\n<script type=\"application\/ld+json\" class=\"yoast-schema-graph\">{\"@context\":\"https:\/\/schema.org\",\"@graph\":[{\"@type\":\"Article\",\"@id\":\"https:\/\/nuevodigitaldeescobar.com.ar\/?p=8390#article\",\"isPartOf\":{\"@id\":\"https:\/\/nuevodigitaldeescobar.com.ar\/?p=8390\"},\"author\":{\"name\":\"Redacci\u00f3n\",\"@id\":\"https:\/\/nuevodigitaldeescobar.com.ar\/#\/schema\/person\/035e90a8efe9a80e6eec22656ad6ea4c\"},\"headline\":\"Gran inauguraci\u00f3n de la 61\u00aa Fiesta Nacional de la Flor\",\"datePublished\":\"2024-09-27T10:54:05+00:00\",\"dateModified\":\"2024-10-01T10:55:56+00:00\",\"mainEntityOfPage\":{\"@id\":\"https:\/\/nuevodigitaldeescobar.com.ar\/?p=8390\"},\"wordCount\":679,\"commentCount\":0,\"publisher\":{\"@id\":\"https:\/\/nuevodigitaldeescobar.com.ar\/#organization\"},\"image\":{\"@id\":\"https:\/\/nuevodigitaldeescobar.com.ar\/?p=8390#primaryimage\"},\"thumbnailUrl\":\"https:\/\/nuevodigitaldeescobar.com.ar\/wp-content\/uploads\/2024\/10\/ff-susana-gimenez-2024-e1727780127825.jpg\",\"articleSection\":[\"Cultura, Arte y Espect\u00e1culos\"],\"inLanguage\":\"es\",\"potentialAction\":[{\"@type\":\"CommentAction\",\"name\":\"Comment\",\"target\":[\"https:\/\/nuevodigitaldeescobar.com.ar\/?p=8390#respond\"]}]},{\"@type\":\"WebPage\",\"@id\":\"https:\/\/nuevodigitaldeescobar.com.ar\/?p=8390\",\"url\":\"https:\/\/nuevodigitaldeescobar.com.ar\/?p=8390\",\"name\":\"Gran inauguraci\u00f3n de la 61\u00aa Fiesta Nacional de la Flor - Nuevo Digital de Escobar\",\"isPartOf\":{\"@id\":\"https:\/\/nuevodigitaldeescobar.com.ar\/#website\"},\"primaryImageOfPage\":{\"@id\":\"https:\/\/nuevodigitaldeescobar.com.ar\/?p=8390#primaryimage\"},\"image\":{\"@id\":\"https:\/\/nuevodigitaldeescobar.com.ar\/?p=8390#primaryimage\"},\"thumbnailUrl\":\"https:\/\/nuevodigitaldeescobar.com.ar\/wp-content\/uploads\/2024\/10\/ff-susana-gimenez-2024-e1727780127825.jpg\",\"datePublished\":\"2024-09-27T10:54:05+00:00\",\"dateModified\":\"2024-10-01T10:55:56+00:00\",\"breadcrumb\":{\"@id\":\"https:\/\/nuevodigitaldeescobar.com.ar\/?p=8390#breadcrumb\"},\"inLanguage\":\"es\",\"potentialAction\":[{\"@type\":\"ReadAction\",\"target\":[\"https:\/\/nuevodigitaldeescobar.com.ar\/?p=8390\"]}]},{\"@type\":\"ImageObject\",\"inLanguage\":\"es\",\"@id\":\"https:\/\/nuevodigitaldeescobar.com.ar\/?p=8390#primaryimage\",\"url\":\"https:\/\/nuevodigitaldeescobar.com.ar\/wp-content\/uploads\/2024\/10\/ff-susana-gimenez-2024-e1727780127825.jpg\",\"contentUrl\":\"https:\/\/nuevodigitaldeescobar.com.ar\/wp-content\/uploads\/2024\/10\/ff-susana-gimenez-2024-e1727780127825.jpg\",\"width\":720,\"height\":480},{\"@type\":\"BreadcrumbList\",\"@id\":\"https:\/\/nuevodigitaldeescobar.com.ar\/?p=8390#breadcrumb\",\"itemListElement\":[{\"@type\":\"ListItem\",\"position\":1,\"name\":\"Portada\",\"item\":\"https:\/\/nuevodigitaldeescobar.com.ar\/\"},{\"@type\":\"ListItem\",\"position\":2,\"name\":\"Gran inauguraci\u00f3n de la 61\u00aa Fiesta Nacional de la Flor\"}]},{\"@type\":\"WebSite\",\"@id\":\"https:\/\/nuevodigitaldeescobar.com.ar\/#website\",\"url\":\"https:\/\/nuevodigitaldeescobar.com.ar\/\",\"name\":\"Nuevo Digital de Escobar\",\"description\":\"La vida escobarense. Directora: Rosana Brunner\",\"publisher\":{\"@id\":\"https:\/\/nuevodigitaldeescobar.com.ar\/#organization\"},\"potentialAction\":[{\"@type\":\"SearchAction\",\"target\":{\"@type\":\"EntryPoint\",\"urlTemplate\":\"https:\/\/nuevodigitaldeescobar.com.ar\/?s={search_term_string}\"},\"query-input\":{\"@type\":\"PropertyValueSpecification\",\"valueRequired\":true,\"valueName\":\"search_term_string\"}}],\"inLanguage\":\"es\"},{\"@type\":\"Organization\",\"@id\":\"https:\/\/nuevodigitaldeescobar.com.ar\/#organization\",\"name\":\"Nuevo Digital de Escobar\",\"url\":\"https:\/\/nuevodigitaldeescobar.com.ar\/\",\"logo\":{\"@type\":\"ImageObject\",\"inLanguage\":\"es\",\"@id\":\"https:\/\/nuevodigitaldeescobar.com.ar\/#\/schema\/logo\/image\/\",\"url\":\"https:\/\/nuevodigitaldeescobar.com.ar\/wp-content\/uploads\/2025\/05\/cropped-logo-nuevo2.jpg\",\"contentUrl\":\"https:\/\/nuevodigitaldeescobar.com.ar\/wp-content\/uploads\/2025\/05\/cropped-logo-nuevo2.jpg\",\"width\":305,\"height\":305,\"caption\":\"Nuevo Digital de Escobar\"},\"image\":{\"@id\":\"https:\/\/nuevodigitaldeescobar.com.ar\/#\/schema\/logo\/image\/\"},\"sameAs\":[\"https:\/\/www.facebook.com\/NUEVODigitalDeEscobar\",\"https:\/\/x.com\/nuevodigescobar\",\"https:\/\/www.instagram.com\/nuevodigitaldeescobar\"]},{\"@type\":\"Person\",\"@id\":\"https:\/\/nuevodigitaldeescobar.com.ar\/#\/schema\/person\/035e90a8efe9a80e6eec22656ad6ea4c\",\"name\":\"Redacci\u00f3n\",\"image\":{\"@type\":\"ImageObject\",\"inLanguage\":\"es\",\"@id\":\"https:\/\/nuevodigitaldeescobar.com.ar\/#\/schema\/person\/image\/\",\"url\":\"https:\/\/secure.gravatar.com\/avatar\/8af8f40000c24e9eef3034f2be5998a372bb1389e64b1a4a36b3a7979142220d?s=96&d=mm&r=g\",\"contentUrl\":\"https:\/\/secure.gravatar.com\/avatar\/8af8f40000c24e9eef3034f2be5998a372bb1389e64b1a4a36b3a7979142220d?s=96&d=mm&r=g\",\"caption\":\"Redacci\u00f3n\"},\"sameAs\":[\"http:\/\/nuevodigitaldeescobar.com.ar\"],\"url\":\"https:\/\/nuevodigitaldeescobar.com.ar\/?author=1\"}]}<\/script>\n<!-- \/ Yoast SEO plugin. -->","yoast_head_json":{"title":"Gran inauguraci\u00f3n de la 61\u00aa Fiesta Nacional de la Flor - Nuevo Digital de Escobar","robots":{"index":"index","follow":"follow","max-snippet":"max-snippet:-1","max-image-preview":"max-image-preview:large","max-video-preview":"max-video-preview:-1"},"canonical":"https:\/\/nuevodigitaldeescobar.com.ar\/?p=8390","og_locale":"es_ES","og_type":"article","og_title":"Gran inauguraci\u00f3n de la 61\u00aa Fiesta Nacional de la Flor - Nuevo Digital de Escobar","og_description":"Acompa\u00f1ado de cientos personas que se acercaron al Predio Floral, el intendente encabez\u00f3 el acto inaugural de la 61\u00aa edici\u00f3n de la Fiesta Nacional de [&hellip;]","og_url":"https:\/\/nuevodigitaldeescobar.com.ar\/?p=8390","og_site_name":"Nuevo Digital de Escobar","article_publisher":"https:\/\/www.facebook.com\/NUEVODigitalDeEscobar","article_published_time":"2024-09-27T10:54:05+00:00","article_modified_time":"2024-10-01T10:55:56+00:00","og_image":[{"width":720,"height":480,"url":"https:\/\/nuevodigitaldeescobar.com.ar\/wp-content\/uploads\/2024\/10\/ff-susana-gimenez-2024-e1727780127825.jpg","type":"image\/jpeg"}],"author":"Redacci\u00f3n","twitter_card":"summary_large_image","twitter_creator":"@nuevodigescobar","twitter_site":"@nuevodigescobar","twitter_misc":{"Escrito por":"Redacci\u00f3n","Tiempo de lectura":"3 minutos"},"schema":{"@context":"https:\/\/schema.org","@graph":[{"@type":"Article","@id":"https:\/\/nuevodigitaldeescobar.com.ar\/?p=8390#article","isPartOf":{"@id":"https:\/\/nuevodigitaldeescobar.com.ar\/?p=8390"},"author":{"name":"Redacci\u00f3n","@id":"https:\/\/nuevodigitaldeescobar.com.ar\/#\/schema\/person\/035e90a8efe9a80e6eec22656ad6ea4c"},"headline":"Gran inauguraci\u00f3n de la 61\u00aa Fiesta Nacional de la Flor","datePublished":"2024-09-27T10:54:05+00:00","dateModified":"2024-10-01T10:55:56+00:00","mainEntityOfPage":{"@id":"https:\/\/nuevodigitaldeescobar.com.ar\/?p=8390"},"wordCount":679,"commentCount":0,"publisher":{"@id":"https:\/\/nuevodigitaldeescobar.com.ar\/#organization"},"image":{"@id":"https:\/\/nuevodigitaldeescobar.com.ar\/?p=8390#primaryimage"},"thumbnailUrl":"https:\/\/nuevodigitaldeescobar.com.ar\/wp-content\/uploads\/2024\/10\/ff-susana-gimenez-2024-e1727780127825.jpg","articleSection":["Cultura, Arte y Espect\u00e1culos"],"inLanguage":"es","potentialAction":[{"@type":"CommentAction","name":"Comment","target":["https:\/\/nuevodigitaldeescobar.com.ar\/?p=8390#respond"]}]},{"@type":"WebPage","@id":"https:\/\/nuevodigitaldeescobar.com.ar\/?p=8390","url":"https:\/\/nuevodigitaldeescobar.com.ar\/?p=8390","name":"Gran inauguraci\u00f3n de la 61\u00aa Fiesta Nacional de la Flor - Nuevo Digital de Escobar","isPartOf":{"@id":"https:\/\/nuevodigitaldeescobar.com.ar\/#website"},"primaryImageOfPage":{"@id":"https:\/\/nuevodigitaldeescobar.com.ar\/?p=8390#primaryimage"},"image":{"@id":"https:\/\/nuevodigitaldeescobar.com.ar\/?p=8390#primaryimage"},"thumbnailUrl":"https:\/\/nuevodigitaldeescobar.com.ar\/wp-content\/uploads\/2024\/10\/ff-susana-gimenez-2024-e1727780127825.jpg","datePublished":"2024-09-27T10:54:05+00:00","dateModified":"2024-10-01T10:55:56+00:00","breadcrumb":{"@id":"https:\/\/nuevodigitaldeescobar.com.ar\/?p=8390#breadcrumb"},"inLanguage":"es","potentialAction":[{"@type":"ReadAction","target":["https:\/\/nuevodigitaldeescobar.com.ar\/?p=8390"]}]},{"@type":"ImageObject","inLanguage":"es","@id":"https:\/\/nuevodigitaldeescobar.com.ar\/?p=8390#primaryimage","url":"https:\/\/nuevodigitaldeescobar.com.ar\/wp-content\/uploads\/2024\/10\/ff-susana-gimenez-2024-e1727780127825.jpg","contentUrl":"https:\/\/nuevodigitaldeescobar.com.ar\/wp-content\/uploads\/2024\/10\/ff-susana-gimenez-2024-e1727780127825.jpg","width":720,"height":480},{"@type":"BreadcrumbList","@id":"https:\/\/nuevodigitaldeescobar.com.ar\/?p=8390#breadcrumb","itemListElement":[{"@type":"ListItem","position":1,"name":"Portada","item":"https:\/\/nuevodigitaldeescobar.com.ar\/"},{"@type":"ListItem","position":2,"name":"Gran inauguraci\u00f3n de la 61\u00aa Fiesta Nacional de la Flor"}]},{"@type":"WebSite","@id":"https:\/\/nuevodigitaldeescobar.com.ar\/#website","url":"https:\/\/nuevodigitaldeescobar.com.ar\/","name":"Nuevo Digital de Escobar","description":"La vida escobarense. Directora: Rosana Brunner","publisher":{"@id":"https:\/\/nuevodigitaldeescobar.com.ar\/#organization"},"potentialAction":[{"@type":"SearchAction","target":{"@type":"EntryPoint","urlTemplate":"https:\/\/nuevodigitaldeescobar.com.ar\/?s={search_term_string}"},"query-input":{"@type":"PropertyValueSpecification","valueRequired":true,"valueName":"search_term_string"}}],"inLanguage":"es"},{"@type":"Organization","@id":"https:\/\/nuevodigitaldeescobar.com.ar\/#organization","name":"Nuevo Digital de Escobar","url":"https:\/\/nuevodigitaldeescobar.com.ar\/","logo":{"@type":"ImageObject","inLanguage":"es","@id":"https:\/\/nuevodigitaldeescobar.com.ar\/#\/schema\/logo\/image\/","url":"https:\/\/nuevodigitaldeescobar.com.ar\/wp-content\/uploads\/2025\/05\/cropped-logo-nuevo2.jpg","contentUrl":"https:\/\/nuevodigitaldeescobar.com.ar\/wp-content\/uploads\/2025\/05\/cropped-logo-nuevo2.jpg","width":305,"height":305,"caption":"Nuevo Digital de Escobar"},"image":{"@id":"https:\/\/nuevodigitaldeescobar.com.ar\/#\/schema\/logo\/image\/"},"sameAs":["https:\/\/www.facebook.com\/NUEVODigitalDeEscobar","https:\/\/x.com\/nuevodigescobar","https:\/\/www.instagram.com\/nuevodigitaldeescobar"]},{"@type":"Person","@id":"https:\/\/nuevodigitaldeescobar.com.ar\/#\/schema\/person\/035e90a8efe9a80e6eec22656ad6ea4c","name":"Redacci\u00f3n","image":{"@type":"ImageObject","inLanguage":"es","@id":"https:\/\/nuevodigitaldeescobar.com.ar\/#\/schema\/person\/image\/","url":"https:\/\/secure.gravatar.com\/avatar\/8af8f40000c24e9eef3034f2be5998a372bb1389e64b1a4a36b3a7979142220d?s=96&d=mm&r=g","contentUrl":"https:\/\/secure.gravatar.com\/avatar\/8af8f40000c24e9eef3034f2be5998a372bb1389e64b1a4a36b3a7979142220d?s=96&d=mm&r=g","caption":"Redacci\u00f3n"},"sameAs":["http:\/\/nuevodigitaldeescobar.com.ar"],"url":"https:\/\/nuevodigitaldeescobar.com.ar\/?author=1"}]}},"featured_image_urls":{"full":["https:\/\/nuevodigitaldeescobar.com.ar\/wp-content\/uploads\/2024\/10\/ff-susana-gimenez-2024-e1727780127825.jpg",720,480,false],"thumbnail":["https:\/\/nuevodigitaldeescobar.com.ar\/wp-content\/uploads\/2024\/10\/ff-susana-gimenez-2024-150x150.jpg",150,150,true],"medium":["https:\/\/nuevodigitaldeescobar.com.ar\/wp-content\/uploads\/2024\/10\/ff-susana-gimenez-2024-300x200.jpg",300,200,true],"medium_large":["https:\/\/nuevodigitaldeescobar.com.ar\/wp-content\/uploads\/2024\/10\/ff-susana-gimenez-2024-768x512.jpg",640,427,true],"large":["https:\/\/nuevodigitaldeescobar.com.ar\/wp-content\/uploads\/2024\/10\/ff-susana-gimenez-2024-1024x682.jpg",640,426,true],"1536x1536":["https:\/\/nuevodigitaldeescobar.com.ar\/wp-content\/uploads\/2024\/10\/ff-susana-gimenez-2024-1536x1023.jpg",1536,1023,true],"2048x2048":["https:\/\/nuevodigitaldeescobar.com.ar\/wp-content\/uploads\/2024\/10\/ff-susana-gimenez-2024-e1727780127825.jpg",720,480,false]},"author_info":{"display_name":"Redacci\u00f3n","author_link":"https:\/\/nuevodigitaldeescobar.com.ar\/?author=1"},"category_info":"<a href=\"https:\/\/nuevodigitaldeescobar.com.ar\/?cat=11\" rel=\"category\">Cultura, Arte y Espect\u00e1culos<\/a>","tag_info":"Cultura, Arte y Espect\u00e1culos","comment_count":"0","_links":{"self":[{"href":"https:\/\/nuevodigitaldeescobar.com.ar\/index.php?rest_route=\/wp\/v2\/posts\/8390","targetHints":{"allow":["GET"]}}],"collection":[{"href":"https:\/\/nuevodigitaldeescobar.com.ar\/index.php?rest_route=\/wp\/v2\/posts"}],"about":[{"href":"https:\/\/nuevodigitaldeescobar.com.ar\/index.php?rest_route=\/wp\/v2\/types\/post"}],"author":[{"embeddable":true,"href":"https:\/\/nuevodigitaldeescobar.com.ar\/index.php?rest_route=\/wp\/v2\/users\/1"}],"replies":[{"embeddable":true,"href":"https:\/\/nuevodigitaldeescobar.com.ar\/index.php?rest_route=%2Fwp%2Fv2%2Fcomments&post=8390"}],"version-history":[{"count":1,"href":"https:\/\/nuevodigitaldeescobar.com.ar\/index.php?rest_route=\/wp\/v2\/posts\/8390\/revisions"}],"predecessor-version":[{"id":8393,"href":"https:\/\/nuevodigitaldeescobar.com.ar\/index.php?rest_route=\/wp\/v2\/posts\/8390\/revisions\/8393"}],"wp:featuredmedia":[{"embeddable":true,"href":"https:\/\/nuevodigitaldeescobar.com.ar\/index.php?rest_route=\/wp\/v2\/media\/8392"}],"wp:attachment":[{"href":"https:\/\/nuevodigitaldeescobar.com.ar\/index.php?rest_route=%2Fwp%2Fv2%2Fmedia&parent=8390"}],"wp:term":[{"taxonomy":"category","embeddable":true,"href":"https:\/\/nuevodigitaldeescobar.com.ar\/index.php?rest_route=%2Fwp%2Fv2%2Fcategories&post=8390"},{"taxonomy":"post_tag","embeddable":true,"href":"https:\/\/nuevodigitaldeescobar.com.ar\/index.php?rest_route=%2Fwp%2Fv2%2Ftags&post=8390"}],"curies":[{"name":"wp","href":"https:\/\/api.w.org\/{rel}","templated":true}]}}