{"id":8462,"date":"2024-10-03T07:00:00","date_gmt":"2024-10-03T10:00:00","guid":{"rendered":"https:\/\/nuevodigitaldeescobar.com.ar\/?p=8462"},"modified":"2024-10-03T10:12:33","modified_gmt":"2024-10-03T13:12:33","slug":"se-oficializo-el-veto-a-la-ley-de-financiamiento-universitario","status":"publish","type":"post","link":"https:\/\/nuevodigitaldeescobar.com.ar\/?p=8462","title":{"rendered":"Se oficializ\u00f3 el veto a la Ley de Financiamiento Universitario"},"content":{"rendered":"<p><span style=\"color: #003366;\"><strong><em>Qued\u00f3 oficializado este jueves a primera hora en el Bolet\u00edn Oficial.<\/em><\/strong><\/span><\/p>\n<p><!--more--><\/p>\n<hr \/>\n<p>Horas despu\u00e9s de la masiva marcha llevada a cabo este mi\u00e9rcoles en el Congreso en apoyo a la Universidad P\u00fablica, el presidente Javier Milei ratific\u00f3 el veto a la Ley de Financiamiento Universitario: <em>\u00abEs momento de que los legisladores entiendan que ya no pueden hacer populismo demag\u00f3gico con los recursos de quienes pagan los impuestos, y comiencen a actuar con la responsabilidad que demanda este momento hist\u00f3rico\u00bb<\/em>, advirti\u00f3.<\/p>\n<p>El <a href=\"https:\/\/www.boletinoficial.gob.ar\/detalleAviso\/primera\/315058\/20241003\" target=\"_blank\" rel=\"noopener\">Decreto 879\/2024<\/a> publicado esta ma\u00f1ana en el Bolet\u00edn Oficial indica que <em>\u00abel proyecto de ley sancionado por el H. CONGRESO DE LA NACI\u00d3N es manifiestamente violatorio del marco jur\u00eddico vigente, en tanto no contempla el impacto fiscal de la medida ni tampoco determina la fuente de su financiamiento\u00bb<\/em>, y que <em>\u201cdar cumplimiento a la medida sancionada por el H. CONGRESO DE LA NACI\u00d3N dificultar\u00eda gravemente la sostenibilidad de las finanzas p\u00fablicas de la REP\u00daBLICA ARGENTINA, ya que significar\u00eda la necesidad de obtener una fuente de financiamiento extraordinaria, imprevista, a efectos de afrontar su costo\u201d<\/em>.<\/p>\n<p>Adem\u00e1s, asegura que <em>\u201cque el proyecto de ley en an\u00e1lisis no pretende defender ni garantizar la protecci\u00f3n y el sostenimiento del financiamiento de las Universidades Nacionales, sino que procura da\u00f1ar al gobierno pol\u00edticamente\u201d<\/em>.<\/p>\n<p>El mi\u00e9rcoles, la Oficina del Presidente inform\u00f3 en redes sociales que Milei iba a vetar <em>\u00abel irresponsable proyecto de aumento del gasto p\u00fablico de las Universidades Nacionales, aprobado por el Congreso, as\u00ed como cualquier otro proyecto que no contemple una partida presupuestaria espec\u00edfica y atente contra el equilibrio fiscal\u00bb<\/em>.<\/p>\n<p>El comunicado a\u00f1adi\u00f3: <em>\u00abEs momento de que los legisladores entiendan que ya no pueden hacer populismo demag\u00f3gico con los recursos de quienes pagan los impuestos, y comiencen a actuar con la responsabilidad que demanda este momento hist\u00f3rico. El lugar adecuado para discutir el financiamiento de las universidades es el debate del Presupuesto Nacional 2025\u00bb<\/em>.<\/p>\n<p><em>\u00abEl Gobierno reafirma su compromiso con las Universidades Nacionales, al igual que con la defensa del esfuerzo que cada uno de los argentinos viene realizando desde diciembre para alcanzar el d\u00e9ficit cero, reducir la inflaci\u00f3n y recuperar la prosperidad econ\u00f3mica\u00bb<\/em>, indic\u00f3 el texto de la Oficina del Presidente en X.<\/p>\n<p>La Casa Rosada hab\u00eda manifestado que la postura respecto a la ley que buscaba asegurar pisos m\u00ednimos de financiamiento de la educaci\u00f3n p\u00fablica superior tendr\u00eda la misma determinaci\u00f3n que la adoptada con el proyecto que buscaba aumentar las jubilaciones: ser vetada.<\/p>\n<p>De todas maneras, el Gobierno iba a analizar los efectos generados por la masiva marcha al Congreso que involucr\u00f3 a diferentes integrantes de la sociedad, incluso a muchos de los votantes de Milei.<\/p>\n<p>La Casa Rosada le atribuy\u00f3 motivaciones pol\u00edticas, al remarcar la participaci\u00f3n de los dirigentes de la oposici\u00f3n.<\/p>\n<p><strong><em>\u00abEl Poder Ejecutivo celebra el sinceramiento de los dirigentes Cristina Kirchner, Sergio Massa, Mart\u00edn Lousteau, Horacio Rodr\u00edguez Larreta y Elisa Carri\u00f3, quienes han decidido unirse p\u00fablicamente con el objetivo de obstruir el plan econ\u00f3mico del Presidente. Esta convergencia deja de manifiesto la consolidaci\u00f3n de un nuevo frente de izquierda populista en defensa de los privilegios de la dirigencia pol\u00edtica\u00bb<\/em><\/strong>, precis\u00f3.<\/p>\n<p>Por \u00faltimo, se\u00f1al\u00f3: <em>\u00abEsta administraci\u00f3n no ceder\u00e1 ante el espect\u00e1culo medi\u00e1tico, los proyectos de ley irresponsables, ni la manipulaci\u00f3n de causas nobles con fines partidarios. El objetivo del Gobierno es claro: terminar con el modelo empobrecedor de los \u00faltimos 100 a\u00f1os y volver a hacer a la Argentina grande otra vez\u00bb<\/em>.<\/p>\n<p><em>(NA)<\/em><\/p>\n","protected":false},"excerpt":{"rendered":"<p>Qued\u00f3 oficializado este jueves a primera hora en el Bolet\u00edn Oficial.<\/p>\n","protected":false},"author":1,"featured_media":7449,"comment_status":"open","ping_status":"open","sticky":false,"template":"","format":"standard","meta":{"footnotes":""},"categories":[12,61],"tags":[],"class_list":["post-8462","post","type-post","status-publish","format-standard","has-post-thumbnail","hentry","category-legislativas","category-nacionales"],"better_featured_image":{"id":7449,"alt_text":"","caption":"","description":"","media_type":"image","media_details":{"width":600,"height":387,"file":"2024\/08\/mileii-e1724106557219.jpg","filesize":58469,"sizes":{"medium":{"file":"mileii-e1724106557219-300x194.jpg","width":300,"height":194,"mime-type":"image\/jpeg","filesize":9137,"source_url":"https:\/\/nuevodigitaldeescobar.com.ar\/wp-content\/uploads\/2024\/08\/mileii-e1724106557219-300x194.jpg"},"thumbnail":{"file":"mileii-e1724106557219-150x150.jpg","width":150,"height":150,"mime-type":"image\/jpeg","filesize":4714,"source_url":"https:\/\/nuevodigitaldeescobar.com.ar\/wp-content\/uploads\/2024\/08\/mileii-e1724106557219-150x150.jpg"}},"image_meta":{"aperture":"0","credit":"","camera":"","caption":"","created_timestamp":"0","copyright":"","focal_length":"0","iso":"0","shutter_speed":"0","title":"","orientation":"0","keywords":[]}},"post":7448,"source_url":"https:\/\/nuevodigitaldeescobar.com.ar\/wp-content\/uploads\/2024\/08\/mileii-e1724106557219.jpg"},"yoast_head":"<!-- This site is optimized with the Yoast SEO plugin v26.1.1 - https:\/\/yoast.com\/wordpress\/plugins\/seo\/ -->\n<title>Se oficializ\u00f3 el veto a la Ley de Financiamiento Universitario - Nuevo Digital de Escobar<\/title>\n<meta name=\"robots\" content=\"index, follow, max-snippet:-1, max-image-preview:large, max-video-preview:-1\" \/>\n<link rel=\"canonical\" href=\"https:\/\/nuevodigitaldeescobar.com.ar\/?p=8462\" \/>\n<meta property=\"og:locale\" content=\"es_ES\" \/>\n<meta property=\"og:type\" content=\"article\" \/>\n<meta property=\"og:title\" content=\"Se oficializ\u00f3 el veto a la Ley de Financiamiento Universitario - Nuevo Digital de Escobar\" \/>\n<meta property=\"og:description\" content=\"Qued\u00f3 oficializado este jueves a primera hora en el Bolet\u00edn Oficial.\" \/>\n<meta property=\"og:url\" content=\"https:\/\/nuevodigitaldeescobar.com.ar\/?p=8462\" \/>\n<meta property=\"og:site_name\" content=\"Nuevo Digital de Escobar\" \/>\n<meta property=\"article:publisher\" content=\"https:\/\/www.facebook.com\/NUEVODigitalDeEscobar\" \/>\n<meta property=\"article:published_time\" content=\"2024-10-03T10:00:00+00:00\" \/>\n<meta property=\"article:modified_time\" content=\"2024-10-03T13:12:33+00:00\" \/>\n<meta property=\"og:image\" content=\"https:\/\/nuevodigitaldeescobar.com.ar\/wp-content\/uploads\/2024\/08\/mileii-e1724106557219.jpg\" \/>\n\t<meta property=\"og:image:width\" content=\"600\" \/>\n\t<meta property=\"og:image:height\" content=\"387\" \/>\n\t<meta property=\"og:image:type\" content=\"image\/jpeg\" \/>\n<meta name=\"author\" content=\"Redacci\u00f3n\" \/>\n<meta name=\"twitter:card\" content=\"summary_large_image\" \/>\n<meta name=\"twitter:creator\" content=\"@nuevodigescobar\" \/>\n<meta name=\"twitter:site\" content=\"@nuevodigescobar\" \/>\n<meta name=\"twitter:label1\" content=\"Escrito por\" \/>\n\t<meta name=\"twitter:data1\" content=\"Redacci\u00f3n\" \/>\n\t<meta name=\"twitter:label2\" content=\"Tiempo de lectura\" \/>\n\t<meta name=\"twitter:data2\" content=\"3 minutos\" \/>\n<script type=\"application\/ld+json\" class=\"yoast-schema-graph\">{\"@context\":\"https:\/\/schema.org\",\"@graph\":[{\"@type\":\"Article\",\"@id\":\"https:\/\/nuevodigitaldeescobar.com.ar\/?p=8462#article\",\"isPartOf\":{\"@id\":\"https:\/\/nuevodigitaldeescobar.com.ar\/?p=8462\"},\"author\":{\"name\":\"Redacci\u00f3n\",\"@id\":\"https:\/\/nuevodigitaldeescobar.com.ar\/#\/schema\/person\/035e90a8efe9a80e6eec22656ad6ea4c\"},\"headline\":\"Se oficializ\u00f3 el veto a la Ley de Financiamiento Universitario\",\"datePublished\":\"2024-10-03T10:00:00+00:00\",\"dateModified\":\"2024-10-03T13:12:33+00:00\",\"mainEntityOfPage\":{\"@id\":\"https:\/\/nuevodigitaldeescobar.com.ar\/?p=8462\"},\"wordCount\":620,\"commentCount\":0,\"publisher\":{\"@id\":\"https:\/\/nuevodigitaldeescobar.com.ar\/#organization\"},\"image\":{\"@id\":\"https:\/\/nuevodigitaldeescobar.com.ar\/?p=8462#primaryimage\"},\"thumbnailUrl\":\"https:\/\/nuevodigitaldeescobar.com.ar\/wp-content\/uploads\/2024\/08\/mileii-e1724106557219.jpg\",\"articleSection\":[\"Legislativas\",\"Nacionales\"],\"inLanguage\":\"es\",\"potentialAction\":[{\"@type\":\"CommentAction\",\"name\":\"Comment\",\"target\":[\"https:\/\/nuevodigitaldeescobar.com.ar\/?p=8462#respond\"]}]},{\"@type\":\"WebPage\",\"@id\":\"https:\/\/nuevodigitaldeescobar.com.ar\/?p=8462\",\"url\":\"https:\/\/nuevodigitaldeescobar.com.ar\/?p=8462\",\"name\":\"Se oficializ\u00f3 el veto a la Ley de Financiamiento Universitario - Nuevo Digital de Escobar\",\"isPartOf\":{\"@id\":\"https:\/\/nuevodigitaldeescobar.com.ar\/#website\"},\"primaryImageOfPage\":{\"@id\":\"https:\/\/nuevodigitaldeescobar.com.ar\/?p=8462#primaryimage\"},\"image\":{\"@id\":\"https:\/\/nuevodigitaldeescobar.com.ar\/?p=8462#primaryimage\"},\"thumbnailUrl\":\"https:\/\/nuevodigitaldeescobar.com.ar\/wp-content\/uploads\/2024\/08\/mileii-e1724106557219.jpg\",\"datePublished\":\"2024-10-03T10:00:00+00:00\",\"dateModified\":\"2024-10-03T13:12:33+00:00\",\"breadcrumb\":{\"@id\":\"https:\/\/nuevodigitaldeescobar.com.ar\/?p=8462#breadcrumb\"},\"inLanguage\":\"es\",\"potentialAction\":[{\"@type\":\"ReadAction\",\"target\":[\"https:\/\/nuevodigitaldeescobar.com.ar\/?p=8462\"]}]},{\"@type\":\"ImageObject\",\"inLanguage\":\"es\",\"@id\":\"https:\/\/nuevodigitaldeescobar.com.ar\/?p=8462#primaryimage\",\"url\":\"https:\/\/nuevodigitaldeescobar.com.ar\/wp-content\/uploads\/2024\/08\/mileii-e1724106557219.jpg\",\"contentUrl\":\"https:\/\/nuevodigitaldeescobar.com.ar\/wp-content\/uploads\/2024\/08\/mileii-e1724106557219.jpg\",\"width\":600,\"height\":387},{\"@type\":\"BreadcrumbList\",\"@id\":\"https:\/\/nuevodigitaldeescobar.com.ar\/?p=8462#breadcrumb\",\"itemListElement\":[{\"@type\":\"ListItem\",\"position\":1,\"name\":\"Portada\",\"item\":\"https:\/\/nuevodigitaldeescobar.com.ar\/\"},{\"@type\":\"ListItem\",\"position\":2,\"name\":\"Se oficializ\u00f3 el veto a la Ley de Financiamiento Universitario\"}]},{\"@type\":\"WebSite\",\"@id\":\"https:\/\/nuevodigitaldeescobar.com.ar\/#website\",\"url\":\"https:\/\/nuevodigitaldeescobar.com.ar\/\",\"name\":\"Nuevo Digital de Escobar\",\"description\":\"La vida escobarense. Directora: Rosana Brunner\",\"publisher\":{\"@id\":\"https:\/\/nuevodigitaldeescobar.com.ar\/#organization\"},\"potentialAction\":[{\"@type\":\"SearchAction\",\"target\":{\"@type\":\"EntryPoint\",\"urlTemplate\":\"https:\/\/nuevodigitaldeescobar.com.ar\/?s={search_term_string}\"},\"query-input\":{\"@type\":\"PropertyValueSpecification\",\"valueRequired\":true,\"valueName\":\"search_term_string\"}}],\"inLanguage\":\"es\"},{\"@type\":\"Organization\",\"@id\":\"https:\/\/nuevodigitaldeescobar.com.ar\/#organization\",\"name\":\"Nuevo Digital de Escobar\",\"url\":\"https:\/\/nuevodigitaldeescobar.com.ar\/\",\"logo\":{\"@type\":\"ImageObject\",\"inLanguage\":\"es\",\"@id\":\"https:\/\/nuevodigitaldeescobar.com.ar\/#\/schema\/logo\/image\/\",\"url\":\"https:\/\/nuevodigitaldeescobar.com.ar\/wp-content\/uploads\/2025\/05\/cropped-logo-nuevo2.jpg\",\"contentUrl\":\"https:\/\/nuevodigitaldeescobar.com.ar\/wp-content\/uploads\/2025\/05\/cropped-logo-nuevo2.jpg\",\"width\":305,\"height\":305,\"caption\":\"Nuevo Digital de Escobar\"},\"image\":{\"@id\":\"https:\/\/nuevodigitaldeescobar.com.ar\/#\/schema\/logo\/image\/\"},\"sameAs\":[\"https:\/\/www.facebook.com\/NUEVODigitalDeEscobar\",\"https:\/\/x.com\/nuevodigescobar\",\"https:\/\/www.instagram.com\/nuevodigitaldeescobar\"]},{\"@type\":\"Person\",\"@id\":\"https:\/\/nuevodigitaldeescobar.com.ar\/#\/schema\/person\/035e90a8efe9a80e6eec22656ad6ea4c\",\"name\":\"Redacci\u00f3n\",\"image\":{\"@type\":\"ImageObject\",\"inLanguage\":\"es\",\"@id\":\"https:\/\/nuevodigitaldeescobar.com.ar\/#\/schema\/person\/image\/\",\"url\":\"https:\/\/secure.gravatar.com\/avatar\/8af8f40000c24e9eef3034f2be5998a372bb1389e64b1a4a36b3a7979142220d?s=96&d=mm&r=g\",\"contentUrl\":\"https:\/\/secure.gravatar.com\/avatar\/8af8f40000c24e9eef3034f2be5998a372bb1389e64b1a4a36b3a7979142220d?s=96&d=mm&r=g\",\"caption\":\"Redacci\u00f3n\"},\"sameAs\":[\"http:\/\/nuevodigitaldeescobar.com.ar\"],\"url\":\"https:\/\/nuevodigitaldeescobar.com.ar\/?author=1\"}]}<\/script>\n<!-- \/ Yoast SEO plugin. -->","yoast_head_json":{"title":"Se oficializ\u00f3 el veto a la Ley de Financiamiento Universitario - Nuevo Digital de Escobar","robots":{"index":"index","follow":"follow","max-snippet":"max-snippet:-1","max-image-preview":"max-image-preview:large","max-video-preview":"max-video-preview:-1"},"canonical":"https:\/\/nuevodigitaldeescobar.com.ar\/?p=8462","og_locale":"es_ES","og_type":"article","og_title":"Se oficializ\u00f3 el veto a la Ley de Financiamiento Universitario - Nuevo Digital de Escobar","og_description":"Qued\u00f3 oficializado este jueves a primera hora en el Bolet\u00edn Oficial.","og_url":"https:\/\/nuevodigitaldeescobar.com.ar\/?p=8462","og_site_name":"Nuevo Digital de Escobar","article_publisher":"https:\/\/www.facebook.com\/NUEVODigitalDeEscobar","article_published_time":"2024-10-03T10:00:00+00:00","article_modified_time":"2024-10-03T13:12:33+00:00","og_image":[{"width":600,"height":387,"url":"https:\/\/nuevodigitaldeescobar.com.ar\/wp-content\/uploads\/2024\/08\/mileii-e1724106557219.jpg","type":"image\/jpeg"}],"author":"Redacci\u00f3n","twitter_card":"summary_large_image","twitter_creator":"@nuevodigescobar","twitter_site":"@nuevodigescobar","twitter_misc":{"Escrito por":"Redacci\u00f3n","Tiempo de lectura":"3 minutos"},"schema":{"@context":"https:\/\/schema.org","@graph":[{"@type":"Article","@id":"https:\/\/nuevodigitaldeescobar.com.ar\/?p=8462#article","isPartOf":{"@id":"https:\/\/nuevodigitaldeescobar.com.ar\/?p=8462"},"author":{"name":"Redacci\u00f3n","@id":"https:\/\/nuevodigitaldeescobar.com.ar\/#\/schema\/person\/035e90a8efe9a80e6eec22656ad6ea4c"},"headline":"Se oficializ\u00f3 el veto a la Ley de Financiamiento Universitario","datePublished":"2024-10-03T10:00:00+00:00","dateModified":"2024-10-03T13:12:33+00:00","mainEntityOfPage":{"@id":"https:\/\/nuevodigitaldeescobar.com.ar\/?p=8462"},"wordCount":620,"commentCount":0,"publisher":{"@id":"https:\/\/nuevodigitaldeescobar.com.ar\/#organization"},"image":{"@id":"https:\/\/nuevodigitaldeescobar.com.ar\/?p=8462#primaryimage"},"thumbnailUrl":"https:\/\/nuevodigitaldeescobar.com.ar\/wp-content\/uploads\/2024\/08\/mileii-e1724106557219.jpg","articleSection":["Legislativas","Nacionales"],"inLanguage":"es","potentialAction":[{"@type":"CommentAction","name":"Comment","target":["https:\/\/nuevodigitaldeescobar.com.ar\/?p=8462#respond"]}]},{"@type":"WebPage","@id":"https:\/\/nuevodigitaldeescobar.com.ar\/?p=8462","url":"https:\/\/nuevodigitaldeescobar.com.ar\/?p=8462","name":"Se oficializ\u00f3 el veto a la Ley de Financiamiento Universitario - Nuevo Digital de Escobar","isPartOf":{"@id":"https:\/\/nuevodigitaldeescobar.com.ar\/#website"},"primaryImageOfPage":{"@id":"https:\/\/nuevodigitaldeescobar.com.ar\/?p=8462#primaryimage"},"image":{"@id":"https:\/\/nuevodigitaldeescobar.com.ar\/?p=8462#primaryimage"},"thumbnailUrl":"https:\/\/nuevodigitaldeescobar.com.ar\/wp-content\/uploads\/2024\/08\/mileii-e1724106557219.jpg","datePublished":"2024-10-03T10:00:00+00:00","dateModified":"2024-10-03T13:12:33+00:00","breadcrumb":{"@id":"https:\/\/nuevodigitaldeescobar.com.ar\/?p=8462#breadcrumb"},"inLanguage":"es","potentialAction":[{"@type":"ReadAction","target":["https:\/\/nuevodigitaldeescobar.com.ar\/?p=8462"]}]},{"@type":"ImageObject","inLanguage":"es","@id":"https:\/\/nuevodigitaldeescobar.com.ar\/?p=8462#primaryimage","url":"https:\/\/nuevodigitaldeescobar.com.ar\/wp-content\/uploads\/2024\/08\/mileii-e1724106557219.jpg","contentUrl":"https:\/\/nuevodigitaldeescobar.com.ar\/wp-content\/uploads\/2024\/08\/mileii-e1724106557219.jpg","width":600,"height":387},{"@type":"BreadcrumbList","@id":"https:\/\/nuevodigitaldeescobar.com.ar\/?p=8462#breadcrumb","itemListElement":[{"@type":"ListItem","position":1,"name":"Portada","item":"https:\/\/nuevodigitaldeescobar.com.ar\/"},{"@type":"ListItem","position":2,"name":"Se oficializ\u00f3 el veto a la Ley de Financiamiento Universitario"}]},{"@type":"WebSite","@id":"https:\/\/nuevodigitaldeescobar.com.ar\/#website","url":"https:\/\/nuevodigitaldeescobar.com.ar\/","name":"Nuevo Digital de Escobar","description":"La vida escobarense. Directora: Rosana Brunner","publisher":{"@id":"https:\/\/nuevodigitaldeescobar.com.ar\/#organization"},"potentialAction":[{"@type":"SearchAction","target":{"@type":"EntryPoint","urlTemplate":"https:\/\/nuevodigitaldeescobar.com.ar\/?s={search_term_string}"},"query-input":{"@type":"PropertyValueSpecification","valueRequired":true,"valueName":"search_term_string"}}],"inLanguage":"es"},{"@type":"Organization","@id":"https:\/\/nuevodigitaldeescobar.com.ar\/#organization","name":"Nuevo Digital de Escobar","url":"https:\/\/nuevodigitaldeescobar.com.ar\/","logo":{"@type":"ImageObject","inLanguage":"es","@id":"https:\/\/nuevodigitaldeescobar.com.ar\/#\/schema\/logo\/image\/","url":"https:\/\/nuevodigitaldeescobar.com.ar\/wp-content\/uploads\/2025\/05\/cropped-logo-nuevo2.jpg","contentUrl":"https:\/\/nuevodigitaldeescobar.com.ar\/wp-content\/uploads\/2025\/05\/cropped-logo-nuevo2.jpg","width":305,"height":305,"caption":"Nuevo Digital de Escobar"},"image":{"@id":"https:\/\/nuevodigitaldeescobar.com.ar\/#\/schema\/logo\/image\/"},"sameAs":["https:\/\/www.facebook.com\/NUEVODigitalDeEscobar","https:\/\/x.com\/nuevodigescobar","https:\/\/www.instagram.com\/nuevodigitaldeescobar"]},{"@type":"Person","@id":"https:\/\/nuevodigitaldeescobar.com.ar\/#\/schema\/person\/035e90a8efe9a80e6eec22656ad6ea4c","name":"Redacci\u00f3n","image":{"@type":"ImageObject","inLanguage":"es","@id":"https:\/\/nuevodigitaldeescobar.com.ar\/#\/schema\/person\/image\/","url":"https:\/\/secure.gravatar.com\/avatar\/8af8f40000c24e9eef3034f2be5998a372bb1389e64b1a4a36b3a7979142220d?s=96&d=mm&r=g","contentUrl":"https:\/\/secure.gravatar.com\/avatar\/8af8f40000c24e9eef3034f2be5998a372bb1389e64b1a4a36b3a7979142220d?s=96&d=mm&r=g","caption":"Redacci\u00f3n"},"sameAs":["http:\/\/nuevodigitaldeescobar.com.ar"],"url":"https:\/\/nuevodigitaldeescobar.com.ar\/?author=1"}]}},"featured_image_urls":{"full":["https:\/\/nuevodigitaldeescobar.com.ar\/wp-content\/uploads\/2024\/08\/mileii-e1724106557219.jpg",600,387,false],"thumbnail":["https:\/\/nuevodigitaldeescobar.com.ar\/wp-content\/uploads\/2024\/08\/mileii-e1724106557219-150x150.jpg",150,150,true],"medium":["https:\/\/nuevodigitaldeescobar.com.ar\/wp-content\/uploads\/2024\/08\/mileii-e1724106557219-300x194.jpg",300,194,true],"medium_large":["https:\/\/nuevodigitaldeescobar.com.ar\/wp-content\/uploads\/2024\/08\/mileii-e1724106557219.jpg",600,387,false],"large":["https:\/\/nuevodigitaldeescobar.com.ar\/wp-content\/uploads\/2024\/08\/mileii-e1724106557219.jpg",600,387,false],"1536x1536":["https:\/\/nuevodigitaldeescobar.com.ar\/wp-content\/uploads\/2024\/08\/mileii-e1724106557219.jpg",600,387,false],"2048x2048":["https:\/\/nuevodigitaldeescobar.com.ar\/wp-content\/uploads\/2024\/08\/mileii-e1724106557219.jpg",600,387,false]},"author_info":{"display_name":"Redacci\u00f3n","author_link":"https:\/\/nuevodigitaldeescobar.com.ar\/?author=1"},"category_info":"<a href=\"https:\/\/nuevodigitaldeescobar.com.ar\/?cat=12\" rel=\"category\">Legislativas<\/a> <a href=\"https:\/\/nuevodigitaldeescobar.com.ar\/?cat=61\" rel=\"category\">Nacionales<\/a>","tag_info":"Nacionales","comment_count":"0","_links":{"self":[{"href":"https:\/\/nuevodigitaldeescobar.com.ar\/index.php?rest_route=\/wp\/v2\/posts\/8462","targetHints":{"allow":["GET"]}}],"collection":[{"href":"https:\/\/nuevodigitaldeescobar.com.ar\/index.php?rest_route=\/wp\/v2\/posts"}],"about":[{"href":"https:\/\/nuevodigitaldeescobar.com.ar\/index.php?rest_route=\/wp\/v2\/types\/post"}],"author":[{"embeddable":true,"href":"https:\/\/nuevodigitaldeescobar.com.ar\/index.php?rest_route=\/wp\/v2\/users\/1"}],"replies":[{"embeddable":true,"href":"https:\/\/nuevodigitaldeescobar.com.ar\/index.php?rest_route=%2Fwp%2Fv2%2Fcomments&post=8462"}],"version-history":[{"count":1,"href":"https:\/\/nuevodigitaldeescobar.com.ar\/index.php?rest_route=\/wp\/v2\/posts\/8462\/revisions"}],"predecessor-version":[{"id":8463,"href":"https:\/\/nuevodigitaldeescobar.com.ar\/index.php?rest_route=\/wp\/v2\/posts\/8462\/revisions\/8463"}],"wp:featuredmedia":[{"embeddable":true,"href":"https:\/\/nuevodigitaldeescobar.com.ar\/index.php?rest_route=\/wp\/v2\/media\/7449"}],"wp:attachment":[{"href":"https:\/\/nuevodigitaldeescobar.com.ar\/index.php?rest_route=%2Fwp%2Fv2%2Fmedia&parent=8462"}],"wp:term":[{"taxonomy":"category","embeddable":true,"href":"https:\/\/nuevodigitaldeescobar.com.ar\/index.php?rest_route=%2Fwp%2Fv2%2Fcategories&post=8462"},{"taxonomy":"post_tag","embeddable":true,"href":"https:\/\/nuevodigitaldeescobar.com.ar\/index.php?rest_route=%2Fwp%2Fv2%2Ftags&post=8462"}],"curies":[{"name":"wp","href":"https:\/\/api.w.org\/{rel}","templated":true}]}}