{"id":8518,"date":"2024-10-07T15:59:14","date_gmt":"2024-10-07T18:59:14","guid":{"rendered":"https:\/\/nuevodigitaldeescobar.com.ar\/?p=8518"},"modified":"2024-10-07T16:05:48","modified_gmt":"2024-10-07T19:05:48","slug":"cronograma-de-recoleccion-de-ramas-para-esta-semana-18","status":"publish","type":"post","link":"https:\/\/nuevodigitaldeescobar.com.ar\/?p=8518","title":{"rendered":"Cronograma de recolecci\u00f3n de ramas para esta semana"},"content":{"rendered":"<p><span style=\"color: #003366;\"><strong><em>La Municipalidad de Escobar difundi\u00f3 el cronograma de recolecci\u00f3n de ramas y restos de podas para esta semana.<\/em><\/strong><\/span><\/p>\n<p><!--more--><\/p>\n<hr \/>\n<p>Los vecinos y vecinas de las Unidades de Gesti\u00f3n Comunitaria GA4, IM3, SA1, SA2 y SA3 deber\u00e1n depositar sus ramas y restos de podas en la v\u00eda p\u00fablica desde hoy, lunes 7 de octubre, hasta el s\u00e1bado 12. Las mismas ser\u00e1n retiradas por los equipos municipales a partir del lunes 14.<\/p>\n<p>Las UGC involucradas en esta oportunidad son:<\/p>\n<ul>\n<li><span style=\"color: #003366;\"><strong>GA4:<\/strong><\/span> Andes 35, Gar\u00edn<\/li>\n<li><strong><span style=\"color: #003366;\">IM3:<\/span> <\/strong>Anah\u00ed y N\u00fa\u00f1ez, Ingeniero Maschwitz<\/li>\n<li><span style=\"color: #003366;\"><strong>SA1:<\/strong><\/span> Carlos del Garc\u00eda 1250, Maquinista Savio<\/li>\n<li><span style=\"color: #003366;\"><strong>SA2:<\/strong> <\/span>Los Claveles 1920, Maquinista Savio<\/li>\n<li><span style=\"color: #003366;\"><strong>SA3:<\/strong> <\/span>Chaco 242, Maquinista Savio.<\/li>\n<\/ul>\n<p>Ante cualquier duda sobre las zonas que abarca cada UGC, se puede consultar el sitio web oficial <a href=\"http:\/\/www.escobar.gob.ar\/ugc\">www.escobar.gob.ar\/ugc<\/a>.<\/p>\n<p>Asimismo, para conocer el cronograma, los vecinos y vecinas pueden ingresar a la web <a href=\"http:\/\/www.escobar.gob.ar\/recoleccion-de-ramas\">www.escobar.gob.ar\/recoleccion-de-ramas<\/a> o consultar v\u00eda WhatsApp a Flora, el chatbot del Municipio, haciendo click en <a href=\"http:\/\/www.wa.me\/5491168131202\">www.wa.me\/5491168131202<\/a>. Es importante recordar que, seg\u00fan la ordenanza municipal 4526\/08, las ramas deben colocarse sin obstruir la calzada ni los desag\u00fces pluviales, y no deben exceder un metro c\u00fabico de volumen. El cronograma es semanal, por lo que se requiere que las ramas se saquen a la calle \u00fanicamente en las fechas indicadas, de lo contrario, se aplicar\u00e1n severas multas.<\/p>\n","protected":false},"excerpt":{"rendered":"<p>La Municipalidad de Escobar difundi\u00f3 el cronograma de recolecci\u00f3n de ramas y restos de podas para esta semana.<\/p>\n","protected":false},"author":1,"featured_media":8519,"comment_status":"open","ping_status":"open","sticky":false,"template":"","format":"standard","meta":{"footnotes":""},"categories":[7],"tags":[],"class_list":["post-8518","post","type-post","status-publish","format-standard","has-post-thumbnail","hentry","category-interes-general"],"better_featured_image":{"id":8519,"alt_text":"","caption":"","description":"","media_type":"image","media_details":{"width":720,"height":477,"file":"2024\/10\/ramass80-e1728327549289.jpg","filesize":351209,"sizes":{"medium":{"file":"ramass80-e1728327549289-300x199.jpg","width":300,"height":199,"mime-type":"image\/jpeg","filesize":22900,"source_url":"https:\/\/nuevodigitaldeescobar.com.ar\/wp-content\/uploads\/2024\/10\/ramass80-e1728327549289-300x199.jpg"},"large":{"file":"ramass80-1024x769.jpg","width":1024,"height":769,"mime-type":"image\/jpeg","filesize":252224,"source_url":"https:\/\/nuevodigitaldeescobar.com.ar\/wp-content\/uploads\/2024\/10\/ramass80-1024x769.jpg"},"thumbnail":{"file":"ramass80-e1728327549289-150x150.jpg","width":150,"height":150,"mime-type":"image\/jpeg","filesize":9861,"source_url":"https:\/\/nuevodigitaldeescobar.com.ar\/wp-content\/uploads\/2024\/10\/ramass80-e1728327549289-150x150.jpg"},"medium_large":{"file":"ramass80-768x577.jpg","width":768,"height":577,"mime-type":"image\/jpeg","filesize":150219,"source_url":"https:\/\/nuevodigitaldeescobar.com.ar\/wp-content\/uploads\/2024\/10\/ramass80-768x577.jpg"}},"image_meta":{"aperture":"0","credit":"","camera":"","caption":"","created_timestamp":"0","copyright":"","focal_length":"0","iso":"0","shutter_speed":"0","title":"","orientation":"0","keywords":[]}},"post":8518,"source_url":"https:\/\/nuevodigitaldeescobar.com.ar\/wp-content\/uploads\/2024\/10\/ramass80-e1728327549289.jpg"},"yoast_head":"<!-- This site is optimized with the Yoast SEO plugin v26.1.1 - https:\/\/yoast.com\/wordpress\/plugins\/seo\/ -->\n<title>Cronograma de recolecci\u00f3n de ramas para esta semana - Nuevo Digital de Escobar<\/title>\n<meta name=\"robots\" content=\"index, follow, max-snippet:-1, max-image-preview:large, max-video-preview:-1\" \/>\n<link rel=\"canonical\" href=\"https:\/\/nuevodigitaldeescobar.com.ar\/?p=8518\" \/>\n<meta property=\"og:locale\" content=\"es_ES\" \/>\n<meta property=\"og:type\" content=\"article\" \/>\n<meta property=\"og:title\" content=\"Cronograma de recolecci\u00f3n de ramas para esta semana - Nuevo Digital de Escobar\" \/>\n<meta property=\"og:description\" content=\"La Municipalidad de Escobar difundi\u00f3 el cronograma de recolecci\u00f3n de ramas y restos de podas para esta semana.\" \/>\n<meta property=\"og:url\" content=\"https:\/\/nuevodigitaldeescobar.com.ar\/?p=8518\" \/>\n<meta property=\"og:site_name\" content=\"Nuevo Digital de Escobar\" \/>\n<meta property=\"article:publisher\" content=\"https:\/\/www.facebook.com\/NUEVODigitalDeEscobar\" \/>\n<meta property=\"article:published_time\" content=\"2024-10-07T18:59:14+00:00\" \/>\n<meta property=\"article:modified_time\" content=\"2024-10-07T19:05:48+00:00\" \/>\n<meta property=\"og:image\" content=\"https:\/\/nuevodigitaldeescobar.com.ar\/wp-content\/uploads\/2024\/10\/ramass80-e1728327549289.jpg\" \/>\n\t<meta property=\"og:image:width\" content=\"720\" \/>\n\t<meta property=\"og:image:height\" content=\"477\" \/>\n\t<meta property=\"og:image:type\" content=\"image\/jpeg\" \/>\n<meta name=\"author\" content=\"Redacci\u00f3n\" \/>\n<meta name=\"twitter:card\" content=\"summary_large_image\" \/>\n<meta name=\"twitter:creator\" content=\"@nuevodigescobar\" \/>\n<meta name=\"twitter:site\" content=\"@nuevodigescobar\" \/>\n<meta name=\"twitter:label1\" content=\"Escrito por\" \/>\n\t<meta name=\"twitter:data1\" content=\"Redacci\u00f3n\" \/>\n\t<meta name=\"twitter:label2\" content=\"Tiempo de lectura\" \/>\n\t<meta name=\"twitter:data2\" content=\"1 minuto\" \/>\n<script type=\"application\/ld+json\" class=\"yoast-schema-graph\">{\"@context\":\"https:\/\/schema.org\",\"@graph\":[{\"@type\":\"Article\",\"@id\":\"https:\/\/nuevodigitaldeescobar.com.ar\/?p=8518#article\",\"isPartOf\":{\"@id\":\"https:\/\/nuevodigitaldeescobar.com.ar\/?p=8518\"},\"author\":{\"name\":\"Redacci\u00f3n\",\"@id\":\"https:\/\/nuevodigitaldeescobar.com.ar\/#\/schema\/person\/035e90a8efe9a80e6eec22656ad6ea4c\"},\"headline\":\"Cronograma de recolecci\u00f3n de ramas para esta semana\",\"datePublished\":\"2024-10-07T18:59:14+00:00\",\"dateModified\":\"2024-10-07T19:05:48+00:00\",\"mainEntityOfPage\":{\"@id\":\"https:\/\/nuevodigitaldeescobar.com.ar\/?p=8518\"},\"wordCount\":236,\"commentCount\":0,\"publisher\":{\"@id\":\"https:\/\/nuevodigitaldeescobar.com.ar\/#organization\"},\"image\":{\"@id\":\"https:\/\/nuevodigitaldeescobar.com.ar\/?p=8518#primaryimage\"},\"thumbnailUrl\":\"https:\/\/nuevodigitaldeescobar.com.ar\/wp-content\/uploads\/2024\/10\/ramass80-e1728327549289.jpg\",\"articleSection\":[\"Inter\u00e9s general\"],\"inLanguage\":\"es\",\"potentialAction\":[{\"@type\":\"CommentAction\",\"name\":\"Comment\",\"target\":[\"https:\/\/nuevodigitaldeescobar.com.ar\/?p=8518#respond\"]}]},{\"@type\":\"WebPage\",\"@id\":\"https:\/\/nuevodigitaldeescobar.com.ar\/?p=8518\",\"url\":\"https:\/\/nuevodigitaldeescobar.com.ar\/?p=8518\",\"name\":\"Cronograma de recolecci\u00f3n de ramas para esta semana - Nuevo Digital de Escobar\",\"isPartOf\":{\"@id\":\"https:\/\/nuevodigitaldeescobar.com.ar\/#website\"},\"primaryImageOfPage\":{\"@id\":\"https:\/\/nuevodigitaldeescobar.com.ar\/?p=8518#primaryimage\"},\"image\":{\"@id\":\"https:\/\/nuevodigitaldeescobar.com.ar\/?p=8518#primaryimage\"},\"thumbnailUrl\":\"https:\/\/nuevodigitaldeescobar.com.ar\/wp-content\/uploads\/2024\/10\/ramass80-e1728327549289.jpg\",\"datePublished\":\"2024-10-07T18:59:14+00:00\",\"dateModified\":\"2024-10-07T19:05:48+00:00\",\"breadcrumb\":{\"@id\":\"https:\/\/nuevodigitaldeescobar.com.ar\/?p=8518#breadcrumb\"},\"inLanguage\":\"es\",\"potentialAction\":[{\"@type\":\"ReadAction\",\"target\":[\"https:\/\/nuevodigitaldeescobar.com.ar\/?p=8518\"]}]},{\"@type\":\"ImageObject\",\"inLanguage\":\"es\",\"@id\":\"https:\/\/nuevodigitaldeescobar.com.ar\/?p=8518#primaryimage\",\"url\":\"https:\/\/nuevodigitaldeescobar.com.ar\/wp-content\/uploads\/2024\/10\/ramass80-e1728327549289.jpg\",\"contentUrl\":\"https:\/\/nuevodigitaldeescobar.com.ar\/wp-content\/uploads\/2024\/10\/ramass80-e1728327549289.jpg\",\"width\":720,\"height\":477},{\"@type\":\"BreadcrumbList\",\"@id\":\"https:\/\/nuevodigitaldeescobar.com.ar\/?p=8518#breadcrumb\",\"itemListElement\":[{\"@type\":\"ListItem\",\"position\":1,\"name\":\"Portada\",\"item\":\"https:\/\/nuevodigitaldeescobar.com.ar\/\"},{\"@type\":\"ListItem\",\"position\":2,\"name\":\"Cronograma de recolecci\u00f3n de ramas para esta semana\"}]},{\"@type\":\"WebSite\",\"@id\":\"https:\/\/nuevodigitaldeescobar.com.ar\/#website\",\"url\":\"https:\/\/nuevodigitaldeescobar.com.ar\/\",\"name\":\"Nuevo Digital de Escobar\",\"description\":\"La vida escobarense. Directora: Rosana Brunner\",\"publisher\":{\"@id\":\"https:\/\/nuevodigitaldeescobar.com.ar\/#organization\"},\"potentialAction\":[{\"@type\":\"SearchAction\",\"target\":{\"@type\":\"EntryPoint\",\"urlTemplate\":\"https:\/\/nuevodigitaldeescobar.com.ar\/?s={search_term_string}\"},\"query-input\":{\"@type\":\"PropertyValueSpecification\",\"valueRequired\":true,\"valueName\":\"search_term_string\"}}],\"inLanguage\":\"es\"},{\"@type\":\"Organization\",\"@id\":\"https:\/\/nuevodigitaldeescobar.com.ar\/#organization\",\"name\":\"Nuevo Digital de Escobar\",\"url\":\"https:\/\/nuevodigitaldeescobar.com.ar\/\",\"logo\":{\"@type\":\"ImageObject\",\"inLanguage\":\"es\",\"@id\":\"https:\/\/nuevodigitaldeescobar.com.ar\/#\/schema\/logo\/image\/\",\"url\":\"https:\/\/nuevodigitaldeescobar.com.ar\/wp-content\/uploads\/2025\/05\/cropped-logo-nuevo2.jpg\",\"contentUrl\":\"https:\/\/nuevodigitaldeescobar.com.ar\/wp-content\/uploads\/2025\/05\/cropped-logo-nuevo2.jpg\",\"width\":305,\"height\":305,\"caption\":\"Nuevo Digital de Escobar\"},\"image\":{\"@id\":\"https:\/\/nuevodigitaldeescobar.com.ar\/#\/schema\/logo\/image\/\"},\"sameAs\":[\"https:\/\/www.facebook.com\/NUEVODigitalDeEscobar\",\"https:\/\/x.com\/nuevodigescobar\",\"https:\/\/www.instagram.com\/nuevodigitaldeescobar\"]},{\"@type\":\"Person\",\"@id\":\"https:\/\/nuevodigitaldeescobar.com.ar\/#\/schema\/person\/035e90a8efe9a80e6eec22656ad6ea4c\",\"name\":\"Redacci\u00f3n\",\"image\":{\"@type\":\"ImageObject\",\"inLanguage\":\"es\",\"@id\":\"https:\/\/nuevodigitaldeescobar.com.ar\/#\/schema\/person\/image\/\",\"url\":\"https:\/\/secure.gravatar.com\/avatar\/8af8f40000c24e9eef3034f2be5998a372bb1389e64b1a4a36b3a7979142220d?s=96&d=mm&r=g\",\"contentUrl\":\"https:\/\/secure.gravatar.com\/avatar\/8af8f40000c24e9eef3034f2be5998a372bb1389e64b1a4a36b3a7979142220d?s=96&d=mm&r=g\",\"caption\":\"Redacci\u00f3n\"},\"sameAs\":[\"http:\/\/nuevodigitaldeescobar.com.ar\"],\"url\":\"https:\/\/nuevodigitaldeescobar.com.ar\/?author=1\"}]}<\/script>\n<!-- \/ Yoast SEO plugin. -->","yoast_head_json":{"title":"Cronograma de recolecci\u00f3n de ramas para esta semana - Nuevo Digital de Escobar","robots":{"index":"index","follow":"follow","max-snippet":"max-snippet:-1","max-image-preview":"max-image-preview:large","max-video-preview":"max-video-preview:-1"},"canonical":"https:\/\/nuevodigitaldeescobar.com.ar\/?p=8518","og_locale":"es_ES","og_type":"article","og_title":"Cronograma de recolecci\u00f3n de ramas para esta semana - Nuevo Digital de Escobar","og_description":"La Municipalidad de Escobar difundi\u00f3 el cronograma de recolecci\u00f3n de ramas y restos de podas para esta semana.","og_url":"https:\/\/nuevodigitaldeescobar.com.ar\/?p=8518","og_site_name":"Nuevo Digital de Escobar","article_publisher":"https:\/\/www.facebook.com\/NUEVODigitalDeEscobar","article_published_time":"2024-10-07T18:59:14+00:00","article_modified_time":"2024-10-07T19:05:48+00:00","og_image":[{"width":720,"height":477,"url":"https:\/\/nuevodigitaldeescobar.com.ar\/wp-content\/uploads\/2024\/10\/ramass80-e1728327549289.jpg","type":"image\/jpeg"}],"author":"Redacci\u00f3n","twitter_card":"summary_large_image","twitter_creator":"@nuevodigescobar","twitter_site":"@nuevodigescobar","twitter_misc":{"Escrito por":"Redacci\u00f3n","Tiempo de lectura":"1 minuto"},"schema":{"@context":"https:\/\/schema.org","@graph":[{"@type":"Article","@id":"https:\/\/nuevodigitaldeescobar.com.ar\/?p=8518#article","isPartOf":{"@id":"https:\/\/nuevodigitaldeescobar.com.ar\/?p=8518"},"author":{"name":"Redacci\u00f3n","@id":"https:\/\/nuevodigitaldeescobar.com.ar\/#\/schema\/person\/035e90a8efe9a80e6eec22656ad6ea4c"},"headline":"Cronograma de recolecci\u00f3n de ramas para esta semana","datePublished":"2024-10-07T18:59:14+00:00","dateModified":"2024-10-07T19:05:48+00:00","mainEntityOfPage":{"@id":"https:\/\/nuevodigitaldeescobar.com.ar\/?p=8518"},"wordCount":236,"commentCount":0,"publisher":{"@id":"https:\/\/nuevodigitaldeescobar.com.ar\/#organization"},"image":{"@id":"https:\/\/nuevodigitaldeescobar.com.ar\/?p=8518#primaryimage"},"thumbnailUrl":"https:\/\/nuevodigitaldeescobar.com.ar\/wp-content\/uploads\/2024\/10\/ramass80-e1728327549289.jpg","articleSection":["Inter\u00e9s general"],"inLanguage":"es","potentialAction":[{"@type":"CommentAction","name":"Comment","target":["https:\/\/nuevodigitaldeescobar.com.ar\/?p=8518#respond"]}]},{"@type":"WebPage","@id":"https:\/\/nuevodigitaldeescobar.com.ar\/?p=8518","url":"https:\/\/nuevodigitaldeescobar.com.ar\/?p=8518","name":"Cronograma de recolecci\u00f3n de ramas para esta semana - Nuevo Digital de Escobar","isPartOf":{"@id":"https:\/\/nuevodigitaldeescobar.com.ar\/#website"},"primaryImageOfPage":{"@id":"https:\/\/nuevodigitaldeescobar.com.ar\/?p=8518#primaryimage"},"image":{"@id":"https:\/\/nuevodigitaldeescobar.com.ar\/?p=8518#primaryimage"},"thumbnailUrl":"https:\/\/nuevodigitaldeescobar.com.ar\/wp-content\/uploads\/2024\/10\/ramass80-e1728327549289.jpg","datePublished":"2024-10-07T18:59:14+00:00","dateModified":"2024-10-07T19:05:48+00:00","breadcrumb":{"@id":"https:\/\/nuevodigitaldeescobar.com.ar\/?p=8518#breadcrumb"},"inLanguage":"es","potentialAction":[{"@type":"ReadAction","target":["https:\/\/nuevodigitaldeescobar.com.ar\/?p=8518"]}]},{"@type":"ImageObject","inLanguage":"es","@id":"https:\/\/nuevodigitaldeescobar.com.ar\/?p=8518#primaryimage","url":"https:\/\/nuevodigitaldeescobar.com.ar\/wp-content\/uploads\/2024\/10\/ramass80-e1728327549289.jpg","contentUrl":"https:\/\/nuevodigitaldeescobar.com.ar\/wp-content\/uploads\/2024\/10\/ramass80-e1728327549289.jpg","width":720,"height":477},{"@type":"BreadcrumbList","@id":"https:\/\/nuevodigitaldeescobar.com.ar\/?p=8518#breadcrumb","itemListElement":[{"@type":"ListItem","position":1,"name":"Portada","item":"https:\/\/nuevodigitaldeescobar.com.ar\/"},{"@type":"ListItem","position":2,"name":"Cronograma de recolecci\u00f3n de ramas para esta semana"}]},{"@type":"WebSite","@id":"https:\/\/nuevodigitaldeescobar.com.ar\/#website","url":"https:\/\/nuevodigitaldeescobar.com.ar\/","name":"Nuevo Digital de Escobar","description":"La vida escobarense. Directora: Rosana Brunner","publisher":{"@id":"https:\/\/nuevodigitaldeescobar.com.ar\/#organization"},"potentialAction":[{"@type":"SearchAction","target":{"@type":"EntryPoint","urlTemplate":"https:\/\/nuevodigitaldeescobar.com.ar\/?s={search_term_string}"},"query-input":{"@type":"PropertyValueSpecification","valueRequired":true,"valueName":"search_term_string"}}],"inLanguage":"es"},{"@type":"Organization","@id":"https:\/\/nuevodigitaldeescobar.com.ar\/#organization","name":"Nuevo Digital de Escobar","url":"https:\/\/nuevodigitaldeescobar.com.ar\/","logo":{"@type":"ImageObject","inLanguage":"es","@id":"https:\/\/nuevodigitaldeescobar.com.ar\/#\/schema\/logo\/image\/","url":"https:\/\/nuevodigitaldeescobar.com.ar\/wp-content\/uploads\/2025\/05\/cropped-logo-nuevo2.jpg","contentUrl":"https:\/\/nuevodigitaldeescobar.com.ar\/wp-content\/uploads\/2025\/05\/cropped-logo-nuevo2.jpg","width":305,"height":305,"caption":"Nuevo Digital de Escobar"},"image":{"@id":"https:\/\/nuevodigitaldeescobar.com.ar\/#\/schema\/logo\/image\/"},"sameAs":["https:\/\/www.facebook.com\/NUEVODigitalDeEscobar","https:\/\/x.com\/nuevodigescobar","https:\/\/www.instagram.com\/nuevodigitaldeescobar"]},{"@type":"Person","@id":"https:\/\/nuevodigitaldeescobar.com.ar\/#\/schema\/person\/035e90a8efe9a80e6eec22656ad6ea4c","name":"Redacci\u00f3n","image":{"@type":"ImageObject","inLanguage":"es","@id":"https:\/\/nuevodigitaldeescobar.com.ar\/#\/schema\/person\/image\/","url":"https:\/\/secure.gravatar.com\/avatar\/8af8f40000c24e9eef3034f2be5998a372bb1389e64b1a4a36b3a7979142220d?s=96&d=mm&r=g","contentUrl":"https:\/\/secure.gravatar.com\/avatar\/8af8f40000c24e9eef3034f2be5998a372bb1389e64b1a4a36b3a7979142220d?s=96&d=mm&r=g","caption":"Redacci\u00f3n"},"sameAs":["http:\/\/nuevodigitaldeescobar.com.ar"],"url":"https:\/\/nuevodigitaldeescobar.com.ar\/?author=1"}]}},"featured_image_urls":{"full":["https:\/\/nuevodigitaldeescobar.com.ar\/wp-content\/uploads\/2024\/10\/ramass80-e1728327549289.jpg",720,477,false],"thumbnail":["https:\/\/nuevodigitaldeescobar.com.ar\/wp-content\/uploads\/2024\/10\/ramass80-e1728327549289-150x150.jpg",150,150,true],"medium":["https:\/\/nuevodigitaldeescobar.com.ar\/wp-content\/uploads\/2024\/10\/ramass80-e1728327549289-300x199.jpg",300,199,true],"medium_large":["https:\/\/nuevodigitaldeescobar.com.ar\/wp-content\/uploads\/2024\/10\/ramass80-768x577.jpg",640,481,true],"large":["https:\/\/nuevodigitaldeescobar.com.ar\/wp-content\/uploads\/2024\/10\/ramass80-1024x769.jpg",640,481,true],"1536x1536":["https:\/\/nuevodigitaldeescobar.com.ar\/wp-content\/uploads\/2024\/10\/ramass80-e1728327549289.jpg",720,477,false],"2048x2048":["https:\/\/nuevodigitaldeescobar.com.ar\/wp-content\/uploads\/2024\/10\/ramass80-e1728327549289.jpg",720,477,false]},"author_info":{"display_name":"Redacci\u00f3n","author_link":"https:\/\/nuevodigitaldeescobar.com.ar\/?author=1"},"category_info":"<a href=\"https:\/\/nuevodigitaldeescobar.com.ar\/?cat=7\" rel=\"category\">Inter\u00e9s general<\/a>","tag_info":"Inter\u00e9s general","comment_count":"0","_links":{"self":[{"href":"https:\/\/nuevodigitaldeescobar.com.ar\/index.php?rest_route=\/wp\/v2\/posts\/8518","targetHints":{"allow":["GET"]}}],"collection":[{"href":"https:\/\/nuevodigitaldeescobar.com.ar\/index.php?rest_route=\/wp\/v2\/posts"}],"about":[{"href":"https:\/\/nuevodigitaldeescobar.com.ar\/index.php?rest_route=\/wp\/v2\/types\/post"}],"author":[{"embeddable":true,"href":"https:\/\/nuevodigitaldeescobar.com.ar\/index.php?rest_route=\/wp\/v2\/users\/1"}],"replies":[{"embeddable":true,"href":"https:\/\/nuevodigitaldeescobar.com.ar\/index.php?rest_route=%2Fwp%2Fv2%2Fcomments&post=8518"}],"version-history":[{"count":1,"href":"https:\/\/nuevodigitaldeescobar.com.ar\/index.php?rest_route=\/wp\/v2\/posts\/8518\/revisions"}],"predecessor-version":[{"id":8520,"href":"https:\/\/nuevodigitaldeescobar.com.ar\/index.php?rest_route=\/wp\/v2\/posts\/8518\/revisions\/8520"}],"wp:featuredmedia":[{"embeddable":true,"href":"https:\/\/nuevodigitaldeescobar.com.ar\/index.php?rest_route=\/wp\/v2\/media\/8519"}],"wp:attachment":[{"href":"https:\/\/nuevodigitaldeescobar.com.ar\/index.php?rest_route=%2Fwp%2Fv2%2Fmedia&parent=8518"}],"wp:term":[{"taxonomy":"category","embeddable":true,"href":"https:\/\/nuevodigitaldeescobar.com.ar\/index.php?rest_route=%2Fwp%2Fv2%2Fcategories&post=8518"},{"taxonomy":"post_tag","embeddable":true,"href":"https:\/\/nuevodigitaldeescobar.com.ar\/index.php?rest_route=%2Fwp%2Fv2%2Ftags&post=8518"}],"curies":[{"name":"wp","href":"https:\/\/api.w.org\/{rel}","templated":true}]}}