{"id":8584,"date":"2024-10-09T19:59:57","date_gmt":"2024-10-09T22:59:57","guid":{"rendered":"https:\/\/nuevodigitaldeescobar.com.ar\/?p=8584"},"modified":"2024-10-09T20:00:09","modified_gmt":"2024-10-09T23:00:09","slug":"savio-sujarchuk-y-kicillof-inauguraron-una-nueva-posta-del-grupo-de-prevencion-motorizado","status":"publish","type":"post","link":"https:\/\/nuevodigitaldeescobar.com.ar\/?p=8584","title":{"rendered":"Savio: Sujarchuk y Kicillof inauguraron una nueva posta del Grupo de Prevenci\u00f3n Motorizado"},"content":{"rendered":"<p><span style=\"color: #003366;\"><strong><em>El intendente inaugur\u00f3 junto al gobernador Axel Kicillof la segunda base operativa en el distrito del Grupo de Prevenci\u00f3n Motorizado (GPM), con el objetivo de reforzar la seguridad en la localidad de Maquinista Savio y en todo el partido de Escobar.<\/em><\/strong><\/span><\/p>\n<p><!--more--><\/p>\n<hr \/>\n<p><em>\u201cCada vez que el gobernador Axel Kicillof viene a visitarnos, pasan dos cosas en simult\u00e1neo: se inaugura una obra y se planifica la que sigue. En un a\u00f1o de pol\u00edticas de ajuste del gobierno nacional, estamos trabajando junto a la Provincia para construir una subcomisar\u00eda en Loma Verde y ampliar el Centro de Monitoreo porque la seguridad es un derecho de todos. Seguiremos trabajando junto al gobernador por el bien de la comunidad escobarense y de todas y todos los bonaerenses\u201d<\/em>, expres\u00f3 Sujarchuk, que estuvo acompa\u00f1ado por el ministro de Gobierno de la Provincia, Carlos Bianco; el ministro de Seguridad de la Provincia, Javier Alonso; el secretario General del Municipio, Beto Ramil, el diputado provincial Leo Moreno; el jefe de la Polic\u00eda Bonaerense, comisario general Javier Villar, y la secretaria de Seguridad de Escobar, Roc\u00edo Fern\u00e1ndez.<\/p>\n<p><a href=\"https:\/\/nuevodigitaldeescobar.com.ar\/?attachment_id=8585\" rel=\"attachment wp-att-8585\"><img fetchpriority=\"high\" decoding=\"async\" class=\"alignnone size-full wp-image-8585\" src=\"http:\/\/nuevodigitaldeescobar.com.ar\/wp-content\/uploads\/2024\/10\/kici-sujar-e1728514697323.jpg\" alt=\"\" width=\"720\" height=\"480\" \/><\/a><\/p>\n<p>Con una inversi\u00f3n del Municipio de $200 millones, la nueva posta policial se llev\u00f3 adelante en articulaci\u00f3n con el gobierno provincial, que aportar\u00e1 18 efectivos y 9 m\u00f3viles para el personal policial motorizado. Dichos efectivos se sumar\u00e1n a otros 18 que cumplen tareas en la base operativa de Ingeniero Maschwitz desde septiembre de 2020, con lo cual se alcanzar\u00e1 un total de 36 agentes especializados en ambas bases del GPM.<\/p>\n<p><em>\u201cEs muy lindo estar de nuevo en Escobar para inaugurar esta base que forma parte de una pol\u00edtica de descentralizaci\u00f3n, profesionalizaci\u00f3n y equipamiento de la polic\u00eda de la provincia de Buenos Aires, ejecutada por nuestro ministro de Seguridad. Quiero agradecerle a Ariel y a todo el Municipio de Escobar por esta gran obra y por brindar condiciones de trabajo dignas a la polic\u00eda para seguir por este camino de dar m\u00e1s seguridad y tranquilidad a las vecinas y vecinos\u201d<\/em>, manifest\u00f3 Kicillof.<\/p>\n<p>Esta nueva base permite albergar al personal policial motorizado y cuenta con sectores de descanso, sanitario y \u00e1rea administrativa. Las instalaciones tienen 60 metros cuadrados de superficie cubiertos, adem\u00e1s de un sector semicubierto de 30 metros cuadrados para alojar varias unidades motorizadas.<\/p>\n<p><a href=\"https:\/\/nuevodigitaldeescobar.com.ar\/?attachment_id=8586\" rel=\"attachment wp-att-8586\"><img decoding=\"async\" class=\"alignnone size-full wp-image-8586\" src=\"http:\/\/nuevodigitaldeescobar.com.ar\/wp-content\/uploads\/2024\/10\/polis-1-e1728514717715.jpg\" alt=\"\" width=\"720\" height=\"480\" \/><\/a><\/p>\n<p>Dicha obra forma parte de las diversas pol\u00edticas p\u00fablicas que implementa el Municipio en materia de seguridad y prevenci\u00f3n, que este a\u00f1o contemplan una inversi\u00f3n de $16 mil millones para recursos digitales, incorporaci\u00f3n de Inteligencia Artificial, tel\u00e9fonos geolocalizantes y c\u00e1maras corporales port\u00e1tiles conocidas como bodycam. Adem\u00e1s, Sujarchuk anunci\u00f3 en las \u00faltimas semanas el proyecto para crear una Guardia Urbana y Polic\u00eda Municipal que utilice armas no letales y que cumpla tareas focalizadas en la prevenci\u00f3n del delito, la atenci\u00f3n de emergencias y la seguridad vial. El proyecto ya fue enviado al Concejo Deliberante y tambi\u00e9n fue presentado por el diputado Leo Moreno en la Legislatura Provincial.<\/p>\n<p><a href=\"https:\/\/nuevodigitaldeescobar.com.ar\/?attachment_id=8587\" rel=\"attachment wp-att-8587\"><img decoding=\"async\" class=\"alignnone size-full wp-image-8587\" src=\"http:\/\/nuevodigitaldeescobar.com.ar\/wp-content\/uploads\/2024\/10\/polis-2-e1728514757725.jpg\" alt=\"\" width=\"720\" height=\"480\" \/><\/a><\/p>\n<p><em>\u201cEn el Municipio sabemos cu\u00e1les son las principales demandas de los vecinos y vecinas. Y queda claro que cuando en nuestra gesti\u00f3n las pol\u00edticas est\u00e1n del lado de la salud, la educaci\u00f3n y la seguridad, la m\u00e1xima prioridad es la gente. Todav\u00eda nos queda mucho por hacer, pero es importante que nuestros vecinos tengan claro que cuando entran al partido de Escobar va a haber una protecci\u00f3n cada vez mayor para que la gente pueda vivir mejor y cada vez m\u00e1s tranquila\u201d<\/em>, concluy\u00f3 Sujarchuk.<\/p>\n","protected":false},"excerpt":{"rendered":"<p>El intendente inaugur\u00f3 junto al gobernador Axel Kicillof la segunda base operativa en el distrito del Grupo de Prevenci\u00f3n Motorizado (GPM), con el objetivo de [&hellip;]<\/p>\n","protected":false},"author":1,"featured_media":8588,"comment_status":"open","ping_status":"open","sticky":false,"template":"","format":"standard","meta":{"footnotes":""},"categories":[6],"tags":[],"class_list":["post-8584","post","type-post","status-publish","format-standard","has-post-thumbnail","hentry","category-politica"],"better_featured_image":{"id":8588,"alt_text":"","caption":"","description":"","media_type":"image","media_details":{"width":720,"height":480,"file":"2024\/10\/sujar-kici-2-e1728514792429.jpg","filesize":353215,"sizes":{"medium":{"file":"sujar-kici-2-300x200.jpg","width":300,"height":200,"mime-type":"image\/jpeg","filesize":19758,"source_url":"https:\/\/nuevodigitaldeescobar.com.ar\/wp-content\/uploads\/2024\/10\/sujar-kici-2-300x200.jpg"},"large":{"file":"sujar-kici-2-1024x683.jpg","width":1024,"height":683,"mime-type":"image\/jpeg","filesize":125717,"source_url":"https:\/\/nuevodigitaldeescobar.com.ar\/wp-content\/uploads\/2024\/10\/sujar-kici-2-1024x683.jpg"},"thumbnail":{"file":"sujar-kici-2-150x150.jpg","width":150,"height":150,"mime-type":"image\/jpeg","filesize":8526,"source_url":"https:\/\/nuevodigitaldeescobar.com.ar\/wp-content\/uploads\/2024\/10\/sujar-kici-2-150x150.jpg"},"medium_large":{"file":"sujar-kici-2-768x512.jpg","width":768,"height":512,"mime-type":"image\/jpeg","filesize":80617,"source_url":"https:\/\/nuevodigitaldeescobar.com.ar\/wp-content\/uploads\/2024\/10\/sujar-kici-2-768x512.jpg"},"1536x1536":{"file":"sujar-kici-2-1536x1024.jpg","width":1536,"height":1024,"mime-type":"image\/jpeg","filesize":237047,"source_url":"https:\/\/nuevodigitaldeescobar.com.ar\/wp-content\/uploads\/2024\/10\/sujar-kici-2-1536x1024.jpg"}},"image_meta":{"aperture":"0","credit":"","camera":"","caption":"","created_timestamp":"0","copyright":"","focal_length":"0","iso":"0","shutter_speed":"0","title":"","orientation":"0","keywords":[]}},"post":8584,"source_url":"https:\/\/nuevodigitaldeescobar.com.ar\/wp-content\/uploads\/2024\/10\/sujar-kici-2-e1728514792429.jpg"},"yoast_head":"<!-- This site is optimized with the Yoast SEO plugin v26.1.1 - https:\/\/yoast.com\/wordpress\/plugins\/seo\/ -->\n<title>Savio: Sujarchuk y Kicillof inauguraron una nueva posta del Grupo de Prevenci\u00f3n Motorizado - Nuevo Digital de Escobar<\/title>\n<meta name=\"robots\" content=\"index, follow, max-snippet:-1, max-image-preview:large, max-video-preview:-1\" \/>\n<link rel=\"canonical\" href=\"https:\/\/nuevodigitaldeescobar.com.ar\/?p=8584\" \/>\n<meta property=\"og:locale\" content=\"es_ES\" \/>\n<meta property=\"og:type\" content=\"article\" \/>\n<meta property=\"og:title\" content=\"Savio: Sujarchuk y Kicillof inauguraron una nueva posta del Grupo de Prevenci\u00f3n Motorizado - Nuevo Digital de Escobar\" \/>\n<meta property=\"og:description\" content=\"El intendente inaugur\u00f3 junto al gobernador Axel Kicillof la segunda base operativa en el distrito del Grupo de Prevenci\u00f3n Motorizado (GPM), con el objetivo de [&hellip;]\" \/>\n<meta property=\"og:url\" content=\"https:\/\/nuevodigitaldeescobar.com.ar\/?p=8584\" \/>\n<meta property=\"og:site_name\" content=\"Nuevo Digital de Escobar\" \/>\n<meta property=\"article:publisher\" content=\"https:\/\/www.facebook.com\/NUEVODigitalDeEscobar\" \/>\n<meta property=\"article:published_time\" content=\"2024-10-09T22:59:57+00:00\" \/>\n<meta property=\"article:modified_time\" content=\"2024-10-09T23:00:09+00:00\" \/>\n<meta property=\"og:image\" content=\"https:\/\/nuevodigitaldeescobar.com.ar\/wp-content\/uploads\/2024\/10\/sujar-kici-2-e1728514792429.jpg\" \/>\n\t<meta property=\"og:image:width\" content=\"720\" \/>\n\t<meta property=\"og:image:height\" content=\"480\" \/>\n\t<meta property=\"og:image:type\" content=\"image\/jpeg\" \/>\n<meta name=\"author\" content=\"Redacci\u00f3n\" \/>\n<meta name=\"twitter:card\" content=\"summary_large_image\" \/>\n<meta name=\"twitter:creator\" content=\"@nuevodigescobar\" \/>\n<meta name=\"twitter:site\" content=\"@nuevodigescobar\" \/>\n<meta name=\"twitter:label1\" content=\"Escrito por\" \/>\n\t<meta name=\"twitter:data1\" content=\"Redacci\u00f3n\" \/>\n\t<meta name=\"twitter:label2\" content=\"Tiempo de lectura\" \/>\n\t<meta name=\"twitter:data2\" content=\"3 minutos\" \/>\n<script type=\"application\/ld+json\" class=\"yoast-schema-graph\">{\"@context\":\"https:\/\/schema.org\",\"@graph\":[{\"@type\":\"Article\",\"@id\":\"https:\/\/nuevodigitaldeescobar.com.ar\/?p=8584#article\",\"isPartOf\":{\"@id\":\"https:\/\/nuevodigitaldeescobar.com.ar\/?p=8584\"},\"author\":{\"name\":\"Redacci\u00f3n\",\"@id\":\"https:\/\/nuevodigitaldeescobar.com.ar\/#\/schema\/person\/035e90a8efe9a80e6eec22656ad6ea4c\"},\"headline\":\"Savio: Sujarchuk y Kicillof inauguraron una nueva posta del Grupo de Prevenci\u00f3n Motorizado\",\"datePublished\":\"2024-10-09T22:59:57+00:00\",\"dateModified\":\"2024-10-09T23:00:09+00:00\",\"mainEntityOfPage\":{\"@id\":\"https:\/\/nuevodigitaldeescobar.com.ar\/?p=8584\"},\"wordCount\":608,\"commentCount\":0,\"publisher\":{\"@id\":\"https:\/\/nuevodigitaldeescobar.com.ar\/#organization\"},\"image\":{\"@id\":\"https:\/\/nuevodigitaldeescobar.com.ar\/?p=8584#primaryimage\"},\"thumbnailUrl\":\"https:\/\/nuevodigitaldeescobar.com.ar\/wp-content\/uploads\/2024\/10\/sujar-kici-2-e1728514792429.jpg\",\"articleSection\":[\"Pol\u00edtica\"],\"inLanguage\":\"es\",\"potentialAction\":[{\"@type\":\"CommentAction\",\"name\":\"Comment\",\"target\":[\"https:\/\/nuevodigitaldeescobar.com.ar\/?p=8584#respond\"]}]},{\"@type\":\"WebPage\",\"@id\":\"https:\/\/nuevodigitaldeescobar.com.ar\/?p=8584\",\"url\":\"https:\/\/nuevodigitaldeescobar.com.ar\/?p=8584\",\"name\":\"Savio: Sujarchuk y Kicillof inauguraron una nueva posta del Grupo de Prevenci\u00f3n Motorizado - Nuevo Digital de Escobar\",\"isPartOf\":{\"@id\":\"https:\/\/nuevodigitaldeescobar.com.ar\/#website\"},\"primaryImageOfPage\":{\"@id\":\"https:\/\/nuevodigitaldeescobar.com.ar\/?p=8584#primaryimage\"},\"image\":{\"@id\":\"https:\/\/nuevodigitaldeescobar.com.ar\/?p=8584#primaryimage\"},\"thumbnailUrl\":\"https:\/\/nuevodigitaldeescobar.com.ar\/wp-content\/uploads\/2024\/10\/sujar-kici-2-e1728514792429.jpg\",\"datePublished\":\"2024-10-09T22:59:57+00:00\",\"dateModified\":\"2024-10-09T23:00:09+00:00\",\"breadcrumb\":{\"@id\":\"https:\/\/nuevodigitaldeescobar.com.ar\/?p=8584#breadcrumb\"},\"inLanguage\":\"es\",\"potentialAction\":[{\"@type\":\"ReadAction\",\"target\":[\"https:\/\/nuevodigitaldeescobar.com.ar\/?p=8584\"]}]},{\"@type\":\"ImageObject\",\"inLanguage\":\"es\",\"@id\":\"https:\/\/nuevodigitaldeescobar.com.ar\/?p=8584#primaryimage\",\"url\":\"https:\/\/nuevodigitaldeescobar.com.ar\/wp-content\/uploads\/2024\/10\/sujar-kici-2-e1728514792429.jpg\",\"contentUrl\":\"https:\/\/nuevodigitaldeescobar.com.ar\/wp-content\/uploads\/2024\/10\/sujar-kici-2-e1728514792429.jpg\",\"width\":720,\"height\":480},{\"@type\":\"BreadcrumbList\",\"@id\":\"https:\/\/nuevodigitaldeescobar.com.ar\/?p=8584#breadcrumb\",\"itemListElement\":[{\"@type\":\"ListItem\",\"position\":1,\"name\":\"Portada\",\"item\":\"https:\/\/nuevodigitaldeescobar.com.ar\/\"},{\"@type\":\"ListItem\",\"position\":2,\"name\":\"Savio: Sujarchuk y Kicillof inauguraron una nueva posta del Grupo de Prevenci\u00f3n Motorizado\"}]},{\"@type\":\"WebSite\",\"@id\":\"https:\/\/nuevodigitaldeescobar.com.ar\/#website\",\"url\":\"https:\/\/nuevodigitaldeescobar.com.ar\/\",\"name\":\"Nuevo Digital de Escobar\",\"description\":\"La vida escobarense. Directora: Rosana Brunner\",\"publisher\":{\"@id\":\"https:\/\/nuevodigitaldeescobar.com.ar\/#organization\"},\"potentialAction\":[{\"@type\":\"SearchAction\",\"target\":{\"@type\":\"EntryPoint\",\"urlTemplate\":\"https:\/\/nuevodigitaldeescobar.com.ar\/?s={search_term_string}\"},\"query-input\":{\"@type\":\"PropertyValueSpecification\",\"valueRequired\":true,\"valueName\":\"search_term_string\"}}],\"inLanguage\":\"es\"},{\"@type\":\"Organization\",\"@id\":\"https:\/\/nuevodigitaldeescobar.com.ar\/#organization\",\"name\":\"Nuevo Digital de Escobar\",\"url\":\"https:\/\/nuevodigitaldeescobar.com.ar\/\",\"logo\":{\"@type\":\"ImageObject\",\"inLanguage\":\"es\",\"@id\":\"https:\/\/nuevodigitaldeescobar.com.ar\/#\/schema\/logo\/image\/\",\"url\":\"https:\/\/nuevodigitaldeescobar.com.ar\/wp-content\/uploads\/2025\/05\/cropped-logo-nuevo2.jpg\",\"contentUrl\":\"https:\/\/nuevodigitaldeescobar.com.ar\/wp-content\/uploads\/2025\/05\/cropped-logo-nuevo2.jpg\",\"width\":305,\"height\":305,\"caption\":\"Nuevo Digital de Escobar\"},\"image\":{\"@id\":\"https:\/\/nuevodigitaldeescobar.com.ar\/#\/schema\/logo\/image\/\"},\"sameAs\":[\"https:\/\/www.facebook.com\/NUEVODigitalDeEscobar\",\"https:\/\/x.com\/nuevodigescobar\",\"https:\/\/www.instagram.com\/nuevodigitaldeescobar\"]},{\"@type\":\"Person\",\"@id\":\"https:\/\/nuevodigitaldeescobar.com.ar\/#\/schema\/person\/035e90a8efe9a80e6eec22656ad6ea4c\",\"name\":\"Redacci\u00f3n\",\"image\":{\"@type\":\"ImageObject\",\"inLanguage\":\"es\",\"@id\":\"https:\/\/nuevodigitaldeescobar.com.ar\/#\/schema\/person\/image\/\",\"url\":\"https:\/\/secure.gravatar.com\/avatar\/8af8f40000c24e9eef3034f2be5998a372bb1389e64b1a4a36b3a7979142220d?s=96&d=mm&r=g\",\"contentUrl\":\"https:\/\/secure.gravatar.com\/avatar\/8af8f40000c24e9eef3034f2be5998a372bb1389e64b1a4a36b3a7979142220d?s=96&d=mm&r=g\",\"caption\":\"Redacci\u00f3n\"},\"sameAs\":[\"http:\/\/nuevodigitaldeescobar.com.ar\"],\"url\":\"https:\/\/nuevodigitaldeescobar.com.ar\/?author=1\"}]}<\/script>\n<!-- \/ Yoast SEO plugin. -->","yoast_head_json":{"title":"Savio: Sujarchuk y Kicillof inauguraron una nueva posta del Grupo de Prevenci\u00f3n Motorizado - Nuevo Digital de Escobar","robots":{"index":"index","follow":"follow","max-snippet":"max-snippet:-1","max-image-preview":"max-image-preview:large","max-video-preview":"max-video-preview:-1"},"canonical":"https:\/\/nuevodigitaldeescobar.com.ar\/?p=8584","og_locale":"es_ES","og_type":"article","og_title":"Savio: Sujarchuk y Kicillof inauguraron una nueva posta del Grupo de Prevenci\u00f3n Motorizado - Nuevo Digital de Escobar","og_description":"El intendente inaugur\u00f3 junto al gobernador Axel Kicillof la segunda base operativa en el distrito del Grupo de Prevenci\u00f3n Motorizado (GPM), con el objetivo de [&hellip;]","og_url":"https:\/\/nuevodigitaldeescobar.com.ar\/?p=8584","og_site_name":"Nuevo Digital de Escobar","article_publisher":"https:\/\/www.facebook.com\/NUEVODigitalDeEscobar","article_published_time":"2024-10-09T22:59:57+00:00","article_modified_time":"2024-10-09T23:00:09+00:00","og_image":[{"width":720,"height":480,"url":"https:\/\/nuevodigitaldeescobar.com.ar\/wp-content\/uploads\/2024\/10\/sujar-kici-2-e1728514792429.jpg","type":"image\/jpeg"}],"author":"Redacci\u00f3n","twitter_card":"summary_large_image","twitter_creator":"@nuevodigescobar","twitter_site":"@nuevodigescobar","twitter_misc":{"Escrito por":"Redacci\u00f3n","Tiempo de lectura":"3 minutos"},"schema":{"@context":"https:\/\/schema.org","@graph":[{"@type":"Article","@id":"https:\/\/nuevodigitaldeescobar.com.ar\/?p=8584#article","isPartOf":{"@id":"https:\/\/nuevodigitaldeescobar.com.ar\/?p=8584"},"author":{"name":"Redacci\u00f3n","@id":"https:\/\/nuevodigitaldeescobar.com.ar\/#\/schema\/person\/035e90a8efe9a80e6eec22656ad6ea4c"},"headline":"Savio: Sujarchuk y Kicillof inauguraron una nueva posta del Grupo de Prevenci\u00f3n Motorizado","datePublished":"2024-10-09T22:59:57+00:00","dateModified":"2024-10-09T23:00:09+00:00","mainEntityOfPage":{"@id":"https:\/\/nuevodigitaldeescobar.com.ar\/?p=8584"},"wordCount":608,"commentCount":0,"publisher":{"@id":"https:\/\/nuevodigitaldeescobar.com.ar\/#organization"},"image":{"@id":"https:\/\/nuevodigitaldeescobar.com.ar\/?p=8584#primaryimage"},"thumbnailUrl":"https:\/\/nuevodigitaldeescobar.com.ar\/wp-content\/uploads\/2024\/10\/sujar-kici-2-e1728514792429.jpg","articleSection":["Pol\u00edtica"],"inLanguage":"es","potentialAction":[{"@type":"CommentAction","name":"Comment","target":["https:\/\/nuevodigitaldeescobar.com.ar\/?p=8584#respond"]}]},{"@type":"WebPage","@id":"https:\/\/nuevodigitaldeescobar.com.ar\/?p=8584","url":"https:\/\/nuevodigitaldeescobar.com.ar\/?p=8584","name":"Savio: Sujarchuk y Kicillof inauguraron una nueva posta del Grupo de Prevenci\u00f3n Motorizado - Nuevo Digital de Escobar","isPartOf":{"@id":"https:\/\/nuevodigitaldeescobar.com.ar\/#website"},"primaryImageOfPage":{"@id":"https:\/\/nuevodigitaldeescobar.com.ar\/?p=8584#primaryimage"},"image":{"@id":"https:\/\/nuevodigitaldeescobar.com.ar\/?p=8584#primaryimage"},"thumbnailUrl":"https:\/\/nuevodigitaldeescobar.com.ar\/wp-content\/uploads\/2024\/10\/sujar-kici-2-e1728514792429.jpg","datePublished":"2024-10-09T22:59:57+00:00","dateModified":"2024-10-09T23:00:09+00:00","breadcrumb":{"@id":"https:\/\/nuevodigitaldeescobar.com.ar\/?p=8584#breadcrumb"},"inLanguage":"es","potentialAction":[{"@type":"ReadAction","target":["https:\/\/nuevodigitaldeescobar.com.ar\/?p=8584"]}]},{"@type":"ImageObject","inLanguage":"es","@id":"https:\/\/nuevodigitaldeescobar.com.ar\/?p=8584#primaryimage","url":"https:\/\/nuevodigitaldeescobar.com.ar\/wp-content\/uploads\/2024\/10\/sujar-kici-2-e1728514792429.jpg","contentUrl":"https:\/\/nuevodigitaldeescobar.com.ar\/wp-content\/uploads\/2024\/10\/sujar-kici-2-e1728514792429.jpg","width":720,"height":480},{"@type":"BreadcrumbList","@id":"https:\/\/nuevodigitaldeescobar.com.ar\/?p=8584#breadcrumb","itemListElement":[{"@type":"ListItem","position":1,"name":"Portada","item":"https:\/\/nuevodigitaldeescobar.com.ar\/"},{"@type":"ListItem","position":2,"name":"Savio: Sujarchuk y Kicillof inauguraron una nueva posta del Grupo de Prevenci\u00f3n Motorizado"}]},{"@type":"WebSite","@id":"https:\/\/nuevodigitaldeescobar.com.ar\/#website","url":"https:\/\/nuevodigitaldeescobar.com.ar\/","name":"Nuevo Digital de Escobar","description":"La vida escobarense. Directora: Rosana Brunner","publisher":{"@id":"https:\/\/nuevodigitaldeescobar.com.ar\/#organization"},"potentialAction":[{"@type":"SearchAction","target":{"@type":"EntryPoint","urlTemplate":"https:\/\/nuevodigitaldeescobar.com.ar\/?s={search_term_string}"},"query-input":{"@type":"PropertyValueSpecification","valueRequired":true,"valueName":"search_term_string"}}],"inLanguage":"es"},{"@type":"Organization","@id":"https:\/\/nuevodigitaldeescobar.com.ar\/#organization","name":"Nuevo Digital de Escobar","url":"https:\/\/nuevodigitaldeescobar.com.ar\/","logo":{"@type":"ImageObject","inLanguage":"es","@id":"https:\/\/nuevodigitaldeescobar.com.ar\/#\/schema\/logo\/image\/","url":"https:\/\/nuevodigitaldeescobar.com.ar\/wp-content\/uploads\/2025\/05\/cropped-logo-nuevo2.jpg","contentUrl":"https:\/\/nuevodigitaldeescobar.com.ar\/wp-content\/uploads\/2025\/05\/cropped-logo-nuevo2.jpg","width":305,"height":305,"caption":"Nuevo Digital de Escobar"},"image":{"@id":"https:\/\/nuevodigitaldeescobar.com.ar\/#\/schema\/logo\/image\/"},"sameAs":["https:\/\/www.facebook.com\/NUEVODigitalDeEscobar","https:\/\/x.com\/nuevodigescobar","https:\/\/www.instagram.com\/nuevodigitaldeescobar"]},{"@type":"Person","@id":"https:\/\/nuevodigitaldeescobar.com.ar\/#\/schema\/person\/035e90a8efe9a80e6eec22656ad6ea4c","name":"Redacci\u00f3n","image":{"@type":"ImageObject","inLanguage":"es","@id":"https:\/\/nuevodigitaldeescobar.com.ar\/#\/schema\/person\/image\/","url":"https:\/\/secure.gravatar.com\/avatar\/8af8f40000c24e9eef3034f2be5998a372bb1389e64b1a4a36b3a7979142220d?s=96&d=mm&r=g","contentUrl":"https:\/\/secure.gravatar.com\/avatar\/8af8f40000c24e9eef3034f2be5998a372bb1389e64b1a4a36b3a7979142220d?s=96&d=mm&r=g","caption":"Redacci\u00f3n"},"sameAs":["http:\/\/nuevodigitaldeescobar.com.ar"],"url":"https:\/\/nuevodigitaldeescobar.com.ar\/?author=1"}]}},"featured_image_urls":{"full":["https:\/\/nuevodigitaldeescobar.com.ar\/wp-content\/uploads\/2024\/10\/sujar-kici-2-e1728514792429.jpg",720,480,false],"thumbnail":["https:\/\/nuevodigitaldeescobar.com.ar\/wp-content\/uploads\/2024\/10\/sujar-kici-2-150x150.jpg",150,150,true],"medium":["https:\/\/nuevodigitaldeescobar.com.ar\/wp-content\/uploads\/2024\/10\/sujar-kici-2-300x200.jpg",300,200,true],"medium_large":["https:\/\/nuevodigitaldeescobar.com.ar\/wp-content\/uploads\/2024\/10\/sujar-kici-2-768x512.jpg",640,427,true],"large":["https:\/\/nuevodigitaldeescobar.com.ar\/wp-content\/uploads\/2024\/10\/sujar-kici-2-1024x683.jpg",640,427,true],"1536x1536":["https:\/\/nuevodigitaldeescobar.com.ar\/wp-content\/uploads\/2024\/10\/sujar-kici-2-1536x1024.jpg",1536,1024,true],"2048x2048":["https:\/\/nuevodigitaldeescobar.com.ar\/wp-content\/uploads\/2024\/10\/sujar-kici-2-e1728514792429.jpg",720,480,false]},"author_info":{"display_name":"Redacci\u00f3n","author_link":"https:\/\/nuevodigitaldeescobar.com.ar\/?author=1"},"category_info":"<a href=\"https:\/\/nuevodigitaldeescobar.com.ar\/?cat=6\" rel=\"category\">Pol\u00edtica<\/a>","tag_info":"Pol\u00edtica","comment_count":"0","_links":{"self":[{"href":"https:\/\/nuevodigitaldeescobar.com.ar\/index.php?rest_route=\/wp\/v2\/posts\/8584","targetHints":{"allow":["GET"]}}],"collection":[{"href":"https:\/\/nuevodigitaldeescobar.com.ar\/index.php?rest_route=\/wp\/v2\/posts"}],"about":[{"href":"https:\/\/nuevodigitaldeescobar.com.ar\/index.php?rest_route=\/wp\/v2\/types\/post"}],"author":[{"embeddable":true,"href":"https:\/\/nuevodigitaldeescobar.com.ar\/index.php?rest_route=\/wp\/v2\/users\/1"}],"replies":[{"embeddable":true,"href":"https:\/\/nuevodigitaldeescobar.com.ar\/index.php?rest_route=%2Fwp%2Fv2%2Fcomments&post=8584"}],"version-history":[{"count":1,"href":"https:\/\/nuevodigitaldeescobar.com.ar\/index.php?rest_route=\/wp\/v2\/posts\/8584\/revisions"}],"predecessor-version":[{"id":8589,"href":"https:\/\/nuevodigitaldeescobar.com.ar\/index.php?rest_route=\/wp\/v2\/posts\/8584\/revisions\/8589"}],"wp:featuredmedia":[{"embeddable":true,"href":"https:\/\/nuevodigitaldeescobar.com.ar\/index.php?rest_route=\/wp\/v2\/media\/8588"}],"wp:attachment":[{"href":"https:\/\/nuevodigitaldeescobar.com.ar\/index.php?rest_route=%2Fwp%2Fv2%2Fmedia&parent=8584"}],"wp:term":[{"taxonomy":"category","embeddable":true,"href":"https:\/\/nuevodigitaldeescobar.com.ar\/index.php?rest_route=%2Fwp%2Fv2%2Fcategories&post=8584"},{"taxonomy":"post_tag","embeddable":true,"href":"https:\/\/nuevodigitaldeescobar.com.ar\/index.php?rest_route=%2Fwp%2Fv2%2Ftags&post=8584"}],"curies":[{"name":"wp","href":"https:\/\/api.w.org\/{rel}","templated":true}]}}