{"id":8613,"date":"2024-10-12T07:00:00","date_gmt":"2024-10-12T10:00:00","guid":{"rendered":"https:\/\/nuevodigitaldeescobar.com.ar\/?p=8613"},"modified":"2024-10-10T19:36:42","modified_gmt":"2024-10-10T22:36:42","slug":"ansiedad-redes-y-adolescentes-el-dramatico-circuito-de-una-pandemia-silenciosa","status":"publish","type":"post","link":"https:\/\/nuevodigitaldeescobar.com.ar\/?p=8613","title":{"rendered":"Ansiedad, redes y adolescentes, el dram\u00e1tico circuito de una pandemia silenciosa"},"content":{"rendered":"<p><span style=\"color: #003366;\"><strong><em>Crece la preocupaci\u00f3n de padres y expertos porque la cantidad de horas de uso, sobre todo de las redes sociales, evolucion\u00f3 paralelamente a las ideas depresivas en los adolescentes.<\/em><\/strong><\/span><\/p>\n<p><!--more--><\/p>\n<hr \/>\n<p>La adicci\u00f3n a las pantallas es un tema de creciente preocupaci\u00f3n, especialmente entre los adolescentes. Esta adicci\u00f3n, que incluye el uso excesivo de dispositivos como tel\u00e9fonos m\u00f3viles, tabletas y computadoras, ya muestra tener consecuencias significativas en la salud mental de los j\u00f3venes. Datos verificados y estudios recientes destacan c\u00f3mo el uso prolongado de las pantallas est\u00e1 asociado con problemas como ansiedad, depresi\u00f3n, aislamiento social y alteraciones del sue\u00f1o.<\/p>\n<h3><span style=\"color: #003366;\">Datos y cifras sobre el uso de pantallas en adolescentes<\/span><\/h3>\n<p>Seg\u00fan un estudio de Common Sense Media, los adolescentes pasan en promedio m\u00e1s de 7 horas diarias frente a una pantalla, sin contar el tiempo destinado a actividades escolares. Este uso excesivo ha mostrado un aumento progresivo en la \u00faltima d\u00e9cada, impulsado en gran medida por el acceso masivo a tel\u00e9fonos inteligentes y redes sociales.<\/p>\n<p>En la Argentina, un informe de UNICEF de 2021 revel\u00f3 que el 87% de los adolescentes de entre 13 y 17 a\u00f1os tiene acceso a un tel\u00e9fono m\u00f3vil, y m\u00e1s del 80% lo utiliza para navegar por redes sociales diariamente. El tiempo de pantalla, en este caso, puede generar un impacto negativo en la salud mental, especialmente cuando se priorizan las interacciones virtuales sobre las interacciones cara a cara, lo que provoca un debilitamiento de las habilidades sociales y la sensaci\u00f3n de soledad.<\/p>\n<h3><span style=\"color: #003366;\">Consecuencias para la salud mental<\/span><\/h3>\n<p>Uno de los problemas m\u00e1s serios asociados con la adicci\u00f3n a las pantallas es el incremento de los casos de ansiedad y depresi\u00f3n entre los adolescentes. Un estudio publicado en JAMA Pediatrics encontr\u00f3 que los j\u00f3venes que pasan m\u00e1s de tres horas diarias en redes sociales tienen un mayor riesgo de desarrollar problemas de salud mental. La exposici\u00f3n constante a im\u00e1genes idealizadas en plataformas como Instagram o TikTok genera comparaciones poco realistas que afectan la autoestima y autoimagen.<\/p>\n<figure id=\"attachment_8614\" aria-describedby=\"caption-attachment-8614\" style=\"width: 720px\" class=\"wp-caption alignnone\"><a href=\"https:\/\/nuevodigitaldeescobar.com.ar\/?attachment_id=8614\" rel=\"attachment wp-att-8614\"><img fetchpriority=\"high\" decoding=\"async\" class=\"size-full wp-image-8614\" src=\"http:\/\/nuevodigitaldeescobar.com.ar\/wp-content\/uploads\/2024\/10\/celulares-epi-e1728599744448.jpg\" alt=\"\" width=\"720\" height=\"479\" \/><\/a><figcaption id=\"caption-attachment-8614\" class=\"wp-caption-text\">Adolescentes, celulares y redes sociales pueden resultar una combinaci\u00f3n explosiva. (Foto: Adobe Stock)<\/figcaption><\/figure>\n<p>Otro efecto negativo es el deterioro del sue\u00f1o. La luz azul emitida por las pantallas interfiere con la producci\u00f3n de melatonina, la hormona responsable de regular el sue\u00f1o. Seg\u00fan la American Academy of Pediatrics, el uso de dispositivos antes de dormir est\u00e1 asociado con insomnio, lo que a su vez afecta la concentraci\u00f3n y el rendimiento escolar. La falta de sue\u00f1o cr\u00f3nico tambi\u00e9n est\u00e1 relacionada con mayores niveles de estr\u00e9s e irritabilidad.<\/p>\n<h3><span style=\"color: #003366;\">Ejemplos en adolescentes<\/span><\/h3>\n<p>Casos concretos ilustran los efectos de esta adicci\u00f3n. Un estudio de Oxford University revel\u00f3 que los adolescentes que pasan m\u00e1s tiempo en las redes sociales tienen mayor probabilidad de experimentar s\u00edntomas de ansiedad social. Julia, una adolescente de 16 a\u00f1os, coment\u00f3 en una entrevista que el uso constante de redes sociales le generaba la sensaci\u00f3n de <em>\u201cno estar a la altura\u201d<\/em> debido a las comparaciones constantes con influencers de su edad. Este tipo de exposici\u00f3n prolongada a contenido visual cuidadosamente curado puede alimentar una visi\u00f3n distorsionada de la realidad.<\/p>\n<p>Por otro lado, Diego, de 15 a\u00f1os, relat\u00f3 c\u00f3mo pasar horas jugando videojuegos afect\u00f3 su rendimiento acad\u00e9mico y su salud emocional. <em>\u201cMe sent\u00eda frustrado porque sab\u00eda que ten\u00eda tareas, pero no pod\u00eda dejar el juego\u201d<\/em>, mencion\u00f3, indicando c\u00f3mo la adicci\u00f3n a las pantallas puede interferir directamente con responsabilidades importantes y contribuir al aislamiento social.<\/p>\n<p>La adicci\u00f3n a las pantallas entre los adolescentes es una problem\u00e1tica real que afecta tanto su salud mental como su bienestar general. Los padres y educadores deben ser conscientes de los riesgos y fomentar un uso equilibrado de la tecnolog\u00eda. La Organizaci\u00f3n Mundial de la Salud (OMS) recomienda que los adolescentes limiten su tiempo de pantalla recreativa a menos de dos horas diarias para minimizar los efectos negativos en su desarrollo. Adem\u00e1s, se deben promover actividades f\u00edsicas y sociales que fomenten el bienestar emocional y reduzcan la dependencia de las pantallas.<\/p>\n<p><em>(Guillermo Lobo &#8211; TN)<\/em><\/p>\n","protected":false},"excerpt":{"rendered":"<p>Crece la preocupaci\u00f3n de padres y expertos porque la cantidad de horas de uso, sobre todo de las redes sociales, evolucion\u00f3 paralelamente a las ideas [&hellip;]<\/p>\n","protected":false},"author":1,"featured_media":8615,"comment_status":"open","ping_status":"open","sticky":false,"template":"","format":"standard","meta":{"footnotes":""},"categories":[3,15],"tags":[],"class_list":["post-8613","post","type-post","status-publish","format-standard","has-post-thumbnail","hentry","category-nutricion","category-sociedad"],"better_featured_image":{"id":8615,"alt_text":"","caption":"","description":"","media_type":"image","media_details":{"width":720,"height":404,"file":"2024\/10\/celulares-1-e1728599795561.jpg","filesize":47385,"sizes":{"medium":{"file":"celulares-1-300x168.jpg","width":300,"height":168,"mime-type":"image\/jpeg","filesize":10014,"source_url":"https:\/\/nuevodigitaldeescobar.com.ar\/wp-content\/uploads\/2024\/10\/celulares-1-300x168.jpg"},"thumbnail":{"file":"celulares-1-150x150.jpg","width":150,"height":150,"mime-type":"image\/jpeg","filesize":5243,"source_url":"https:\/\/nuevodigitaldeescobar.com.ar\/wp-content\/uploads\/2024\/10\/celulares-1-150x150.jpg"}},"image_meta":{"aperture":"0","credit":"","camera":"","caption":"","created_timestamp":"0","copyright":"","focal_length":"0","iso":"0","shutter_speed":"0","title":"","orientation":"0","keywords":[]}},"post":8613,"source_url":"https:\/\/nuevodigitaldeescobar.com.ar\/wp-content\/uploads\/2024\/10\/celulares-1-e1728599795561.jpg"},"yoast_head":"<!-- This site is optimized with the Yoast SEO plugin v26.1.1 - https:\/\/yoast.com\/wordpress\/plugins\/seo\/ -->\n<title>Ansiedad, redes y adolescentes, el dram\u00e1tico circuito de una pandemia silenciosa - Nuevo Digital de Escobar<\/title>\n<meta name=\"robots\" content=\"index, follow, max-snippet:-1, max-image-preview:large, max-video-preview:-1\" \/>\n<link rel=\"canonical\" href=\"https:\/\/nuevodigitaldeescobar.com.ar\/?p=8613\" \/>\n<meta property=\"og:locale\" content=\"es_ES\" \/>\n<meta property=\"og:type\" content=\"article\" \/>\n<meta property=\"og:title\" content=\"Ansiedad, redes y adolescentes, el dram\u00e1tico circuito de una pandemia silenciosa - Nuevo Digital de Escobar\" \/>\n<meta property=\"og:description\" content=\"Crece la preocupaci\u00f3n de padres y expertos porque la cantidad de horas de uso, sobre todo de las redes sociales, evolucion\u00f3 paralelamente a las ideas [&hellip;]\" \/>\n<meta property=\"og:url\" content=\"https:\/\/nuevodigitaldeescobar.com.ar\/?p=8613\" \/>\n<meta property=\"og:site_name\" content=\"Nuevo Digital de Escobar\" \/>\n<meta property=\"article:publisher\" content=\"https:\/\/www.facebook.com\/NUEVODigitalDeEscobar\" \/>\n<meta property=\"article:published_time\" content=\"2024-10-12T10:00:00+00:00\" \/>\n<meta property=\"og:image\" content=\"https:\/\/nuevodigitaldeescobar.com.ar\/wp-content\/uploads\/2024\/10\/celulares-1-e1728599795561.jpg\" \/>\n\t<meta property=\"og:image:width\" content=\"720\" \/>\n\t<meta property=\"og:image:height\" content=\"404\" \/>\n\t<meta property=\"og:image:type\" content=\"image\/jpeg\" \/>\n<meta name=\"author\" content=\"Redacci\u00f3n\" \/>\n<meta name=\"twitter:card\" content=\"summary_large_image\" \/>\n<meta name=\"twitter:creator\" content=\"@nuevodigescobar\" \/>\n<meta name=\"twitter:site\" content=\"@nuevodigescobar\" \/>\n<meta name=\"twitter:label1\" content=\"Escrito por\" \/>\n\t<meta name=\"twitter:data1\" content=\"Redacci\u00f3n\" \/>\n\t<meta name=\"twitter:label2\" content=\"Tiempo de lectura\" \/>\n\t<meta name=\"twitter:data2\" content=\"4 minutos\" \/>\n<script type=\"application\/ld+json\" class=\"yoast-schema-graph\">{\"@context\":\"https:\/\/schema.org\",\"@graph\":[{\"@type\":\"Article\",\"@id\":\"https:\/\/nuevodigitaldeescobar.com.ar\/?p=8613#article\",\"isPartOf\":{\"@id\":\"https:\/\/nuevodigitaldeescobar.com.ar\/?p=8613\"},\"author\":{\"name\":\"Redacci\u00f3n\",\"@id\":\"https:\/\/nuevodigitaldeescobar.com.ar\/#\/schema\/person\/035e90a8efe9a80e6eec22656ad6ea4c\"},\"headline\":\"Ansiedad, redes y adolescentes, el dram\u00e1tico circuito de una pandemia silenciosa\",\"datePublished\":\"2024-10-12T10:00:00+00:00\",\"mainEntityOfPage\":{\"@id\":\"https:\/\/nuevodigitaldeescobar.com.ar\/?p=8613\"},\"wordCount\":723,\"commentCount\":0,\"publisher\":{\"@id\":\"https:\/\/nuevodigitaldeescobar.com.ar\/#organization\"},\"image\":{\"@id\":\"https:\/\/nuevodigitaldeescobar.com.ar\/?p=8613#primaryimage\"},\"thumbnailUrl\":\"https:\/\/nuevodigitaldeescobar.com.ar\/wp-content\/uploads\/2024\/10\/celulares-1-e1728599795561.jpg\",\"articleSection\":[\"Salud y Nutrici\u00f3n\",\"Sociedad\"],\"inLanguage\":\"es\",\"potentialAction\":[{\"@type\":\"CommentAction\",\"name\":\"Comment\",\"target\":[\"https:\/\/nuevodigitaldeescobar.com.ar\/?p=8613#respond\"]}]},{\"@type\":\"WebPage\",\"@id\":\"https:\/\/nuevodigitaldeescobar.com.ar\/?p=8613\",\"url\":\"https:\/\/nuevodigitaldeescobar.com.ar\/?p=8613\",\"name\":\"Ansiedad, redes y adolescentes, el dram\u00e1tico circuito de una pandemia silenciosa - Nuevo Digital de Escobar\",\"isPartOf\":{\"@id\":\"https:\/\/nuevodigitaldeescobar.com.ar\/#website\"},\"primaryImageOfPage\":{\"@id\":\"https:\/\/nuevodigitaldeescobar.com.ar\/?p=8613#primaryimage\"},\"image\":{\"@id\":\"https:\/\/nuevodigitaldeescobar.com.ar\/?p=8613#primaryimage\"},\"thumbnailUrl\":\"https:\/\/nuevodigitaldeescobar.com.ar\/wp-content\/uploads\/2024\/10\/celulares-1-e1728599795561.jpg\",\"datePublished\":\"2024-10-12T10:00:00+00:00\",\"breadcrumb\":{\"@id\":\"https:\/\/nuevodigitaldeescobar.com.ar\/?p=8613#breadcrumb\"},\"inLanguage\":\"es\",\"potentialAction\":[{\"@type\":\"ReadAction\",\"target\":[\"https:\/\/nuevodigitaldeescobar.com.ar\/?p=8613\"]}]},{\"@type\":\"ImageObject\",\"inLanguage\":\"es\",\"@id\":\"https:\/\/nuevodigitaldeescobar.com.ar\/?p=8613#primaryimage\",\"url\":\"https:\/\/nuevodigitaldeescobar.com.ar\/wp-content\/uploads\/2024\/10\/celulares-1-e1728599795561.jpg\",\"contentUrl\":\"https:\/\/nuevodigitaldeescobar.com.ar\/wp-content\/uploads\/2024\/10\/celulares-1-e1728599795561.jpg\",\"width\":720,\"height\":404},{\"@type\":\"BreadcrumbList\",\"@id\":\"https:\/\/nuevodigitaldeescobar.com.ar\/?p=8613#breadcrumb\",\"itemListElement\":[{\"@type\":\"ListItem\",\"position\":1,\"name\":\"Portada\",\"item\":\"https:\/\/nuevodigitaldeescobar.com.ar\/\"},{\"@type\":\"ListItem\",\"position\":2,\"name\":\"Ansiedad, redes y adolescentes, el dram\u00e1tico circuito de una pandemia silenciosa\"}]},{\"@type\":\"WebSite\",\"@id\":\"https:\/\/nuevodigitaldeescobar.com.ar\/#website\",\"url\":\"https:\/\/nuevodigitaldeescobar.com.ar\/\",\"name\":\"Nuevo Digital de Escobar\",\"description\":\"La vida escobarense. Directora: Rosana Brunner\",\"publisher\":{\"@id\":\"https:\/\/nuevodigitaldeescobar.com.ar\/#organization\"},\"potentialAction\":[{\"@type\":\"SearchAction\",\"target\":{\"@type\":\"EntryPoint\",\"urlTemplate\":\"https:\/\/nuevodigitaldeescobar.com.ar\/?s={search_term_string}\"},\"query-input\":{\"@type\":\"PropertyValueSpecification\",\"valueRequired\":true,\"valueName\":\"search_term_string\"}}],\"inLanguage\":\"es\"},{\"@type\":\"Organization\",\"@id\":\"https:\/\/nuevodigitaldeescobar.com.ar\/#organization\",\"name\":\"Nuevo Digital de Escobar\",\"url\":\"https:\/\/nuevodigitaldeescobar.com.ar\/\",\"logo\":{\"@type\":\"ImageObject\",\"inLanguage\":\"es\",\"@id\":\"https:\/\/nuevodigitaldeescobar.com.ar\/#\/schema\/logo\/image\/\",\"url\":\"https:\/\/nuevodigitaldeescobar.com.ar\/wp-content\/uploads\/2025\/05\/cropped-logo-nuevo2.jpg\",\"contentUrl\":\"https:\/\/nuevodigitaldeescobar.com.ar\/wp-content\/uploads\/2025\/05\/cropped-logo-nuevo2.jpg\",\"width\":305,\"height\":305,\"caption\":\"Nuevo Digital de Escobar\"},\"image\":{\"@id\":\"https:\/\/nuevodigitaldeescobar.com.ar\/#\/schema\/logo\/image\/\"},\"sameAs\":[\"https:\/\/www.facebook.com\/NUEVODigitalDeEscobar\",\"https:\/\/x.com\/nuevodigescobar\",\"https:\/\/www.instagram.com\/nuevodigitaldeescobar\"]},{\"@type\":\"Person\",\"@id\":\"https:\/\/nuevodigitaldeescobar.com.ar\/#\/schema\/person\/035e90a8efe9a80e6eec22656ad6ea4c\",\"name\":\"Redacci\u00f3n\",\"image\":{\"@type\":\"ImageObject\",\"inLanguage\":\"es\",\"@id\":\"https:\/\/nuevodigitaldeescobar.com.ar\/#\/schema\/person\/image\/\",\"url\":\"https:\/\/secure.gravatar.com\/avatar\/8af8f40000c24e9eef3034f2be5998a372bb1389e64b1a4a36b3a7979142220d?s=96&d=mm&r=g\",\"contentUrl\":\"https:\/\/secure.gravatar.com\/avatar\/8af8f40000c24e9eef3034f2be5998a372bb1389e64b1a4a36b3a7979142220d?s=96&d=mm&r=g\",\"caption\":\"Redacci\u00f3n\"},\"sameAs\":[\"http:\/\/nuevodigitaldeescobar.com.ar\"],\"url\":\"https:\/\/nuevodigitaldeescobar.com.ar\/?author=1\"}]}<\/script>\n<!-- \/ Yoast SEO plugin. -->","yoast_head_json":{"title":"Ansiedad, redes y adolescentes, el dram\u00e1tico circuito de una pandemia silenciosa - Nuevo Digital de Escobar","robots":{"index":"index","follow":"follow","max-snippet":"max-snippet:-1","max-image-preview":"max-image-preview:large","max-video-preview":"max-video-preview:-1"},"canonical":"https:\/\/nuevodigitaldeescobar.com.ar\/?p=8613","og_locale":"es_ES","og_type":"article","og_title":"Ansiedad, redes y adolescentes, el dram\u00e1tico circuito de una pandemia silenciosa - Nuevo Digital de Escobar","og_description":"Crece la preocupaci\u00f3n de padres y expertos porque la cantidad de horas de uso, sobre todo de las redes sociales, evolucion\u00f3 paralelamente a las ideas [&hellip;]","og_url":"https:\/\/nuevodigitaldeescobar.com.ar\/?p=8613","og_site_name":"Nuevo Digital de Escobar","article_publisher":"https:\/\/www.facebook.com\/NUEVODigitalDeEscobar","article_published_time":"2024-10-12T10:00:00+00:00","og_image":[{"width":720,"height":404,"url":"https:\/\/nuevodigitaldeescobar.com.ar\/wp-content\/uploads\/2024\/10\/celulares-1-e1728599795561.jpg","type":"image\/jpeg"}],"author":"Redacci\u00f3n","twitter_card":"summary_large_image","twitter_creator":"@nuevodigescobar","twitter_site":"@nuevodigescobar","twitter_misc":{"Escrito por":"Redacci\u00f3n","Tiempo de lectura":"4 minutos"},"schema":{"@context":"https:\/\/schema.org","@graph":[{"@type":"Article","@id":"https:\/\/nuevodigitaldeescobar.com.ar\/?p=8613#article","isPartOf":{"@id":"https:\/\/nuevodigitaldeescobar.com.ar\/?p=8613"},"author":{"name":"Redacci\u00f3n","@id":"https:\/\/nuevodigitaldeescobar.com.ar\/#\/schema\/person\/035e90a8efe9a80e6eec22656ad6ea4c"},"headline":"Ansiedad, redes y adolescentes, el dram\u00e1tico circuito de una pandemia silenciosa","datePublished":"2024-10-12T10:00:00+00:00","mainEntityOfPage":{"@id":"https:\/\/nuevodigitaldeescobar.com.ar\/?p=8613"},"wordCount":723,"commentCount":0,"publisher":{"@id":"https:\/\/nuevodigitaldeescobar.com.ar\/#organization"},"image":{"@id":"https:\/\/nuevodigitaldeescobar.com.ar\/?p=8613#primaryimage"},"thumbnailUrl":"https:\/\/nuevodigitaldeescobar.com.ar\/wp-content\/uploads\/2024\/10\/celulares-1-e1728599795561.jpg","articleSection":["Salud y Nutrici\u00f3n","Sociedad"],"inLanguage":"es","potentialAction":[{"@type":"CommentAction","name":"Comment","target":["https:\/\/nuevodigitaldeescobar.com.ar\/?p=8613#respond"]}]},{"@type":"WebPage","@id":"https:\/\/nuevodigitaldeescobar.com.ar\/?p=8613","url":"https:\/\/nuevodigitaldeescobar.com.ar\/?p=8613","name":"Ansiedad, redes y adolescentes, el dram\u00e1tico circuito de una pandemia silenciosa - Nuevo Digital de Escobar","isPartOf":{"@id":"https:\/\/nuevodigitaldeescobar.com.ar\/#website"},"primaryImageOfPage":{"@id":"https:\/\/nuevodigitaldeescobar.com.ar\/?p=8613#primaryimage"},"image":{"@id":"https:\/\/nuevodigitaldeescobar.com.ar\/?p=8613#primaryimage"},"thumbnailUrl":"https:\/\/nuevodigitaldeescobar.com.ar\/wp-content\/uploads\/2024\/10\/celulares-1-e1728599795561.jpg","datePublished":"2024-10-12T10:00:00+00:00","breadcrumb":{"@id":"https:\/\/nuevodigitaldeescobar.com.ar\/?p=8613#breadcrumb"},"inLanguage":"es","potentialAction":[{"@type":"ReadAction","target":["https:\/\/nuevodigitaldeescobar.com.ar\/?p=8613"]}]},{"@type":"ImageObject","inLanguage":"es","@id":"https:\/\/nuevodigitaldeescobar.com.ar\/?p=8613#primaryimage","url":"https:\/\/nuevodigitaldeescobar.com.ar\/wp-content\/uploads\/2024\/10\/celulares-1-e1728599795561.jpg","contentUrl":"https:\/\/nuevodigitaldeescobar.com.ar\/wp-content\/uploads\/2024\/10\/celulares-1-e1728599795561.jpg","width":720,"height":404},{"@type":"BreadcrumbList","@id":"https:\/\/nuevodigitaldeescobar.com.ar\/?p=8613#breadcrumb","itemListElement":[{"@type":"ListItem","position":1,"name":"Portada","item":"https:\/\/nuevodigitaldeescobar.com.ar\/"},{"@type":"ListItem","position":2,"name":"Ansiedad, redes y adolescentes, el dram\u00e1tico circuito de una pandemia silenciosa"}]},{"@type":"WebSite","@id":"https:\/\/nuevodigitaldeescobar.com.ar\/#website","url":"https:\/\/nuevodigitaldeescobar.com.ar\/","name":"Nuevo Digital de Escobar","description":"La vida escobarense. Directora: Rosana Brunner","publisher":{"@id":"https:\/\/nuevodigitaldeescobar.com.ar\/#organization"},"potentialAction":[{"@type":"SearchAction","target":{"@type":"EntryPoint","urlTemplate":"https:\/\/nuevodigitaldeescobar.com.ar\/?s={search_term_string}"},"query-input":{"@type":"PropertyValueSpecification","valueRequired":true,"valueName":"search_term_string"}}],"inLanguage":"es"},{"@type":"Organization","@id":"https:\/\/nuevodigitaldeescobar.com.ar\/#organization","name":"Nuevo Digital de Escobar","url":"https:\/\/nuevodigitaldeescobar.com.ar\/","logo":{"@type":"ImageObject","inLanguage":"es","@id":"https:\/\/nuevodigitaldeescobar.com.ar\/#\/schema\/logo\/image\/","url":"https:\/\/nuevodigitaldeescobar.com.ar\/wp-content\/uploads\/2025\/05\/cropped-logo-nuevo2.jpg","contentUrl":"https:\/\/nuevodigitaldeescobar.com.ar\/wp-content\/uploads\/2025\/05\/cropped-logo-nuevo2.jpg","width":305,"height":305,"caption":"Nuevo Digital de Escobar"},"image":{"@id":"https:\/\/nuevodigitaldeescobar.com.ar\/#\/schema\/logo\/image\/"},"sameAs":["https:\/\/www.facebook.com\/NUEVODigitalDeEscobar","https:\/\/x.com\/nuevodigescobar","https:\/\/www.instagram.com\/nuevodigitaldeescobar"]},{"@type":"Person","@id":"https:\/\/nuevodigitaldeescobar.com.ar\/#\/schema\/person\/035e90a8efe9a80e6eec22656ad6ea4c","name":"Redacci\u00f3n","image":{"@type":"ImageObject","inLanguage":"es","@id":"https:\/\/nuevodigitaldeescobar.com.ar\/#\/schema\/person\/image\/","url":"https:\/\/secure.gravatar.com\/avatar\/8af8f40000c24e9eef3034f2be5998a372bb1389e64b1a4a36b3a7979142220d?s=96&d=mm&r=g","contentUrl":"https:\/\/secure.gravatar.com\/avatar\/8af8f40000c24e9eef3034f2be5998a372bb1389e64b1a4a36b3a7979142220d?s=96&d=mm&r=g","caption":"Redacci\u00f3n"},"sameAs":["http:\/\/nuevodigitaldeescobar.com.ar"],"url":"https:\/\/nuevodigitaldeescobar.com.ar\/?author=1"}]}},"featured_image_urls":{"full":["https:\/\/nuevodigitaldeescobar.com.ar\/wp-content\/uploads\/2024\/10\/celulares-1-e1728599795561.jpg",720,404,false],"thumbnail":["https:\/\/nuevodigitaldeescobar.com.ar\/wp-content\/uploads\/2024\/10\/celulares-1-150x150.jpg",150,150,true],"medium":["https:\/\/nuevodigitaldeescobar.com.ar\/wp-content\/uploads\/2024\/10\/celulares-1-300x168.jpg",300,168,true],"medium_large":["https:\/\/nuevodigitaldeescobar.com.ar\/wp-content\/uploads\/2024\/10\/celulares-1-e1728599795561.jpg",640,359,false],"large":["https:\/\/nuevodigitaldeescobar.com.ar\/wp-content\/uploads\/2024\/10\/celulares-1-e1728599795561.jpg",640,359,false],"1536x1536":["https:\/\/nuevodigitaldeescobar.com.ar\/wp-content\/uploads\/2024\/10\/celulares-1-e1728599795561.jpg",720,404,false],"2048x2048":["https:\/\/nuevodigitaldeescobar.com.ar\/wp-content\/uploads\/2024\/10\/celulares-1-e1728599795561.jpg",720,404,false]},"author_info":{"display_name":"Redacci\u00f3n","author_link":"https:\/\/nuevodigitaldeescobar.com.ar\/?author=1"},"category_info":"<a href=\"https:\/\/nuevodigitaldeescobar.com.ar\/?cat=3\" rel=\"category\">Salud y Nutrici\u00f3n<\/a> <a href=\"https:\/\/nuevodigitaldeescobar.com.ar\/?cat=15\" rel=\"category\">Sociedad<\/a>","tag_info":"Sociedad","comment_count":"0","_links":{"self":[{"href":"https:\/\/nuevodigitaldeescobar.com.ar\/index.php?rest_route=\/wp\/v2\/posts\/8613","targetHints":{"allow":["GET"]}}],"collection":[{"href":"https:\/\/nuevodigitaldeescobar.com.ar\/index.php?rest_route=\/wp\/v2\/posts"}],"about":[{"href":"https:\/\/nuevodigitaldeescobar.com.ar\/index.php?rest_route=\/wp\/v2\/types\/post"}],"author":[{"embeddable":true,"href":"https:\/\/nuevodigitaldeescobar.com.ar\/index.php?rest_route=\/wp\/v2\/users\/1"}],"replies":[{"embeddable":true,"href":"https:\/\/nuevodigitaldeescobar.com.ar\/index.php?rest_route=%2Fwp%2Fv2%2Fcomments&post=8613"}],"version-history":[{"count":1,"href":"https:\/\/nuevodigitaldeescobar.com.ar\/index.php?rest_route=\/wp\/v2\/posts\/8613\/revisions"}],"predecessor-version":[{"id":8616,"href":"https:\/\/nuevodigitaldeescobar.com.ar\/index.php?rest_route=\/wp\/v2\/posts\/8613\/revisions\/8616"}],"wp:featuredmedia":[{"embeddable":true,"href":"https:\/\/nuevodigitaldeescobar.com.ar\/index.php?rest_route=\/wp\/v2\/media\/8615"}],"wp:attachment":[{"href":"https:\/\/nuevodigitaldeescobar.com.ar\/index.php?rest_route=%2Fwp%2Fv2%2Fmedia&parent=8613"}],"wp:term":[{"taxonomy":"category","embeddable":true,"href":"https:\/\/nuevodigitaldeescobar.com.ar\/index.php?rest_route=%2Fwp%2Fv2%2Fcategories&post=8613"},{"taxonomy":"post_tag","embeddable":true,"href":"https:\/\/nuevodigitaldeescobar.com.ar\/index.php?rest_route=%2Fwp%2Fv2%2Ftags&post=8613"}],"curies":[{"name":"wp","href":"https:\/\/api.w.org\/{rel}","templated":true}]}}