{"id":874,"date":"2023-11-10T13:50:36","date_gmt":"2023-11-10T16:50:36","guid":{"rendered":"https:\/\/nuevodigitaldeescobar.com.ar\/?p=874"},"modified":"2023-11-10T13:50:48","modified_gmt":"2023-11-10T16:50:48","slug":"alerta-por-tormentas-fuertes-en-buenos-aires-y-otras-provincias","status":"publish","type":"post","link":"https:\/\/nuevodigitaldeescobar.com.ar\/?p=874","title":{"rendered":"Alerta por tormentas fuertes en Buenos Aires y otras provincias"},"content":{"rendered":"<p><span style=\"color: #003366;\"><strong><em>El Servicio Meteorol\u00f3gico Nacional dijo que este fen\u00f3meno podr\u00eda estar acompa\u00f1ado de r\u00e1fagas y actividad el\u00e9ctrica intensas. M\u00e1s de medio pa\u00eds est\u00e1 bajo alertas naranja y amarillo por tormentas, vientos, nevadas y calor extremo.<\/em><\/strong><\/span><\/p>\n<p><!--more--><\/p>\n<p>El Servicio Meteorol\u00f3gico emiti\u00f3 hoy cinco alertas meteorol\u00f3gicas de nivel naranja y amarillo por diferentes fen\u00f3menos que afectan a 17 provincias, entre los que se destacan tormentas fuertes en la Ciudad de Buenos Aires y el conurbano bonaerense. Adem\u00e1s, inform\u00f3 que el viento Zonda podr\u00eda superar los 85 kil\u00f3metros por hora (km\/h) en la regi\u00f3n de Cuyo.<\/p>\n<p>Para hoy tambi\u00e9n rigen alertas de nivel amarillo por tormentas de menor intensidad en el centro del pa\u00eds, por vientos en la regi\u00f3n de Cuyo y en la Costa Atl\u00e1ntica, por viento Zonda en Cuyo, por nevadas en la cordillera de Mendoza y por altas temperaturas en el norte del pa\u00eds.<\/p>\n<p>La alerta naranja, que implica <em>\u201cfen\u00f3menos meteorol\u00f3gicos peligrosos para la sociedad, la vida, los bienes y el medio ambiente\u201d<\/em>, se lanz\u00f3 por las fuertes tormentas que se esperan para esta noche en el centro y sur de C\u00f3rdoba; el sur de Santa Fe; el extremo noroeste de la provincia de Buenos Aires en las localidades de Florentino Ameghino, General Villegas y Rivadavia; el norte de La Pampa y el centro de San Luis.<\/p>\n<figure id=\"attachment_875\" aria-describedby=\"caption-attachment-875\" style=\"width: 406px\" class=\"wp-caption alignnone\"><img fetchpriority=\"high\" decoding=\"async\" class=\"size-full wp-image-875\" src=\"http:\/\/nuevodigitaldeescobar.com.ar\/wp-content\/uploads\/2023\/11\/epi-mapa.jpg\" alt=\"\" width=\"406\" height=\"720\" srcset=\"https:\/\/nuevodigitaldeescobar.com.ar\/wp-content\/uploads\/2023\/11\/epi-mapa.jpg 406w, https:\/\/nuevodigitaldeescobar.com.ar\/wp-content\/uploads\/2023\/11\/epi-mapa-169x300.jpg 169w\" sizes=\"(max-width: 406px) 100vw, 406px\" \/><figcaption id=\"caption-attachment-875\" class=\"wp-caption-text\">Alerta meteorol\u00f3gica por tormentas en 11 provincias del pa\u00eds (Foto: SMN)<\/figcaption><\/figure>\n<p><em>\u201cLas lluvias y tormentas estar\u00e1n acompa\u00f1adas por ca\u00edda de granizo, r\u00e1fagas intensas, actividad el\u00e9ctrica fuerte y principalmente abundante ca\u00edda de agua en cortos per\u00edodos, con valores de precipitaci\u00f3n acumulada entre 70 y 100 mil\u00edmetros (mm)\u201d<\/em>, indicaron desde el organismo.<\/p>\n<p>Tambi\u00e9n rigen alertas de nivel amarillo por tormentas para esta tarde y noche en la Ciudad y provincia de Buenos Aires, Entre R\u00edos, San Luis, y amplios sectores de Corrientes, Santa Fe, C\u00f3rdoba, La Pampa, Mendoza, Jujuy y una porci\u00f3n del noroeste de Salta. All\u00ed se esperan r\u00e1fagas fuertes, intensa actividad el\u00e9ctrica, ocasional ca\u00edda de granizo y abundante ca\u00edda de agua en cortos per\u00edodos con valores de precipitaci\u00f3n acumulada entre 40 y 70 mm en la mayor\u00eda de las regiones afectadas, mientras que en Cuyo, la precipitaci\u00f3n oscilar\u00e1 entre 15 y 35 mm acumulados.<\/p>\n<p>El nivel amarillo refiere a <em>\u201cposibles fen\u00f3menos meteorol\u00f3gicos con capacidad de da\u00f1o y riesgo de interrupci\u00f3n moment\u00e1nea de actividades cotidiana\u201d<\/em>, inform\u00f3 el SMN.<\/p>\n<p>Para la tarde de hoy, el organismo meteorol\u00f3gico emiti\u00f3 otra alerta naranja por viento Zonda fuerte para toda la franja central de la provincia de San Juan, donde se espera que el viento tenga una intensidad entre 50 y 65 km\/h y r\u00e1fagas que podr\u00edan superar localmente los 85 km\/h.<\/p>\n<p>Este fen\u00f3meno puede provocar reducci\u00f3n significativa de la visibilidad, un repentino aumento de temperaturas y condiciones de muy baja humedad relativa, por lo que el SMN recomend\u00f3 a la poblaci\u00f3n mantener cerradas las viviendas de la manera m\u00e1s herm\u00e9tica posible y mantenerse lejos de los \u00e1rboles, ya que la fuerza del viento podr\u00eda quebrarlos.<\/p>\n<figure id=\"attachment_877\" aria-describedby=\"caption-attachment-877\" style=\"width: 720px\" class=\"wp-caption alignnone\"><img decoding=\"async\" class=\"size-full wp-image-877\" src=\"http:\/\/nuevodigitaldeescobar.com.ar\/wp-content\/uploads\/2023\/11\/tormentas-2.jpg\" alt=\"\" width=\"720\" height=\"398\" srcset=\"https:\/\/nuevodigitaldeescobar.com.ar\/wp-content\/uploads\/2023\/11\/tormentas-2.jpg 720w, https:\/\/nuevodigitaldeescobar.com.ar\/wp-content\/uploads\/2023\/11\/tormentas-2-300x166.jpg 300w\" sizes=\"(max-width: 720px) 100vw, 720px\" \/><figcaption id=\"caption-attachment-877\" class=\"wp-caption-text\">Las tormentas se esperan durante la tarde y la noche en CABA y GBA.<\/figcaption><\/figure>\n<p>Por viento Zonda de menor intensidad se emiti\u00f3 una alerta amarilla para el resto de la provincia de San Juan, el norte de Mendoza, gran parte de La Rioja, el oeste de Catamarca y el oeste de Salta.<\/p>\n<p>En tanto, el SMN inform\u00f3 sobre una alerta amarilla por vientos para la costa bonaerense, el sur y el extremo noroeste de Mendoza, noroeste de Neuqu\u00e9n y zonas cordilleranas de San Juan, La Rioja, Catamarca y Salta.<\/p>\n<p><em>\u201cLas \u00e1reas del este de Buenos Aires ser\u00e1n afectadas por vientos del sector este con velocidades entre 40 y 60 km\/h y r\u00e1fagas que pueden alcanzar 70 km\/h, mientras que en La Pampa los vientos ser\u00e1n del sector sur. En tanto, el \u00e1rea cordillerana ser\u00e1 afectada por vientos del sector oeste con velocidades entre 60 y 70 km\/h, y r\u00e1fagas que pueden superar los 110 km\/h.\u201d<\/em>, precisaron.<\/p>\n<p>El SMN recomend\u00f3 a la poblaci\u00f3n de esas zonas <em>\u201cevitar actividades al aire libre y asegurar los elementos que puedan volarse\u201d<\/em>. A su vez, el organismo nacional lanz\u00f3 una alerta amarilla por nevadas persistentes y por momentos fuertes para la cordillera de Mendoza, donde se prev\u00e9 valores de nieve acumulada entre 40 y 60 cent\u00edmetros.<\/p>\n<p>En el otro extremo, rige una alerta amarilla por altas temperaturas para la mayor parte de Formosa, el noroeste de Chaco, el este de Salta y el norte de Misiones. En la localidad de Las Lomitas, en Formosa, se esperan esta tarde que las temperaturas m\u00e1ximas superen los 38 grados, mientras que, en Iguaz\u00fa, Misiones, el term\u00f3metro alcanzar\u00e1 los 34.<\/p>\n<p><em>(Infobae)<\/em><\/p>\n","protected":false},"excerpt":{"rendered":"<p>El Servicio Meteorol\u00f3gico Nacional dijo que este fen\u00f3meno podr\u00eda estar acompa\u00f1ado de r\u00e1fagas y actividad el\u00e9ctrica intensas. M\u00e1s de medio pa\u00eds est\u00e1 bajo alertas naranja [&hellip;]<\/p>\n","protected":false},"author":1,"featured_media":876,"comment_status":"open","ping_status":"closed","sticky":false,"template":"","format":"standard","meta":{"footnotes":""},"categories":[14],"tags":[],"class_list":["post-874","post","type-post","status-publish","format-standard","has-post-thumbnail","hentry","category-clima-medioambiente-y-sostenibilidad"],"better_featured_image":{"id":876,"alt_text":"","caption":"","description":"","media_type":"image","media_details":{"width":720,"height":395,"file":"2023\/11\/tormentas-1.jpg","filesize":42702,"sizes":{"medium":{"file":"tormentas-1-300x165.jpg","width":300,"height":165,"mime-type":"image\/jpeg","filesize":14297,"source_url":"https:\/\/nuevodigitaldeescobar.com.ar\/wp-content\/uploads\/2023\/11\/tormentas-1-300x165.jpg"},"thumbnail":{"file":"tormentas-1-150x150.jpg","width":150,"height":150,"mime-type":"image\/jpeg","filesize":8454,"source_url":"https:\/\/nuevodigitaldeescobar.com.ar\/wp-content\/uploads\/2023\/11\/tormentas-1-150x150.jpg"},"covernews-medium":{"file":"tormentas-1-540x340.jpg","width":540,"height":340,"mime-type":"image\/jpeg","filesize":31367,"source_url":"https:\/\/nuevodigitaldeescobar.com.ar\/wp-content\/uploads\/2023\/11\/tormentas-1-540x340.jpg"},"covernews-medium-square":{"file":"tormentas-1-400x250.jpg","width":400,"height":250,"mime-type":"image\/jpeg","filesize":21408,"source_url":"https:\/\/nuevodigitaldeescobar.com.ar\/wp-content\/uploads\/2023\/11\/tormentas-1-400x250.jpg"}},"image_meta":{"aperture":"0","credit":"","camera":"","caption":"","created_timestamp":"0","copyright":"","focal_length":"0","iso":"0","shutter_speed":"0","title":"","orientation":"0","keywords":[]}},"post":874,"source_url":"https:\/\/nuevodigitaldeescobar.com.ar\/wp-content\/uploads\/2023\/11\/tormentas-1.jpg"},"yoast_head":"<!-- This site is optimized with the Yoast SEO plugin v26.1.1 - https:\/\/yoast.com\/wordpress\/plugins\/seo\/ -->\n<title>Alerta por tormentas fuertes en Buenos Aires y otras provincias - Nuevo Digital de Escobar<\/title>\n<meta name=\"robots\" content=\"index, follow, max-snippet:-1, max-image-preview:large, max-video-preview:-1\" \/>\n<link rel=\"canonical\" href=\"https:\/\/nuevodigitaldeescobar.com.ar\/?p=874\" \/>\n<meta property=\"og:locale\" content=\"es_ES\" \/>\n<meta property=\"og:type\" content=\"article\" \/>\n<meta property=\"og:title\" content=\"Alerta por tormentas fuertes en Buenos Aires y otras provincias - Nuevo Digital de Escobar\" \/>\n<meta property=\"og:description\" content=\"El Servicio Meteorol\u00f3gico Nacional dijo que este fen\u00f3meno podr\u00eda estar acompa\u00f1ado de r\u00e1fagas y actividad el\u00e9ctrica intensas. M\u00e1s de medio pa\u00eds est\u00e1 bajo alertas naranja [&hellip;]\" \/>\n<meta property=\"og:url\" content=\"https:\/\/nuevodigitaldeescobar.com.ar\/?p=874\" \/>\n<meta property=\"og:site_name\" content=\"Nuevo Digital de Escobar\" \/>\n<meta property=\"article:publisher\" content=\"https:\/\/www.facebook.com\/NUEVODigitalDeEscobar\" \/>\n<meta property=\"article:published_time\" content=\"2023-11-10T16:50:36+00:00\" \/>\n<meta property=\"article:modified_time\" content=\"2023-11-10T16:50:48+00:00\" \/>\n<meta property=\"og:image\" content=\"https:\/\/nuevodigitaldeescobar.com.ar\/wp-content\/uploads\/2023\/11\/tormentas-1.jpg\" \/>\n\t<meta property=\"og:image:width\" content=\"720\" \/>\n\t<meta property=\"og:image:height\" content=\"395\" \/>\n\t<meta property=\"og:image:type\" content=\"image\/jpeg\" \/>\n<meta name=\"author\" content=\"Redacci\u00f3n\" \/>\n<meta name=\"twitter:card\" content=\"summary_large_image\" \/>\n<meta name=\"twitter:creator\" content=\"@nuevodigescobar\" \/>\n<meta name=\"twitter:site\" content=\"@nuevodigescobar\" \/>\n<meta name=\"twitter:label1\" content=\"Escrito por\" \/>\n\t<meta name=\"twitter:data1\" content=\"Redacci\u00f3n\" \/>\n\t<meta name=\"twitter:label2\" content=\"Tiempo de lectura\" \/>\n\t<meta name=\"twitter:data2\" content=\"4 minutos\" \/>\n<script type=\"application\/ld+json\" class=\"yoast-schema-graph\">{\"@context\":\"https:\/\/schema.org\",\"@graph\":[{\"@type\":\"Article\",\"@id\":\"https:\/\/nuevodigitaldeescobar.com.ar\/?p=874#article\",\"isPartOf\":{\"@id\":\"https:\/\/nuevodigitaldeescobar.com.ar\/?p=874\"},\"author\":{\"name\":\"Redacci\u00f3n\",\"@id\":\"https:\/\/nuevodigitaldeescobar.com.ar\/#\/schema\/person\/035e90a8efe9a80e6eec22656ad6ea4c\"},\"headline\":\"Alerta por tormentas fuertes en Buenos Aires y otras provincias\",\"datePublished\":\"2023-11-10T16:50:36+00:00\",\"dateModified\":\"2023-11-10T16:50:48+00:00\",\"mainEntityOfPage\":{\"@id\":\"https:\/\/nuevodigitaldeescobar.com.ar\/?p=874\"},\"wordCount\":836,\"commentCount\":0,\"publisher\":{\"@id\":\"https:\/\/nuevodigitaldeescobar.com.ar\/#organization\"},\"image\":{\"@id\":\"https:\/\/nuevodigitaldeescobar.com.ar\/?p=874#primaryimage\"},\"thumbnailUrl\":\"https:\/\/nuevodigitaldeescobar.com.ar\/wp-content\/uploads\/2023\/11\/tormentas-1.jpg\",\"articleSection\":[\"Clima, Medioambiente y Sostenibilidad\"],\"inLanguage\":\"es\",\"potentialAction\":[{\"@type\":\"CommentAction\",\"name\":\"Comment\",\"target\":[\"https:\/\/nuevodigitaldeescobar.com.ar\/?p=874#respond\"]}]},{\"@type\":\"WebPage\",\"@id\":\"https:\/\/nuevodigitaldeescobar.com.ar\/?p=874\",\"url\":\"https:\/\/nuevodigitaldeescobar.com.ar\/?p=874\",\"name\":\"Alerta por tormentas fuertes en Buenos Aires y otras provincias - Nuevo Digital de Escobar\",\"isPartOf\":{\"@id\":\"https:\/\/nuevodigitaldeescobar.com.ar\/#website\"},\"primaryImageOfPage\":{\"@id\":\"https:\/\/nuevodigitaldeescobar.com.ar\/?p=874#primaryimage\"},\"image\":{\"@id\":\"https:\/\/nuevodigitaldeescobar.com.ar\/?p=874#primaryimage\"},\"thumbnailUrl\":\"https:\/\/nuevodigitaldeescobar.com.ar\/wp-content\/uploads\/2023\/11\/tormentas-1.jpg\",\"datePublished\":\"2023-11-10T16:50:36+00:00\",\"dateModified\":\"2023-11-10T16:50:48+00:00\",\"breadcrumb\":{\"@id\":\"https:\/\/nuevodigitaldeescobar.com.ar\/?p=874#breadcrumb\"},\"inLanguage\":\"es\",\"potentialAction\":[{\"@type\":\"ReadAction\",\"target\":[\"https:\/\/nuevodigitaldeescobar.com.ar\/?p=874\"]}]},{\"@type\":\"ImageObject\",\"inLanguage\":\"es\",\"@id\":\"https:\/\/nuevodigitaldeescobar.com.ar\/?p=874#primaryimage\",\"url\":\"https:\/\/nuevodigitaldeescobar.com.ar\/wp-content\/uploads\/2023\/11\/tormentas-1.jpg\",\"contentUrl\":\"https:\/\/nuevodigitaldeescobar.com.ar\/wp-content\/uploads\/2023\/11\/tormentas-1.jpg\",\"width\":720,\"height\":395},{\"@type\":\"BreadcrumbList\",\"@id\":\"https:\/\/nuevodigitaldeescobar.com.ar\/?p=874#breadcrumb\",\"itemListElement\":[{\"@type\":\"ListItem\",\"position\":1,\"name\":\"Portada\",\"item\":\"https:\/\/nuevodigitaldeescobar.com.ar\/\"},{\"@type\":\"ListItem\",\"position\":2,\"name\":\"Alerta por tormentas fuertes en Buenos Aires y otras provincias\"}]},{\"@type\":\"WebSite\",\"@id\":\"https:\/\/nuevodigitaldeescobar.com.ar\/#website\",\"url\":\"https:\/\/nuevodigitaldeescobar.com.ar\/\",\"name\":\"Nuevo Digital de Escobar\",\"description\":\"La vida escobarense. Directora: Rosana Brunner\",\"publisher\":{\"@id\":\"https:\/\/nuevodigitaldeescobar.com.ar\/#organization\"},\"potentialAction\":[{\"@type\":\"SearchAction\",\"target\":{\"@type\":\"EntryPoint\",\"urlTemplate\":\"https:\/\/nuevodigitaldeescobar.com.ar\/?s={search_term_string}\"},\"query-input\":{\"@type\":\"PropertyValueSpecification\",\"valueRequired\":true,\"valueName\":\"search_term_string\"}}],\"inLanguage\":\"es\"},{\"@type\":\"Organization\",\"@id\":\"https:\/\/nuevodigitaldeescobar.com.ar\/#organization\",\"name\":\"Nuevo Digital de Escobar\",\"url\":\"https:\/\/nuevodigitaldeescobar.com.ar\/\",\"logo\":{\"@type\":\"ImageObject\",\"inLanguage\":\"es\",\"@id\":\"https:\/\/nuevodigitaldeescobar.com.ar\/#\/schema\/logo\/image\/\",\"url\":\"https:\/\/nuevodigitaldeescobar.com.ar\/wp-content\/uploads\/2025\/05\/cropped-logo-nuevo2.jpg\",\"contentUrl\":\"https:\/\/nuevodigitaldeescobar.com.ar\/wp-content\/uploads\/2025\/05\/cropped-logo-nuevo2.jpg\",\"width\":305,\"height\":305,\"caption\":\"Nuevo Digital de Escobar\"},\"image\":{\"@id\":\"https:\/\/nuevodigitaldeescobar.com.ar\/#\/schema\/logo\/image\/\"},\"sameAs\":[\"https:\/\/www.facebook.com\/NUEVODigitalDeEscobar\",\"https:\/\/x.com\/nuevodigescobar\",\"https:\/\/www.instagram.com\/nuevodigitaldeescobar\"]},{\"@type\":\"Person\",\"@id\":\"https:\/\/nuevodigitaldeescobar.com.ar\/#\/schema\/person\/035e90a8efe9a80e6eec22656ad6ea4c\",\"name\":\"Redacci\u00f3n\",\"image\":{\"@type\":\"ImageObject\",\"inLanguage\":\"es\",\"@id\":\"https:\/\/nuevodigitaldeescobar.com.ar\/#\/schema\/person\/image\/\",\"url\":\"https:\/\/secure.gravatar.com\/avatar\/8af8f40000c24e9eef3034f2be5998a372bb1389e64b1a4a36b3a7979142220d?s=96&d=mm&r=g\",\"contentUrl\":\"https:\/\/secure.gravatar.com\/avatar\/8af8f40000c24e9eef3034f2be5998a372bb1389e64b1a4a36b3a7979142220d?s=96&d=mm&r=g\",\"caption\":\"Redacci\u00f3n\"},\"sameAs\":[\"http:\/\/nuevodigitaldeescobar.com.ar\"],\"url\":\"https:\/\/nuevodigitaldeescobar.com.ar\/?author=1\"}]}<\/script>\n<!-- \/ Yoast SEO plugin. -->","yoast_head_json":{"title":"Alerta por tormentas fuertes en Buenos Aires y otras provincias - Nuevo Digital de Escobar","robots":{"index":"index","follow":"follow","max-snippet":"max-snippet:-1","max-image-preview":"max-image-preview:large","max-video-preview":"max-video-preview:-1"},"canonical":"https:\/\/nuevodigitaldeescobar.com.ar\/?p=874","og_locale":"es_ES","og_type":"article","og_title":"Alerta por tormentas fuertes en Buenos Aires y otras provincias - Nuevo Digital de Escobar","og_description":"El Servicio Meteorol\u00f3gico Nacional dijo que este fen\u00f3meno podr\u00eda estar acompa\u00f1ado de r\u00e1fagas y actividad el\u00e9ctrica intensas. M\u00e1s de medio pa\u00eds est\u00e1 bajo alertas naranja [&hellip;]","og_url":"https:\/\/nuevodigitaldeescobar.com.ar\/?p=874","og_site_name":"Nuevo Digital de Escobar","article_publisher":"https:\/\/www.facebook.com\/NUEVODigitalDeEscobar","article_published_time":"2023-11-10T16:50:36+00:00","article_modified_time":"2023-11-10T16:50:48+00:00","og_image":[{"width":720,"height":395,"url":"https:\/\/nuevodigitaldeescobar.com.ar\/wp-content\/uploads\/2023\/11\/tormentas-1.jpg","type":"image\/jpeg"}],"author":"Redacci\u00f3n","twitter_card":"summary_large_image","twitter_creator":"@nuevodigescobar","twitter_site":"@nuevodigescobar","twitter_misc":{"Escrito por":"Redacci\u00f3n","Tiempo de lectura":"4 minutos"},"schema":{"@context":"https:\/\/schema.org","@graph":[{"@type":"Article","@id":"https:\/\/nuevodigitaldeescobar.com.ar\/?p=874#article","isPartOf":{"@id":"https:\/\/nuevodigitaldeescobar.com.ar\/?p=874"},"author":{"name":"Redacci\u00f3n","@id":"https:\/\/nuevodigitaldeescobar.com.ar\/#\/schema\/person\/035e90a8efe9a80e6eec22656ad6ea4c"},"headline":"Alerta por tormentas fuertes en Buenos Aires y otras provincias","datePublished":"2023-11-10T16:50:36+00:00","dateModified":"2023-11-10T16:50:48+00:00","mainEntityOfPage":{"@id":"https:\/\/nuevodigitaldeescobar.com.ar\/?p=874"},"wordCount":836,"commentCount":0,"publisher":{"@id":"https:\/\/nuevodigitaldeescobar.com.ar\/#organization"},"image":{"@id":"https:\/\/nuevodigitaldeescobar.com.ar\/?p=874#primaryimage"},"thumbnailUrl":"https:\/\/nuevodigitaldeescobar.com.ar\/wp-content\/uploads\/2023\/11\/tormentas-1.jpg","articleSection":["Clima, Medioambiente y Sostenibilidad"],"inLanguage":"es","potentialAction":[{"@type":"CommentAction","name":"Comment","target":["https:\/\/nuevodigitaldeescobar.com.ar\/?p=874#respond"]}]},{"@type":"WebPage","@id":"https:\/\/nuevodigitaldeescobar.com.ar\/?p=874","url":"https:\/\/nuevodigitaldeescobar.com.ar\/?p=874","name":"Alerta por tormentas fuertes en Buenos Aires y otras provincias - Nuevo Digital de Escobar","isPartOf":{"@id":"https:\/\/nuevodigitaldeescobar.com.ar\/#website"},"primaryImageOfPage":{"@id":"https:\/\/nuevodigitaldeescobar.com.ar\/?p=874#primaryimage"},"image":{"@id":"https:\/\/nuevodigitaldeescobar.com.ar\/?p=874#primaryimage"},"thumbnailUrl":"https:\/\/nuevodigitaldeescobar.com.ar\/wp-content\/uploads\/2023\/11\/tormentas-1.jpg","datePublished":"2023-11-10T16:50:36+00:00","dateModified":"2023-11-10T16:50:48+00:00","breadcrumb":{"@id":"https:\/\/nuevodigitaldeescobar.com.ar\/?p=874#breadcrumb"},"inLanguage":"es","potentialAction":[{"@type":"ReadAction","target":["https:\/\/nuevodigitaldeescobar.com.ar\/?p=874"]}]},{"@type":"ImageObject","inLanguage":"es","@id":"https:\/\/nuevodigitaldeescobar.com.ar\/?p=874#primaryimage","url":"https:\/\/nuevodigitaldeescobar.com.ar\/wp-content\/uploads\/2023\/11\/tormentas-1.jpg","contentUrl":"https:\/\/nuevodigitaldeescobar.com.ar\/wp-content\/uploads\/2023\/11\/tormentas-1.jpg","width":720,"height":395},{"@type":"BreadcrumbList","@id":"https:\/\/nuevodigitaldeescobar.com.ar\/?p=874#breadcrumb","itemListElement":[{"@type":"ListItem","position":1,"name":"Portada","item":"https:\/\/nuevodigitaldeescobar.com.ar\/"},{"@type":"ListItem","position":2,"name":"Alerta por tormentas fuertes en Buenos Aires y otras provincias"}]},{"@type":"WebSite","@id":"https:\/\/nuevodigitaldeescobar.com.ar\/#website","url":"https:\/\/nuevodigitaldeescobar.com.ar\/","name":"Nuevo Digital de Escobar","description":"La vida escobarense. Directora: Rosana Brunner","publisher":{"@id":"https:\/\/nuevodigitaldeescobar.com.ar\/#organization"},"potentialAction":[{"@type":"SearchAction","target":{"@type":"EntryPoint","urlTemplate":"https:\/\/nuevodigitaldeescobar.com.ar\/?s={search_term_string}"},"query-input":{"@type":"PropertyValueSpecification","valueRequired":true,"valueName":"search_term_string"}}],"inLanguage":"es"},{"@type":"Organization","@id":"https:\/\/nuevodigitaldeescobar.com.ar\/#organization","name":"Nuevo Digital de Escobar","url":"https:\/\/nuevodigitaldeescobar.com.ar\/","logo":{"@type":"ImageObject","inLanguage":"es","@id":"https:\/\/nuevodigitaldeescobar.com.ar\/#\/schema\/logo\/image\/","url":"https:\/\/nuevodigitaldeescobar.com.ar\/wp-content\/uploads\/2025\/05\/cropped-logo-nuevo2.jpg","contentUrl":"https:\/\/nuevodigitaldeescobar.com.ar\/wp-content\/uploads\/2025\/05\/cropped-logo-nuevo2.jpg","width":305,"height":305,"caption":"Nuevo Digital de Escobar"},"image":{"@id":"https:\/\/nuevodigitaldeescobar.com.ar\/#\/schema\/logo\/image\/"},"sameAs":["https:\/\/www.facebook.com\/NUEVODigitalDeEscobar","https:\/\/x.com\/nuevodigescobar","https:\/\/www.instagram.com\/nuevodigitaldeescobar"]},{"@type":"Person","@id":"https:\/\/nuevodigitaldeescobar.com.ar\/#\/schema\/person\/035e90a8efe9a80e6eec22656ad6ea4c","name":"Redacci\u00f3n","image":{"@type":"ImageObject","inLanguage":"es","@id":"https:\/\/nuevodigitaldeescobar.com.ar\/#\/schema\/person\/image\/","url":"https:\/\/secure.gravatar.com\/avatar\/8af8f40000c24e9eef3034f2be5998a372bb1389e64b1a4a36b3a7979142220d?s=96&d=mm&r=g","contentUrl":"https:\/\/secure.gravatar.com\/avatar\/8af8f40000c24e9eef3034f2be5998a372bb1389e64b1a4a36b3a7979142220d?s=96&d=mm&r=g","caption":"Redacci\u00f3n"},"sameAs":["http:\/\/nuevodigitaldeescobar.com.ar"],"url":"https:\/\/nuevodigitaldeescobar.com.ar\/?author=1"}]}},"featured_image_urls":{"full":["https:\/\/nuevodigitaldeescobar.com.ar\/wp-content\/uploads\/2023\/11\/tormentas-1.jpg",720,395,false],"thumbnail":["https:\/\/nuevodigitaldeescobar.com.ar\/wp-content\/uploads\/2023\/11\/tormentas-1-150x150.jpg",150,150,true],"medium":["https:\/\/nuevodigitaldeescobar.com.ar\/wp-content\/uploads\/2023\/11\/tormentas-1-300x165.jpg",300,165,true],"medium_large":["https:\/\/nuevodigitaldeescobar.com.ar\/wp-content\/uploads\/2023\/11\/tormentas-1.jpg",640,351,false],"large":["https:\/\/nuevodigitaldeescobar.com.ar\/wp-content\/uploads\/2023\/11\/tormentas-1.jpg",640,351,false],"1536x1536":["https:\/\/nuevodigitaldeescobar.com.ar\/wp-content\/uploads\/2023\/11\/tormentas-1.jpg",720,395,false],"2048x2048":["https:\/\/nuevodigitaldeescobar.com.ar\/wp-content\/uploads\/2023\/11\/tormentas-1.jpg",720,395,false]},"author_info":{"display_name":"Redacci\u00f3n","author_link":"https:\/\/nuevodigitaldeescobar.com.ar\/?author=1"},"category_info":"<a href=\"https:\/\/nuevodigitaldeescobar.com.ar\/?cat=14\" rel=\"category\">Clima, Medioambiente y Sostenibilidad<\/a>","tag_info":"Clima, Medioambiente y Sostenibilidad","comment_count":"0","_links":{"self":[{"href":"https:\/\/nuevodigitaldeescobar.com.ar\/index.php?rest_route=\/wp\/v2\/posts\/874","targetHints":{"allow":["GET"]}}],"collection":[{"href":"https:\/\/nuevodigitaldeescobar.com.ar\/index.php?rest_route=\/wp\/v2\/posts"}],"about":[{"href":"https:\/\/nuevodigitaldeescobar.com.ar\/index.php?rest_route=\/wp\/v2\/types\/post"}],"author":[{"embeddable":true,"href":"https:\/\/nuevodigitaldeescobar.com.ar\/index.php?rest_route=\/wp\/v2\/users\/1"}],"replies":[{"embeddable":true,"href":"https:\/\/nuevodigitaldeescobar.com.ar\/index.php?rest_route=%2Fwp%2Fv2%2Fcomments&post=874"}],"version-history":[{"count":1,"href":"https:\/\/nuevodigitaldeescobar.com.ar\/index.php?rest_route=\/wp\/v2\/posts\/874\/revisions"}],"predecessor-version":[{"id":878,"href":"https:\/\/nuevodigitaldeescobar.com.ar\/index.php?rest_route=\/wp\/v2\/posts\/874\/revisions\/878"}],"wp:featuredmedia":[{"embeddable":true,"href":"https:\/\/nuevodigitaldeescobar.com.ar\/index.php?rest_route=\/wp\/v2\/media\/876"}],"wp:attachment":[{"href":"https:\/\/nuevodigitaldeescobar.com.ar\/index.php?rest_route=%2Fwp%2Fv2%2Fmedia&parent=874"}],"wp:term":[{"taxonomy":"category","embeddable":true,"href":"https:\/\/nuevodigitaldeescobar.com.ar\/index.php?rest_route=%2Fwp%2Fv2%2Fcategories&post=874"},{"taxonomy":"post_tag","embeddable":true,"href":"https:\/\/nuevodigitaldeescobar.com.ar\/index.php?rest_route=%2Fwp%2Fv2%2Ftags&post=874"}],"curies":[{"name":"wp","href":"https:\/\/api.w.org\/{rel}","templated":true}]}}