{"id":8754,"date":"2024-10-18T15:55:39","date_gmt":"2024-10-18T18:55:39","guid":{"rendered":"https:\/\/nuevodigitaldeescobar.com.ar\/?p=8754"},"modified":"2024-10-18T15:55:51","modified_gmt":"2024-10-18T18:55:51","slug":"defensa-civil-bomberos-voluntarios-y-same-atendieron-a-20-heridos-por-un-choque-entre-un-micro-y-un-colectivo","status":"publish","type":"post","link":"https:\/\/nuevodigitaldeescobar.com.ar\/?p=8754","title":{"rendered":"Defensa Civil, Bomberos Voluntarios y SAME atendieron a 20 heridos por un choque entre un micro y un colectivo"},"content":{"rendered":"\n<p>Minutos antes de las 6 de la ma\u00f1ana, en la Colectora Este de Panamericana, a la altura del kil\u00f3metro 41, ocurri\u00f3 un choque entre un micro de larga distancia y un colectivo que caus\u00f3 un total de 20 heridos. Defensa Civil Escobar mont\u00f3 un operativo que cont\u00f3 con la colaboraci\u00f3n de los Bomberos Voluntarios de Gar\u00edn y la participaci\u00f3n de seis ambulancias del SAME, que auxiliaron a los heridos.<\/p>\n\n\n\n<!--more-->\n\n\n\n<figure class=\"wp-block-image size-large\"><img fetchpriority=\"high\" decoding=\"async\" width=\"904\" height=\"1024\" src=\"http:\/\/nuevodigitaldeescobar.com.ar\/wp-content\/uploads\/2024\/10\/da000675-ae0c-4629-a9d8-36189c109784-904x1024.jpg\" alt=\"\" class=\"wp-image-8757\" srcset=\"https:\/\/nuevodigitaldeescobar.com.ar\/wp-content\/uploads\/2024\/10\/da000675-ae0c-4629-a9d8-36189c109784-904x1024.jpg 904w, https:\/\/nuevodigitaldeescobar.com.ar\/wp-content\/uploads\/2024\/10\/da000675-ae0c-4629-a9d8-36189c109784-265x300.jpg 265w, https:\/\/nuevodigitaldeescobar.com.ar\/wp-content\/uploads\/2024\/10\/da000675-ae0c-4629-a9d8-36189c109784-768x870.jpg 768w, https:\/\/nuevodigitaldeescobar.com.ar\/wp-content\/uploads\/2024\/10\/da000675-ae0c-4629-a9d8-36189c109784.jpg 1290w\" sizes=\"(max-width: 904px) 100vw, 904px\" \/><\/figure>\n\n\n\n<p>\u00abPor suerte no tuvimos que lamentar v\u00edctimas fatales ni heridos de extrema gravedad. Apenas recibimos el aviso del accidente a trav\u00e9s de Ojos y O\u00eddos en Alerta y el 911, acudimos al lugar y activamos el protocolo para sacar a todos los y las pasajeras de los veh\u00edculos. A partir de all\u00ed, derivamos a distintos centros de salud del municipio a todas aquellas personas que requer\u00edan atenci\u00f3n m\u00e9dica\u00bb, expres\u00f3 el jefe de los Bomberos Voluntarios de Gar\u00edn, Adri\u00e1n Peralta.<\/p>\n\n\n<div class=\"wp-block-image\">\n<figure class=\"aligncenter size-large\"><img decoding=\"async\" width=\"879\" height=\"1024\" src=\"http:\/\/nuevodigitaldeescobar.com.ar\/wp-content\/uploads\/2024\/10\/d9501407-61e6-4931-abca-fc203b64ab0d-879x1024.jpg\" alt=\"\" class=\"wp-image-8756\" srcset=\"https:\/\/nuevodigitaldeescobar.com.ar\/wp-content\/uploads\/2024\/10\/d9501407-61e6-4931-abca-fc203b64ab0d-879x1024.jpg 879w, https:\/\/nuevodigitaldeescobar.com.ar\/wp-content\/uploads\/2024\/10\/d9501407-61e6-4931-abca-fc203b64ab0d-257x300.jpg 257w, https:\/\/nuevodigitaldeescobar.com.ar\/wp-content\/uploads\/2024\/10\/d9501407-61e6-4931-abca-fc203b64ab0d-768x895.jpg 768w, https:\/\/nuevodigitaldeescobar.com.ar\/wp-content\/uploads\/2024\/10\/d9501407-61e6-4931-abca-fc203b64ab0d.jpg 1290w\" sizes=\"(max-width: 879px) 100vw, 879px\" \/><\/figure><\/div>\n\n\n<p>El conductor del micro, de la empresa Serrano, fue trasladado al Hospital Municipal Horacio Dupuy de Gar\u00edn, luego del trabajo realizado por Defensa Civil para sacarlo de la cabina, donde qued\u00f3 atrapado tras el siniestro. Sufri\u00f3 politraumatismos, sobre todo en sus piernas, y su estado de salud evolucionaba favorablemente.<\/p>\n","protected":false},"excerpt":{"rendered":"<p>Minutos antes de las 6 de la ma\u00f1ana, en la Colectora Este de Panamericana, a la altura del kil\u00f3metro 41, ocurri\u00f3 un choque entre un [&hellip;]<\/p>\n","protected":false},"author":1,"featured_media":8755,"comment_status":"open","ping_status":"open","sticky":false,"template":"","format":"standard","meta":{"footnotes":""},"categories":[13],"tags":[],"class_list":["post-8754","post","type-post","status-publish","format-standard","has-post-thumbnail","hentry","category-policiales"],"better_featured_image":{"id":8755,"alt_text":"","caption":"","description":"","media_type":"image","media_details":{"width":1290,"height":971,"file":"2024\/10\/8b3516d8-244e-4e0e-86ac-ef6826ae450e.jpg","filesize":132114,"sizes":{"medium":{"file":"8b3516d8-244e-4e0e-86ac-ef6826ae450e-300x226.jpg","width":300,"height":226,"mime-type":"image\/jpeg","filesize":13849,"source_url":"https:\/\/nuevodigitaldeescobar.com.ar\/wp-content\/uploads\/2024\/10\/8b3516d8-244e-4e0e-86ac-ef6826ae450e-300x226.jpg"},"large":{"file":"8b3516d8-244e-4e0e-86ac-ef6826ae450e-1024x771.jpg","width":1024,"height":771,"mime-type":"image\/jpeg","filesize":96145,"source_url":"https:\/\/nuevodigitaldeescobar.com.ar\/wp-content\/uploads\/2024\/10\/8b3516d8-244e-4e0e-86ac-ef6826ae450e-1024x771.jpg"},"thumbnail":{"file":"8b3516d8-244e-4e0e-86ac-ef6826ae450e-150x150.jpg","width":150,"height":150,"mime-type":"image\/jpeg","filesize":5321,"source_url":"https:\/\/nuevodigitaldeescobar.com.ar\/wp-content\/uploads\/2024\/10\/8b3516d8-244e-4e0e-86ac-ef6826ae450e-150x150.jpg"},"medium_large":{"file":"8b3516d8-244e-4e0e-86ac-ef6826ae450e-768x578.jpg","width":768,"height":578,"mime-type":"image\/jpeg","filesize":62462,"source_url":"https:\/\/nuevodigitaldeescobar.com.ar\/wp-content\/uploads\/2024\/10\/8b3516d8-244e-4e0e-86ac-ef6826ae450e-768x578.jpg"}},"image_meta":{"aperture":"0","credit":"","camera":"","caption":"","created_timestamp":"0","copyright":"","focal_length":"0","iso":"0","shutter_speed":"0","title":"","orientation":"0","keywords":[]}},"post":8754,"source_url":"https:\/\/nuevodigitaldeescobar.com.ar\/wp-content\/uploads\/2024\/10\/8b3516d8-244e-4e0e-86ac-ef6826ae450e.jpg"},"yoast_head":"<!-- This site is optimized with the Yoast SEO plugin v26.1.1 - https:\/\/yoast.com\/wordpress\/plugins\/seo\/ -->\n<title>Defensa Civil, Bomberos Voluntarios y SAME atendieron a 20 heridos por un choque entre un micro y un colectivo - Nuevo Digital de Escobar<\/title>\n<meta name=\"robots\" content=\"index, follow, max-snippet:-1, max-image-preview:large, max-video-preview:-1\" \/>\n<link rel=\"canonical\" href=\"https:\/\/nuevodigitaldeescobar.com.ar\/?p=8754\" \/>\n<meta property=\"og:locale\" content=\"es_ES\" \/>\n<meta property=\"og:type\" content=\"article\" \/>\n<meta property=\"og:title\" content=\"Defensa Civil, Bomberos Voluntarios y SAME atendieron a 20 heridos por un choque entre un micro y un colectivo - Nuevo Digital de Escobar\" \/>\n<meta property=\"og:description\" content=\"Minutos antes de las 6 de la ma\u00f1ana, en la Colectora Este de Panamericana, a la altura del kil\u00f3metro 41, ocurri\u00f3 un choque entre un [&hellip;]\" \/>\n<meta property=\"og:url\" content=\"https:\/\/nuevodigitaldeescobar.com.ar\/?p=8754\" \/>\n<meta property=\"og:site_name\" content=\"Nuevo Digital de Escobar\" \/>\n<meta property=\"article:publisher\" content=\"https:\/\/www.facebook.com\/NUEVODigitalDeEscobar\" \/>\n<meta property=\"article:published_time\" content=\"2024-10-18T18:55:39+00:00\" \/>\n<meta property=\"article:modified_time\" content=\"2024-10-18T18:55:51+00:00\" \/>\n<meta property=\"og:image\" content=\"https:\/\/nuevodigitaldeescobar.com.ar\/wp-content\/uploads\/2024\/10\/8b3516d8-244e-4e0e-86ac-ef6826ae450e.jpg\" \/>\n\t<meta property=\"og:image:width\" content=\"1290\" \/>\n\t<meta property=\"og:image:height\" content=\"971\" \/>\n\t<meta property=\"og:image:type\" content=\"image\/jpeg\" \/>\n<meta name=\"author\" content=\"Redacci\u00f3n\" \/>\n<meta name=\"twitter:card\" content=\"summary_large_image\" \/>\n<meta name=\"twitter:creator\" content=\"@nuevodigescobar\" \/>\n<meta name=\"twitter:site\" content=\"@nuevodigescobar\" \/>\n<meta name=\"twitter:label1\" content=\"Escrito por\" \/>\n\t<meta name=\"twitter:data1\" content=\"Redacci\u00f3n\" \/>\n\t<meta name=\"twitter:label2\" content=\"Tiempo de lectura\" \/>\n\t<meta name=\"twitter:data2\" content=\"1 minuto\" \/>\n<script type=\"application\/ld+json\" class=\"yoast-schema-graph\">{\"@context\":\"https:\/\/schema.org\",\"@graph\":[{\"@type\":\"Article\",\"@id\":\"https:\/\/nuevodigitaldeescobar.com.ar\/?p=8754#article\",\"isPartOf\":{\"@id\":\"https:\/\/nuevodigitaldeescobar.com.ar\/?p=8754\"},\"author\":{\"name\":\"Redacci\u00f3n\",\"@id\":\"https:\/\/nuevodigitaldeescobar.com.ar\/#\/schema\/person\/035e90a8efe9a80e6eec22656ad6ea4c\"},\"headline\":\"Defensa Civil, Bomberos Voluntarios y SAME atendieron a 20 heridos por un choque entre un micro y un colectivo\",\"datePublished\":\"2024-10-18T18:55:39+00:00\",\"dateModified\":\"2024-10-18T18:55:51+00:00\",\"mainEntityOfPage\":{\"@id\":\"https:\/\/nuevodigitaldeescobar.com.ar\/?p=8754\"},\"wordCount\":226,\"commentCount\":0,\"publisher\":{\"@id\":\"https:\/\/nuevodigitaldeescobar.com.ar\/#organization\"},\"image\":{\"@id\":\"https:\/\/nuevodigitaldeescobar.com.ar\/?p=8754#primaryimage\"},\"thumbnailUrl\":\"https:\/\/nuevodigitaldeescobar.com.ar\/wp-content\/uploads\/2024\/10\/8b3516d8-244e-4e0e-86ac-ef6826ae450e.jpg\",\"articleSection\":[\"Policiales\"],\"inLanguage\":\"es\",\"potentialAction\":[{\"@type\":\"CommentAction\",\"name\":\"Comment\",\"target\":[\"https:\/\/nuevodigitaldeescobar.com.ar\/?p=8754#respond\"]}]},{\"@type\":\"WebPage\",\"@id\":\"https:\/\/nuevodigitaldeescobar.com.ar\/?p=8754\",\"url\":\"https:\/\/nuevodigitaldeescobar.com.ar\/?p=8754\",\"name\":\"Defensa Civil, Bomberos Voluntarios y SAME atendieron a 20 heridos por un choque entre un micro y un colectivo - Nuevo Digital de Escobar\",\"isPartOf\":{\"@id\":\"https:\/\/nuevodigitaldeescobar.com.ar\/#website\"},\"primaryImageOfPage\":{\"@id\":\"https:\/\/nuevodigitaldeescobar.com.ar\/?p=8754#primaryimage\"},\"image\":{\"@id\":\"https:\/\/nuevodigitaldeescobar.com.ar\/?p=8754#primaryimage\"},\"thumbnailUrl\":\"https:\/\/nuevodigitaldeescobar.com.ar\/wp-content\/uploads\/2024\/10\/8b3516d8-244e-4e0e-86ac-ef6826ae450e.jpg\",\"datePublished\":\"2024-10-18T18:55:39+00:00\",\"dateModified\":\"2024-10-18T18:55:51+00:00\",\"breadcrumb\":{\"@id\":\"https:\/\/nuevodigitaldeescobar.com.ar\/?p=8754#breadcrumb\"},\"inLanguage\":\"es\",\"potentialAction\":[{\"@type\":\"ReadAction\",\"target\":[\"https:\/\/nuevodigitaldeescobar.com.ar\/?p=8754\"]}]},{\"@type\":\"ImageObject\",\"inLanguage\":\"es\",\"@id\":\"https:\/\/nuevodigitaldeescobar.com.ar\/?p=8754#primaryimage\",\"url\":\"https:\/\/nuevodigitaldeescobar.com.ar\/wp-content\/uploads\/2024\/10\/8b3516d8-244e-4e0e-86ac-ef6826ae450e.jpg\",\"contentUrl\":\"https:\/\/nuevodigitaldeescobar.com.ar\/wp-content\/uploads\/2024\/10\/8b3516d8-244e-4e0e-86ac-ef6826ae450e.jpg\",\"width\":1290,\"height\":971},{\"@type\":\"BreadcrumbList\",\"@id\":\"https:\/\/nuevodigitaldeescobar.com.ar\/?p=8754#breadcrumb\",\"itemListElement\":[{\"@type\":\"ListItem\",\"position\":1,\"name\":\"Portada\",\"item\":\"https:\/\/nuevodigitaldeescobar.com.ar\/\"},{\"@type\":\"ListItem\",\"position\":2,\"name\":\"Defensa Civil, Bomberos Voluntarios y SAME atendieron a 20 heridos por un choque entre un micro y un colectivo\"}]},{\"@type\":\"WebSite\",\"@id\":\"https:\/\/nuevodigitaldeescobar.com.ar\/#website\",\"url\":\"https:\/\/nuevodigitaldeescobar.com.ar\/\",\"name\":\"Nuevo Digital de Escobar\",\"description\":\"La vida escobarense. Directora: Rosana Brunner\",\"publisher\":{\"@id\":\"https:\/\/nuevodigitaldeescobar.com.ar\/#organization\"},\"potentialAction\":[{\"@type\":\"SearchAction\",\"target\":{\"@type\":\"EntryPoint\",\"urlTemplate\":\"https:\/\/nuevodigitaldeescobar.com.ar\/?s={search_term_string}\"},\"query-input\":{\"@type\":\"PropertyValueSpecification\",\"valueRequired\":true,\"valueName\":\"search_term_string\"}}],\"inLanguage\":\"es\"},{\"@type\":\"Organization\",\"@id\":\"https:\/\/nuevodigitaldeescobar.com.ar\/#organization\",\"name\":\"Nuevo Digital de Escobar\",\"url\":\"https:\/\/nuevodigitaldeescobar.com.ar\/\",\"logo\":{\"@type\":\"ImageObject\",\"inLanguage\":\"es\",\"@id\":\"https:\/\/nuevodigitaldeescobar.com.ar\/#\/schema\/logo\/image\/\",\"url\":\"https:\/\/nuevodigitaldeescobar.com.ar\/wp-content\/uploads\/2025\/05\/cropped-logo-nuevo2.jpg\",\"contentUrl\":\"https:\/\/nuevodigitaldeescobar.com.ar\/wp-content\/uploads\/2025\/05\/cropped-logo-nuevo2.jpg\",\"width\":305,\"height\":305,\"caption\":\"Nuevo Digital de Escobar\"},\"image\":{\"@id\":\"https:\/\/nuevodigitaldeescobar.com.ar\/#\/schema\/logo\/image\/\"},\"sameAs\":[\"https:\/\/www.facebook.com\/NUEVODigitalDeEscobar\",\"https:\/\/x.com\/nuevodigescobar\",\"https:\/\/www.instagram.com\/nuevodigitaldeescobar\"]},{\"@type\":\"Person\",\"@id\":\"https:\/\/nuevodigitaldeescobar.com.ar\/#\/schema\/person\/035e90a8efe9a80e6eec22656ad6ea4c\",\"name\":\"Redacci\u00f3n\",\"image\":{\"@type\":\"ImageObject\",\"inLanguage\":\"es\",\"@id\":\"https:\/\/nuevodigitaldeescobar.com.ar\/#\/schema\/person\/image\/\",\"url\":\"https:\/\/secure.gravatar.com\/avatar\/8af8f40000c24e9eef3034f2be5998a372bb1389e64b1a4a36b3a7979142220d?s=96&d=mm&r=g\",\"contentUrl\":\"https:\/\/secure.gravatar.com\/avatar\/8af8f40000c24e9eef3034f2be5998a372bb1389e64b1a4a36b3a7979142220d?s=96&d=mm&r=g\",\"caption\":\"Redacci\u00f3n\"},\"sameAs\":[\"http:\/\/nuevodigitaldeescobar.com.ar\"],\"url\":\"https:\/\/nuevodigitaldeescobar.com.ar\/?author=1\"}]}<\/script>\n<!-- \/ Yoast SEO plugin. -->","yoast_head_json":{"title":"Defensa Civil, Bomberos Voluntarios y SAME atendieron a 20 heridos por un choque entre un micro y un colectivo - Nuevo Digital de Escobar","robots":{"index":"index","follow":"follow","max-snippet":"max-snippet:-1","max-image-preview":"max-image-preview:large","max-video-preview":"max-video-preview:-1"},"canonical":"https:\/\/nuevodigitaldeescobar.com.ar\/?p=8754","og_locale":"es_ES","og_type":"article","og_title":"Defensa Civil, Bomberos Voluntarios y SAME atendieron a 20 heridos por un choque entre un micro y un colectivo - Nuevo Digital de Escobar","og_description":"Minutos antes de las 6 de la ma\u00f1ana, en la Colectora Este de Panamericana, a la altura del kil\u00f3metro 41, ocurri\u00f3 un choque entre un [&hellip;]","og_url":"https:\/\/nuevodigitaldeescobar.com.ar\/?p=8754","og_site_name":"Nuevo Digital de Escobar","article_publisher":"https:\/\/www.facebook.com\/NUEVODigitalDeEscobar","article_published_time":"2024-10-18T18:55:39+00:00","article_modified_time":"2024-10-18T18:55:51+00:00","og_image":[{"width":1290,"height":971,"url":"https:\/\/nuevodigitaldeescobar.com.ar\/wp-content\/uploads\/2024\/10\/8b3516d8-244e-4e0e-86ac-ef6826ae450e.jpg","type":"image\/jpeg"}],"author":"Redacci\u00f3n","twitter_card":"summary_large_image","twitter_creator":"@nuevodigescobar","twitter_site":"@nuevodigescobar","twitter_misc":{"Escrito por":"Redacci\u00f3n","Tiempo de lectura":"1 minuto"},"schema":{"@context":"https:\/\/schema.org","@graph":[{"@type":"Article","@id":"https:\/\/nuevodigitaldeescobar.com.ar\/?p=8754#article","isPartOf":{"@id":"https:\/\/nuevodigitaldeescobar.com.ar\/?p=8754"},"author":{"name":"Redacci\u00f3n","@id":"https:\/\/nuevodigitaldeescobar.com.ar\/#\/schema\/person\/035e90a8efe9a80e6eec22656ad6ea4c"},"headline":"Defensa Civil, Bomberos Voluntarios y SAME atendieron a 20 heridos por un choque entre un micro y un colectivo","datePublished":"2024-10-18T18:55:39+00:00","dateModified":"2024-10-18T18:55:51+00:00","mainEntityOfPage":{"@id":"https:\/\/nuevodigitaldeescobar.com.ar\/?p=8754"},"wordCount":226,"commentCount":0,"publisher":{"@id":"https:\/\/nuevodigitaldeescobar.com.ar\/#organization"},"image":{"@id":"https:\/\/nuevodigitaldeescobar.com.ar\/?p=8754#primaryimage"},"thumbnailUrl":"https:\/\/nuevodigitaldeescobar.com.ar\/wp-content\/uploads\/2024\/10\/8b3516d8-244e-4e0e-86ac-ef6826ae450e.jpg","articleSection":["Policiales"],"inLanguage":"es","potentialAction":[{"@type":"CommentAction","name":"Comment","target":["https:\/\/nuevodigitaldeescobar.com.ar\/?p=8754#respond"]}]},{"@type":"WebPage","@id":"https:\/\/nuevodigitaldeescobar.com.ar\/?p=8754","url":"https:\/\/nuevodigitaldeescobar.com.ar\/?p=8754","name":"Defensa Civil, Bomberos Voluntarios y SAME atendieron a 20 heridos por un choque entre un micro y un colectivo - Nuevo Digital de Escobar","isPartOf":{"@id":"https:\/\/nuevodigitaldeescobar.com.ar\/#website"},"primaryImageOfPage":{"@id":"https:\/\/nuevodigitaldeescobar.com.ar\/?p=8754#primaryimage"},"image":{"@id":"https:\/\/nuevodigitaldeescobar.com.ar\/?p=8754#primaryimage"},"thumbnailUrl":"https:\/\/nuevodigitaldeescobar.com.ar\/wp-content\/uploads\/2024\/10\/8b3516d8-244e-4e0e-86ac-ef6826ae450e.jpg","datePublished":"2024-10-18T18:55:39+00:00","dateModified":"2024-10-18T18:55:51+00:00","breadcrumb":{"@id":"https:\/\/nuevodigitaldeescobar.com.ar\/?p=8754#breadcrumb"},"inLanguage":"es","potentialAction":[{"@type":"ReadAction","target":["https:\/\/nuevodigitaldeescobar.com.ar\/?p=8754"]}]},{"@type":"ImageObject","inLanguage":"es","@id":"https:\/\/nuevodigitaldeescobar.com.ar\/?p=8754#primaryimage","url":"https:\/\/nuevodigitaldeescobar.com.ar\/wp-content\/uploads\/2024\/10\/8b3516d8-244e-4e0e-86ac-ef6826ae450e.jpg","contentUrl":"https:\/\/nuevodigitaldeescobar.com.ar\/wp-content\/uploads\/2024\/10\/8b3516d8-244e-4e0e-86ac-ef6826ae450e.jpg","width":1290,"height":971},{"@type":"BreadcrumbList","@id":"https:\/\/nuevodigitaldeescobar.com.ar\/?p=8754#breadcrumb","itemListElement":[{"@type":"ListItem","position":1,"name":"Portada","item":"https:\/\/nuevodigitaldeescobar.com.ar\/"},{"@type":"ListItem","position":2,"name":"Defensa Civil, Bomberos Voluntarios y SAME atendieron a 20 heridos por un choque entre un micro y un colectivo"}]},{"@type":"WebSite","@id":"https:\/\/nuevodigitaldeescobar.com.ar\/#website","url":"https:\/\/nuevodigitaldeescobar.com.ar\/","name":"Nuevo Digital de Escobar","description":"La vida escobarense. Directora: Rosana Brunner","publisher":{"@id":"https:\/\/nuevodigitaldeescobar.com.ar\/#organization"},"potentialAction":[{"@type":"SearchAction","target":{"@type":"EntryPoint","urlTemplate":"https:\/\/nuevodigitaldeescobar.com.ar\/?s={search_term_string}"},"query-input":{"@type":"PropertyValueSpecification","valueRequired":true,"valueName":"search_term_string"}}],"inLanguage":"es"},{"@type":"Organization","@id":"https:\/\/nuevodigitaldeescobar.com.ar\/#organization","name":"Nuevo Digital de Escobar","url":"https:\/\/nuevodigitaldeescobar.com.ar\/","logo":{"@type":"ImageObject","inLanguage":"es","@id":"https:\/\/nuevodigitaldeescobar.com.ar\/#\/schema\/logo\/image\/","url":"https:\/\/nuevodigitaldeescobar.com.ar\/wp-content\/uploads\/2025\/05\/cropped-logo-nuevo2.jpg","contentUrl":"https:\/\/nuevodigitaldeescobar.com.ar\/wp-content\/uploads\/2025\/05\/cropped-logo-nuevo2.jpg","width":305,"height":305,"caption":"Nuevo Digital de Escobar"},"image":{"@id":"https:\/\/nuevodigitaldeescobar.com.ar\/#\/schema\/logo\/image\/"},"sameAs":["https:\/\/www.facebook.com\/NUEVODigitalDeEscobar","https:\/\/x.com\/nuevodigescobar","https:\/\/www.instagram.com\/nuevodigitaldeescobar"]},{"@type":"Person","@id":"https:\/\/nuevodigitaldeescobar.com.ar\/#\/schema\/person\/035e90a8efe9a80e6eec22656ad6ea4c","name":"Redacci\u00f3n","image":{"@type":"ImageObject","inLanguage":"es","@id":"https:\/\/nuevodigitaldeescobar.com.ar\/#\/schema\/person\/image\/","url":"https:\/\/secure.gravatar.com\/avatar\/8af8f40000c24e9eef3034f2be5998a372bb1389e64b1a4a36b3a7979142220d?s=96&d=mm&r=g","contentUrl":"https:\/\/secure.gravatar.com\/avatar\/8af8f40000c24e9eef3034f2be5998a372bb1389e64b1a4a36b3a7979142220d?s=96&d=mm&r=g","caption":"Redacci\u00f3n"},"sameAs":["http:\/\/nuevodigitaldeescobar.com.ar"],"url":"https:\/\/nuevodigitaldeescobar.com.ar\/?author=1"}]}},"featured_image_urls":{"full":["https:\/\/nuevodigitaldeescobar.com.ar\/wp-content\/uploads\/2024\/10\/8b3516d8-244e-4e0e-86ac-ef6826ae450e.jpg",1290,971,false],"thumbnail":["https:\/\/nuevodigitaldeescobar.com.ar\/wp-content\/uploads\/2024\/10\/8b3516d8-244e-4e0e-86ac-ef6826ae450e-150x150.jpg",150,150,true],"medium":["https:\/\/nuevodigitaldeescobar.com.ar\/wp-content\/uploads\/2024\/10\/8b3516d8-244e-4e0e-86ac-ef6826ae450e-300x226.jpg",300,226,true],"medium_large":["https:\/\/nuevodigitaldeescobar.com.ar\/wp-content\/uploads\/2024\/10\/8b3516d8-244e-4e0e-86ac-ef6826ae450e-768x578.jpg",640,482,true],"large":["https:\/\/nuevodigitaldeescobar.com.ar\/wp-content\/uploads\/2024\/10\/8b3516d8-244e-4e0e-86ac-ef6826ae450e-1024x771.jpg",640,482,true],"1536x1536":["https:\/\/nuevodigitaldeescobar.com.ar\/wp-content\/uploads\/2024\/10\/8b3516d8-244e-4e0e-86ac-ef6826ae450e.jpg",1290,971,false],"2048x2048":["https:\/\/nuevodigitaldeescobar.com.ar\/wp-content\/uploads\/2024\/10\/8b3516d8-244e-4e0e-86ac-ef6826ae450e.jpg",1290,971,false]},"author_info":{"display_name":"Redacci\u00f3n","author_link":"https:\/\/nuevodigitaldeescobar.com.ar\/?author=1"},"category_info":"<a href=\"https:\/\/nuevodigitaldeescobar.com.ar\/?cat=13\" rel=\"category\">Policiales<\/a>","tag_info":"Policiales","comment_count":"0","_links":{"self":[{"href":"https:\/\/nuevodigitaldeescobar.com.ar\/index.php?rest_route=\/wp\/v2\/posts\/8754","targetHints":{"allow":["GET"]}}],"collection":[{"href":"https:\/\/nuevodigitaldeescobar.com.ar\/index.php?rest_route=\/wp\/v2\/posts"}],"about":[{"href":"https:\/\/nuevodigitaldeescobar.com.ar\/index.php?rest_route=\/wp\/v2\/types\/post"}],"author":[{"embeddable":true,"href":"https:\/\/nuevodigitaldeescobar.com.ar\/index.php?rest_route=\/wp\/v2\/users\/1"}],"replies":[{"embeddable":true,"href":"https:\/\/nuevodigitaldeescobar.com.ar\/index.php?rest_route=%2Fwp%2Fv2%2Fcomments&post=8754"}],"version-history":[{"count":1,"href":"https:\/\/nuevodigitaldeescobar.com.ar\/index.php?rest_route=\/wp\/v2\/posts\/8754\/revisions"}],"predecessor-version":[{"id":8758,"href":"https:\/\/nuevodigitaldeescobar.com.ar\/index.php?rest_route=\/wp\/v2\/posts\/8754\/revisions\/8758"}],"wp:featuredmedia":[{"embeddable":true,"href":"https:\/\/nuevodigitaldeescobar.com.ar\/index.php?rest_route=\/wp\/v2\/media\/8755"}],"wp:attachment":[{"href":"https:\/\/nuevodigitaldeescobar.com.ar\/index.php?rest_route=%2Fwp%2Fv2%2Fmedia&parent=8754"}],"wp:term":[{"taxonomy":"category","embeddable":true,"href":"https:\/\/nuevodigitaldeescobar.com.ar\/index.php?rest_route=%2Fwp%2Fv2%2Fcategories&post=8754"},{"taxonomy":"post_tag","embeddable":true,"href":"https:\/\/nuevodigitaldeescobar.com.ar\/index.php?rest_route=%2Fwp%2Fv2%2Ftags&post=8754"}],"curies":[{"name":"wp","href":"https:\/\/api.w.org\/{rel}","templated":true}]}}