{"id":879,"date":"2023-11-11T07:00:00","date_gmt":"2023-11-11T10:00:00","guid":{"rendered":"https:\/\/nuevodigitaldeescobar.com.ar\/?p=879"},"modified":"2023-11-10T21:37:18","modified_gmt":"2023-11-11T00:37:18","slug":"algo-sobre-el-ferrocarril-central-argentino","status":"publish","type":"post","link":"https:\/\/nuevodigitaldeescobar.com.ar\/?p=879","title":{"rendered":"Algo sobre el Ferrocarril Central Argentino"},"content":{"rendered":"<p><span style=\"color: #003366;\"><strong><em>Escrito por Abel Fern\u00e1ndez, vecino de la localidad de Matheu, quien, a sus 97 a\u00f1os, recuerda sus 40 a\u00f1os como Jefe de Control de Trenes del Ferrocarril Mitre, acerc\u00e1ndonos algo de su historia. Parte I.<\/em><\/strong><\/span><\/p>\n<p><!--more--><\/p>\n<p>Para instalar un ferrocarril que uniera las ciudades de Rosario y C\u00f3rdoba, un se\u00f1or Campbell inici\u00f3 conversaciones con Urquiza en 1854, pero \u00e9stas no prosperaron. Luego tom\u00f3 la posta el Ingeniero Wheelwight, del que, seg\u00fan se dice, se apoder\u00f3 de los papeles de Campbell y, en trato con Mitre, comenzaron las obras el 25 de abril de 1853. La inauguraci\u00f3n oficial tuvo lugar en C\u00f3rdoba, el 17 de mayo de 1872, siendo presidente Sarmiento.<\/p>\n<p>Se le concedi\u00f3 a la empresa una legua de campo a cada costado de la v\u00eda, lo que signific\u00f3 que \u00e9sta pose\u00eda una lonja de tierra de 10 kil\u00f3metros de ancho y 396 de largo, que es la distancia entre Rosario y C\u00f3rdoba. Luego, esta empresa adquirir\u00eda el ferrocarril Central Norte de Buenos Aires, que desde la estaci\u00f3n Buenos Aires se proyectaba hasta Tigre. Tambi\u00e9n compr\u00f3 el ramal del ex ferrocarril del Oeste, primitivamente nacional, entre las estaciones Luj\u00e1n y Pergamino, y por el a\u00f1o 1900 comenz\u00f3 la construcci\u00f3n del ramal Victoria Vagues, cuya primera estaci\u00f3n fue Gar\u00edn, luego Zelaya y finalmente Capilla del Se\u00f1or. Los edificios de estas tres estaciones son id\u00e9nticos, lo importante de este ramal de 108 kil\u00f3metros de v\u00eda sencilla se proyect\u00f3 para v\u00eda doble, y as\u00ed lo atestiguan todos los puentes que fue necesario construir y cuyas fundaciones base lo son para v\u00eda doble.<\/p>\n<p>Por esos a\u00f1os tambi\u00e9n compr\u00f3 el F.C. Buenos Aires Pac\u00edfico de la estaci\u00f3n Buenos Aires a Rosario, m\u00e1s el peque\u00f1o tramo de Belgrano R a Tigre R.<\/p>\n<p>Para el a\u00f1o 1910 se hab\u00eda terminado la construcci\u00f3n de una segunda v\u00eda, lo que hac\u00eda que el citado ramal tuviera v\u00eda doble hasta Ca\u00f1ada de G\u00f3mez, pasando por Rosario. Para prestar un buen servicio entre dos grandes ciudades -la Capital Federal y Rosario-, la empresa incorpor\u00f3 las locomotoras P.S. 10. Diez esbeltas m\u00e1quinas totalmente negras y sus ruedas y bielas estaban fileteadas en rojo, con la particularidad que la rueda central donde se insertaba la biela carec\u00eda de pesta\u00f1a. A estas locomotoras se les asign\u00f3 los n\u00fameros 191 al 200, y precisamente a la 191 se la bautiz\u00f3 La Emperatriz, y se le asignaban los servicios m\u00e1s importantes, al mando del maquinista Francisco Savio. De ella y de Francisco Savio me referir\u00e9 m\u00e1s adelante.<\/p>\n<p><img fetchpriority=\"high\" decoding=\"async\" class=\"alignnone size-full wp-image-885\" src=\"http:\/\/nuevodigitaldeescobar.com.ar\/wp-content\/uploads\/2023\/11\/taller-ferrocarril-mitre.jpg\" alt=\"\" width=\"720\" height=\"553\" srcset=\"https:\/\/nuevodigitaldeescobar.com.ar\/wp-content\/uploads\/2023\/11\/taller-ferrocarril-mitre.jpg 720w, https:\/\/nuevodigitaldeescobar.com.ar\/wp-content\/uploads\/2023\/11\/taller-ferrocarril-mitre-300x230.jpg 300w\" sizes=\"(max-width: 720px) 100vw, 720px\" \/><\/p>\n<h3><strong>Plus Ultra diario La Naci\u00f3n FCCA<\/strong><\/h3>\n<p>El 10 de febrero de 1926, desde el aeropuerto Calzadilla en Palo de la Frontera, Espa\u00f1a, tom\u00f3 vuelo el hidroavi\u00f3n plus ultra (m\u00e1s all\u00e1), en demanda de la ciudad de Buenos Aires, tripulado por su comandante Ram\u00f3n Franco, secundado por Juan Dur\u00e1n, Julio Ruiz y el mec\u00e1nico Pablo Rada.<\/p>\n<p>Despu\u00e9s de un viaje azaroso proyectado en varias etapas, ameriz\u00f3 en el puerto de Buenos Aires el 22 de febrero de 1926 este hidroavi\u00f3n matr\u00edcula M-LAGUAL provisto de dos motores, que hoy se encuentra depositado en el museo Enrique Udaondo de Luj\u00e1n.<\/p>\n<p>Una vez dispuesto el regreso a su lugar de origen, el gobierno espa\u00f1ol decidi\u00f3 suspender el vuelo y donar el aparato al gobierno argentino, donde a\u00fan se conserva.<\/p>\n<p>Este important\u00edsimo suceso moviliz\u00f3 a los diarios porte\u00f1os, que pugnaron por ser los primeros en hacer llegar la noticia al interior del pa\u00eds.<\/p>\n<p>El diario de Mitre, con una edici\u00f3n especial, contrat\u00f3 con el FCCA llegar a Rosario con su edici\u00f3n el d\u00eda 23 a las 7 am. El tren, formado con una locomotora PS8, dos furgones y un coche de primera, deb\u00eda partir de Retiro a las 2.45 la impresi\u00f3n y el traslado de los paquetes de diarios a Retiro, y postergaron la salida hasta las 3.39.<\/p>\n<p><img decoding=\"async\" class=\"alignnone size-full wp-image-883\" src=\"http:\/\/nuevodigitaldeescobar.com.ar\/wp-content\/uploads\/2023\/11\/Imagen-de-WhatsApp-2023-11-10-a-las-18.27.51_a9eb7b0d.jpg\" alt=\"\" width=\"720\" height=\"591\" srcset=\"https:\/\/nuevodigitaldeescobar.com.ar\/wp-content\/uploads\/2023\/11\/Imagen-de-WhatsApp-2023-11-10-a-las-18.27.51_a9eb7b0d.jpg 720w, https:\/\/nuevodigitaldeescobar.com.ar\/wp-content\/uploads\/2023\/11\/Imagen-de-WhatsApp-2023-11-10-a-las-18.27.51_a9eb7b0d-300x246.jpg 300w\" sizes=\"(max-width: 720px) 100vw, 720px\" \/><\/p>\n<p>El superintendente de tracci\u00f3n, el se\u00f1or Hedmundo Bulman, orden\u00f3 suplantar la locomotora PS8 por una PS10, siendo designada la 191, conocida como La Emperatriz.<\/p>\n<p>La conducci\u00f3n del tren recay\u00f3 en el maquinista Juan Bautista Magneli y secundado por el fueguista Emilio Valdusi, tambi\u00e9n formaba parte de la tripulaci\u00f3n el inspector de locomotora Ernes Palin.<\/p>\n<p>Este tren no deber\u00eda detenerse en ninguna estaci\u00f3n, pero s\u00ed aminorar la marcha para arrojar los paquetes de diarios en Campana, Z\u00e1rate, Baradero, San Pedro y San Nicol\u00e1s, para arribar a Rosario en el horario previsto de las 7. Los 201 minutos empleados para recorrer los 303.8 kil\u00f3metros indican que el tren circul\u00f3 a 90 Km por hora. Se comenta que el tramo entre Baradero y Rosario demor\u00f3 una hora y 33 minutos, circulando a m\u00e1s de 120 Km por hora.<\/p>\n<p>Este r\u00e9cord de velocidad logrado por la locomotora 191 perdur\u00f3 hasta el a\u00f1o 1963.<\/p>\n<p>Francisco Savio, maquinista de primera categor\u00eda a los 24 a\u00f1os, hab\u00eda nacido el 9 de agosto de 1882 y falleci\u00f3 en el policl\u00ednico ferroviario central el 25 de agosto de 1963, a los 81 a\u00f1os de edad.<\/p>\n<p>En 1915, por su capacidad y dedicaci\u00f3n, le fue asignada la locomotora 191, La Emperatriz. \u00c9sta remolc\u00f3 a varios trenes presidenciales, entre ellos el de Figueroa Alcorta, Saenz Pe\u00f1a, Alvear e Yrigoyen, y tambi\u00e9n un tren especial que transport\u00f3 al duque de Savoya y al Pr\u00edncipe de Gales, despu\u00e9s Duque de Windsor. \u00c9ste, al finalizar el viaje, estrech\u00f3 la mano de Savio y le dijo: \u00abGentleman, usted es el rey de los maquinistas\u00bb.<\/p>\n<p>Francisco Savio fue homenajeado con el nombre de una parada, que se encuentra en el kil\u00f3metro 48 de la l\u00ednea Victoria Vagues, entre las estaciones de Gar\u00edn y Matheu. Para el acto se corri\u00f3 un tren especial remolcado por la 191, el 26 de octubre de 1963.<\/p>\n<p>Han surgido dudas con esta locomotora: unos sostienen que qued\u00f3 completamente destruida en la estaci\u00f3n Maizales y fue recuperada por una sociedad sin fines de lucro llamada Amigos del Ferro Club. Otros sostienen que, como fue irrecuperable, se rescataron las chapas identificatorias que les fueron colocadas a su gemela 196. Sea cual fuere la locomotora, el emblema de la 191 vive entre todos los ferroviarios que militaron y militan en el ferrocarril ahora l\u00ednea Mitre.<\/p>\n","protected":false},"excerpt":{"rendered":"<p>Escrito por Abel Fern\u00e1ndez, vecino de la localidad de Matheu, quien, a sus 97 a\u00f1os, recuerda sus 40 a\u00f1os como Jefe de Control de Trenes [&hellip;]<\/p>\n","protected":false},"author":1,"featured_media":884,"comment_status":"open","ping_status":"closed","sticky":false,"template":"","format":"standard","meta":{"footnotes":""},"categories":[15],"tags":[],"class_list":["post-879","post","type-post","status-publish","format-standard","has-post-thumbnail","hentry","category-sociedad"],"better_featured_image":{"id":884,"alt_text":"","caption":"","description":"","media_type":"image","media_details":{"width":720,"height":387,"file":"2023\/11\/la-emperatriz.jpg","filesize":58702,"sizes":{"medium":{"file":"la-emperatriz-300x161.jpg","width":300,"height":161,"mime-type":"image\/jpeg","filesize":12503,"source_url":"https:\/\/nuevodigitaldeescobar.com.ar\/wp-content\/uploads\/2023\/11\/la-emperatriz-300x161.jpg"},"thumbnail":{"file":"la-emperatriz-150x150.jpg","width":150,"height":150,"mime-type":"image\/jpeg","filesize":6583,"source_url":"https:\/\/nuevodigitaldeescobar.com.ar\/wp-content\/uploads\/2023\/11\/la-emperatriz-150x150.jpg"},"covernews-medium":{"file":"la-emperatriz-540x340.jpg","width":540,"height":340,"mime-type":"image\/jpeg","filesize":37118,"source_url":"https:\/\/nuevodigitaldeescobar.com.ar\/wp-content\/uploads\/2023\/11\/la-emperatriz-540x340.jpg"},"covernews-medium-square":{"file":"la-emperatriz-400x250.jpg","width":400,"height":250,"mime-type":"image\/jpeg","filesize":22444,"source_url":"https:\/\/nuevodigitaldeescobar.com.ar\/wp-content\/uploads\/2023\/11\/la-emperatriz-400x250.jpg"}},"image_meta":{"aperture":"0","credit":"","camera":"","caption":"","created_timestamp":"0","copyright":"","focal_length":"0","iso":"0","shutter_speed":"0","title":"","orientation":"0","keywords":[]}},"post":879,"source_url":"https:\/\/nuevodigitaldeescobar.com.ar\/wp-content\/uploads\/2023\/11\/la-emperatriz.jpg"},"yoast_head":"<!-- This site is optimized with the Yoast SEO plugin v26.1.1 - https:\/\/yoast.com\/wordpress\/plugins\/seo\/ -->\n<title>Algo sobre el Ferrocarril Central Argentino - Nuevo Digital de Escobar<\/title>\n<meta name=\"robots\" content=\"index, follow, max-snippet:-1, max-image-preview:large, max-video-preview:-1\" \/>\n<link rel=\"canonical\" href=\"https:\/\/nuevodigitaldeescobar.com.ar\/?p=879\" \/>\n<meta property=\"og:locale\" content=\"es_ES\" \/>\n<meta property=\"og:type\" content=\"article\" \/>\n<meta property=\"og:title\" content=\"Algo sobre el Ferrocarril Central Argentino - Nuevo Digital de Escobar\" \/>\n<meta property=\"og:description\" content=\"Escrito por Abel Fern\u00e1ndez, vecino de la localidad de Matheu, quien, a sus 97 a\u00f1os, recuerda sus 40 a\u00f1os como Jefe de Control de Trenes [&hellip;]\" \/>\n<meta property=\"og:url\" content=\"https:\/\/nuevodigitaldeescobar.com.ar\/?p=879\" \/>\n<meta property=\"og:site_name\" content=\"Nuevo Digital de Escobar\" \/>\n<meta property=\"article:publisher\" content=\"https:\/\/www.facebook.com\/NUEVODigitalDeEscobar\" \/>\n<meta property=\"article:published_time\" content=\"2023-11-11T10:00:00+00:00\" \/>\n<meta property=\"og:image\" content=\"https:\/\/nuevodigitaldeescobar.com.ar\/wp-content\/uploads\/2023\/11\/la-emperatriz.jpg\" \/>\n\t<meta property=\"og:image:width\" content=\"720\" \/>\n\t<meta property=\"og:image:height\" content=\"387\" \/>\n\t<meta property=\"og:image:type\" content=\"image\/jpeg\" \/>\n<meta name=\"author\" content=\"Redacci\u00f3n\" \/>\n<meta name=\"twitter:card\" content=\"summary_large_image\" \/>\n<meta name=\"twitter:creator\" content=\"@nuevodigescobar\" \/>\n<meta name=\"twitter:site\" content=\"@nuevodigescobar\" \/>\n<meta name=\"twitter:label1\" content=\"Escrito por\" \/>\n\t<meta name=\"twitter:data1\" content=\"Redacci\u00f3n\" \/>\n\t<meta name=\"twitter:label2\" content=\"Tiempo de lectura\" \/>\n\t<meta name=\"twitter:data2\" content=\"5 minutos\" \/>\n<script type=\"application\/ld+json\" class=\"yoast-schema-graph\">{\"@context\":\"https:\/\/schema.org\",\"@graph\":[{\"@type\":\"Article\",\"@id\":\"https:\/\/nuevodigitaldeescobar.com.ar\/?p=879#article\",\"isPartOf\":{\"@id\":\"https:\/\/nuevodigitaldeescobar.com.ar\/?p=879\"},\"author\":{\"name\":\"Redacci\u00f3n\",\"@id\":\"https:\/\/nuevodigitaldeescobar.com.ar\/#\/schema\/person\/035e90a8efe9a80e6eec22656ad6ea4c\"},\"headline\":\"Algo sobre el Ferrocarril Central Argentino\",\"datePublished\":\"2023-11-11T10:00:00+00:00\",\"mainEntityOfPage\":{\"@id\":\"https:\/\/nuevodigitaldeescobar.com.ar\/?p=879\"},\"wordCount\":1061,\"commentCount\":0,\"publisher\":{\"@id\":\"https:\/\/nuevodigitaldeescobar.com.ar\/#organization\"},\"image\":{\"@id\":\"https:\/\/nuevodigitaldeescobar.com.ar\/?p=879#primaryimage\"},\"thumbnailUrl\":\"https:\/\/nuevodigitaldeescobar.com.ar\/wp-content\/uploads\/2023\/11\/la-emperatriz.jpg\",\"articleSection\":[\"Sociedad\"],\"inLanguage\":\"es\",\"potentialAction\":[{\"@type\":\"CommentAction\",\"name\":\"Comment\",\"target\":[\"https:\/\/nuevodigitaldeescobar.com.ar\/?p=879#respond\"]}]},{\"@type\":\"WebPage\",\"@id\":\"https:\/\/nuevodigitaldeescobar.com.ar\/?p=879\",\"url\":\"https:\/\/nuevodigitaldeescobar.com.ar\/?p=879\",\"name\":\"Algo sobre el Ferrocarril Central Argentino - Nuevo Digital de Escobar\",\"isPartOf\":{\"@id\":\"https:\/\/nuevodigitaldeescobar.com.ar\/#website\"},\"primaryImageOfPage\":{\"@id\":\"https:\/\/nuevodigitaldeescobar.com.ar\/?p=879#primaryimage\"},\"image\":{\"@id\":\"https:\/\/nuevodigitaldeescobar.com.ar\/?p=879#primaryimage\"},\"thumbnailUrl\":\"https:\/\/nuevodigitaldeescobar.com.ar\/wp-content\/uploads\/2023\/11\/la-emperatriz.jpg\",\"datePublished\":\"2023-11-11T10:00:00+00:00\",\"breadcrumb\":{\"@id\":\"https:\/\/nuevodigitaldeescobar.com.ar\/?p=879#breadcrumb\"},\"inLanguage\":\"es\",\"potentialAction\":[{\"@type\":\"ReadAction\",\"target\":[\"https:\/\/nuevodigitaldeescobar.com.ar\/?p=879\"]}]},{\"@type\":\"ImageObject\",\"inLanguage\":\"es\",\"@id\":\"https:\/\/nuevodigitaldeescobar.com.ar\/?p=879#primaryimage\",\"url\":\"https:\/\/nuevodigitaldeescobar.com.ar\/wp-content\/uploads\/2023\/11\/la-emperatriz.jpg\",\"contentUrl\":\"https:\/\/nuevodigitaldeescobar.com.ar\/wp-content\/uploads\/2023\/11\/la-emperatriz.jpg\",\"width\":720,\"height\":387},{\"@type\":\"BreadcrumbList\",\"@id\":\"https:\/\/nuevodigitaldeescobar.com.ar\/?p=879#breadcrumb\",\"itemListElement\":[{\"@type\":\"ListItem\",\"position\":1,\"name\":\"Portada\",\"item\":\"https:\/\/nuevodigitaldeescobar.com.ar\/\"},{\"@type\":\"ListItem\",\"position\":2,\"name\":\"Algo sobre el Ferrocarril Central Argentino\"}]},{\"@type\":\"WebSite\",\"@id\":\"https:\/\/nuevodigitaldeescobar.com.ar\/#website\",\"url\":\"https:\/\/nuevodigitaldeescobar.com.ar\/\",\"name\":\"Nuevo Digital de Escobar\",\"description\":\"La vida escobarense. Directora: Rosana Brunner\",\"publisher\":{\"@id\":\"https:\/\/nuevodigitaldeescobar.com.ar\/#organization\"},\"potentialAction\":[{\"@type\":\"SearchAction\",\"target\":{\"@type\":\"EntryPoint\",\"urlTemplate\":\"https:\/\/nuevodigitaldeescobar.com.ar\/?s={search_term_string}\"},\"query-input\":{\"@type\":\"PropertyValueSpecification\",\"valueRequired\":true,\"valueName\":\"search_term_string\"}}],\"inLanguage\":\"es\"},{\"@type\":\"Organization\",\"@id\":\"https:\/\/nuevodigitaldeescobar.com.ar\/#organization\",\"name\":\"Nuevo Digital de Escobar\",\"url\":\"https:\/\/nuevodigitaldeescobar.com.ar\/\",\"logo\":{\"@type\":\"ImageObject\",\"inLanguage\":\"es\",\"@id\":\"https:\/\/nuevodigitaldeescobar.com.ar\/#\/schema\/logo\/image\/\",\"url\":\"https:\/\/nuevodigitaldeescobar.com.ar\/wp-content\/uploads\/2025\/05\/cropped-logo-nuevo2.jpg\",\"contentUrl\":\"https:\/\/nuevodigitaldeescobar.com.ar\/wp-content\/uploads\/2025\/05\/cropped-logo-nuevo2.jpg\",\"width\":305,\"height\":305,\"caption\":\"Nuevo Digital de Escobar\"},\"image\":{\"@id\":\"https:\/\/nuevodigitaldeescobar.com.ar\/#\/schema\/logo\/image\/\"},\"sameAs\":[\"https:\/\/www.facebook.com\/NUEVODigitalDeEscobar\",\"https:\/\/x.com\/nuevodigescobar\",\"https:\/\/www.instagram.com\/nuevodigitaldeescobar\"]},{\"@type\":\"Person\",\"@id\":\"https:\/\/nuevodigitaldeescobar.com.ar\/#\/schema\/person\/035e90a8efe9a80e6eec22656ad6ea4c\",\"name\":\"Redacci\u00f3n\",\"image\":{\"@type\":\"ImageObject\",\"inLanguage\":\"es\",\"@id\":\"https:\/\/nuevodigitaldeescobar.com.ar\/#\/schema\/person\/image\/\",\"url\":\"https:\/\/secure.gravatar.com\/avatar\/8af8f40000c24e9eef3034f2be5998a372bb1389e64b1a4a36b3a7979142220d?s=96&d=mm&r=g\",\"contentUrl\":\"https:\/\/secure.gravatar.com\/avatar\/8af8f40000c24e9eef3034f2be5998a372bb1389e64b1a4a36b3a7979142220d?s=96&d=mm&r=g\",\"caption\":\"Redacci\u00f3n\"},\"sameAs\":[\"http:\/\/nuevodigitaldeescobar.com.ar\"],\"url\":\"https:\/\/nuevodigitaldeescobar.com.ar\/?author=1\"}]}<\/script>\n<!-- \/ Yoast SEO plugin. -->","yoast_head_json":{"title":"Algo sobre el Ferrocarril Central Argentino - Nuevo Digital de Escobar","robots":{"index":"index","follow":"follow","max-snippet":"max-snippet:-1","max-image-preview":"max-image-preview:large","max-video-preview":"max-video-preview:-1"},"canonical":"https:\/\/nuevodigitaldeescobar.com.ar\/?p=879","og_locale":"es_ES","og_type":"article","og_title":"Algo sobre el Ferrocarril Central Argentino - Nuevo Digital de Escobar","og_description":"Escrito por Abel Fern\u00e1ndez, vecino de la localidad de Matheu, quien, a sus 97 a\u00f1os, recuerda sus 40 a\u00f1os como Jefe de Control de Trenes [&hellip;]","og_url":"https:\/\/nuevodigitaldeescobar.com.ar\/?p=879","og_site_name":"Nuevo Digital de Escobar","article_publisher":"https:\/\/www.facebook.com\/NUEVODigitalDeEscobar","article_published_time":"2023-11-11T10:00:00+00:00","og_image":[{"width":720,"height":387,"url":"https:\/\/nuevodigitaldeescobar.com.ar\/wp-content\/uploads\/2023\/11\/la-emperatriz.jpg","type":"image\/jpeg"}],"author":"Redacci\u00f3n","twitter_card":"summary_large_image","twitter_creator":"@nuevodigescobar","twitter_site":"@nuevodigescobar","twitter_misc":{"Escrito por":"Redacci\u00f3n","Tiempo de lectura":"5 minutos"},"schema":{"@context":"https:\/\/schema.org","@graph":[{"@type":"Article","@id":"https:\/\/nuevodigitaldeescobar.com.ar\/?p=879#article","isPartOf":{"@id":"https:\/\/nuevodigitaldeescobar.com.ar\/?p=879"},"author":{"name":"Redacci\u00f3n","@id":"https:\/\/nuevodigitaldeescobar.com.ar\/#\/schema\/person\/035e90a8efe9a80e6eec22656ad6ea4c"},"headline":"Algo sobre el Ferrocarril Central Argentino","datePublished":"2023-11-11T10:00:00+00:00","mainEntityOfPage":{"@id":"https:\/\/nuevodigitaldeescobar.com.ar\/?p=879"},"wordCount":1061,"commentCount":0,"publisher":{"@id":"https:\/\/nuevodigitaldeescobar.com.ar\/#organization"},"image":{"@id":"https:\/\/nuevodigitaldeescobar.com.ar\/?p=879#primaryimage"},"thumbnailUrl":"https:\/\/nuevodigitaldeescobar.com.ar\/wp-content\/uploads\/2023\/11\/la-emperatriz.jpg","articleSection":["Sociedad"],"inLanguage":"es","potentialAction":[{"@type":"CommentAction","name":"Comment","target":["https:\/\/nuevodigitaldeescobar.com.ar\/?p=879#respond"]}]},{"@type":"WebPage","@id":"https:\/\/nuevodigitaldeescobar.com.ar\/?p=879","url":"https:\/\/nuevodigitaldeescobar.com.ar\/?p=879","name":"Algo sobre el Ferrocarril Central Argentino - Nuevo Digital de Escobar","isPartOf":{"@id":"https:\/\/nuevodigitaldeescobar.com.ar\/#website"},"primaryImageOfPage":{"@id":"https:\/\/nuevodigitaldeescobar.com.ar\/?p=879#primaryimage"},"image":{"@id":"https:\/\/nuevodigitaldeescobar.com.ar\/?p=879#primaryimage"},"thumbnailUrl":"https:\/\/nuevodigitaldeescobar.com.ar\/wp-content\/uploads\/2023\/11\/la-emperatriz.jpg","datePublished":"2023-11-11T10:00:00+00:00","breadcrumb":{"@id":"https:\/\/nuevodigitaldeescobar.com.ar\/?p=879#breadcrumb"},"inLanguage":"es","potentialAction":[{"@type":"ReadAction","target":["https:\/\/nuevodigitaldeescobar.com.ar\/?p=879"]}]},{"@type":"ImageObject","inLanguage":"es","@id":"https:\/\/nuevodigitaldeescobar.com.ar\/?p=879#primaryimage","url":"https:\/\/nuevodigitaldeescobar.com.ar\/wp-content\/uploads\/2023\/11\/la-emperatriz.jpg","contentUrl":"https:\/\/nuevodigitaldeescobar.com.ar\/wp-content\/uploads\/2023\/11\/la-emperatriz.jpg","width":720,"height":387},{"@type":"BreadcrumbList","@id":"https:\/\/nuevodigitaldeescobar.com.ar\/?p=879#breadcrumb","itemListElement":[{"@type":"ListItem","position":1,"name":"Portada","item":"https:\/\/nuevodigitaldeescobar.com.ar\/"},{"@type":"ListItem","position":2,"name":"Algo sobre el Ferrocarril Central Argentino"}]},{"@type":"WebSite","@id":"https:\/\/nuevodigitaldeescobar.com.ar\/#website","url":"https:\/\/nuevodigitaldeescobar.com.ar\/","name":"Nuevo Digital de Escobar","description":"La vida escobarense. Directora: Rosana Brunner","publisher":{"@id":"https:\/\/nuevodigitaldeescobar.com.ar\/#organization"},"potentialAction":[{"@type":"SearchAction","target":{"@type":"EntryPoint","urlTemplate":"https:\/\/nuevodigitaldeescobar.com.ar\/?s={search_term_string}"},"query-input":{"@type":"PropertyValueSpecification","valueRequired":true,"valueName":"search_term_string"}}],"inLanguage":"es"},{"@type":"Organization","@id":"https:\/\/nuevodigitaldeescobar.com.ar\/#organization","name":"Nuevo Digital de Escobar","url":"https:\/\/nuevodigitaldeescobar.com.ar\/","logo":{"@type":"ImageObject","inLanguage":"es","@id":"https:\/\/nuevodigitaldeescobar.com.ar\/#\/schema\/logo\/image\/","url":"https:\/\/nuevodigitaldeescobar.com.ar\/wp-content\/uploads\/2025\/05\/cropped-logo-nuevo2.jpg","contentUrl":"https:\/\/nuevodigitaldeescobar.com.ar\/wp-content\/uploads\/2025\/05\/cropped-logo-nuevo2.jpg","width":305,"height":305,"caption":"Nuevo Digital de Escobar"},"image":{"@id":"https:\/\/nuevodigitaldeescobar.com.ar\/#\/schema\/logo\/image\/"},"sameAs":["https:\/\/www.facebook.com\/NUEVODigitalDeEscobar","https:\/\/x.com\/nuevodigescobar","https:\/\/www.instagram.com\/nuevodigitaldeescobar"]},{"@type":"Person","@id":"https:\/\/nuevodigitaldeescobar.com.ar\/#\/schema\/person\/035e90a8efe9a80e6eec22656ad6ea4c","name":"Redacci\u00f3n","image":{"@type":"ImageObject","inLanguage":"es","@id":"https:\/\/nuevodigitaldeescobar.com.ar\/#\/schema\/person\/image\/","url":"https:\/\/secure.gravatar.com\/avatar\/8af8f40000c24e9eef3034f2be5998a372bb1389e64b1a4a36b3a7979142220d?s=96&d=mm&r=g","contentUrl":"https:\/\/secure.gravatar.com\/avatar\/8af8f40000c24e9eef3034f2be5998a372bb1389e64b1a4a36b3a7979142220d?s=96&d=mm&r=g","caption":"Redacci\u00f3n"},"sameAs":["http:\/\/nuevodigitaldeescobar.com.ar"],"url":"https:\/\/nuevodigitaldeescobar.com.ar\/?author=1"}]}},"featured_image_urls":{"full":["https:\/\/nuevodigitaldeescobar.com.ar\/wp-content\/uploads\/2023\/11\/la-emperatriz.jpg",720,387,false],"thumbnail":["https:\/\/nuevodigitaldeescobar.com.ar\/wp-content\/uploads\/2023\/11\/la-emperatriz-150x150.jpg",150,150,true],"medium":["https:\/\/nuevodigitaldeescobar.com.ar\/wp-content\/uploads\/2023\/11\/la-emperatriz-300x161.jpg",300,161,true],"medium_large":["https:\/\/nuevodigitaldeescobar.com.ar\/wp-content\/uploads\/2023\/11\/la-emperatriz.jpg",640,344,false],"large":["https:\/\/nuevodigitaldeescobar.com.ar\/wp-content\/uploads\/2023\/11\/la-emperatriz.jpg",640,344,false],"1536x1536":["https:\/\/nuevodigitaldeescobar.com.ar\/wp-content\/uploads\/2023\/11\/la-emperatriz.jpg",720,387,false],"2048x2048":["https:\/\/nuevodigitaldeescobar.com.ar\/wp-content\/uploads\/2023\/11\/la-emperatriz.jpg",720,387,false]},"author_info":{"display_name":"Redacci\u00f3n","author_link":"https:\/\/nuevodigitaldeescobar.com.ar\/?author=1"},"category_info":"<a href=\"https:\/\/nuevodigitaldeescobar.com.ar\/?cat=15\" rel=\"category\">Sociedad<\/a>","tag_info":"Sociedad","comment_count":"0","_links":{"self":[{"href":"https:\/\/nuevodigitaldeescobar.com.ar\/index.php?rest_route=\/wp\/v2\/posts\/879","targetHints":{"allow":["GET"]}}],"collection":[{"href":"https:\/\/nuevodigitaldeescobar.com.ar\/index.php?rest_route=\/wp\/v2\/posts"}],"about":[{"href":"https:\/\/nuevodigitaldeescobar.com.ar\/index.php?rest_route=\/wp\/v2\/types\/post"}],"author":[{"embeddable":true,"href":"https:\/\/nuevodigitaldeescobar.com.ar\/index.php?rest_route=\/wp\/v2\/users\/1"}],"replies":[{"embeddable":true,"href":"https:\/\/nuevodigitaldeescobar.com.ar\/index.php?rest_route=%2Fwp%2Fv2%2Fcomments&post=879"}],"version-history":[{"count":1,"href":"https:\/\/nuevodigitaldeescobar.com.ar\/index.php?rest_route=\/wp\/v2\/posts\/879\/revisions"}],"predecessor-version":[{"id":886,"href":"https:\/\/nuevodigitaldeescobar.com.ar\/index.php?rest_route=\/wp\/v2\/posts\/879\/revisions\/886"}],"wp:featuredmedia":[{"embeddable":true,"href":"https:\/\/nuevodigitaldeescobar.com.ar\/index.php?rest_route=\/wp\/v2\/media\/884"}],"wp:attachment":[{"href":"https:\/\/nuevodigitaldeescobar.com.ar\/index.php?rest_route=%2Fwp%2Fv2%2Fmedia&parent=879"}],"wp:term":[{"taxonomy":"category","embeddable":true,"href":"https:\/\/nuevodigitaldeescobar.com.ar\/index.php?rest_route=%2Fwp%2Fv2%2Fcategories&post=879"},{"taxonomy":"post_tag","embeddable":true,"href":"https:\/\/nuevodigitaldeescobar.com.ar\/index.php?rest_route=%2Fwp%2Fv2%2Ftags&post=879"}],"curies":[{"name":"wp","href":"https:\/\/api.w.org\/{rel}","templated":true}]}}