{"id":8803,"date":"2024-10-21T10:28:00","date_gmt":"2024-10-21T13:28:00","guid":{"rendered":"https:\/\/nuevodigitaldeescobar.com.ar\/?p=8803"},"modified":"2024-10-21T12:31:29","modified_gmt":"2024-10-21T15:31:29","slug":"las-exportaciones-argentinas-crecieron-un-206-en-septiembre-de-2024","status":"publish","type":"post","link":"https:\/\/nuevodigitaldeescobar.com.ar\/?p=8803","title":{"rendered":"Las exportaciones argentinas crecieron un 20,6% en septiembre de 2024"},"content":{"rendered":"<p><span style=\"color: #003366;\"><strong><em>El acumulado de los primeros nueve meses de 2024 muestra un super\u00e1vit comercial de 15.132 millones de d\u00f3lares.<\/em><\/strong><\/span><\/p>\n<p><!--more--><\/p>\n<hr \/>\n<p>En septiembre de 2024, la Argentina registr\u00f3 un super\u00e1vit comercial de 981 millones de d\u00f3lares, marcando diez meses consecutivos de saldo positivo. Sin embargo, la consultora ABECEB explic\u00f3 que este saldo fue el m\u00e1s bajo desde enero, y que la econom\u00eda mostr\u00f3 una mejora significativa en relaci\u00f3n con el d\u00e9ficit comercial de 774 millones de d\u00f3lares que se hab\u00eda registrado en el mismo mes de 2023, logrando una reversi\u00f3n de 1755 millones de d\u00f3lares en solo un a\u00f1o.<\/p>\n<p>El acumulado de los primeros nueve meses de 2024 muestra un super\u00e1vit comercial de 15.132 millones de d\u00f3lares, en marcado contraste con el d\u00e9ficit de 6944 millones de d\u00f3lares que se registr\u00f3 en el mismo per\u00edodo de 2023.<\/p>\n<p>Este resultado se ubica entre los m\u00e1s altos de las \u00faltimas tres d\u00e9cadas, y evidencia la recuperaci\u00f3n de la balanza comercial, impulsada tanto por un aumento de las exportaciones como por una moderaci\u00f3n en la ca\u00edda de las importaciones. Las proyecciones apuntan a un super\u00e1vit cercano a los 19.954 millones de d\u00f3lares para el total de 2024. Sin embargo, se espera que la estacionalidad sea desfavorable en el \u00faltimo trimestre del a\u00f1o.<\/p>\n<h3><span style=\"color: #003366;\">Aumento de exportaciones<\/span><\/h3>\n<p>Las exportaciones en septiembre alcanzaron los 6934 millones de d\u00f3lares, lo que representa un incremento interanual del 20,6%. Este aumento fue impulsado por un fuerte crecimiento en las cantidades exportadas, que subieron un 25,9%, mientras que los precios experimentaron una ca\u00edda del 4,2%. Este crecimiento en cantidades permiti\u00f3 que el pa\u00eds mantuviera una senda ascendente, sumando ya nueve meses consecutivos de aumentos interanuales en las ventas externas.<\/p>\n<p>Entre los sectores m\u00e1s destacados, las Manufacturas de Origen Agropecuario (MOA) experimentaron un crecimiento notable del 47,8% en valor, alcanzando los 2672 millones de d\u00f3lares. Este incremento fue en gran parte traccionado por residuos y desperdicios de alimentos, que crecieron un 62,5% interanual.<\/p>\n<p>Adem\u00e1s, las Manufacturas de Origen Industrial (MOI) tambi\u00e9n mostraron un avance, con un aumento del 7,2% interanual, impulsadas por mayores ventas de productos qu\u00edmicos y metales preciosos.<\/p>\n<p>El sector energ\u00e9tico tambi\u00e9n aport\u00f3 al crecimiento de las exportaciones, con un aumento interanual del 33,5%, impulsado por un fuerte incremento en las cantidades exportadas de petr\u00f3leo crudo y gas de petr\u00f3leo. Sin embargo, los precios de estos productos sufrieron una ca\u00edda significativa, lo que moder\u00f3 el impacto positivo en el total exportado.<\/p>\n<h3><span style=\"color: #003366;\">Menor ca\u00edda en las importaciones<\/span><\/h3>\n<p>En cuanto a las importaciones, se registr\u00f3 una disminuci\u00f3n del 8,8% interanual, totalizando 5954 millones de d\u00f3lares. Esta contracci\u00f3n fue menor a las ca\u00eddas observadas en meses anteriores, reflejando una incipiente reactivaci\u00f3n econ\u00f3mica y las primeras medidas de liberalizaci\u00f3n, como la baja del Impuesto Pa\u00eds, que impulsaron la demanda de bienes importados. No obstante, las importaciones han ca\u00eddo un 24,2% en lo que va del a\u00f1o, aunque mostrando signos de desaceleraci\u00f3n en su contracci\u00f3n.<\/p>\n<p>Los rubros que m\u00e1s contribuyeron a la ca\u00edda de las importaciones fueron los Combustibles y Lubricantes, que se desplomaron un 67,9% interanual, y las piezas y accesorios para bienes de capital, que cayeron un 13,6%. Por otro lado, las importaciones de bienes de consumo crecieron un 15% interanual, mostrando una recuperaci\u00f3n por primera vez desde noviembre de 2023.<\/p>\n<h3><span style=\"color: #003366;\">Comercio con Brasil<\/span><\/h3>\n<p>En el comercio bilateral con Brasil, Argentina registr\u00f3 un d\u00e9ficit de 151 millones de d\u00f3lares en septiembre, el m\u00e1s alto desde noviembre de 2023. A pesar de que las exportaciones hacia Brasil fueron las m\u00e1s altas desde octubre de 2023, alcanzando los 1312 millones de d\u00f3lares, las importaciones desde ese pa\u00eds totalizaron USD 1.463 millones, lo que gener\u00f3 un saldo negativo.<\/p>\n<p>Este resultado revierte el super\u00e1vit que se hab\u00eda registrado en agosto y refleja el complejo escenario del comercio con el principal socio comercial de Argentina en la regi\u00f3n.<\/p>\n<p><em>(NA)<\/em><\/p>\n","protected":false},"excerpt":{"rendered":"<p>El acumulado de los primeros nueve meses de 2024 muestra un super\u00e1vit comercial de 15.132 millones de d\u00f3lares.<\/p>\n","protected":false},"author":1,"featured_media":8804,"comment_status":"open","ping_status":"open","sticky":false,"template":"","format":"standard","meta":{"footnotes":""},"categories":[10,61],"tags":[],"class_list":["post-8803","post","type-post","status-publish","format-standard","has-post-thumbnail","hentry","category-economia","category-nacionales"],"better_featured_image":{"id":8804,"alt_text":"","caption":"","description":"","media_type":"image","media_details":{"width":720,"height":405,"file":"2024\/10\/exportaciones-e1729524655500.jpg","filesize":111846,"sizes":{"medium":{"file":"exportaciones-300x169.jpg","width":300,"height":169,"mime-type":"image\/jpeg","filesize":10193,"source_url":"https:\/\/nuevodigitaldeescobar.com.ar\/wp-content\/uploads\/2024\/10\/exportaciones-300x169.jpg"},"thumbnail":{"file":"exportaciones-150x150.jpg","width":150,"height":150,"mime-type":"image\/jpeg","filesize":4979,"source_url":"https:\/\/nuevodigitaldeescobar.com.ar\/wp-content\/uploads\/2024\/10\/exportaciones-150x150.jpg"},"medium_large":{"file":"exportaciones-768x432.jpg","width":768,"height":432,"mime-type":"image\/jpeg","filesize":48746,"source_url":"https:\/\/nuevodigitaldeescobar.com.ar\/wp-content\/uploads\/2024\/10\/exportaciones-768x432.jpg"}},"image_meta":{"aperture":"0","credit":"","camera":"","caption":"","created_timestamp":"0","copyright":"","focal_length":"0","iso":"0","shutter_speed":"0","title":"","orientation":"0","keywords":[]}},"post":8803,"source_url":"https:\/\/nuevodigitaldeescobar.com.ar\/wp-content\/uploads\/2024\/10\/exportaciones-e1729524655500.jpg"},"yoast_head":"<!-- This site is optimized with the Yoast SEO plugin v26.1.1 - https:\/\/yoast.com\/wordpress\/plugins\/seo\/ -->\n<title>Las exportaciones argentinas crecieron un 20,6% en septiembre de 2024 - Nuevo Digital de Escobar<\/title>\n<meta name=\"robots\" content=\"index, follow, max-snippet:-1, max-image-preview:large, max-video-preview:-1\" \/>\n<link rel=\"canonical\" href=\"https:\/\/nuevodigitaldeescobar.com.ar\/?p=8803\" \/>\n<meta property=\"og:locale\" content=\"es_ES\" \/>\n<meta property=\"og:type\" content=\"article\" \/>\n<meta property=\"og:title\" content=\"Las exportaciones argentinas crecieron un 20,6% en septiembre de 2024 - Nuevo Digital de Escobar\" \/>\n<meta property=\"og:description\" content=\"El acumulado de los primeros nueve meses de 2024 muestra un super\u00e1vit comercial de 15.132 millones de d\u00f3lares.\" \/>\n<meta property=\"og:url\" content=\"https:\/\/nuevodigitaldeescobar.com.ar\/?p=8803\" \/>\n<meta property=\"og:site_name\" content=\"Nuevo Digital de Escobar\" \/>\n<meta property=\"article:publisher\" content=\"https:\/\/www.facebook.com\/NUEVODigitalDeEscobar\" \/>\n<meta property=\"article:published_time\" content=\"2024-10-21T13:28:00+00:00\" \/>\n<meta property=\"article:modified_time\" content=\"2024-10-21T15:31:29+00:00\" \/>\n<meta property=\"og:image\" content=\"https:\/\/nuevodigitaldeescobar.com.ar\/wp-content\/uploads\/2024\/10\/exportaciones-e1729524655500.jpg\" \/>\n\t<meta property=\"og:image:width\" content=\"720\" \/>\n\t<meta property=\"og:image:height\" content=\"405\" \/>\n\t<meta property=\"og:image:type\" content=\"image\/jpeg\" \/>\n<meta name=\"author\" content=\"Redacci\u00f3n\" \/>\n<meta name=\"twitter:card\" content=\"summary_large_image\" \/>\n<meta name=\"twitter:creator\" content=\"@nuevodigescobar\" \/>\n<meta name=\"twitter:site\" content=\"@nuevodigescobar\" \/>\n<meta name=\"twitter:label1\" content=\"Escrito por\" \/>\n\t<meta name=\"twitter:data1\" content=\"Redacci\u00f3n\" \/>\n\t<meta name=\"twitter:label2\" content=\"Tiempo de lectura\" \/>\n\t<meta name=\"twitter:data2\" content=\"3 minutos\" \/>\n<script type=\"application\/ld+json\" class=\"yoast-schema-graph\">{\"@context\":\"https:\/\/schema.org\",\"@graph\":[{\"@type\":\"Article\",\"@id\":\"https:\/\/nuevodigitaldeescobar.com.ar\/?p=8803#article\",\"isPartOf\":{\"@id\":\"https:\/\/nuevodigitaldeescobar.com.ar\/?p=8803\"},\"author\":{\"name\":\"Redacci\u00f3n\",\"@id\":\"https:\/\/nuevodigitaldeescobar.com.ar\/#\/schema\/person\/035e90a8efe9a80e6eec22656ad6ea4c\"},\"headline\":\"Las exportaciones argentinas crecieron un 20,6% en septiembre de 2024\",\"datePublished\":\"2024-10-21T13:28:00+00:00\",\"dateModified\":\"2024-10-21T15:31:29+00:00\",\"mainEntityOfPage\":{\"@id\":\"https:\/\/nuevodigitaldeescobar.com.ar\/?p=8803\"},\"wordCount\":667,\"commentCount\":0,\"publisher\":{\"@id\":\"https:\/\/nuevodigitaldeescobar.com.ar\/#organization\"},\"image\":{\"@id\":\"https:\/\/nuevodigitaldeescobar.com.ar\/?p=8803#primaryimage\"},\"thumbnailUrl\":\"https:\/\/nuevodigitaldeescobar.com.ar\/wp-content\/uploads\/2024\/10\/exportaciones-e1729524655500.jpg\",\"articleSection\":[\"Econom\u00eda\",\"Nacionales\"],\"inLanguage\":\"es\",\"potentialAction\":[{\"@type\":\"CommentAction\",\"name\":\"Comment\",\"target\":[\"https:\/\/nuevodigitaldeescobar.com.ar\/?p=8803#respond\"]}]},{\"@type\":\"WebPage\",\"@id\":\"https:\/\/nuevodigitaldeescobar.com.ar\/?p=8803\",\"url\":\"https:\/\/nuevodigitaldeescobar.com.ar\/?p=8803\",\"name\":\"Las exportaciones argentinas crecieron un 20,6% en septiembre de 2024 - Nuevo Digital de Escobar\",\"isPartOf\":{\"@id\":\"https:\/\/nuevodigitaldeescobar.com.ar\/#website\"},\"primaryImageOfPage\":{\"@id\":\"https:\/\/nuevodigitaldeescobar.com.ar\/?p=8803#primaryimage\"},\"image\":{\"@id\":\"https:\/\/nuevodigitaldeescobar.com.ar\/?p=8803#primaryimage\"},\"thumbnailUrl\":\"https:\/\/nuevodigitaldeescobar.com.ar\/wp-content\/uploads\/2024\/10\/exportaciones-e1729524655500.jpg\",\"datePublished\":\"2024-10-21T13:28:00+00:00\",\"dateModified\":\"2024-10-21T15:31:29+00:00\",\"breadcrumb\":{\"@id\":\"https:\/\/nuevodigitaldeescobar.com.ar\/?p=8803#breadcrumb\"},\"inLanguage\":\"es\",\"potentialAction\":[{\"@type\":\"ReadAction\",\"target\":[\"https:\/\/nuevodigitaldeescobar.com.ar\/?p=8803\"]}]},{\"@type\":\"ImageObject\",\"inLanguage\":\"es\",\"@id\":\"https:\/\/nuevodigitaldeescobar.com.ar\/?p=8803#primaryimage\",\"url\":\"https:\/\/nuevodigitaldeescobar.com.ar\/wp-content\/uploads\/2024\/10\/exportaciones-e1729524655500.jpg\",\"contentUrl\":\"https:\/\/nuevodigitaldeescobar.com.ar\/wp-content\/uploads\/2024\/10\/exportaciones-e1729524655500.jpg\",\"width\":720,\"height\":405},{\"@type\":\"BreadcrumbList\",\"@id\":\"https:\/\/nuevodigitaldeescobar.com.ar\/?p=8803#breadcrumb\",\"itemListElement\":[{\"@type\":\"ListItem\",\"position\":1,\"name\":\"Portada\",\"item\":\"https:\/\/nuevodigitaldeescobar.com.ar\/\"},{\"@type\":\"ListItem\",\"position\":2,\"name\":\"Las exportaciones argentinas crecieron un 20,6% en septiembre de 2024\"}]},{\"@type\":\"WebSite\",\"@id\":\"https:\/\/nuevodigitaldeescobar.com.ar\/#website\",\"url\":\"https:\/\/nuevodigitaldeescobar.com.ar\/\",\"name\":\"Nuevo Digital de Escobar\",\"description\":\"La vida escobarense. Directora: Rosana Brunner\",\"publisher\":{\"@id\":\"https:\/\/nuevodigitaldeescobar.com.ar\/#organization\"},\"potentialAction\":[{\"@type\":\"SearchAction\",\"target\":{\"@type\":\"EntryPoint\",\"urlTemplate\":\"https:\/\/nuevodigitaldeescobar.com.ar\/?s={search_term_string}\"},\"query-input\":{\"@type\":\"PropertyValueSpecification\",\"valueRequired\":true,\"valueName\":\"search_term_string\"}}],\"inLanguage\":\"es\"},{\"@type\":\"Organization\",\"@id\":\"https:\/\/nuevodigitaldeescobar.com.ar\/#organization\",\"name\":\"Nuevo Digital de Escobar\",\"url\":\"https:\/\/nuevodigitaldeescobar.com.ar\/\",\"logo\":{\"@type\":\"ImageObject\",\"inLanguage\":\"es\",\"@id\":\"https:\/\/nuevodigitaldeescobar.com.ar\/#\/schema\/logo\/image\/\",\"url\":\"https:\/\/nuevodigitaldeescobar.com.ar\/wp-content\/uploads\/2025\/05\/cropped-logo-nuevo2.jpg\",\"contentUrl\":\"https:\/\/nuevodigitaldeescobar.com.ar\/wp-content\/uploads\/2025\/05\/cropped-logo-nuevo2.jpg\",\"width\":305,\"height\":305,\"caption\":\"Nuevo Digital de Escobar\"},\"image\":{\"@id\":\"https:\/\/nuevodigitaldeescobar.com.ar\/#\/schema\/logo\/image\/\"},\"sameAs\":[\"https:\/\/www.facebook.com\/NUEVODigitalDeEscobar\",\"https:\/\/x.com\/nuevodigescobar\",\"https:\/\/www.instagram.com\/nuevodigitaldeescobar\"]},{\"@type\":\"Person\",\"@id\":\"https:\/\/nuevodigitaldeescobar.com.ar\/#\/schema\/person\/035e90a8efe9a80e6eec22656ad6ea4c\",\"name\":\"Redacci\u00f3n\",\"image\":{\"@type\":\"ImageObject\",\"inLanguage\":\"es\",\"@id\":\"https:\/\/nuevodigitaldeescobar.com.ar\/#\/schema\/person\/image\/\",\"url\":\"https:\/\/secure.gravatar.com\/avatar\/8af8f40000c24e9eef3034f2be5998a372bb1389e64b1a4a36b3a7979142220d?s=96&d=mm&r=g\",\"contentUrl\":\"https:\/\/secure.gravatar.com\/avatar\/8af8f40000c24e9eef3034f2be5998a372bb1389e64b1a4a36b3a7979142220d?s=96&d=mm&r=g\",\"caption\":\"Redacci\u00f3n\"},\"sameAs\":[\"http:\/\/nuevodigitaldeescobar.com.ar\"],\"url\":\"https:\/\/nuevodigitaldeescobar.com.ar\/?author=1\"}]}<\/script>\n<!-- \/ Yoast SEO plugin. -->","yoast_head_json":{"title":"Las exportaciones argentinas crecieron un 20,6% en septiembre de 2024 - Nuevo Digital de Escobar","robots":{"index":"index","follow":"follow","max-snippet":"max-snippet:-1","max-image-preview":"max-image-preview:large","max-video-preview":"max-video-preview:-1"},"canonical":"https:\/\/nuevodigitaldeescobar.com.ar\/?p=8803","og_locale":"es_ES","og_type":"article","og_title":"Las exportaciones argentinas crecieron un 20,6% en septiembre de 2024 - Nuevo Digital de Escobar","og_description":"El acumulado de los primeros nueve meses de 2024 muestra un super\u00e1vit comercial de 15.132 millones de d\u00f3lares.","og_url":"https:\/\/nuevodigitaldeescobar.com.ar\/?p=8803","og_site_name":"Nuevo Digital de Escobar","article_publisher":"https:\/\/www.facebook.com\/NUEVODigitalDeEscobar","article_published_time":"2024-10-21T13:28:00+00:00","article_modified_time":"2024-10-21T15:31:29+00:00","og_image":[{"width":720,"height":405,"url":"https:\/\/nuevodigitaldeescobar.com.ar\/wp-content\/uploads\/2024\/10\/exportaciones-e1729524655500.jpg","type":"image\/jpeg"}],"author":"Redacci\u00f3n","twitter_card":"summary_large_image","twitter_creator":"@nuevodigescobar","twitter_site":"@nuevodigescobar","twitter_misc":{"Escrito por":"Redacci\u00f3n","Tiempo de lectura":"3 minutos"},"schema":{"@context":"https:\/\/schema.org","@graph":[{"@type":"Article","@id":"https:\/\/nuevodigitaldeescobar.com.ar\/?p=8803#article","isPartOf":{"@id":"https:\/\/nuevodigitaldeescobar.com.ar\/?p=8803"},"author":{"name":"Redacci\u00f3n","@id":"https:\/\/nuevodigitaldeescobar.com.ar\/#\/schema\/person\/035e90a8efe9a80e6eec22656ad6ea4c"},"headline":"Las exportaciones argentinas crecieron un 20,6% en septiembre de 2024","datePublished":"2024-10-21T13:28:00+00:00","dateModified":"2024-10-21T15:31:29+00:00","mainEntityOfPage":{"@id":"https:\/\/nuevodigitaldeescobar.com.ar\/?p=8803"},"wordCount":667,"commentCount":0,"publisher":{"@id":"https:\/\/nuevodigitaldeescobar.com.ar\/#organization"},"image":{"@id":"https:\/\/nuevodigitaldeescobar.com.ar\/?p=8803#primaryimage"},"thumbnailUrl":"https:\/\/nuevodigitaldeescobar.com.ar\/wp-content\/uploads\/2024\/10\/exportaciones-e1729524655500.jpg","articleSection":["Econom\u00eda","Nacionales"],"inLanguage":"es","potentialAction":[{"@type":"CommentAction","name":"Comment","target":["https:\/\/nuevodigitaldeescobar.com.ar\/?p=8803#respond"]}]},{"@type":"WebPage","@id":"https:\/\/nuevodigitaldeescobar.com.ar\/?p=8803","url":"https:\/\/nuevodigitaldeescobar.com.ar\/?p=8803","name":"Las exportaciones argentinas crecieron un 20,6% en septiembre de 2024 - Nuevo Digital de Escobar","isPartOf":{"@id":"https:\/\/nuevodigitaldeescobar.com.ar\/#website"},"primaryImageOfPage":{"@id":"https:\/\/nuevodigitaldeescobar.com.ar\/?p=8803#primaryimage"},"image":{"@id":"https:\/\/nuevodigitaldeescobar.com.ar\/?p=8803#primaryimage"},"thumbnailUrl":"https:\/\/nuevodigitaldeescobar.com.ar\/wp-content\/uploads\/2024\/10\/exportaciones-e1729524655500.jpg","datePublished":"2024-10-21T13:28:00+00:00","dateModified":"2024-10-21T15:31:29+00:00","breadcrumb":{"@id":"https:\/\/nuevodigitaldeescobar.com.ar\/?p=8803#breadcrumb"},"inLanguage":"es","potentialAction":[{"@type":"ReadAction","target":["https:\/\/nuevodigitaldeescobar.com.ar\/?p=8803"]}]},{"@type":"ImageObject","inLanguage":"es","@id":"https:\/\/nuevodigitaldeescobar.com.ar\/?p=8803#primaryimage","url":"https:\/\/nuevodigitaldeescobar.com.ar\/wp-content\/uploads\/2024\/10\/exportaciones-e1729524655500.jpg","contentUrl":"https:\/\/nuevodigitaldeescobar.com.ar\/wp-content\/uploads\/2024\/10\/exportaciones-e1729524655500.jpg","width":720,"height":405},{"@type":"BreadcrumbList","@id":"https:\/\/nuevodigitaldeescobar.com.ar\/?p=8803#breadcrumb","itemListElement":[{"@type":"ListItem","position":1,"name":"Portada","item":"https:\/\/nuevodigitaldeescobar.com.ar\/"},{"@type":"ListItem","position":2,"name":"Las exportaciones argentinas crecieron un 20,6% en septiembre de 2024"}]},{"@type":"WebSite","@id":"https:\/\/nuevodigitaldeescobar.com.ar\/#website","url":"https:\/\/nuevodigitaldeescobar.com.ar\/","name":"Nuevo Digital de Escobar","description":"La vida escobarense. Directora: Rosana Brunner","publisher":{"@id":"https:\/\/nuevodigitaldeescobar.com.ar\/#organization"},"potentialAction":[{"@type":"SearchAction","target":{"@type":"EntryPoint","urlTemplate":"https:\/\/nuevodigitaldeescobar.com.ar\/?s={search_term_string}"},"query-input":{"@type":"PropertyValueSpecification","valueRequired":true,"valueName":"search_term_string"}}],"inLanguage":"es"},{"@type":"Organization","@id":"https:\/\/nuevodigitaldeescobar.com.ar\/#organization","name":"Nuevo Digital de Escobar","url":"https:\/\/nuevodigitaldeescobar.com.ar\/","logo":{"@type":"ImageObject","inLanguage":"es","@id":"https:\/\/nuevodigitaldeescobar.com.ar\/#\/schema\/logo\/image\/","url":"https:\/\/nuevodigitaldeescobar.com.ar\/wp-content\/uploads\/2025\/05\/cropped-logo-nuevo2.jpg","contentUrl":"https:\/\/nuevodigitaldeescobar.com.ar\/wp-content\/uploads\/2025\/05\/cropped-logo-nuevo2.jpg","width":305,"height":305,"caption":"Nuevo Digital de Escobar"},"image":{"@id":"https:\/\/nuevodigitaldeescobar.com.ar\/#\/schema\/logo\/image\/"},"sameAs":["https:\/\/www.facebook.com\/NUEVODigitalDeEscobar","https:\/\/x.com\/nuevodigescobar","https:\/\/www.instagram.com\/nuevodigitaldeescobar"]},{"@type":"Person","@id":"https:\/\/nuevodigitaldeescobar.com.ar\/#\/schema\/person\/035e90a8efe9a80e6eec22656ad6ea4c","name":"Redacci\u00f3n","image":{"@type":"ImageObject","inLanguage":"es","@id":"https:\/\/nuevodigitaldeescobar.com.ar\/#\/schema\/person\/image\/","url":"https:\/\/secure.gravatar.com\/avatar\/8af8f40000c24e9eef3034f2be5998a372bb1389e64b1a4a36b3a7979142220d?s=96&d=mm&r=g","contentUrl":"https:\/\/secure.gravatar.com\/avatar\/8af8f40000c24e9eef3034f2be5998a372bb1389e64b1a4a36b3a7979142220d?s=96&d=mm&r=g","caption":"Redacci\u00f3n"},"sameAs":["http:\/\/nuevodigitaldeescobar.com.ar"],"url":"https:\/\/nuevodigitaldeescobar.com.ar\/?author=1"}]}},"featured_image_urls":{"full":["https:\/\/nuevodigitaldeescobar.com.ar\/wp-content\/uploads\/2024\/10\/exportaciones-e1729524655500.jpg",720,405,false],"thumbnail":["https:\/\/nuevodigitaldeescobar.com.ar\/wp-content\/uploads\/2024\/10\/exportaciones-150x150.jpg",150,150,true],"medium":["https:\/\/nuevodigitaldeescobar.com.ar\/wp-content\/uploads\/2024\/10\/exportaciones-300x169.jpg",300,169,true],"medium_large":["https:\/\/nuevodigitaldeescobar.com.ar\/wp-content\/uploads\/2024\/10\/exportaciones-768x432.jpg",640,360,true],"large":["https:\/\/nuevodigitaldeescobar.com.ar\/wp-content\/uploads\/2024\/10\/exportaciones-e1729524655500.jpg",640,360,false],"1536x1536":["https:\/\/nuevodigitaldeescobar.com.ar\/wp-content\/uploads\/2024\/10\/exportaciones-e1729524655500.jpg",720,405,false],"2048x2048":["https:\/\/nuevodigitaldeescobar.com.ar\/wp-content\/uploads\/2024\/10\/exportaciones-e1729524655500.jpg",720,405,false]},"author_info":{"display_name":"Redacci\u00f3n","author_link":"https:\/\/nuevodigitaldeescobar.com.ar\/?author=1"},"category_info":"<a href=\"https:\/\/nuevodigitaldeescobar.com.ar\/?cat=10\" rel=\"category\">Econom\u00eda<\/a> <a href=\"https:\/\/nuevodigitaldeescobar.com.ar\/?cat=61\" rel=\"category\">Nacionales<\/a>","tag_info":"Nacionales","comment_count":"0","_links":{"self":[{"href":"https:\/\/nuevodigitaldeescobar.com.ar\/index.php?rest_route=\/wp\/v2\/posts\/8803","targetHints":{"allow":["GET"]}}],"collection":[{"href":"https:\/\/nuevodigitaldeescobar.com.ar\/index.php?rest_route=\/wp\/v2\/posts"}],"about":[{"href":"https:\/\/nuevodigitaldeescobar.com.ar\/index.php?rest_route=\/wp\/v2\/types\/post"}],"author":[{"embeddable":true,"href":"https:\/\/nuevodigitaldeescobar.com.ar\/index.php?rest_route=\/wp\/v2\/users\/1"}],"replies":[{"embeddable":true,"href":"https:\/\/nuevodigitaldeescobar.com.ar\/index.php?rest_route=%2Fwp%2Fv2%2Fcomments&post=8803"}],"version-history":[{"count":1,"href":"https:\/\/nuevodigitaldeescobar.com.ar\/index.php?rest_route=\/wp\/v2\/posts\/8803\/revisions"}],"predecessor-version":[{"id":8805,"href":"https:\/\/nuevodigitaldeescobar.com.ar\/index.php?rest_route=\/wp\/v2\/posts\/8803\/revisions\/8805"}],"wp:featuredmedia":[{"embeddable":true,"href":"https:\/\/nuevodigitaldeescobar.com.ar\/index.php?rest_route=\/wp\/v2\/media\/8804"}],"wp:attachment":[{"href":"https:\/\/nuevodigitaldeescobar.com.ar\/index.php?rest_route=%2Fwp%2Fv2%2Fmedia&parent=8803"}],"wp:term":[{"taxonomy":"category","embeddable":true,"href":"https:\/\/nuevodigitaldeescobar.com.ar\/index.php?rest_route=%2Fwp%2Fv2%2Fcategories&post=8803"},{"taxonomy":"post_tag","embeddable":true,"href":"https:\/\/nuevodigitaldeescobar.com.ar\/index.php?rest_route=%2Fwp%2Fv2%2Ftags&post=8803"}],"curies":[{"name":"wp","href":"https:\/\/api.w.org\/{rel}","templated":true}]}}