{"id":887,"date":"2023-11-12T07:00:00","date_gmt":"2023-11-12T10:00:00","guid":{"rendered":"https:\/\/nuevodigitaldeescobar.com.ar\/?p=887"},"modified":"2023-11-10T21:42:19","modified_gmt":"2023-11-11T00:42:19","slug":"ano-1947-nacionalizacion-o-compra-de-los-ferrocarriles-ingleses","status":"publish","type":"post","link":"https:\/\/nuevodigitaldeescobar.com.ar\/?p=887","title":{"rendered":"A\u00f1o 1947: nacionalizaci\u00f3n o compra de los ferrocarriles ingleses"},"content":{"rendered":"<p><span style=\"color: #003366;\"><strong><em>Escrito por Abel Fern\u00e1ndez, vecino de la localidad de Matheu, quien, a sus 97 a\u00f1os, recuerda sus 40 a\u00f1os como Jefe de Control de Trenes del Ferrocarril Mitre, acerc\u00e1ndonos algo de su historia. Segunda y \u00faltima parte.<\/em><\/strong><\/span><\/p>\n<p><!--more--><\/p>\n<p>Esto le demand\u00f3 a la Rep\u00fablica Argentina un gasto de 600 millones de d\u00f3lares por las l\u00edneas inglesas y otros 54 millones por los de la l\u00ednea francesa.<\/p>\n<p>Esta medida se discuti\u00f3 y se discute a\u00fan, sobre la conveniencia o no de esa compra. Personalmente pienso, sin ser el due\u00f1o de la verdad, que debi\u00f3 exig\u00edrsele a los citados capitales un servicio acorde a la \u00e9poca, y no haberle permitido el abandono paulatino en que se lo dej\u00f3 caer.<\/p>\n<p>En cuanto a los ferrocarriles argentinos, por el a\u00f1o 1947 prestaban un servicio regular en todas las estaciones del pa\u00eds, pero al ser nacionalizados la pol\u00edtica tuvo parte preponderante en su manejo, y aparecieron las controversias que terminaron por destruir una red de 48.600 kil\u00f3metros de v\u00eda \u00fatil, que en la actualidad s\u00f3lo llegan a los 13 mil.<\/p>\n<p>Los ingleses dispusieron a su antojo de las mejores tierras, aprovechando la comodidad de nosotros, los argentinos. As\u00ed ellos fundaron una l\u00ednea ferroviaria sin dudas donde a ellos les conven\u00eda, pero nosotros las sacamos de las ciudades.<\/p>\n<p>Se sucedieron las huelgas que s\u00f3lo generaban problemas en su funcionamiento, hasta que el 30 de noviembre de 1961, gobernando Frondizi, se intent\u00f3 implantar el plan Larkin, en el que se sosten\u00eda que todo el sistema deb\u00eda reducirse a un 40%, eliminando personal, no se admit\u00edan las construcciones de nuevas v\u00edas, se eliminaba todo servicio de confiter\u00eda y limpieza de las estaciones, y, a todo esto, con el sistema parado por 42 d\u00edas, los empleados perseguidos, si algunos eran detenidos se los obligaba a trabajar. En tanto, al se\u00f1or presidente Arturo Frondizi, de viaje por la India, se lo ve\u00eda paseando sobre elefantes. Esto lo corroboran fotograf\u00edas de diarios de la \u00e9poca.<\/p>\n<p>Es indudable que con \u00e9l comenz\u00f3 la debacle ferroviaria, continuada en gran medida por el gobierno de Ongan\u00eda, hasta que finalmente Carlos Menem complet\u00f3 esta obra nefasta con aquella frase <em>\u00abramal que para, ramal que cierra\u00bb<\/em>.<\/p>\n<p><img fetchpriority=\"high\" decoding=\"async\" class=\"alignnone size-full wp-image-880\" src=\"http:\/\/nuevodigitaldeescobar.com.ar\/wp-content\/uploads\/2023\/11\/cavallo.jpg\" alt=\"\" width=\"720\" height=\"583\" srcset=\"https:\/\/nuevodigitaldeescobar.com.ar\/wp-content\/uploads\/2023\/11\/cavallo.jpg 720w, https:\/\/nuevodigitaldeescobar.com.ar\/wp-content\/uploads\/2023\/11\/cavallo-300x243.jpg 300w\" sizes=\"(max-width: 720px) 100vw, 720px\" \/><\/p>\n<h3><strong>\u00bfQu\u00e9 nos podr\u00eda haber dicho Olegario V\u00edctor Andrade?<\/strong><\/h3>\n<p>Leyendo estos apasionados versos de Andrade, en el ocaso de su vida y el ferrocarril en sus albores qu\u00e9 nos hubiera podido decir viendo un tren arrastrado por una rugiente locomotora \u00abCaprotti\u00bb, formado por 12 o 14 coches en demanda de la ciudad de Rosario, o el Cuyano en viaje a la tierra del buen sol y el buen vino, o el Cinta de Plata viajando hacia el conf\u00edn norte de la Argentina; el Arrayanes con todo su lujo en viaje a Bariloche, el exclusivo o novedoso Marplatense, el Gran Capit\u00e1n que nos acercaba a las Cataratas del Iguaz\u00fa, o el emblema de los FFCC, el Estrella del Norte que, en Carnaval, Semana Santa o para fin de a\u00f1o era necesario multiplicar hasta en tres formaciones y aun as\u00ed no satisfac\u00eda toda la demanda.<\/p>\n<p>Esos grandes trenes de cargas de entre 40 y 45 vagones, arrastrados por una potente locomotora, no tan ostentosa, yo dir\u00eda una usina rodante que con su motor di\u00e9sel de dos tiempos (una novedad), no atinamos a pensar qu\u00e9 nos podr\u00eda decir.<\/p>\n<p>Entonces, para quien ha vivido esa \u00e9poca, nada ni nadie podr\u00e1 explicar qu\u00e9 pas\u00f3 y por qu\u00e9 pas\u00f3 la sistem\u00e1tica destrucci\u00f3n de nuestros ferrocarriles. Ya lo dije, y lo repito: los ingleses los pusieron en un desierto -habr\u00e1n visto un buen negocio sin duda-, pero nosotros los sacamos de las ciudades y pueblos que quedaron abandonados y convertidas sus estaciones en ruinas, y saqueadas por el vandalismo. Nada import\u00f3, todo inexplicable y demasiado triste&#8230;<\/p>\n<h3><strong>El Ferrocarril<\/strong><\/h3>\n<p>Lanz\u00f3 a los vientos su pend\u00f3n el fuego,<\/p>\n<p>rasg\u00f3 los aires su silbido agudo,<\/p>\n<p>su reguero de humo, ese fecundo riego,<\/p>\n<p>que anima el seno del desierto mudo.<\/p>\n<p>\u00a1Miradlo! Va tragando las distancias&#8230;<\/p>\n<p>parece apenas que la tierra toca&#8230;<\/p>\n<p>y devorando por febriles ansias,<\/p>\n<p>nubes vomita por su ardiente boca.<\/p>\n<p>\u00a1Miradlo! Es el guerrero del presente,<\/p>\n<p>el genio armado de la nueva idea;<\/p>\n<p>la ley del porvenir brilla en su frente,<\/p>\n<p>y su penacho de vapor ondea.<\/p>\n<p>\u00a1Miradlo! Es el centauro del progreso,<\/p>\n<p>es el audaz conquistador moderno;<\/p>\n<p>est\u00e1 de sangre su pend\u00f3n de sangre ileso,<\/p>\n<p>su gloria brilla con fulgor eterno.<\/p>\n<p>La barbarie se esconde amedrentada<\/p>\n<p>al divisar su ense\u00f1a brilladora,<\/p>\n<p>como las sombras de la noche alada,<\/p>\n<p>al centellar un rayo de la aurora.<\/p>\n<p>Los tiempos del futuro que dormitan<\/p>\n<p>del desierto en las v\u00edrgenes entra\u00f1as<\/p>\n<p>a su acento despierta y palpitan,<\/p>\n<p>cual palpitan el volc\u00e1n en su monta\u00f1a.<\/p>\n<p>Es el progreso de la primera aurora<\/p>\n<p>que irradia en esta tierra bendecida,<\/p>\n<p>en esta tierra, siempre vencedora,<\/p>\n<p>en esta tierra, hidr\u00f3pica de vida.<\/p>\n<p>Es el acento de la audacia humana<\/p>\n<p>que crece, se duplica, se agiganta;<\/p>\n<p>que pone de la vida la ma\u00f1ana<\/p>\n<p>las alas del rel\u00e1mpago a su patria.<\/p>\n<p>Olegario V\u00edctor Andrade &#8211; 1829\/1882.<\/p>\n<p><img decoding=\"async\" class=\"alignnone size-full wp-image-883\" src=\"http:\/\/nuevodigitaldeescobar.com.ar\/wp-content\/uploads\/2023\/11\/Imagen-de-WhatsApp-2023-11-10-a-las-18.27.51_a9eb7b0d.jpg\" alt=\"\" width=\"720\" height=\"591\" srcset=\"https:\/\/nuevodigitaldeescobar.com.ar\/wp-content\/uploads\/2023\/11\/Imagen-de-WhatsApp-2023-11-10-a-las-18.27.51_a9eb7b0d.jpg 720w, https:\/\/nuevodigitaldeescobar.com.ar\/wp-content\/uploads\/2023\/11\/Imagen-de-WhatsApp-2023-11-10-a-las-18.27.51_a9eb7b0d-300x246.jpg 300w\" sizes=\"(max-width: 720px) 100vw, 720px\" \/><\/p>\n","protected":false},"excerpt":{"rendered":"<p>Escrito por Abel Fern\u00e1ndez, vecino de la localidad de Matheu, quien, a sus 97 a\u00f1os, recuerda sus 40 a\u00f1os como Jefe de Control de Trenes [&hellip;]<\/p>\n","protected":false},"author":1,"featured_media":882,"comment_status":"open","ping_status":"closed","sticky":false,"template":"","format":"standard","meta":{"footnotes":""},"categories":[15],"tags":[],"class_list":["post-887","post","type-post","status-publish","format-standard","has-post-thumbnail","hentry","category-sociedad"],"better_featured_image":{"id":882,"alt_text":"","caption":"","description":"","media_type":"image","media_details":{"width":720,"height":465,"file":"2023\/11\/huelga-1961-497x321-1.jpg","filesize":81286,"sizes":{"medium":{"file":"huelga-1961-497x321-1-300x194.jpg","width":300,"height":194,"mime-type":"image\/jpeg","filesize":33405,"source_url":"https:\/\/nuevodigitaldeescobar.com.ar\/wp-content\/uploads\/2023\/11\/huelga-1961-497x321-1-300x194.jpg"},"thumbnail":{"file":"huelga-1961-497x321-1-150x150.jpg","width":150,"height":150,"mime-type":"image\/jpeg","filesize":23174,"source_url":"https:\/\/nuevodigitaldeescobar.com.ar\/wp-content\/uploads\/2023\/11\/huelga-1961-497x321-1-150x150.jpg"},"covernews-medium":{"file":"huelga-1961-497x321-1-540x340.jpg","width":540,"height":340,"mime-type":"image\/jpeg","filesize":58455,"source_url":"https:\/\/nuevodigitaldeescobar.com.ar\/wp-content\/uploads\/2023\/11\/huelga-1961-497x321-1-540x340.jpg"},"covernews-medium-square":{"file":"huelga-1961-497x321-1-400x250.jpg","width":400,"height":250,"mime-type":"image\/jpeg","filesize":42694,"source_url":"https:\/\/nuevodigitaldeescobar.com.ar\/wp-content\/uploads\/2023\/11\/huelga-1961-497x321-1-400x250.jpg"}},"image_meta":{"aperture":"0","credit":"","camera":"","caption":"","created_timestamp":"0","copyright":"","focal_length":"0","iso":"0","shutter_speed":"0","title":"","orientation":"1","keywords":[]}},"post":879,"source_url":"https:\/\/nuevodigitaldeescobar.com.ar\/wp-content\/uploads\/2023\/11\/huelga-1961-497x321-1.jpg"},"yoast_head":"<!-- This site is optimized with the Yoast SEO plugin v26.1.1 - https:\/\/yoast.com\/wordpress\/plugins\/seo\/ -->\n<title>A\u00f1o 1947: nacionalizaci\u00f3n o compra de los ferrocarriles ingleses - Nuevo Digital de Escobar<\/title>\n<meta name=\"robots\" content=\"index, follow, max-snippet:-1, max-image-preview:large, max-video-preview:-1\" \/>\n<link rel=\"canonical\" href=\"https:\/\/nuevodigitaldeescobar.com.ar\/?p=887\" \/>\n<meta property=\"og:locale\" content=\"es_ES\" \/>\n<meta property=\"og:type\" content=\"article\" \/>\n<meta property=\"og:title\" content=\"A\u00f1o 1947: nacionalizaci\u00f3n o compra de los ferrocarriles ingleses - Nuevo Digital de Escobar\" \/>\n<meta property=\"og:description\" content=\"Escrito por Abel Fern\u00e1ndez, vecino de la localidad de Matheu, quien, a sus 97 a\u00f1os, recuerda sus 40 a\u00f1os como Jefe de Control de Trenes [&hellip;]\" \/>\n<meta property=\"og:url\" content=\"https:\/\/nuevodigitaldeescobar.com.ar\/?p=887\" \/>\n<meta property=\"og:site_name\" content=\"Nuevo Digital de Escobar\" \/>\n<meta property=\"article:publisher\" content=\"https:\/\/www.facebook.com\/NUEVODigitalDeEscobar\" \/>\n<meta property=\"article:published_time\" content=\"2023-11-12T10:00:00+00:00\" \/>\n<meta property=\"og:image\" content=\"https:\/\/nuevodigitaldeescobar.com.ar\/wp-content\/uploads\/2023\/11\/huelga-1961-497x321-1.jpg\" \/>\n\t<meta property=\"og:image:width\" content=\"720\" \/>\n\t<meta property=\"og:image:height\" content=\"465\" \/>\n\t<meta property=\"og:image:type\" content=\"image\/jpeg\" \/>\n<meta name=\"author\" content=\"Redacci\u00f3n\" \/>\n<meta name=\"twitter:card\" content=\"summary_large_image\" \/>\n<meta name=\"twitter:creator\" content=\"@nuevodigescobar\" \/>\n<meta name=\"twitter:site\" content=\"@nuevodigescobar\" \/>\n<meta name=\"twitter:label1\" content=\"Escrito por\" \/>\n\t<meta name=\"twitter:data1\" content=\"Redacci\u00f3n\" \/>\n\t<meta name=\"twitter:label2\" content=\"Tiempo de lectura\" \/>\n\t<meta name=\"twitter:data2\" content=\"4 minutos\" \/>\n<script type=\"application\/ld+json\" class=\"yoast-schema-graph\">{\"@context\":\"https:\/\/schema.org\",\"@graph\":[{\"@type\":\"Article\",\"@id\":\"https:\/\/nuevodigitaldeescobar.com.ar\/?p=887#article\",\"isPartOf\":{\"@id\":\"https:\/\/nuevodigitaldeescobar.com.ar\/?p=887\"},\"author\":{\"name\":\"Redacci\u00f3n\",\"@id\":\"https:\/\/nuevodigitaldeescobar.com.ar\/#\/schema\/person\/035e90a8efe9a80e6eec22656ad6ea4c\"},\"headline\":\"A\u00f1o 1947: nacionalizaci\u00f3n o compra de los ferrocarriles ingleses\",\"datePublished\":\"2023-11-12T10:00:00+00:00\",\"mainEntityOfPage\":{\"@id\":\"https:\/\/nuevodigitaldeescobar.com.ar\/?p=887\"},\"wordCount\":873,\"commentCount\":0,\"publisher\":{\"@id\":\"https:\/\/nuevodigitaldeescobar.com.ar\/#organization\"},\"image\":{\"@id\":\"https:\/\/nuevodigitaldeescobar.com.ar\/?p=887#primaryimage\"},\"thumbnailUrl\":\"https:\/\/nuevodigitaldeescobar.com.ar\/wp-content\/uploads\/2023\/11\/huelga-1961-497x321-1.jpg\",\"articleSection\":[\"Sociedad\"],\"inLanguage\":\"es\",\"potentialAction\":[{\"@type\":\"CommentAction\",\"name\":\"Comment\",\"target\":[\"https:\/\/nuevodigitaldeescobar.com.ar\/?p=887#respond\"]}]},{\"@type\":\"WebPage\",\"@id\":\"https:\/\/nuevodigitaldeescobar.com.ar\/?p=887\",\"url\":\"https:\/\/nuevodigitaldeescobar.com.ar\/?p=887\",\"name\":\"A\u00f1o 1947: nacionalizaci\u00f3n o compra de los ferrocarriles ingleses - Nuevo Digital de Escobar\",\"isPartOf\":{\"@id\":\"https:\/\/nuevodigitaldeescobar.com.ar\/#website\"},\"primaryImageOfPage\":{\"@id\":\"https:\/\/nuevodigitaldeescobar.com.ar\/?p=887#primaryimage\"},\"image\":{\"@id\":\"https:\/\/nuevodigitaldeescobar.com.ar\/?p=887#primaryimage\"},\"thumbnailUrl\":\"https:\/\/nuevodigitaldeescobar.com.ar\/wp-content\/uploads\/2023\/11\/huelga-1961-497x321-1.jpg\",\"datePublished\":\"2023-11-12T10:00:00+00:00\",\"breadcrumb\":{\"@id\":\"https:\/\/nuevodigitaldeescobar.com.ar\/?p=887#breadcrumb\"},\"inLanguage\":\"es\",\"potentialAction\":[{\"@type\":\"ReadAction\",\"target\":[\"https:\/\/nuevodigitaldeescobar.com.ar\/?p=887\"]}]},{\"@type\":\"ImageObject\",\"inLanguage\":\"es\",\"@id\":\"https:\/\/nuevodigitaldeescobar.com.ar\/?p=887#primaryimage\",\"url\":\"https:\/\/nuevodigitaldeescobar.com.ar\/wp-content\/uploads\/2023\/11\/huelga-1961-497x321-1.jpg\",\"contentUrl\":\"https:\/\/nuevodigitaldeescobar.com.ar\/wp-content\/uploads\/2023\/11\/huelga-1961-497x321-1.jpg\",\"width\":720,\"height\":465},{\"@type\":\"BreadcrumbList\",\"@id\":\"https:\/\/nuevodigitaldeescobar.com.ar\/?p=887#breadcrumb\",\"itemListElement\":[{\"@type\":\"ListItem\",\"position\":1,\"name\":\"Portada\",\"item\":\"https:\/\/nuevodigitaldeescobar.com.ar\/\"},{\"@type\":\"ListItem\",\"position\":2,\"name\":\"A\u00f1o 1947: nacionalizaci\u00f3n o compra de los ferrocarriles ingleses\"}]},{\"@type\":\"WebSite\",\"@id\":\"https:\/\/nuevodigitaldeescobar.com.ar\/#website\",\"url\":\"https:\/\/nuevodigitaldeescobar.com.ar\/\",\"name\":\"Nuevo Digital de Escobar\",\"description\":\"La vida escobarense. Directora: Rosana Brunner\",\"publisher\":{\"@id\":\"https:\/\/nuevodigitaldeescobar.com.ar\/#organization\"},\"potentialAction\":[{\"@type\":\"SearchAction\",\"target\":{\"@type\":\"EntryPoint\",\"urlTemplate\":\"https:\/\/nuevodigitaldeescobar.com.ar\/?s={search_term_string}\"},\"query-input\":{\"@type\":\"PropertyValueSpecification\",\"valueRequired\":true,\"valueName\":\"search_term_string\"}}],\"inLanguage\":\"es\"},{\"@type\":\"Organization\",\"@id\":\"https:\/\/nuevodigitaldeescobar.com.ar\/#organization\",\"name\":\"Nuevo Digital de Escobar\",\"url\":\"https:\/\/nuevodigitaldeescobar.com.ar\/\",\"logo\":{\"@type\":\"ImageObject\",\"inLanguage\":\"es\",\"@id\":\"https:\/\/nuevodigitaldeescobar.com.ar\/#\/schema\/logo\/image\/\",\"url\":\"https:\/\/nuevodigitaldeescobar.com.ar\/wp-content\/uploads\/2025\/05\/cropped-logo-nuevo2.jpg\",\"contentUrl\":\"https:\/\/nuevodigitaldeescobar.com.ar\/wp-content\/uploads\/2025\/05\/cropped-logo-nuevo2.jpg\",\"width\":305,\"height\":305,\"caption\":\"Nuevo Digital de Escobar\"},\"image\":{\"@id\":\"https:\/\/nuevodigitaldeescobar.com.ar\/#\/schema\/logo\/image\/\"},\"sameAs\":[\"https:\/\/www.facebook.com\/NUEVODigitalDeEscobar\",\"https:\/\/x.com\/nuevodigescobar\",\"https:\/\/www.instagram.com\/nuevodigitaldeescobar\"]},{\"@type\":\"Person\",\"@id\":\"https:\/\/nuevodigitaldeescobar.com.ar\/#\/schema\/person\/035e90a8efe9a80e6eec22656ad6ea4c\",\"name\":\"Redacci\u00f3n\",\"image\":{\"@type\":\"ImageObject\",\"inLanguage\":\"es\",\"@id\":\"https:\/\/nuevodigitaldeescobar.com.ar\/#\/schema\/person\/image\/\",\"url\":\"https:\/\/secure.gravatar.com\/avatar\/8af8f40000c24e9eef3034f2be5998a372bb1389e64b1a4a36b3a7979142220d?s=96&d=mm&r=g\",\"contentUrl\":\"https:\/\/secure.gravatar.com\/avatar\/8af8f40000c24e9eef3034f2be5998a372bb1389e64b1a4a36b3a7979142220d?s=96&d=mm&r=g\",\"caption\":\"Redacci\u00f3n\"},\"sameAs\":[\"http:\/\/nuevodigitaldeescobar.com.ar\"],\"url\":\"https:\/\/nuevodigitaldeescobar.com.ar\/?author=1\"}]}<\/script>\n<!-- \/ Yoast SEO plugin. -->","yoast_head_json":{"title":"A\u00f1o 1947: nacionalizaci\u00f3n o compra de los ferrocarriles ingleses - Nuevo Digital de Escobar","robots":{"index":"index","follow":"follow","max-snippet":"max-snippet:-1","max-image-preview":"max-image-preview:large","max-video-preview":"max-video-preview:-1"},"canonical":"https:\/\/nuevodigitaldeescobar.com.ar\/?p=887","og_locale":"es_ES","og_type":"article","og_title":"A\u00f1o 1947: nacionalizaci\u00f3n o compra de los ferrocarriles ingleses - Nuevo Digital de Escobar","og_description":"Escrito por Abel Fern\u00e1ndez, vecino de la localidad de Matheu, quien, a sus 97 a\u00f1os, recuerda sus 40 a\u00f1os como Jefe de Control de Trenes [&hellip;]","og_url":"https:\/\/nuevodigitaldeescobar.com.ar\/?p=887","og_site_name":"Nuevo Digital de Escobar","article_publisher":"https:\/\/www.facebook.com\/NUEVODigitalDeEscobar","article_published_time":"2023-11-12T10:00:00+00:00","og_image":[{"width":720,"height":465,"url":"https:\/\/nuevodigitaldeescobar.com.ar\/wp-content\/uploads\/2023\/11\/huelga-1961-497x321-1.jpg","type":"image\/jpeg"}],"author":"Redacci\u00f3n","twitter_card":"summary_large_image","twitter_creator":"@nuevodigescobar","twitter_site":"@nuevodigescobar","twitter_misc":{"Escrito por":"Redacci\u00f3n","Tiempo de lectura":"4 minutos"},"schema":{"@context":"https:\/\/schema.org","@graph":[{"@type":"Article","@id":"https:\/\/nuevodigitaldeescobar.com.ar\/?p=887#article","isPartOf":{"@id":"https:\/\/nuevodigitaldeescobar.com.ar\/?p=887"},"author":{"name":"Redacci\u00f3n","@id":"https:\/\/nuevodigitaldeescobar.com.ar\/#\/schema\/person\/035e90a8efe9a80e6eec22656ad6ea4c"},"headline":"A\u00f1o 1947: nacionalizaci\u00f3n o compra de los ferrocarriles ingleses","datePublished":"2023-11-12T10:00:00+00:00","mainEntityOfPage":{"@id":"https:\/\/nuevodigitaldeescobar.com.ar\/?p=887"},"wordCount":873,"commentCount":0,"publisher":{"@id":"https:\/\/nuevodigitaldeescobar.com.ar\/#organization"},"image":{"@id":"https:\/\/nuevodigitaldeescobar.com.ar\/?p=887#primaryimage"},"thumbnailUrl":"https:\/\/nuevodigitaldeescobar.com.ar\/wp-content\/uploads\/2023\/11\/huelga-1961-497x321-1.jpg","articleSection":["Sociedad"],"inLanguage":"es","potentialAction":[{"@type":"CommentAction","name":"Comment","target":["https:\/\/nuevodigitaldeescobar.com.ar\/?p=887#respond"]}]},{"@type":"WebPage","@id":"https:\/\/nuevodigitaldeescobar.com.ar\/?p=887","url":"https:\/\/nuevodigitaldeescobar.com.ar\/?p=887","name":"A\u00f1o 1947: nacionalizaci\u00f3n o compra de los ferrocarriles ingleses - Nuevo Digital de Escobar","isPartOf":{"@id":"https:\/\/nuevodigitaldeescobar.com.ar\/#website"},"primaryImageOfPage":{"@id":"https:\/\/nuevodigitaldeescobar.com.ar\/?p=887#primaryimage"},"image":{"@id":"https:\/\/nuevodigitaldeescobar.com.ar\/?p=887#primaryimage"},"thumbnailUrl":"https:\/\/nuevodigitaldeescobar.com.ar\/wp-content\/uploads\/2023\/11\/huelga-1961-497x321-1.jpg","datePublished":"2023-11-12T10:00:00+00:00","breadcrumb":{"@id":"https:\/\/nuevodigitaldeescobar.com.ar\/?p=887#breadcrumb"},"inLanguage":"es","potentialAction":[{"@type":"ReadAction","target":["https:\/\/nuevodigitaldeescobar.com.ar\/?p=887"]}]},{"@type":"ImageObject","inLanguage":"es","@id":"https:\/\/nuevodigitaldeescobar.com.ar\/?p=887#primaryimage","url":"https:\/\/nuevodigitaldeescobar.com.ar\/wp-content\/uploads\/2023\/11\/huelga-1961-497x321-1.jpg","contentUrl":"https:\/\/nuevodigitaldeescobar.com.ar\/wp-content\/uploads\/2023\/11\/huelga-1961-497x321-1.jpg","width":720,"height":465},{"@type":"BreadcrumbList","@id":"https:\/\/nuevodigitaldeescobar.com.ar\/?p=887#breadcrumb","itemListElement":[{"@type":"ListItem","position":1,"name":"Portada","item":"https:\/\/nuevodigitaldeescobar.com.ar\/"},{"@type":"ListItem","position":2,"name":"A\u00f1o 1947: nacionalizaci\u00f3n o compra de los ferrocarriles ingleses"}]},{"@type":"WebSite","@id":"https:\/\/nuevodigitaldeescobar.com.ar\/#website","url":"https:\/\/nuevodigitaldeescobar.com.ar\/","name":"Nuevo Digital de Escobar","description":"La vida escobarense. Directora: Rosana Brunner","publisher":{"@id":"https:\/\/nuevodigitaldeescobar.com.ar\/#organization"},"potentialAction":[{"@type":"SearchAction","target":{"@type":"EntryPoint","urlTemplate":"https:\/\/nuevodigitaldeescobar.com.ar\/?s={search_term_string}"},"query-input":{"@type":"PropertyValueSpecification","valueRequired":true,"valueName":"search_term_string"}}],"inLanguage":"es"},{"@type":"Organization","@id":"https:\/\/nuevodigitaldeescobar.com.ar\/#organization","name":"Nuevo Digital de Escobar","url":"https:\/\/nuevodigitaldeescobar.com.ar\/","logo":{"@type":"ImageObject","inLanguage":"es","@id":"https:\/\/nuevodigitaldeescobar.com.ar\/#\/schema\/logo\/image\/","url":"https:\/\/nuevodigitaldeescobar.com.ar\/wp-content\/uploads\/2025\/05\/cropped-logo-nuevo2.jpg","contentUrl":"https:\/\/nuevodigitaldeescobar.com.ar\/wp-content\/uploads\/2025\/05\/cropped-logo-nuevo2.jpg","width":305,"height":305,"caption":"Nuevo Digital de Escobar"},"image":{"@id":"https:\/\/nuevodigitaldeescobar.com.ar\/#\/schema\/logo\/image\/"},"sameAs":["https:\/\/www.facebook.com\/NUEVODigitalDeEscobar","https:\/\/x.com\/nuevodigescobar","https:\/\/www.instagram.com\/nuevodigitaldeescobar"]},{"@type":"Person","@id":"https:\/\/nuevodigitaldeescobar.com.ar\/#\/schema\/person\/035e90a8efe9a80e6eec22656ad6ea4c","name":"Redacci\u00f3n","image":{"@type":"ImageObject","inLanguage":"es","@id":"https:\/\/nuevodigitaldeescobar.com.ar\/#\/schema\/person\/image\/","url":"https:\/\/secure.gravatar.com\/avatar\/8af8f40000c24e9eef3034f2be5998a372bb1389e64b1a4a36b3a7979142220d?s=96&d=mm&r=g","contentUrl":"https:\/\/secure.gravatar.com\/avatar\/8af8f40000c24e9eef3034f2be5998a372bb1389e64b1a4a36b3a7979142220d?s=96&d=mm&r=g","caption":"Redacci\u00f3n"},"sameAs":["http:\/\/nuevodigitaldeescobar.com.ar"],"url":"https:\/\/nuevodigitaldeescobar.com.ar\/?author=1"}]}},"featured_image_urls":{"full":["https:\/\/nuevodigitaldeescobar.com.ar\/wp-content\/uploads\/2023\/11\/huelga-1961-497x321-1.jpg",720,465,false],"thumbnail":["https:\/\/nuevodigitaldeescobar.com.ar\/wp-content\/uploads\/2023\/11\/huelga-1961-497x321-1-150x150.jpg",150,150,true],"medium":["https:\/\/nuevodigitaldeescobar.com.ar\/wp-content\/uploads\/2023\/11\/huelga-1961-497x321-1-300x194.jpg",300,194,true],"medium_large":["https:\/\/nuevodigitaldeescobar.com.ar\/wp-content\/uploads\/2023\/11\/huelga-1961-497x321-1.jpg",640,413,false],"large":["https:\/\/nuevodigitaldeescobar.com.ar\/wp-content\/uploads\/2023\/11\/huelga-1961-497x321-1.jpg",640,413,false],"1536x1536":["https:\/\/nuevodigitaldeescobar.com.ar\/wp-content\/uploads\/2023\/11\/huelga-1961-497x321-1.jpg",720,465,false],"2048x2048":["https:\/\/nuevodigitaldeescobar.com.ar\/wp-content\/uploads\/2023\/11\/huelga-1961-497x321-1.jpg",720,465,false]},"author_info":{"display_name":"Redacci\u00f3n","author_link":"https:\/\/nuevodigitaldeescobar.com.ar\/?author=1"},"category_info":"<a href=\"https:\/\/nuevodigitaldeescobar.com.ar\/?cat=15\" rel=\"category\">Sociedad<\/a>","tag_info":"Sociedad","comment_count":"0","_links":{"self":[{"href":"https:\/\/nuevodigitaldeescobar.com.ar\/index.php?rest_route=\/wp\/v2\/posts\/887","targetHints":{"allow":["GET"]}}],"collection":[{"href":"https:\/\/nuevodigitaldeescobar.com.ar\/index.php?rest_route=\/wp\/v2\/posts"}],"about":[{"href":"https:\/\/nuevodigitaldeescobar.com.ar\/index.php?rest_route=\/wp\/v2\/types\/post"}],"author":[{"embeddable":true,"href":"https:\/\/nuevodigitaldeescobar.com.ar\/index.php?rest_route=\/wp\/v2\/users\/1"}],"replies":[{"embeddable":true,"href":"https:\/\/nuevodigitaldeescobar.com.ar\/index.php?rest_route=%2Fwp%2Fv2%2Fcomments&post=887"}],"version-history":[{"count":1,"href":"https:\/\/nuevodigitaldeescobar.com.ar\/index.php?rest_route=\/wp\/v2\/posts\/887\/revisions"}],"predecessor-version":[{"id":888,"href":"https:\/\/nuevodigitaldeescobar.com.ar\/index.php?rest_route=\/wp\/v2\/posts\/887\/revisions\/888"}],"wp:featuredmedia":[{"embeddable":true,"href":"https:\/\/nuevodigitaldeescobar.com.ar\/index.php?rest_route=\/wp\/v2\/media\/882"}],"wp:attachment":[{"href":"https:\/\/nuevodigitaldeescobar.com.ar\/index.php?rest_route=%2Fwp%2Fv2%2Fmedia&parent=887"}],"wp:term":[{"taxonomy":"category","embeddable":true,"href":"https:\/\/nuevodigitaldeescobar.com.ar\/index.php?rest_route=%2Fwp%2Fv2%2Fcategories&post=887"},{"taxonomy":"post_tag","embeddable":true,"href":"https:\/\/nuevodigitaldeescobar.com.ar\/index.php?rest_route=%2Fwp%2Fv2%2Ftags&post=887"}],"curies":[{"name":"wp","href":"https:\/\/api.w.org\/{rel}","templated":true}]}}