{"id":8935,"date":"2024-10-23T12:39:28","date_gmt":"2024-10-23T15:39:28","guid":{"rendered":"https:\/\/nuevodigitaldeescobar.com.ar\/?p=8935"},"modified":"2024-10-23T12:39:40","modified_gmt":"2024-10-23T15:39:40","slug":"ya-no-se-considerara-como-refugiados-a-quienes-hayan-realizado-delitos-internacionales","status":"publish","type":"post","link":"https:\/\/nuevodigitaldeescobar.com.ar\/?p=8935","title":{"rendered":"Ya no se considerar\u00e1 como refugiados a quienes hayan realizado delitos internacionales"},"content":{"rendered":"<p><span style=\"color: #003366;\"><strong><em>La decisi\u00f3n viene tras quitarle el estatus de refugiado al expresidente de Bolivia, Evo Morales, beneficio que se le hab\u00eda otorgado en el a\u00f1o 2020 durante la gesti\u00f3n de Alberto Fern\u00e1ndez. El gobierno de Javier Milei avanz\u00f3 en el tema y realiz\u00f3 varios cambios y modificaciones en la normativa para acceder a dicha condici\u00f3n en Argentina.<\/em><\/strong><\/span><\/p>\n<p><!--more--><\/p>\n<hr \/>\n<p>As\u00ed lo comunic\u00f3 El Poder Ejecutivo. A trav\u00e9s del <a href=\"https:\/\/www.boletinoficial.gob.ar\/detalleAviso\/primera\/315871\/20241022\">Decreto de Necesidad y Urgencia 942\/2024<\/a>, modific\u00f3 la Ley General de reconocimiento y Protecci\u00f3n al refugiado (<a href=\"https:\/\/servicios.infoleg.gob.ar\/infolegInternet\/anexos\/120000-124999\/122609\/norma.htm\">Ley N\u00b026.165<\/a>), por lo que ya no se reconocer\u00e1 como refugiado a extranjeros que hayan cometido delitos internacionales, delitos graves previos, actos contrarios a la ONU e incitaci\u00f3n y participaci\u00f3n en delitos.<\/p>\n<p>Los principales cambios tuvieron lugar en el art\u00edculo primero y segundo del decreto, que modifican los art\u00edculos 9\u00b0 y 11\u00b0 de la ya mencionada Ley General De Reconocimiento y Protecci\u00f3n al Refugiado 26.165.<\/p>\n<p>El primer art\u00edculo mencionado, el noveno, indica que <em>\u201cno ser\u00e1 reconocida la condici\u00f3n de refugiado a las personas extranjeras que se encuentren en alguna de las siguientes situaciones\u201d<\/em>:<\/p>\n<p><span style=\"color: #003366;\"><strong>Relacionadas con Delitos Internacionales:<\/strong> <\/span>cuando existan motivos fundados para considerar que han cometido un delito contra la paz, un delito de condici\u00f3n b\u00e9lica o un delito contra la humanidad. Estos delitos se definir\u00e1n conforme a los instrumentos internacionales aplicables.<\/p>\n<p><span style=\"color: #003366;\"><strong>Relacionadas con Delitos Graves cometidos antes de la Solicitud de Refugio:<\/strong> <\/span>cuando, antes de ser admitidas como refugiadas en la Rep\u00fablica Argentina, las personas solicitantes hayan sido imputadas y\/o condenadas fuera del pa\u00eds por un delito grave.<\/p>\n<p><span style=\"color: #003366;\"><strong>Relacionadas con Actos Contrarios a los Principios de las Naciones Unidas:<\/strong> <\/span>cuando hayan participado en actos contrarios a los fines y principios de las Naciones Unidas, establecidos en el Pre\u00e1mbulo y en los art\u00edculos 1 y 2 de la Carta de las Naciones Unidas, tales como: participaci\u00f3n en actividades terroristas; violaciones graves de derechos humanos; o cualquier otra acci\u00f3n que comprometa la paz y la seguridad internacionales.<\/p>\n<p><span style=\"color: #003366;\"><strong>Relacionadas con la Incitaci\u00f3n y Participaci\u00f3n en Delitos:<\/strong> <\/span>cuando hayan incitado, facilitado o participado activamente en la comisi\u00f3n de los delitos o actos mencionados en los incisos anteriores, en calidad de autores, c\u00f3mplices, instigadores y\/o facilitadores.<\/p>\n<p>Por otra parte, el segundo art\u00edculo indica que la condici\u00f3n de refugiado cesar\u00e1 ante las siguientes situaciones:<\/p>\n<ul>\n<li>Cuando la persona refugiada, mediante actos inequ\u00edvocos, se haya acogido voluntariamente a la protecci\u00f3n del pa\u00eds de su nacionalidad.<\/li>\n<li>Cuando la persona refugiada, habiendo perdido su nacionalidad, la haya recobrado voluntariamente.<\/li>\n<li>Cuando la persona refugiada haya adquirido una nueva nacionalidad y disfrute de la protecci\u00f3n del pa\u00eds de su nueva nacionalidad.<\/li>\n<li>Cuando la persona refugiada se haya establecido voluntariamente en el pa\u00eds de residencia habitual que hab\u00eda abandonado o fuera del cual hab\u00eda permanecido por temor a ser perseguida.<\/li>\n<li>Cuando la persona refugiada haya abandonado el territorio argentino y fijado su residencia en otro pa\u00eds, acogi\u00e9ndose a su protecci\u00f3n.<\/li>\n<\/ul>\n<p><em>(BorderPeriodismo)<\/em><\/p>\n","protected":false},"excerpt":{"rendered":"<p>La decisi\u00f3n viene tras quitarle el estatus de refugiado al expresidente de Bolivia, Evo Morales, beneficio que se le hab\u00eda otorgado en el a\u00f1o 2020 [&hellip;]<\/p>\n","protected":false},"author":1,"featured_media":3300,"comment_status":"open","ping_status":"open","sticky":false,"template":"","format":"standard","meta":{"footnotes":""},"categories":[7,6],"tags":[],"class_list":["post-8935","post","type-post","status-publish","format-standard","has-post-thumbnail","hentry","category-interes-general","category-politica"],"better_featured_image":{"id":3300,"alt_text":"","caption":"","description":"","media_type":"image","media_details":{"width":720,"height":460,"file":"2024\/02\/JMilei-e1707266974377.jpg","filesize":110181,"sizes":{"medium":{"file":"JMilei-300x191.jpg","width":300,"height":191,"mime-type":"image\/jpeg","filesize":10860,"source_url":"https:\/\/nuevodigitaldeescobar.com.ar\/wp-content\/uploads\/2024\/02\/JMilei-300x191.jpg"},"large":{"file":"JMilei-1024x654.jpg","width":1024,"height":654,"mime-type":"image\/jpeg","filesize":66147,"source_url":"https:\/\/nuevodigitaldeescobar.com.ar\/wp-content\/uploads\/2024\/02\/JMilei-1024x654.jpg"},"thumbnail":{"file":"JMilei-150x150.jpg","width":150,"height":150,"mime-type":"image\/jpeg","filesize":5234,"source_url":"https:\/\/nuevodigitaldeescobar.com.ar\/wp-content\/uploads\/2024\/02\/JMilei-150x150.jpg"},"medium_large":{"file":"JMilei-768x490.jpg","width":768,"height":490,"mime-type":"image\/jpeg","filesize":43189,"source_url":"https:\/\/nuevodigitaldeescobar.com.ar\/wp-content\/uploads\/2024\/02\/JMilei-768x490.jpg"}},"image_meta":{"aperture":"0","credit":"","camera":"","caption":"","created_timestamp":"0","copyright":"","focal_length":"0","iso":"0","shutter_speed":"0","title":"","orientation":"0","keywords":[]}},"post":3299,"source_url":"https:\/\/nuevodigitaldeescobar.com.ar\/wp-content\/uploads\/2024\/02\/JMilei-e1707266974377.jpg"},"yoast_head":"<!-- This site is optimized with the Yoast SEO plugin v26.1.1 - https:\/\/yoast.com\/wordpress\/plugins\/seo\/ -->\n<title>Ya no se considerar\u00e1 como refugiados a quienes hayan realizado delitos internacionales - Nuevo Digital de Escobar<\/title>\n<meta name=\"robots\" content=\"index, follow, max-snippet:-1, max-image-preview:large, max-video-preview:-1\" \/>\n<link rel=\"canonical\" href=\"https:\/\/nuevodigitaldeescobar.com.ar\/?p=8935\" \/>\n<meta property=\"og:locale\" content=\"es_ES\" \/>\n<meta property=\"og:type\" content=\"article\" \/>\n<meta property=\"og:title\" content=\"Ya no se considerar\u00e1 como refugiados a quienes hayan realizado delitos internacionales - Nuevo Digital de Escobar\" \/>\n<meta property=\"og:description\" content=\"La decisi\u00f3n viene tras quitarle el estatus de refugiado al expresidente de Bolivia, Evo Morales, beneficio que se le hab\u00eda otorgado en el a\u00f1o 2020 [&hellip;]\" \/>\n<meta property=\"og:url\" content=\"https:\/\/nuevodigitaldeescobar.com.ar\/?p=8935\" \/>\n<meta property=\"og:site_name\" content=\"Nuevo Digital de Escobar\" \/>\n<meta property=\"article:publisher\" content=\"https:\/\/www.facebook.com\/NUEVODigitalDeEscobar\" \/>\n<meta property=\"article:published_time\" content=\"2024-10-23T15:39:28+00:00\" \/>\n<meta property=\"article:modified_time\" content=\"2024-10-23T15:39:40+00:00\" \/>\n<meta property=\"og:image\" content=\"https:\/\/nuevodigitaldeescobar.com.ar\/wp-content\/uploads\/2024\/02\/JMilei-e1707266974377.jpg\" \/>\n\t<meta property=\"og:image:width\" content=\"720\" \/>\n\t<meta property=\"og:image:height\" content=\"460\" \/>\n\t<meta property=\"og:image:type\" content=\"image\/jpeg\" \/>\n<meta name=\"author\" content=\"Redacci\u00f3n\" \/>\n<meta name=\"twitter:card\" content=\"summary_large_image\" \/>\n<meta name=\"twitter:creator\" content=\"@nuevodigescobar\" \/>\n<meta name=\"twitter:site\" content=\"@nuevodigescobar\" \/>\n<meta name=\"twitter:label1\" content=\"Escrito por\" \/>\n\t<meta name=\"twitter:data1\" content=\"Redacci\u00f3n\" \/>\n\t<meta name=\"twitter:label2\" content=\"Tiempo de lectura\" \/>\n\t<meta name=\"twitter:data2\" content=\"3 minutos\" \/>\n<script type=\"application\/ld+json\" class=\"yoast-schema-graph\">{\"@context\":\"https:\/\/schema.org\",\"@graph\":[{\"@type\":\"Article\",\"@id\":\"https:\/\/nuevodigitaldeescobar.com.ar\/?p=8935#article\",\"isPartOf\":{\"@id\":\"https:\/\/nuevodigitaldeescobar.com.ar\/?p=8935\"},\"author\":{\"name\":\"Redacci\u00f3n\",\"@id\":\"https:\/\/nuevodigitaldeescobar.com.ar\/#\/schema\/person\/035e90a8efe9a80e6eec22656ad6ea4c\"},\"headline\":\"Ya no se considerar\u00e1 como refugiados a quienes hayan realizado delitos internacionales\",\"datePublished\":\"2024-10-23T15:39:28+00:00\",\"dateModified\":\"2024-10-23T15:39:40+00:00\",\"mainEntityOfPage\":{\"@id\":\"https:\/\/nuevodigitaldeescobar.com.ar\/?p=8935\"},\"wordCount\":518,\"commentCount\":0,\"publisher\":{\"@id\":\"https:\/\/nuevodigitaldeescobar.com.ar\/#organization\"},\"image\":{\"@id\":\"https:\/\/nuevodigitaldeescobar.com.ar\/?p=8935#primaryimage\"},\"thumbnailUrl\":\"https:\/\/nuevodigitaldeescobar.com.ar\/wp-content\/uploads\/2024\/02\/JMilei-e1707266974377.jpg\",\"articleSection\":[\"Inter\u00e9s general\",\"Pol\u00edtica\"],\"inLanguage\":\"es\",\"potentialAction\":[{\"@type\":\"CommentAction\",\"name\":\"Comment\",\"target\":[\"https:\/\/nuevodigitaldeescobar.com.ar\/?p=8935#respond\"]}]},{\"@type\":\"WebPage\",\"@id\":\"https:\/\/nuevodigitaldeescobar.com.ar\/?p=8935\",\"url\":\"https:\/\/nuevodigitaldeescobar.com.ar\/?p=8935\",\"name\":\"Ya no se considerar\u00e1 como refugiados a quienes hayan realizado delitos internacionales - Nuevo Digital de Escobar\",\"isPartOf\":{\"@id\":\"https:\/\/nuevodigitaldeescobar.com.ar\/#website\"},\"primaryImageOfPage\":{\"@id\":\"https:\/\/nuevodigitaldeescobar.com.ar\/?p=8935#primaryimage\"},\"image\":{\"@id\":\"https:\/\/nuevodigitaldeescobar.com.ar\/?p=8935#primaryimage\"},\"thumbnailUrl\":\"https:\/\/nuevodigitaldeescobar.com.ar\/wp-content\/uploads\/2024\/02\/JMilei-e1707266974377.jpg\",\"datePublished\":\"2024-10-23T15:39:28+00:00\",\"dateModified\":\"2024-10-23T15:39:40+00:00\",\"breadcrumb\":{\"@id\":\"https:\/\/nuevodigitaldeescobar.com.ar\/?p=8935#breadcrumb\"},\"inLanguage\":\"es\",\"potentialAction\":[{\"@type\":\"ReadAction\",\"target\":[\"https:\/\/nuevodigitaldeescobar.com.ar\/?p=8935\"]}]},{\"@type\":\"ImageObject\",\"inLanguage\":\"es\",\"@id\":\"https:\/\/nuevodigitaldeescobar.com.ar\/?p=8935#primaryimage\",\"url\":\"https:\/\/nuevodigitaldeescobar.com.ar\/wp-content\/uploads\/2024\/02\/JMilei-e1707266974377.jpg\",\"contentUrl\":\"https:\/\/nuevodigitaldeescobar.com.ar\/wp-content\/uploads\/2024\/02\/JMilei-e1707266974377.jpg\",\"width\":720,\"height\":460},{\"@type\":\"BreadcrumbList\",\"@id\":\"https:\/\/nuevodigitaldeescobar.com.ar\/?p=8935#breadcrumb\",\"itemListElement\":[{\"@type\":\"ListItem\",\"position\":1,\"name\":\"Portada\",\"item\":\"https:\/\/nuevodigitaldeescobar.com.ar\/\"},{\"@type\":\"ListItem\",\"position\":2,\"name\":\"Ya no se considerar\u00e1 como refugiados a quienes hayan realizado delitos internacionales\"}]},{\"@type\":\"WebSite\",\"@id\":\"https:\/\/nuevodigitaldeescobar.com.ar\/#website\",\"url\":\"https:\/\/nuevodigitaldeescobar.com.ar\/\",\"name\":\"Nuevo Digital de Escobar\",\"description\":\"La vida escobarense. Directora: Rosana Brunner\",\"publisher\":{\"@id\":\"https:\/\/nuevodigitaldeescobar.com.ar\/#organization\"},\"potentialAction\":[{\"@type\":\"SearchAction\",\"target\":{\"@type\":\"EntryPoint\",\"urlTemplate\":\"https:\/\/nuevodigitaldeescobar.com.ar\/?s={search_term_string}\"},\"query-input\":{\"@type\":\"PropertyValueSpecification\",\"valueRequired\":true,\"valueName\":\"search_term_string\"}}],\"inLanguage\":\"es\"},{\"@type\":\"Organization\",\"@id\":\"https:\/\/nuevodigitaldeescobar.com.ar\/#organization\",\"name\":\"Nuevo Digital de Escobar\",\"url\":\"https:\/\/nuevodigitaldeescobar.com.ar\/\",\"logo\":{\"@type\":\"ImageObject\",\"inLanguage\":\"es\",\"@id\":\"https:\/\/nuevodigitaldeescobar.com.ar\/#\/schema\/logo\/image\/\",\"url\":\"https:\/\/nuevodigitaldeescobar.com.ar\/wp-content\/uploads\/2025\/05\/cropped-logo-nuevo2.jpg\",\"contentUrl\":\"https:\/\/nuevodigitaldeescobar.com.ar\/wp-content\/uploads\/2025\/05\/cropped-logo-nuevo2.jpg\",\"width\":305,\"height\":305,\"caption\":\"Nuevo Digital de Escobar\"},\"image\":{\"@id\":\"https:\/\/nuevodigitaldeescobar.com.ar\/#\/schema\/logo\/image\/\"},\"sameAs\":[\"https:\/\/www.facebook.com\/NUEVODigitalDeEscobar\",\"https:\/\/x.com\/nuevodigescobar\",\"https:\/\/www.instagram.com\/nuevodigitaldeescobar\"]},{\"@type\":\"Person\",\"@id\":\"https:\/\/nuevodigitaldeescobar.com.ar\/#\/schema\/person\/035e90a8efe9a80e6eec22656ad6ea4c\",\"name\":\"Redacci\u00f3n\",\"image\":{\"@type\":\"ImageObject\",\"inLanguage\":\"es\",\"@id\":\"https:\/\/nuevodigitaldeescobar.com.ar\/#\/schema\/person\/image\/\",\"url\":\"https:\/\/secure.gravatar.com\/avatar\/8af8f40000c24e9eef3034f2be5998a372bb1389e64b1a4a36b3a7979142220d?s=96&d=mm&r=g\",\"contentUrl\":\"https:\/\/secure.gravatar.com\/avatar\/8af8f40000c24e9eef3034f2be5998a372bb1389e64b1a4a36b3a7979142220d?s=96&d=mm&r=g\",\"caption\":\"Redacci\u00f3n\"},\"sameAs\":[\"http:\/\/nuevodigitaldeescobar.com.ar\"],\"url\":\"https:\/\/nuevodigitaldeescobar.com.ar\/?author=1\"}]}<\/script>\n<!-- \/ Yoast SEO plugin. -->","yoast_head_json":{"title":"Ya no se considerar\u00e1 como refugiados a quienes hayan realizado delitos internacionales - Nuevo Digital de Escobar","robots":{"index":"index","follow":"follow","max-snippet":"max-snippet:-1","max-image-preview":"max-image-preview:large","max-video-preview":"max-video-preview:-1"},"canonical":"https:\/\/nuevodigitaldeescobar.com.ar\/?p=8935","og_locale":"es_ES","og_type":"article","og_title":"Ya no se considerar\u00e1 como refugiados a quienes hayan realizado delitos internacionales - Nuevo Digital de Escobar","og_description":"La decisi\u00f3n viene tras quitarle el estatus de refugiado al expresidente de Bolivia, Evo Morales, beneficio que se le hab\u00eda otorgado en el a\u00f1o 2020 [&hellip;]","og_url":"https:\/\/nuevodigitaldeescobar.com.ar\/?p=8935","og_site_name":"Nuevo Digital de Escobar","article_publisher":"https:\/\/www.facebook.com\/NUEVODigitalDeEscobar","article_published_time":"2024-10-23T15:39:28+00:00","article_modified_time":"2024-10-23T15:39:40+00:00","og_image":[{"width":720,"height":460,"url":"https:\/\/nuevodigitaldeescobar.com.ar\/wp-content\/uploads\/2024\/02\/JMilei-e1707266974377.jpg","type":"image\/jpeg"}],"author":"Redacci\u00f3n","twitter_card":"summary_large_image","twitter_creator":"@nuevodigescobar","twitter_site":"@nuevodigescobar","twitter_misc":{"Escrito por":"Redacci\u00f3n","Tiempo de lectura":"3 minutos"},"schema":{"@context":"https:\/\/schema.org","@graph":[{"@type":"Article","@id":"https:\/\/nuevodigitaldeescobar.com.ar\/?p=8935#article","isPartOf":{"@id":"https:\/\/nuevodigitaldeescobar.com.ar\/?p=8935"},"author":{"name":"Redacci\u00f3n","@id":"https:\/\/nuevodigitaldeescobar.com.ar\/#\/schema\/person\/035e90a8efe9a80e6eec22656ad6ea4c"},"headline":"Ya no se considerar\u00e1 como refugiados a quienes hayan realizado delitos internacionales","datePublished":"2024-10-23T15:39:28+00:00","dateModified":"2024-10-23T15:39:40+00:00","mainEntityOfPage":{"@id":"https:\/\/nuevodigitaldeescobar.com.ar\/?p=8935"},"wordCount":518,"commentCount":0,"publisher":{"@id":"https:\/\/nuevodigitaldeescobar.com.ar\/#organization"},"image":{"@id":"https:\/\/nuevodigitaldeescobar.com.ar\/?p=8935#primaryimage"},"thumbnailUrl":"https:\/\/nuevodigitaldeescobar.com.ar\/wp-content\/uploads\/2024\/02\/JMilei-e1707266974377.jpg","articleSection":["Inter\u00e9s general","Pol\u00edtica"],"inLanguage":"es","potentialAction":[{"@type":"CommentAction","name":"Comment","target":["https:\/\/nuevodigitaldeescobar.com.ar\/?p=8935#respond"]}]},{"@type":"WebPage","@id":"https:\/\/nuevodigitaldeescobar.com.ar\/?p=8935","url":"https:\/\/nuevodigitaldeescobar.com.ar\/?p=8935","name":"Ya no se considerar\u00e1 como refugiados a quienes hayan realizado delitos internacionales - Nuevo Digital de Escobar","isPartOf":{"@id":"https:\/\/nuevodigitaldeescobar.com.ar\/#website"},"primaryImageOfPage":{"@id":"https:\/\/nuevodigitaldeescobar.com.ar\/?p=8935#primaryimage"},"image":{"@id":"https:\/\/nuevodigitaldeescobar.com.ar\/?p=8935#primaryimage"},"thumbnailUrl":"https:\/\/nuevodigitaldeescobar.com.ar\/wp-content\/uploads\/2024\/02\/JMilei-e1707266974377.jpg","datePublished":"2024-10-23T15:39:28+00:00","dateModified":"2024-10-23T15:39:40+00:00","breadcrumb":{"@id":"https:\/\/nuevodigitaldeescobar.com.ar\/?p=8935#breadcrumb"},"inLanguage":"es","potentialAction":[{"@type":"ReadAction","target":["https:\/\/nuevodigitaldeescobar.com.ar\/?p=8935"]}]},{"@type":"ImageObject","inLanguage":"es","@id":"https:\/\/nuevodigitaldeescobar.com.ar\/?p=8935#primaryimage","url":"https:\/\/nuevodigitaldeescobar.com.ar\/wp-content\/uploads\/2024\/02\/JMilei-e1707266974377.jpg","contentUrl":"https:\/\/nuevodigitaldeescobar.com.ar\/wp-content\/uploads\/2024\/02\/JMilei-e1707266974377.jpg","width":720,"height":460},{"@type":"BreadcrumbList","@id":"https:\/\/nuevodigitaldeescobar.com.ar\/?p=8935#breadcrumb","itemListElement":[{"@type":"ListItem","position":1,"name":"Portada","item":"https:\/\/nuevodigitaldeescobar.com.ar\/"},{"@type":"ListItem","position":2,"name":"Ya no se considerar\u00e1 como refugiados a quienes hayan realizado delitos internacionales"}]},{"@type":"WebSite","@id":"https:\/\/nuevodigitaldeescobar.com.ar\/#website","url":"https:\/\/nuevodigitaldeescobar.com.ar\/","name":"Nuevo Digital de Escobar","description":"La vida escobarense. Directora: Rosana Brunner","publisher":{"@id":"https:\/\/nuevodigitaldeescobar.com.ar\/#organization"},"potentialAction":[{"@type":"SearchAction","target":{"@type":"EntryPoint","urlTemplate":"https:\/\/nuevodigitaldeescobar.com.ar\/?s={search_term_string}"},"query-input":{"@type":"PropertyValueSpecification","valueRequired":true,"valueName":"search_term_string"}}],"inLanguage":"es"},{"@type":"Organization","@id":"https:\/\/nuevodigitaldeescobar.com.ar\/#organization","name":"Nuevo Digital de Escobar","url":"https:\/\/nuevodigitaldeescobar.com.ar\/","logo":{"@type":"ImageObject","inLanguage":"es","@id":"https:\/\/nuevodigitaldeescobar.com.ar\/#\/schema\/logo\/image\/","url":"https:\/\/nuevodigitaldeescobar.com.ar\/wp-content\/uploads\/2025\/05\/cropped-logo-nuevo2.jpg","contentUrl":"https:\/\/nuevodigitaldeescobar.com.ar\/wp-content\/uploads\/2025\/05\/cropped-logo-nuevo2.jpg","width":305,"height":305,"caption":"Nuevo Digital de Escobar"},"image":{"@id":"https:\/\/nuevodigitaldeescobar.com.ar\/#\/schema\/logo\/image\/"},"sameAs":["https:\/\/www.facebook.com\/NUEVODigitalDeEscobar","https:\/\/x.com\/nuevodigescobar","https:\/\/www.instagram.com\/nuevodigitaldeescobar"]},{"@type":"Person","@id":"https:\/\/nuevodigitaldeescobar.com.ar\/#\/schema\/person\/035e90a8efe9a80e6eec22656ad6ea4c","name":"Redacci\u00f3n","image":{"@type":"ImageObject","inLanguage":"es","@id":"https:\/\/nuevodigitaldeescobar.com.ar\/#\/schema\/person\/image\/","url":"https:\/\/secure.gravatar.com\/avatar\/8af8f40000c24e9eef3034f2be5998a372bb1389e64b1a4a36b3a7979142220d?s=96&d=mm&r=g","contentUrl":"https:\/\/secure.gravatar.com\/avatar\/8af8f40000c24e9eef3034f2be5998a372bb1389e64b1a4a36b3a7979142220d?s=96&d=mm&r=g","caption":"Redacci\u00f3n"},"sameAs":["http:\/\/nuevodigitaldeescobar.com.ar"],"url":"https:\/\/nuevodigitaldeescobar.com.ar\/?author=1"}]}},"featured_image_urls":{"full":["https:\/\/nuevodigitaldeescobar.com.ar\/wp-content\/uploads\/2024\/02\/JMilei-e1707266974377.jpg",720,460,false],"thumbnail":["https:\/\/nuevodigitaldeescobar.com.ar\/wp-content\/uploads\/2024\/02\/JMilei-150x150.jpg",150,150,true],"medium":["https:\/\/nuevodigitaldeescobar.com.ar\/wp-content\/uploads\/2024\/02\/JMilei-300x191.jpg",300,191,true],"medium_large":["https:\/\/nuevodigitaldeescobar.com.ar\/wp-content\/uploads\/2024\/02\/JMilei-768x490.jpg",640,408,true],"large":["https:\/\/nuevodigitaldeescobar.com.ar\/wp-content\/uploads\/2024\/02\/JMilei-1024x654.jpg",640,409,true],"1536x1536":["https:\/\/nuevodigitaldeescobar.com.ar\/wp-content\/uploads\/2024\/02\/JMilei-e1707266974377.jpg",720,460,false],"2048x2048":["https:\/\/nuevodigitaldeescobar.com.ar\/wp-content\/uploads\/2024\/02\/JMilei-e1707266974377.jpg",720,460,false]},"author_info":{"display_name":"Redacci\u00f3n","author_link":"https:\/\/nuevodigitaldeescobar.com.ar\/?author=1"},"category_info":"<a href=\"https:\/\/nuevodigitaldeescobar.com.ar\/?cat=7\" rel=\"category\">Inter\u00e9s general<\/a> <a href=\"https:\/\/nuevodigitaldeescobar.com.ar\/?cat=6\" rel=\"category\">Pol\u00edtica<\/a>","tag_info":"Pol\u00edtica","comment_count":"0","_links":{"self":[{"href":"https:\/\/nuevodigitaldeescobar.com.ar\/index.php?rest_route=\/wp\/v2\/posts\/8935","targetHints":{"allow":["GET"]}}],"collection":[{"href":"https:\/\/nuevodigitaldeescobar.com.ar\/index.php?rest_route=\/wp\/v2\/posts"}],"about":[{"href":"https:\/\/nuevodigitaldeescobar.com.ar\/index.php?rest_route=\/wp\/v2\/types\/post"}],"author":[{"embeddable":true,"href":"https:\/\/nuevodigitaldeescobar.com.ar\/index.php?rest_route=\/wp\/v2\/users\/1"}],"replies":[{"embeddable":true,"href":"https:\/\/nuevodigitaldeescobar.com.ar\/index.php?rest_route=%2Fwp%2Fv2%2Fcomments&post=8935"}],"version-history":[{"count":1,"href":"https:\/\/nuevodigitaldeescobar.com.ar\/index.php?rest_route=\/wp\/v2\/posts\/8935\/revisions"}],"predecessor-version":[{"id":8936,"href":"https:\/\/nuevodigitaldeescobar.com.ar\/index.php?rest_route=\/wp\/v2\/posts\/8935\/revisions\/8936"}],"wp:featuredmedia":[{"embeddable":true,"href":"https:\/\/nuevodigitaldeescobar.com.ar\/index.php?rest_route=\/wp\/v2\/media\/3300"}],"wp:attachment":[{"href":"https:\/\/nuevodigitaldeescobar.com.ar\/index.php?rest_route=%2Fwp%2Fv2%2Fmedia&parent=8935"}],"wp:term":[{"taxonomy":"category","embeddable":true,"href":"https:\/\/nuevodigitaldeescobar.com.ar\/index.php?rest_route=%2Fwp%2Fv2%2Fcategories&post=8935"},{"taxonomy":"post_tag","embeddable":true,"href":"https:\/\/nuevodigitaldeescobar.com.ar\/index.php?rest_route=%2Fwp%2Fv2%2Ftags&post=8935"}],"curies":[{"name":"wp","href":"https:\/\/api.w.org\/{rel}","templated":true}]}}