{"id":894,"date":"2023-11-13T11:28:42","date_gmt":"2023-11-13T14:28:42","guid":{"rendered":"https:\/\/nuevodigitaldeescobar.com.ar\/?p=894"},"modified":"2023-11-13T11:28:45","modified_gmt":"2023-11-13T14:28:45","slug":"milei-en-el-debate-presidencial-si-fueras-pinocho-ya-me-hubieras-lastimado-un-ojo","status":"publish","type":"post","link":"https:\/\/nuevodigitaldeescobar.com.ar\/?p=894","title":{"rendered":"Milei en el debate presidencial: \u00abSi fueras Pinocho, ya me hubieras lastimado un ojo\u00bb"},"content":{"rendered":"<p><span style=\"color: #003366;\"><strong><em>El candidato de La Libertad Avanza afirm\u00f3 que tambi\u00e9n sabe \u00abc\u00f3mo exterminar de una vez por todas el c\u00e1ncer de la inflaci\u00f3n\u00bb.<\/em><\/strong><\/span><\/p>\n<p><!--more--><\/p>\n<p><em>\u00abS\u00e9 c\u00f3mo crear puestos de trabajo de calidad con buenas remuneraciones, terminar con la pobreza y la indigencia y sobre todo c\u00f3mo exterminar de una vez por todas el c\u00e1ncer de la inflaci\u00f3n\u00bb<\/em>, se\u00f1al\u00f3 el diputado nacional.<\/p>\n<p>El libertario advirti\u00f3 sobre los elevados \u00edndices de inflaci\u00f3n y de pobreza e indigencia y asegur\u00f3 que <em>\u00abes consecuencia del modelo de la casta, basado en la premisa de que donde hay una necesidad nace un derecho, pero los derechos hay que pagarlos y los recursos son finitos\u00bb<\/em>.<\/p>\n<p><em>\u00abEl Estado es el origen del problema, no la soluci\u00f3n\u00bb<\/em>, subray\u00f3 con contundencia en el debate presidencial en la Facultad de Derecho de la Universidad de Buenos Aires (UBA).<\/p>\n<p>Al ser cruzado por su rival de Uni\u00f3n por la Patria, Sergio Massa, quien le pidi\u00f3 que responda <em>\u00abpor s\u00ed o por no\u00bb<\/em> si va a dolarizar y quitar subsidios, Milei respondi\u00f3, ofuscado: <em>\u00abNo me vas a condicionar. Ustedes estuvieron mintiendo. Sos un mentiroso\u00bb<\/em>.<\/p>\n<p><em>\u00abNo vamos a tocar las tarifas, porque antes vamos a permitir que la econom\u00eda se recupere. El problema tuyo es que nos reventaste los ingresos como ministro de Econom\u00eda\u00bb<\/em>, lanz\u00f3, en el eje tem\u00e1tico Econom\u00eda.<\/p>\n<p>Acto seguido, ratific\u00f3 su intenci\u00f3n de eliminar el Banco Central, ya que se\u00f1al\u00f3 que <em>\u00abes el origen de la inflaci\u00f3n, es la maquinita\u00bb<\/em>.<\/p>\n<p>Luego de que Massa le pidiera que no se pusiera <em>\u00abagresivo\u00bb<\/em>, el libertario indic\u00f3: <em>\u00abNo te agred\u00ed, dej\u00e1 de mentir: s\u00f3lo expreso con pasi\u00f3n la indignaci\u00f3n que genera un Gobierno que nos viene destrozando la vida a todos\u00bb<\/em>.<\/p>\n<p><em>\u00abSi un mentiroso dice que alguien es un mentiroso, el acusado es el que dice la verdad. Si vos fueras Pinocho, ya me hubieras lastimado un ojo\u00bb<\/em>, agreg\u00f3.<\/p>\n<p>Ante una nueva arremetida de Massa para que respondiera <em>\u00abpor s\u00ed o por no\u00bb<\/em> a distintas preguntas, el postulante opositor respondi\u00f3: <em>\u00abS\u00ed, vamos a dolarizar, cerrar el Banco Central y terminar con la inflaci\u00f3n\u00bb<\/em>.<\/p>\n<h3><strong>Relaciones de Argentina con el mundo<\/strong><\/h3>\n<p><em>\u00abComo liberal libertario, creo profundamente en el comercio internacional y en la apertura. Los pa\u00edses m\u00e1s abiertos al mundo tienen ingresos per c\u00e1pita nueve veces mayor a los que son cerrados\u00bb<\/em>, inici\u00f3 su alocuci\u00f3n Milei.<\/p>\n<p>Asimismo, consider\u00f3 que <em>\u00abno tiene que interferir el Estado en las relaciones comerciales\u00bb<\/em> y continu\u00f3: <em>\u00abEl Estado termina siendo un estorbo y el mejor ejemplo es lo que est\u00e1 pasando en el Mercosur, que no tiene calle de salida y no progresa hacia ning\u00fan lado\u00bb<\/em>.<\/p>\n<p>El libertario ratific\u00f3 su <em>\u00abalineaci\u00f3n con Estados Unidos, Israel y el mundo libre\u00bb<\/em> y a\u00f1adi\u00f3: <em>\u00abNo estoy dispuesto a plantear relaciones con aquellos que no respetan la democracia liberal, las libertades individuales, que avanzan sobre los individuos ni la paz. Con \u00e9sos no quiero saber nada\u00bb<\/em>.<\/p>\n<p><em>\u00abLo que diga un integrante o un seguidor de La Libertad Avanza no quiere decir que \u00e9sa sea nuestra posici\u00f3n respecto a la Santa Sede, a la cual respetamos de todos modos\u00bb<\/em>, manifest\u00f3.<\/p>\n<p>Luego de que Massa tildara a Margareth Thatcher de <em>\u00abenemiga de la Argentina\u00bb<\/em>, el postulante de La Libertad Avanza hizo una comparaci\u00f3n con los futbolistas Johan Cruyff y Kylian Mbapp\u00e9: <em>\u00abVos dec\u00eds que tendr\u00edamos que despreciarlos porque nos hicieron goles\u00bb<\/em>. Y remarc\u00f3: <em>\u00abIgual, claro que voy a defender a Malvinas\u00bb<\/em>.<\/p>\n<p>Al ser consultado sobre su intenci\u00f3n de romper relaciones con Brasil y China, algo que seg\u00fan el tigrense <em>\u201cdejar\u00eda a dos millones de argentinos sin trabajo\u201d<\/em>, Milei expres\u00f3: <em>\u00abSi no se lo vend\u00e9s a los chinos, se lo pod\u00e9s vender a otro. Dej\u00e1 de asustar a la gente con la p\u00e9rdida de puestos de trabajo\u00bb<\/em>.<\/p>\n<p><em>\u00abUstedes, los pol\u00edticos, les roban a los argentinos de bien, que tienen que salir del sistema\u00bb<\/em>, bram\u00f3 el libertario, quien luego neg\u00f3 que su familia tuviera propiedades y bienes en Estados Unidos.<\/p>\n<h3><strong>Educaci\u00f3n y Salud<\/strong><\/h3>\n<p>Tras denunciar que su espacio sufri\u00f3 una <em>\u00abcampa\u00f1a negativa y de mentiras\u00bb<\/em>, Milei asegur\u00f3 que <em>\u00abla Salud y la Educaci\u00f3n van a seguir siendo p\u00fablicas, porque la Argentina es un pa\u00eds federal y esas \u00e1reas dependen de las provincias\u00bb<\/em>.<\/p>\n<p>El candidato presidencial de La Libertad Avanza advirti\u00f3 la situaci\u00f3n educativa del pa\u00eds y critic\u00f3 las propuestas de Massa para el sector: <em>\u00abEst\u00e1n poniendo el carro adelante del caballo: primero hay que sacar a los chicos de la pobreza\u00bb<\/em>.<\/p>\n<p>Adem\u00e1s, al ser nuevamente indagado por el tigrense sobre si va a arancelar la educaci\u00f3n p\u00fablica, el libertario respondi\u00f3: <em>\u00abEn el corto plazo, no\u00bb<\/em>.<\/p>\n<p>Asimismo, se mostr\u00f3 dispuesto a someterse a un examen psicot\u00e9cnico y reconoci\u00f3 haber hecho una pasant\u00eda en el Banco Central, aunque evit\u00f3 contar por qu\u00e9 no se la renovaron, algo que el ministro de Econom\u00eda le exig\u00eda que diera a conocer.<\/p>\n<h3><strong>Producci\u00f3n y Trabajo<\/strong><\/h3>\n<p>Milei alert\u00f3 que el n\u00famero de empleados privados <em>\u00abest\u00e1 estancado desde 2011\u00bb<\/em> y afirm\u00f3 que eso es as\u00ed <em>\u00abporque no hay inversi\u00f3n, por la presi\u00f3n fiscal\u00bb<\/em>.<\/p>\n<p><em>\u00abEn la Argentina es imposible ganar dinero. Si se llegara a ganar plata, aparece la banda de los expropiadores con la idea de la justicia social, la redistribuci\u00f3n del ingreso y la igualdad de oportunidades y va y le roba el resultado del fruto de su trabajo\u00bb<\/em>, lanz\u00f3.<\/p>\n<p>Y a\u00f1adi\u00f3: <em>\u00abEl sector privado ahorra un mont\u00f3n en la Argentina. El problema es el Estado\u00bb<\/em>.<\/p>\n<p>Luego de que Massa pusiera sobre la mesa la diferencia de salarios entre hombres y mujeres por la misma tarea, el libertario rechaz\u00f3 esa idea: <em>\u00abMe sorprende que siendo ministro de Econom\u00eda no sepas leer los datos. Fracas\u00e9 cuando te quise ense\u00f1ar\u00bb<\/em>.<\/p>\n<p><em>\u00abLamento que opines de temas de los que no sab\u00e9s\u00bb<\/em>, manifest\u00f3, tras lo cual agreg\u00f3: <em>\u00abVos quer\u00e9s regular el comercio y yo lo quiero libre. Cuando dec\u00eds proteger (a la industria) dec\u00eds hacer negocio con los amigos en detrimento de los argentinos de bien\u00bb<\/em>.<\/p>\n<p>En el cierre del eje tem\u00e1tico Producci\u00f3n y Trabajo y ante la acusaci\u00f3n de Massa de que LLA aspira a eliminar derechos laborales, Milei plante\u00f3: <em>\u00abMi programa es el que planteo yo, no la mentira que dec\u00eds vos\u00bb<\/em>.<\/p>\n<h3><strong>Seguridad<\/strong><\/h3>\n<p>El candidato presidencial opositor asegur\u00f3 que <em>\u00abel pa\u00eds es un ba\u00f1o de sangre\u00bb<\/em> porque el Estado <em>\u00abse ocupa mal\u00bb<\/em> de la Seguridad, a la vez que acus\u00f3 a Eugenio Zaffaroni de profundizar los problemas de inseguridad con su doctrina judicial.<\/p>\n<p><em>\u00abNo es solamente ir y atrapar a los delincuentes, sino que tiene un rol fundamental el tema de las penas y c\u00f3mo se ejecutan. Solamente el 3,8% de los delitos son condenados en la Argentina\u00bb<\/em>, expuso, al destacar la figura del ex alcalde de Nueva York Rudolph Giuliani.<\/p>\n<p>Y continu\u00f3: <em>\u00ab\u00c9so hace que la actividad delictiva sea muy rentable en la Argentina y como toda actividad rentable, se expande\u00bb<\/em>.<\/p>\n<p>En ese marco, Milei realiz\u00f3 un elogio de la gesti\u00f3n de Massa en Tigre, aunque luego lo critic\u00f3, haciendo alusi\u00f3n a la derrota que sufri\u00f3 en las PASO su esposa, Malena Galmarini: <em>\u00abLo que has hecho en materia de seguridad en Tigre es bueno y querer extenderlo al resto del pa\u00eds es bueno. Pero debe ser muy malo el resto que hiciste para que tu mujer perdiera siempre cada vez que fue a elecciones. O quiz\u00e1s te conocen demasiado\u00bb<\/em>.<\/p>\n<p>Asimismo, manifest\u00f3 que <em>\u00abla l\u00f3gica fundamental es qu\u00e9 se hace con la Justicia\u00bb<\/em> y se\u00f1al\u00f3 que aspira a reformar la Ley de Seguridad Nacional, de Defensa, de Inteligencia, el C\u00f3digo Penal, el Procesal Penal y el sistema carcelario.<\/p>\n<p><em>\u00abDicho sea de paso, ustedes le est\u00e1n el juicio pol\u00edtico a la Corte. Parece que mucha independencia no quieren que tenga\u00bb<\/em>, chicane\u00f3. Y profundiz\u00f3: <em>\u00abViven teni\u00e9ndolo contra las cuerdas al Poder Judicial\u00bb<\/em>.<\/p>\n<p>Milei ratific\u00f3 su lema sobre <em>\u00abel que las hace las paga\u00bb<\/em> y pidi\u00f3 <em>\u00abterminar con los jueces que sueltan presos\u00bb<\/em>.<\/p>\n<h3><strong>Derechos Humanos y Convivencia Democr\u00e1tica<\/strong><\/h3>\n<p>El libertario acus\u00f3 a Massa de pertenecer a un espacio que <em>\u00abha hecho de la democracia una democracia fallida\u00bb<\/em> y afirm\u00f3 que el kirchnerismo puso a la Argentina <em>\u00abal borde de una guerra civil\u00bb<\/em>.<\/p>\n<p>Adem\u00e1s, defendi\u00f3 su decisi\u00f3n de denunciar a periodistas por haberlo tildado de nazi y apunt\u00f3 contra la casta: <em>\u00abSe compone de los pol\u00edticos ladrones, que hacen cosas en contra de la gente. Los ten\u00e9s todos con vos, son los kirchneristas. Otro componente de la casta son los empresarios prebendarios, que son amigos tuyos o ten\u00e9s negocios con ellos. Tambi\u00e9n los sindicalistas\u00bb<\/em>.<\/p>\n<p>Tambi\u00e9n acus\u00f3 al Gobierno de <em>\u00abcometer un delito de lesa humanidad con la cuarentena\u00bb<\/em> durante la pandemia de coronavirus.<\/p>\n<p><em>(NA)<\/em><\/p>\n","protected":false},"excerpt":{"rendered":"<p>El candidato de La Libertad Avanza afirm\u00f3 que tambi\u00e9n sabe \u00abc\u00f3mo exterminar de una vez por todas el c\u00e1ncer de la inflaci\u00f3n\u00bb.<\/p>\n","protected":false},"author":1,"featured_media":895,"comment_status":"open","ping_status":"closed","sticky":false,"template":"","format":"standard","meta":{"footnotes":""},"categories":[6],"tags":[],"class_list":["post-894","post","type-post","status-publish","format-standard","has-post-thumbnail","hentry","category-politica"],"better_featured_image":{"id":895,"alt_text":"","caption":"","description":"","media_type":"image","media_details":{"width":720,"height":405,"file":"2023\/11\/milei-e1699885712991.jpg","filesize":46002,"sizes":{"medium":{"file":"milei-300x169.jpg","width":300,"height":169,"mime-type":"image\/jpeg","filesize":7801,"source_url":"https:\/\/nuevodigitaldeescobar.com.ar\/wp-content\/uploads\/2023\/11\/milei-300x169.jpg"},"thumbnail":{"file":"milei-150x150.jpg","width":150,"height":150,"mime-type":"image\/jpeg","filesize":4769,"source_url":"https:\/\/nuevodigitaldeescobar.com.ar\/wp-content\/uploads\/2023\/11\/milei-150x150.jpg"},"covernews-medium":{"file":"milei-540x340.jpg","width":540,"height":340,"mime-type":"image\/jpeg","filesize":21171,"source_url":"https:\/\/nuevodigitaldeescobar.com.ar\/wp-content\/uploads\/2023\/11\/milei-540x340.jpg"},"covernews-medium-square":{"file":"milei-400x250.jpg","width":400,"height":250,"mime-type":"image\/jpeg","filesize":13314,"source_url":"https:\/\/nuevodigitaldeescobar.com.ar\/wp-content\/uploads\/2023\/11\/milei-400x250.jpg"}},"image_meta":{"aperture":"0","credit":"","camera":"","caption":"","created_timestamp":"0","copyright":"","focal_length":"0","iso":"0","shutter_speed":"0","title":"","orientation":"0","keywords":[]}},"post":894,"source_url":"https:\/\/nuevodigitaldeescobar.com.ar\/wp-content\/uploads\/2023\/11\/milei-e1699885712991.jpg"},"yoast_head":"<!-- This site is optimized with the Yoast SEO plugin v26.1.1 - https:\/\/yoast.com\/wordpress\/plugins\/seo\/ -->\n<title>Milei en el debate presidencial: &quot;Si fueras Pinocho, ya me hubieras lastimado un ojo&quot; - Nuevo Digital de Escobar<\/title>\n<meta name=\"robots\" content=\"index, follow, max-snippet:-1, max-image-preview:large, max-video-preview:-1\" \/>\n<link rel=\"canonical\" href=\"https:\/\/nuevodigitaldeescobar.com.ar\/?p=894\" \/>\n<meta property=\"og:locale\" content=\"es_ES\" \/>\n<meta property=\"og:type\" content=\"article\" \/>\n<meta property=\"og:title\" content=\"Milei en el debate presidencial: &quot;Si fueras Pinocho, ya me hubieras lastimado un ojo&quot; - Nuevo Digital de Escobar\" \/>\n<meta property=\"og:description\" content=\"El candidato de La Libertad Avanza afirm\u00f3 que tambi\u00e9n sabe \u00abc\u00f3mo exterminar de una vez por todas el c\u00e1ncer de la inflaci\u00f3n\u00bb.\" \/>\n<meta property=\"og:url\" content=\"https:\/\/nuevodigitaldeescobar.com.ar\/?p=894\" \/>\n<meta property=\"og:site_name\" content=\"Nuevo Digital de Escobar\" \/>\n<meta property=\"article:publisher\" content=\"https:\/\/www.facebook.com\/NUEVODigitalDeEscobar\" \/>\n<meta property=\"article:published_time\" content=\"2023-11-13T14:28:42+00:00\" \/>\n<meta property=\"article:modified_time\" content=\"2023-11-13T14:28:45+00:00\" \/>\n<meta property=\"og:image\" content=\"https:\/\/nuevodigitaldeescobar.com.ar\/wp-content\/uploads\/2023\/11\/milei-e1699885712991.jpg\" \/>\n\t<meta property=\"og:image:width\" content=\"720\" \/>\n\t<meta property=\"og:image:height\" content=\"405\" \/>\n\t<meta property=\"og:image:type\" content=\"image\/jpeg\" \/>\n<meta name=\"author\" content=\"Redacci\u00f3n\" \/>\n<meta name=\"twitter:card\" content=\"summary_large_image\" \/>\n<meta name=\"twitter:creator\" content=\"@nuevodigescobar\" \/>\n<meta name=\"twitter:site\" content=\"@nuevodigescobar\" \/>\n<meta name=\"twitter:label1\" content=\"Escrito por\" \/>\n\t<meta name=\"twitter:data1\" content=\"Redacci\u00f3n\" \/>\n\t<meta name=\"twitter:label2\" content=\"Tiempo de lectura\" \/>\n\t<meta name=\"twitter:data2\" content=\"7 minutos\" \/>\n<script type=\"application\/ld+json\" class=\"yoast-schema-graph\">{\"@context\":\"https:\/\/schema.org\",\"@graph\":[{\"@type\":\"Article\",\"@id\":\"https:\/\/nuevodigitaldeescobar.com.ar\/?p=894#article\",\"isPartOf\":{\"@id\":\"https:\/\/nuevodigitaldeescobar.com.ar\/?p=894\"},\"author\":{\"name\":\"Redacci\u00f3n\",\"@id\":\"https:\/\/nuevodigitaldeescobar.com.ar\/#\/schema\/person\/035e90a8efe9a80e6eec22656ad6ea4c\"},\"headline\":\"Milei en el debate presidencial: \u00abSi fueras Pinocho, ya me hubieras lastimado un ojo\u00bb\",\"datePublished\":\"2023-11-13T14:28:42+00:00\",\"dateModified\":\"2023-11-13T14:28:45+00:00\",\"mainEntityOfPage\":{\"@id\":\"https:\/\/nuevodigitaldeescobar.com.ar\/?p=894\"},\"wordCount\":1508,\"commentCount\":0,\"publisher\":{\"@id\":\"https:\/\/nuevodigitaldeescobar.com.ar\/#organization\"},\"image\":{\"@id\":\"https:\/\/nuevodigitaldeescobar.com.ar\/?p=894#primaryimage\"},\"thumbnailUrl\":\"https:\/\/nuevodigitaldeescobar.com.ar\/wp-content\/uploads\/2023\/11\/milei-e1699885712991.jpg\",\"articleSection\":[\"Pol\u00edtica\"],\"inLanguage\":\"es\",\"potentialAction\":[{\"@type\":\"CommentAction\",\"name\":\"Comment\",\"target\":[\"https:\/\/nuevodigitaldeescobar.com.ar\/?p=894#respond\"]}]},{\"@type\":\"WebPage\",\"@id\":\"https:\/\/nuevodigitaldeescobar.com.ar\/?p=894\",\"url\":\"https:\/\/nuevodigitaldeescobar.com.ar\/?p=894\",\"name\":\"Milei en el debate presidencial: \\\"Si fueras Pinocho, ya me hubieras lastimado un ojo\\\" - Nuevo Digital de Escobar\",\"isPartOf\":{\"@id\":\"https:\/\/nuevodigitaldeescobar.com.ar\/#website\"},\"primaryImageOfPage\":{\"@id\":\"https:\/\/nuevodigitaldeescobar.com.ar\/?p=894#primaryimage\"},\"image\":{\"@id\":\"https:\/\/nuevodigitaldeescobar.com.ar\/?p=894#primaryimage\"},\"thumbnailUrl\":\"https:\/\/nuevodigitaldeescobar.com.ar\/wp-content\/uploads\/2023\/11\/milei-e1699885712991.jpg\",\"datePublished\":\"2023-11-13T14:28:42+00:00\",\"dateModified\":\"2023-11-13T14:28:45+00:00\",\"breadcrumb\":{\"@id\":\"https:\/\/nuevodigitaldeescobar.com.ar\/?p=894#breadcrumb\"},\"inLanguage\":\"es\",\"potentialAction\":[{\"@type\":\"ReadAction\",\"target\":[\"https:\/\/nuevodigitaldeescobar.com.ar\/?p=894\"]}]},{\"@type\":\"ImageObject\",\"inLanguage\":\"es\",\"@id\":\"https:\/\/nuevodigitaldeescobar.com.ar\/?p=894#primaryimage\",\"url\":\"https:\/\/nuevodigitaldeescobar.com.ar\/wp-content\/uploads\/2023\/11\/milei-e1699885712991.jpg\",\"contentUrl\":\"https:\/\/nuevodigitaldeescobar.com.ar\/wp-content\/uploads\/2023\/11\/milei-e1699885712991.jpg\",\"width\":720,\"height\":405},{\"@type\":\"BreadcrumbList\",\"@id\":\"https:\/\/nuevodigitaldeescobar.com.ar\/?p=894#breadcrumb\",\"itemListElement\":[{\"@type\":\"ListItem\",\"position\":1,\"name\":\"Portada\",\"item\":\"https:\/\/nuevodigitaldeescobar.com.ar\/\"},{\"@type\":\"ListItem\",\"position\":2,\"name\":\"Milei en el debate presidencial: &#8220;Si fueras Pinocho, ya me hubieras lastimado un ojo&#8221;\"}]},{\"@type\":\"WebSite\",\"@id\":\"https:\/\/nuevodigitaldeescobar.com.ar\/#website\",\"url\":\"https:\/\/nuevodigitaldeescobar.com.ar\/\",\"name\":\"Nuevo Digital de Escobar\",\"description\":\"La vida escobarense. Directora: Rosana Brunner\",\"publisher\":{\"@id\":\"https:\/\/nuevodigitaldeescobar.com.ar\/#organization\"},\"potentialAction\":[{\"@type\":\"SearchAction\",\"target\":{\"@type\":\"EntryPoint\",\"urlTemplate\":\"https:\/\/nuevodigitaldeescobar.com.ar\/?s={search_term_string}\"},\"query-input\":{\"@type\":\"PropertyValueSpecification\",\"valueRequired\":true,\"valueName\":\"search_term_string\"}}],\"inLanguage\":\"es\"},{\"@type\":\"Organization\",\"@id\":\"https:\/\/nuevodigitaldeescobar.com.ar\/#organization\",\"name\":\"Nuevo Digital de Escobar\",\"url\":\"https:\/\/nuevodigitaldeescobar.com.ar\/\",\"logo\":{\"@type\":\"ImageObject\",\"inLanguage\":\"es\",\"@id\":\"https:\/\/nuevodigitaldeescobar.com.ar\/#\/schema\/logo\/image\/\",\"url\":\"https:\/\/nuevodigitaldeescobar.com.ar\/wp-content\/uploads\/2025\/05\/cropped-logo-nuevo2.jpg\",\"contentUrl\":\"https:\/\/nuevodigitaldeescobar.com.ar\/wp-content\/uploads\/2025\/05\/cropped-logo-nuevo2.jpg\",\"width\":305,\"height\":305,\"caption\":\"Nuevo Digital de Escobar\"},\"image\":{\"@id\":\"https:\/\/nuevodigitaldeescobar.com.ar\/#\/schema\/logo\/image\/\"},\"sameAs\":[\"https:\/\/www.facebook.com\/NUEVODigitalDeEscobar\",\"https:\/\/x.com\/nuevodigescobar\",\"https:\/\/www.instagram.com\/nuevodigitaldeescobar\"]},{\"@type\":\"Person\",\"@id\":\"https:\/\/nuevodigitaldeescobar.com.ar\/#\/schema\/person\/035e90a8efe9a80e6eec22656ad6ea4c\",\"name\":\"Redacci\u00f3n\",\"image\":{\"@type\":\"ImageObject\",\"inLanguage\":\"es\",\"@id\":\"https:\/\/nuevodigitaldeescobar.com.ar\/#\/schema\/person\/image\/\",\"url\":\"https:\/\/secure.gravatar.com\/avatar\/8af8f40000c24e9eef3034f2be5998a372bb1389e64b1a4a36b3a7979142220d?s=96&d=mm&r=g\",\"contentUrl\":\"https:\/\/secure.gravatar.com\/avatar\/8af8f40000c24e9eef3034f2be5998a372bb1389e64b1a4a36b3a7979142220d?s=96&d=mm&r=g\",\"caption\":\"Redacci\u00f3n\"},\"sameAs\":[\"http:\/\/nuevodigitaldeescobar.com.ar\"],\"url\":\"https:\/\/nuevodigitaldeescobar.com.ar\/?author=1\"}]}<\/script>\n<!-- \/ Yoast SEO plugin. -->","yoast_head_json":{"title":"Milei en el debate presidencial: \"Si fueras Pinocho, ya me hubieras lastimado un ojo\" - Nuevo Digital de Escobar","robots":{"index":"index","follow":"follow","max-snippet":"max-snippet:-1","max-image-preview":"max-image-preview:large","max-video-preview":"max-video-preview:-1"},"canonical":"https:\/\/nuevodigitaldeescobar.com.ar\/?p=894","og_locale":"es_ES","og_type":"article","og_title":"Milei en el debate presidencial: \"Si fueras Pinocho, ya me hubieras lastimado un ojo\" - Nuevo Digital de Escobar","og_description":"El candidato de La Libertad Avanza afirm\u00f3 que tambi\u00e9n sabe \u00abc\u00f3mo exterminar de una vez por todas el c\u00e1ncer de la inflaci\u00f3n\u00bb.","og_url":"https:\/\/nuevodigitaldeescobar.com.ar\/?p=894","og_site_name":"Nuevo Digital de Escobar","article_publisher":"https:\/\/www.facebook.com\/NUEVODigitalDeEscobar","article_published_time":"2023-11-13T14:28:42+00:00","article_modified_time":"2023-11-13T14:28:45+00:00","og_image":[{"width":720,"height":405,"url":"https:\/\/nuevodigitaldeescobar.com.ar\/wp-content\/uploads\/2023\/11\/milei-e1699885712991.jpg","type":"image\/jpeg"}],"author":"Redacci\u00f3n","twitter_card":"summary_large_image","twitter_creator":"@nuevodigescobar","twitter_site":"@nuevodigescobar","twitter_misc":{"Escrito por":"Redacci\u00f3n","Tiempo de lectura":"7 minutos"},"schema":{"@context":"https:\/\/schema.org","@graph":[{"@type":"Article","@id":"https:\/\/nuevodigitaldeescobar.com.ar\/?p=894#article","isPartOf":{"@id":"https:\/\/nuevodigitaldeescobar.com.ar\/?p=894"},"author":{"name":"Redacci\u00f3n","@id":"https:\/\/nuevodigitaldeescobar.com.ar\/#\/schema\/person\/035e90a8efe9a80e6eec22656ad6ea4c"},"headline":"Milei en el debate presidencial: \u00abSi fueras Pinocho, ya me hubieras lastimado un ojo\u00bb","datePublished":"2023-11-13T14:28:42+00:00","dateModified":"2023-11-13T14:28:45+00:00","mainEntityOfPage":{"@id":"https:\/\/nuevodigitaldeescobar.com.ar\/?p=894"},"wordCount":1508,"commentCount":0,"publisher":{"@id":"https:\/\/nuevodigitaldeescobar.com.ar\/#organization"},"image":{"@id":"https:\/\/nuevodigitaldeescobar.com.ar\/?p=894#primaryimage"},"thumbnailUrl":"https:\/\/nuevodigitaldeescobar.com.ar\/wp-content\/uploads\/2023\/11\/milei-e1699885712991.jpg","articleSection":["Pol\u00edtica"],"inLanguage":"es","potentialAction":[{"@type":"CommentAction","name":"Comment","target":["https:\/\/nuevodigitaldeescobar.com.ar\/?p=894#respond"]}]},{"@type":"WebPage","@id":"https:\/\/nuevodigitaldeescobar.com.ar\/?p=894","url":"https:\/\/nuevodigitaldeescobar.com.ar\/?p=894","name":"Milei en el debate presidencial: \"Si fueras Pinocho, ya me hubieras lastimado un ojo\" - Nuevo Digital de Escobar","isPartOf":{"@id":"https:\/\/nuevodigitaldeescobar.com.ar\/#website"},"primaryImageOfPage":{"@id":"https:\/\/nuevodigitaldeescobar.com.ar\/?p=894#primaryimage"},"image":{"@id":"https:\/\/nuevodigitaldeescobar.com.ar\/?p=894#primaryimage"},"thumbnailUrl":"https:\/\/nuevodigitaldeescobar.com.ar\/wp-content\/uploads\/2023\/11\/milei-e1699885712991.jpg","datePublished":"2023-11-13T14:28:42+00:00","dateModified":"2023-11-13T14:28:45+00:00","breadcrumb":{"@id":"https:\/\/nuevodigitaldeescobar.com.ar\/?p=894#breadcrumb"},"inLanguage":"es","potentialAction":[{"@type":"ReadAction","target":["https:\/\/nuevodigitaldeescobar.com.ar\/?p=894"]}]},{"@type":"ImageObject","inLanguage":"es","@id":"https:\/\/nuevodigitaldeescobar.com.ar\/?p=894#primaryimage","url":"https:\/\/nuevodigitaldeescobar.com.ar\/wp-content\/uploads\/2023\/11\/milei-e1699885712991.jpg","contentUrl":"https:\/\/nuevodigitaldeescobar.com.ar\/wp-content\/uploads\/2023\/11\/milei-e1699885712991.jpg","width":720,"height":405},{"@type":"BreadcrumbList","@id":"https:\/\/nuevodigitaldeescobar.com.ar\/?p=894#breadcrumb","itemListElement":[{"@type":"ListItem","position":1,"name":"Portada","item":"https:\/\/nuevodigitaldeescobar.com.ar\/"},{"@type":"ListItem","position":2,"name":"Milei en el debate presidencial: &#8220;Si fueras Pinocho, ya me hubieras lastimado un ojo&#8221;"}]},{"@type":"WebSite","@id":"https:\/\/nuevodigitaldeescobar.com.ar\/#website","url":"https:\/\/nuevodigitaldeescobar.com.ar\/","name":"Nuevo Digital de Escobar","description":"La vida escobarense. Directora: Rosana Brunner","publisher":{"@id":"https:\/\/nuevodigitaldeescobar.com.ar\/#organization"},"potentialAction":[{"@type":"SearchAction","target":{"@type":"EntryPoint","urlTemplate":"https:\/\/nuevodigitaldeescobar.com.ar\/?s={search_term_string}"},"query-input":{"@type":"PropertyValueSpecification","valueRequired":true,"valueName":"search_term_string"}}],"inLanguage":"es"},{"@type":"Organization","@id":"https:\/\/nuevodigitaldeescobar.com.ar\/#organization","name":"Nuevo Digital de Escobar","url":"https:\/\/nuevodigitaldeescobar.com.ar\/","logo":{"@type":"ImageObject","inLanguage":"es","@id":"https:\/\/nuevodigitaldeescobar.com.ar\/#\/schema\/logo\/image\/","url":"https:\/\/nuevodigitaldeescobar.com.ar\/wp-content\/uploads\/2025\/05\/cropped-logo-nuevo2.jpg","contentUrl":"https:\/\/nuevodigitaldeescobar.com.ar\/wp-content\/uploads\/2025\/05\/cropped-logo-nuevo2.jpg","width":305,"height":305,"caption":"Nuevo Digital de Escobar"},"image":{"@id":"https:\/\/nuevodigitaldeescobar.com.ar\/#\/schema\/logo\/image\/"},"sameAs":["https:\/\/www.facebook.com\/NUEVODigitalDeEscobar","https:\/\/x.com\/nuevodigescobar","https:\/\/www.instagram.com\/nuevodigitaldeescobar"]},{"@type":"Person","@id":"https:\/\/nuevodigitaldeescobar.com.ar\/#\/schema\/person\/035e90a8efe9a80e6eec22656ad6ea4c","name":"Redacci\u00f3n","image":{"@type":"ImageObject","inLanguage":"es","@id":"https:\/\/nuevodigitaldeescobar.com.ar\/#\/schema\/person\/image\/","url":"https:\/\/secure.gravatar.com\/avatar\/8af8f40000c24e9eef3034f2be5998a372bb1389e64b1a4a36b3a7979142220d?s=96&d=mm&r=g","contentUrl":"https:\/\/secure.gravatar.com\/avatar\/8af8f40000c24e9eef3034f2be5998a372bb1389e64b1a4a36b3a7979142220d?s=96&d=mm&r=g","caption":"Redacci\u00f3n"},"sameAs":["http:\/\/nuevodigitaldeescobar.com.ar"],"url":"https:\/\/nuevodigitaldeescobar.com.ar\/?author=1"}]}},"featured_image_urls":{"full":["https:\/\/nuevodigitaldeescobar.com.ar\/wp-content\/uploads\/2023\/11\/milei-e1699885712991.jpg",720,405,false],"thumbnail":["https:\/\/nuevodigitaldeescobar.com.ar\/wp-content\/uploads\/2023\/11\/milei-150x150.jpg",150,150,true],"medium":["https:\/\/nuevodigitaldeescobar.com.ar\/wp-content\/uploads\/2023\/11\/milei-300x169.jpg",300,169,true],"medium_large":["https:\/\/nuevodigitaldeescobar.com.ar\/wp-content\/uploads\/2023\/11\/milei-e1699885712991.jpg",640,360,false],"large":["https:\/\/nuevodigitaldeescobar.com.ar\/wp-content\/uploads\/2023\/11\/milei-e1699885712991.jpg",640,360,false],"1536x1536":["https:\/\/nuevodigitaldeescobar.com.ar\/wp-content\/uploads\/2023\/11\/milei-e1699885712991.jpg",720,405,false],"2048x2048":["https:\/\/nuevodigitaldeescobar.com.ar\/wp-content\/uploads\/2023\/11\/milei-e1699885712991.jpg",720,405,false]},"author_info":{"display_name":"Redacci\u00f3n","author_link":"https:\/\/nuevodigitaldeescobar.com.ar\/?author=1"},"category_info":"<a href=\"https:\/\/nuevodigitaldeescobar.com.ar\/?cat=6\" rel=\"category\">Pol\u00edtica<\/a>","tag_info":"Pol\u00edtica","comment_count":"0","_links":{"self":[{"href":"https:\/\/nuevodigitaldeescobar.com.ar\/index.php?rest_route=\/wp\/v2\/posts\/894","targetHints":{"allow":["GET"]}}],"collection":[{"href":"https:\/\/nuevodigitaldeescobar.com.ar\/index.php?rest_route=\/wp\/v2\/posts"}],"about":[{"href":"https:\/\/nuevodigitaldeescobar.com.ar\/index.php?rest_route=\/wp\/v2\/types\/post"}],"author":[{"embeddable":true,"href":"https:\/\/nuevodigitaldeescobar.com.ar\/index.php?rest_route=\/wp\/v2\/users\/1"}],"replies":[{"embeddable":true,"href":"https:\/\/nuevodigitaldeescobar.com.ar\/index.php?rest_route=%2Fwp%2Fv2%2Fcomments&post=894"}],"version-history":[{"count":1,"href":"https:\/\/nuevodigitaldeescobar.com.ar\/index.php?rest_route=\/wp\/v2\/posts\/894\/revisions"}],"predecessor-version":[{"id":896,"href":"https:\/\/nuevodigitaldeescobar.com.ar\/index.php?rest_route=\/wp\/v2\/posts\/894\/revisions\/896"}],"wp:featuredmedia":[{"embeddable":true,"href":"https:\/\/nuevodigitaldeescobar.com.ar\/index.php?rest_route=\/wp\/v2\/media\/895"}],"wp:attachment":[{"href":"https:\/\/nuevodigitaldeescobar.com.ar\/index.php?rest_route=%2Fwp%2Fv2%2Fmedia&parent=894"}],"wp:term":[{"taxonomy":"category","embeddable":true,"href":"https:\/\/nuevodigitaldeescobar.com.ar\/index.php?rest_route=%2Fwp%2Fv2%2Fcategories&post=894"},{"taxonomy":"post_tag","embeddable":true,"href":"https:\/\/nuevodigitaldeescobar.com.ar\/index.php?rest_route=%2Fwp%2Fv2%2Ftags&post=894"}],"curies":[{"name":"wp","href":"https:\/\/api.w.org\/{rel}","templated":true}]}}