{"id":9393,"date":"2024-11-13T07:00:00","date_gmt":"2024-11-13T10:00:00","guid":{"rendered":"https:\/\/nuevodigitaldeescobar.com.ar\/?p=9393"},"modified":"2024-11-07T19:21:21","modified_gmt":"2024-11-07T22:21:21","slug":"el-bioparque-temaiken-celebra-la-12-edicion-de-somos-diversidad","status":"publish","type":"post","link":"https:\/\/nuevodigitaldeescobar.com.ar\/?p=9393","title":{"rendered":"El Bioparque Temaik\u00e8n celebra la 12\u00b0 edici\u00f3n de \u201cSomos Diversidad\u201d"},"content":{"rendered":"<p><span style=\"color: #003366;\"><strong><em>Los visitantes al Bioparque podr\u00e1n disfrutar de actividades art\u00edsticas y ambientales en un espacio accesible y conectarse con la naturaleza de forma creativa y participativa. Las personas con discapacidad podr\u00e1n ingresar gratis junto a dos acompa\u00f1antes, previa inscripci\u00f3n online.<\/em><\/strong><\/span><\/p>\n<p><!--more--><\/p>\n<hr \/>\n<p>El s\u00e1bado 16 de noviembre, de 10 a 18 horas, el Bioparque Temaik\u00e8n compartir\u00e1 la edici\u00f3n n\u00famero 12 de <em>\u201cSomos Diversidad\u201d<\/em>, una jornada inclusiva que potencia lo mejor de nosotros a partir de nuestras diferencias. El ingreso ser\u00e1 gratuito para las personas con discapacidad m\u00e1s dos acompa\u00f1antes, con inscripci\u00f3n previa online. En el ingreso al Bioparque, deber\u00e1n presentar el Certificado \u00danico de Discapacidad (CUD) y su DNI.<\/p>\n<p>La jornada busca que los visitantes aprendan a valorar y proteger la biodiversidad. Para ello, se crear\u00e1n espacios donde puedan conectar y apreciar la diversidad de la naturaleza a trav\u00e9s de su propia experiencia.<\/p>\n<p>Temaik\u00e8n entiende que la protecci\u00f3n de la naturaleza es un compromiso de todos, y es en la diversidad donde una sociedad crece y se desarrolla con mayor libertad. Por eso, cuenta con una propuesta de aprendizaje para la valoraci\u00f3n y el cuidado del ambiente promoviendo un espacio inclusivo, participativo y solidario.<\/p>\n<h3><span style=\"color: #003366;\">Agenda de actividades<\/span><\/h3>\n<p><em>\u201cSomos Diversidad\u201d<\/em> contar\u00e1 con actividades y charlas para conocer la flora y la fauna a trav\u00e9s de los sentidos. Adem\u00e1s de actividades inclusivas de los Guardianes de la Naturaleza, diferentes organizaciones sociales, especializadas en la inclusi\u00f3n de personas con discapacidad, brindar\u00e1n talleres y experiencias art\u00edsticas. Entre ellas, Fundaci\u00f3n Peumay\u00e9n, propondr\u00e1 armar animales reutilizando materiales reciclados; el Hogar ASANA dar\u00e1 un taller de instrumentos musicales con material reciclado; el Planetario Galileo Galilei brindar\u00e1 una experiencia astron\u00f3mica inclusiva, que incluir\u00e1 talleres de lengua de se\u00f1as astron\u00f3micas, juegos interactivos de preguntas y respuestas con dados h\u00e1pticos y exhibici\u00f3n de materiales accesibles.<\/p>\n<p>Tambi\u00e9n participar\u00e1 Padres TEA Escobar con un taller de arte; el Centro de D\u00eda Favaloro propondr\u00e1 jugar en una kermesse; la asociaci\u00f3n de Pintores con la boca y el pie Arte animar\u00e1 a realizar obras art\u00edsticas sobre animales silvestres; el Instituto Rom\u00e1n Rosell guiar\u00e1 a todos a convertirse en titiriteros; la asociaci\u00f3n ASDRA llevar\u00e1 a descubrir el artista que llevamos dentro; y la Direcci\u00f3n de Discapacidad del Municipio de Escobar acompa\u00f1ar\u00e1 con la interpretaci\u00f3n en Lenguaje de Se\u00f1as. Y junto a Chicas neurodivergentes (pictogramas AR, DOMUS, neurodivergenciaRock, Lu Garabello) y con la participaci\u00f3n de DrawingGoats, colectivo de artistas neurodiversos, se podr\u00e1 disfrutar una actividad distendida en relaci\u00f3n a la naturaleza, la biodiversidad y la diversidad de las personas.<\/p>\n<p>Adem\u00e1s, durante la ma\u00f1ana se presentar\u00e1 el show musical de <em>\u201cIv\u00e1n y sus amigos\u201d<\/em> y por la tarde, actuar\u00e1 el grupo <em>\u201cPitip\u00e1\u201d<\/em>, brindando una apertura y un cierre a todo ritmo.<\/p>\n<p>Para inscripci\u00f3n y m\u00e1s informaci\u00f3n sobre Somos Diversidad, hay que ingresar en la p\u00e1gina <a href=\"https:\/\/inscripcionsomosdiversidad.temaiken.org.ar\/\">https:\/\/inscripcionsomosdiversidad.temaiken.org.ar\/<\/a>.<\/p>\n","protected":false},"excerpt":{"rendered":"<p>Los visitantes al Bioparque podr\u00e1n disfrutar de actividades art\u00edsticas y ambientales en un espacio accesible y conectarse con la naturaleza de forma creativa y participativa. [&hellip;]<\/p>\n","protected":false},"author":1,"featured_media":9394,"comment_status":"open","ping_status":"open","sticky":false,"template":"","format":"standard","meta":{"footnotes":""},"categories":[14,11,4],"tags":[],"class_list":["post-9393","post","type-post","status-publish","format-standard","has-post-thumbnail","hentry","category-clima-medioambiente-y-sostenibilidad","category-cultura-arte-y-espectaculos","category-educacion"],"better_featured_image":{"id":9394,"alt_text":"","caption":"","description":"","media_type":"image","media_details":{"width":677,"height":315,"file":"2024\/11\/Somos-diversidad-scaled-e1731018056246.jpeg","filesize":395584,"sizes":{"medium":{"file":"Somos-diversidad-scaled-e1731018056246-300x140.jpeg","width":300,"height":140,"mime-type":"image\/jpeg","filesize":15056,"source_url":"https:\/\/nuevodigitaldeescobar.com.ar\/wp-content\/uploads\/2024\/11\/Somos-diversidad-scaled-e1731018056246-300x140.jpeg"},"large":{"file":"Somos-diversidad-576x1024.jpeg","width":576,"height":1024,"mime-type":"image\/jpeg","filesize":95327,"source_url":"https:\/\/nuevodigitaldeescobar.com.ar\/wp-content\/uploads\/2024\/11\/Somos-diversidad-576x1024.jpeg"},"thumbnail":{"file":"Somos-diversidad-scaled-e1731018056246-150x150.jpeg","width":150,"height":150,"mime-type":"image\/jpeg","filesize":7533,"source_url":"https:\/\/nuevodigitaldeescobar.com.ar\/wp-content\/uploads\/2024\/11\/Somos-diversidad-scaled-e1731018056246-150x150.jpeg"},"medium_large":{"file":"Somos-diversidad-768x1365.jpeg","width":768,"height":1365,"mime-type":"image\/jpeg","filesize":150187,"source_url":"https:\/\/nuevodigitaldeescobar.com.ar\/wp-content\/uploads\/2024\/11\/Somos-diversidad-768x1365.jpeg"},"1536x1536":{"file":"Somos-diversidad-864x1536.jpeg","width":864,"height":1536,"mime-type":"image\/jpeg","filesize":179326,"source_url":"https:\/\/nuevodigitaldeescobar.com.ar\/wp-content\/uploads\/2024\/11\/Somos-diversidad-864x1536.jpeg"},"2048x2048":{"file":"Somos-diversidad-1152x2048.jpeg","width":1152,"height":2048,"mime-type":"image\/jpeg","filesize":275728,"source_url":"https:\/\/nuevodigitaldeescobar.com.ar\/wp-content\/uploads\/2024\/11\/Somos-diversidad-1152x2048.jpeg"}},"image_meta":{"aperture":"0","credit":"","camera":"","caption":"","created_timestamp":"0","copyright":"","focal_length":"0","iso":"0","shutter_speed":"0","title":"","orientation":"0","keywords":[]},"original_image":"Somos-diversidad.jpeg"},"post":9393,"source_url":"https:\/\/nuevodigitaldeescobar.com.ar\/wp-content\/uploads\/2024\/11\/Somos-diversidad-scaled-e1731018056246.jpeg"},"yoast_head":"<!-- This site is optimized with the Yoast SEO plugin v26.1.1 - https:\/\/yoast.com\/wordpress\/plugins\/seo\/ -->\n<title>El Bioparque Temaik\u00e8n celebra la 12\u00b0 edici\u00f3n de \u201cSomos Diversidad\u201d - Nuevo Digital de Escobar<\/title>\n<meta name=\"robots\" content=\"index, follow, max-snippet:-1, max-image-preview:large, max-video-preview:-1\" \/>\n<link rel=\"canonical\" href=\"https:\/\/nuevodigitaldeescobar.com.ar\/?p=9393\" \/>\n<meta property=\"og:locale\" content=\"es_ES\" \/>\n<meta property=\"og:type\" content=\"article\" \/>\n<meta property=\"og:title\" content=\"El Bioparque Temaik\u00e8n celebra la 12\u00b0 edici\u00f3n de \u201cSomos Diversidad\u201d - Nuevo Digital de Escobar\" \/>\n<meta property=\"og:description\" content=\"Los visitantes al Bioparque podr\u00e1n disfrutar de actividades art\u00edsticas y ambientales en un espacio accesible y conectarse con la naturaleza de forma creativa y participativa. [&hellip;]\" \/>\n<meta property=\"og:url\" content=\"https:\/\/nuevodigitaldeescobar.com.ar\/?p=9393\" \/>\n<meta property=\"og:site_name\" content=\"Nuevo Digital de Escobar\" \/>\n<meta property=\"article:publisher\" content=\"https:\/\/www.facebook.com\/NUEVODigitalDeEscobar\" \/>\n<meta property=\"article:published_time\" content=\"2024-11-13T10:00:00+00:00\" \/>\n<meta property=\"og:image\" content=\"https:\/\/nuevodigitaldeescobar.com.ar\/wp-content\/uploads\/2024\/11\/Somos-diversidad-scaled-e1731018056246.jpeg\" \/>\n\t<meta property=\"og:image:width\" content=\"677\" \/>\n\t<meta property=\"og:image:height\" content=\"315\" \/>\n\t<meta property=\"og:image:type\" content=\"image\/jpeg\" \/>\n<meta name=\"author\" content=\"Redacci\u00f3n\" \/>\n<meta name=\"twitter:card\" content=\"summary_large_image\" \/>\n<meta name=\"twitter:creator\" content=\"@nuevodigescobar\" \/>\n<meta name=\"twitter:site\" content=\"@nuevodigescobar\" \/>\n<meta name=\"twitter:label1\" content=\"Escrito por\" \/>\n\t<meta name=\"twitter:data1\" content=\"Redacci\u00f3n\" \/>\n\t<meta name=\"twitter:label2\" content=\"Tiempo de lectura\" \/>\n\t<meta name=\"twitter:data2\" content=\"3 minutos\" \/>\n<script type=\"application\/ld+json\" class=\"yoast-schema-graph\">{\"@context\":\"https:\/\/schema.org\",\"@graph\":[{\"@type\":\"Article\",\"@id\":\"https:\/\/nuevodigitaldeescobar.com.ar\/?p=9393#article\",\"isPartOf\":{\"@id\":\"https:\/\/nuevodigitaldeescobar.com.ar\/?p=9393\"},\"author\":{\"name\":\"Redacci\u00f3n\",\"@id\":\"https:\/\/nuevodigitaldeescobar.com.ar\/#\/schema\/person\/035e90a8efe9a80e6eec22656ad6ea4c\"},\"headline\":\"El Bioparque Temaik\u00e8n celebra la 12\u00b0 edici\u00f3n de \u201cSomos Diversidad\u201d\",\"datePublished\":\"2024-11-13T10:00:00+00:00\",\"mainEntityOfPage\":{\"@id\":\"https:\/\/nuevodigitaldeescobar.com.ar\/?p=9393\"},\"wordCount\":516,\"commentCount\":0,\"publisher\":{\"@id\":\"https:\/\/nuevodigitaldeescobar.com.ar\/#organization\"},\"image\":{\"@id\":\"https:\/\/nuevodigitaldeescobar.com.ar\/?p=9393#primaryimage\"},\"thumbnailUrl\":\"https:\/\/nuevodigitaldeescobar.com.ar\/wp-content\/uploads\/2024\/11\/Somos-diversidad-scaled-e1731018056246.jpeg\",\"articleSection\":[\"Clima, Medioambiente y Sostenibilidad\",\"Cultura, Arte y Espect\u00e1culos\",\"Educaci\u00f3n\"],\"inLanguage\":\"es\",\"potentialAction\":[{\"@type\":\"CommentAction\",\"name\":\"Comment\",\"target\":[\"https:\/\/nuevodigitaldeescobar.com.ar\/?p=9393#respond\"]}]},{\"@type\":\"WebPage\",\"@id\":\"https:\/\/nuevodigitaldeescobar.com.ar\/?p=9393\",\"url\":\"https:\/\/nuevodigitaldeescobar.com.ar\/?p=9393\",\"name\":\"El Bioparque Temaik\u00e8n celebra la 12\u00b0 edici\u00f3n de \u201cSomos Diversidad\u201d - Nuevo Digital de Escobar\",\"isPartOf\":{\"@id\":\"https:\/\/nuevodigitaldeescobar.com.ar\/#website\"},\"primaryImageOfPage\":{\"@id\":\"https:\/\/nuevodigitaldeescobar.com.ar\/?p=9393#primaryimage\"},\"image\":{\"@id\":\"https:\/\/nuevodigitaldeescobar.com.ar\/?p=9393#primaryimage\"},\"thumbnailUrl\":\"https:\/\/nuevodigitaldeescobar.com.ar\/wp-content\/uploads\/2024\/11\/Somos-diversidad-scaled-e1731018056246.jpeg\",\"datePublished\":\"2024-11-13T10:00:00+00:00\",\"breadcrumb\":{\"@id\":\"https:\/\/nuevodigitaldeescobar.com.ar\/?p=9393#breadcrumb\"},\"inLanguage\":\"es\",\"potentialAction\":[{\"@type\":\"ReadAction\",\"target\":[\"https:\/\/nuevodigitaldeescobar.com.ar\/?p=9393\"]}]},{\"@type\":\"ImageObject\",\"inLanguage\":\"es\",\"@id\":\"https:\/\/nuevodigitaldeescobar.com.ar\/?p=9393#primaryimage\",\"url\":\"https:\/\/nuevodigitaldeescobar.com.ar\/wp-content\/uploads\/2024\/11\/Somos-diversidad-scaled-e1731018056246.jpeg\",\"contentUrl\":\"https:\/\/nuevodigitaldeescobar.com.ar\/wp-content\/uploads\/2024\/11\/Somos-diversidad-scaled-e1731018056246.jpeg\",\"width\":677,\"height\":315},{\"@type\":\"BreadcrumbList\",\"@id\":\"https:\/\/nuevodigitaldeescobar.com.ar\/?p=9393#breadcrumb\",\"itemListElement\":[{\"@type\":\"ListItem\",\"position\":1,\"name\":\"Portada\",\"item\":\"https:\/\/nuevodigitaldeescobar.com.ar\/\"},{\"@type\":\"ListItem\",\"position\":2,\"name\":\"El Bioparque Temaik\u00e8n celebra la 12\u00b0 edici\u00f3n de \u201cSomos Diversidad\u201d\"}]},{\"@type\":\"WebSite\",\"@id\":\"https:\/\/nuevodigitaldeescobar.com.ar\/#website\",\"url\":\"https:\/\/nuevodigitaldeescobar.com.ar\/\",\"name\":\"Nuevo Digital de Escobar\",\"description\":\"La vida escobarense. Directora: Rosana Brunner\",\"publisher\":{\"@id\":\"https:\/\/nuevodigitaldeescobar.com.ar\/#organization\"},\"potentialAction\":[{\"@type\":\"SearchAction\",\"target\":{\"@type\":\"EntryPoint\",\"urlTemplate\":\"https:\/\/nuevodigitaldeescobar.com.ar\/?s={search_term_string}\"},\"query-input\":{\"@type\":\"PropertyValueSpecification\",\"valueRequired\":true,\"valueName\":\"search_term_string\"}}],\"inLanguage\":\"es\"},{\"@type\":\"Organization\",\"@id\":\"https:\/\/nuevodigitaldeescobar.com.ar\/#organization\",\"name\":\"Nuevo Digital de Escobar\",\"url\":\"https:\/\/nuevodigitaldeescobar.com.ar\/\",\"logo\":{\"@type\":\"ImageObject\",\"inLanguage\":\"es\",\"@id\":\"https:\/\/nuevodigitaldeescobar.com.ar\/#\/schema\/logo\/image\/\",\"url\":\"https:\/\/nuevodigitaldeescobar.com.ar\/wp-content\/uploads\/2025\/05\/cropped-logo-nuevo2.jpg\",\"contentUrl\":\"https:\/\/nuevodigitaldeescobar.com.ar\/wp-content\/uploads\/2025\/05\/cropped-logo-nuevo2.jpg\",\"width\":305,\"height\":305,\"caption\":\"Nuevo Digital de Escobar\"},\"image\":{\"@id\":\"https:\/\/nuevodigitaldeescobar.com.ar\/#\/schema\/logo\/image\/\"},\"sameAs\":[\"https:\/\/www.facebook.com\/NUEVODigitalDeEscobar\",\"https:\/\/x.com\/nuevodigescobar\",\"https:\/\/www.instagram.com\/nuevodigitaldeescobar\"]},{\"@type\":\"Person\",\"@id\":\"https:\/\/nuevodigitaldeescobar.com.ar\/#\/schema\/person\/035e90a8efe9a80e6eec22656ad6ea4c\",\"name\":\"Redacci\u00f3n\",\"image\":{\"@type\":\"ImageObject\",\"inLanguage\":\"es\",\"@id\":\"https:\/\/nuevodigitaldeescobar.com.ar\/#\/schema\/person\/image\/\",\"url\":\"https:\/\/secure.gravatar.com\/avatar\/8af8f40000c24e9eef3034f2be5998a372bb1389e64b1a4a36b3a7979142220d?s=96&d=mm&r=g\",\"contentUrl\":\"https:\/\/secure.gravatar.com\/avatar\/8af8f40000c24e9eef3034f2be5998a372bb1389e64b1a4a36b3a7979142220d?s=96&d=mm&r=g\",\"caption\":\"Redacci\u00f3n\"},\"sameAs\":[\"http:\/\/nuevodigitaldeescobar.com.ar\"],\"url\":\"https:\/\/nuevodigitaldeescobar.com.ar\/?author=1\"}]}<\/script>\n<!-- \/ Yoast SEO plugin. -->","yoast_head_json":{"title":"El Bioparque Temaik\u00e8n celebra la 12\u00b0 edici\u00f3n de \u201cSomos Diversidad\u201d - Nuevo Digital de Escobar","robots":{"index":"index","follow":"follow","max-snippet":"max-snippet:-1","max-image-preview":"max-image-preview:large","max-video-preview":"max-video-preview:-1"},"canonical":"https:\/\/nuevodigitaldeescobar.com.ar\/?p=9393","og_locale":"es_ES","og_type":"article","og_title":"El Bioparque Temaik\u00e8n celebra la 12\u00b0 edici\u00f3n de \u201cSomos Diversidad\u201d - Nuevo Digital de Escobar","og_description":"Los visitantes al Bioparque podr\u00e1n disfrutar de actividades art\u00edsticas y ambientales en un espacio accesible y conectarse con la naturaleza de forma creativa y participativa. [&hellip;]","og_url":"https:\/\/nuevodigitaldeescobar.com.ar\/?p=9393","og_site_name":"Nuevo Digital de Escobar","article_publisher":"https:\/\/www.facebook.com\/NUEVODigitalDeEscobar","article_published_time":"2024-11-13T10:00:00+00:00","og_image":[{"width":677,"height":315,"url":"https:\/\/nuevodigitaldeescobar.com.ar\/wp-content\/uploads\/2024\/11\/Somos-diversidad-scaled-e1731018056246.jpeg","type":"image\/jpeg"}],"author":"Redacci\u00f3n","twitter_card":"summary_large_image","twitter_creator":"@nuevodigescobar","twitter_site":"@nuevodigescobar","twitter_misc":{"Escrito por":"Redacci\u00f3n","Tiempo de lectura":"3 minutos"},"schema":{"@context":"https:\/\/schema.org","@graph":[{"@type":"Article","@id":"https:\/\/nuevodigitaldeescobar.com.ar\/?p=9393#article","isPartOf":{"@id":"https:\/\/nuevodigitaldeescobar.com.ar\/?p=9393"},"author":{"name":"Redacci\u00f3n","@id":"https:\/\/nuevodigitaldeescobar.com.ar\/#\/schema\/person\/035e90a8efe9a80e6eec22656ad6ea4c"},"headline":"El Bioparque Temaik\u00e8n celebra la 12\u00b0 edici\u00f3n de \u201cSomos Diversidad\u201d","datePublished":"2024-11-13T10:00:00+00:00","mainEntityOfPage":{"@id":"https:\/\/nuevodigitaldeescobar.com.ar\/?p=9393"},"wordCount":516,"commentCount":0,"publisher":{"@id":"https:\/\/nuevodigitaldeescobar.com.ar\/#organization"},"image":{"@id":"https:\/\/nuevodigitaldeescobar.com.ar\/?p=9393#primaryimage"},"thumbnailUrl":"https:\/\/nuevodigitaldeescobar.com.ar\/wp-content\/uploads\/2024\/11\/Somos-diversidad-scaled-e1731018056246.jpeg","articleSection":["Clima, Medioambiente y Sostenibilidad","Cultura, Arte y Espect\u00e1culos","Educaci\u00f3n"],"inLanguage":"es","potentialAction":[{"@type":"CommentAction","name":"Comment","target":["https:\/\/nuevodigitaldeescobar.com.ar\/?p=9393#respond"]}]},{"@type":"WebPage","@id":"https:\/\/nuevodigitaldeescobar.com.ar\/?p=9393","url":"https:\/\/nuevodigitaldeescobar.com.ar\/?p=9393","name":"El Bioparque Temaik\u00e8n celebra la 12\u00b0 edici\u00f3n de \u201cSomos Diversidad\u201d - Nuevo Digital de Escobar","isPartOf":{"@id":"https:\/\/nuevodigitaldeescobar.com.ar\/#website"},"primaryImageOfPage":{"@id":"https:\/\/nuevodigitaldeescobar.com.ar\/?p=9393#primaryimage"},"image":{"@id":"https:\/\/nuevodigitaldeescobar.com.ar\/?p=9393#primaryimage"},"thumbnailUrl":"https:\/\/nuevodigitaldeescobar.com.ar\/wp-content\/uploads\/2024\/11\/Somos-diversidad-scaled-e1731018056246.jpeg","datePublished":"2024-11-13T10:00:00+00:00","breadcrumb":{"@id":"https:\/\/nuevodigitaldeescobar.com.ar\/?p=9393#breadcrumb"},"inLanguage":"es","potentialAction":[{"@type":"ReadAction","target":["https:\/\/nuevodigitaldeescobar.com.ar\/?p=9393"]}]},{"@type":"ImageObject","inLanguage":"es","@id":"https:\/\/nuevodigitaldeescobar.com.ar\/?p=9393#primaryimage","url":"https:\/\/nuevodigitaldeescobar.com.ar\/wp-content\/uploads\/2024\/11\/Somos-diversidad-scaled-e1731018056246.jpeg","contentUrl":"https:\/\/nuevodigitaldeescobar.com.ar\/wp-content\/uploads\/2024\/11\/Somos-diversidad-scaled-e1731018056246.jpeg","width":677,"height":315},{"@type":"BreadcrumbList","@id":"https:\/\/nuevodigitaldeescobar.com.ar\/?p=9393#breadcrumb","itemListElement":[{"@type":"ListItem","position":1,"name":"Portada","item":"https:\/\/nuevodigitaldeescobar.com.ar\/"},{"@type":"ListItem","position":2,"name":"El Bioparque Temaik\u00e8n celebra la 12\u00b0 edici\u00f3n de \u201cSomos Diversidad\u201d"}]},{"@type":"WebSite","@id":"https:\/\/nuevodigitaldeescobar.com.ar\/#website","url":"https:\/\/nuevodigitaldeescobar.com.ar\/","name":"Nuevo Digital de Escobar","description":"La vida escobarense. Directora: Rosana Brunner","publisher":{"@id":"https:\/\/nuevodigitaldeescobar.com.ar\/#organization"},"potentialAction":[{"@type":"SearchAction","target":{"@type":"EntryPoint","urlTemplate":"https:\/\/nuevodigitaldeescobar.com.ar\/?s={search_term_string}"},"query-input":{"@type":"PropertyValueSpecification","valueRequired":true,"valueName":"search_term_string"}}],"inLanguage":"es"},{"@type":"Organization","@id":"https:\/\/nuevodigitaldeescobar.com.ar\/#organization","name":"Nuevo Digital de Escobar","url":"https:\/\/nuevodigitaldeescobar.com.ar\/","logo":{"@type":"ImageObject","inLanguage":"es","@id":"https:\/\/nuevodigitaldeescobar.com.ar\/#\/schema\/logo\/image\/","url":"https:\/\/nuevodigitaldeescobar.com.ar\/wp-content\/uploads\/2025\/05\/cropped-logo-nuevo2.jpg","contentUrl":"https:\/\/nuevodigitaldeescobar.com.ar\/wp-content\/uploads\/2025\/05\/cropped-logo-nuevo2.jpg","width":305,"height":305,"caption":"Nuevo Digital de Escobar"},"image":{"@id":"https:\/\/nuevodigitaldeescobar.com.ar\/#\/schema\/logo\/image\/"},"sameAs":["https:\/\/www.facebook.com\/NUEVODigitalDeEscobar","https:\/\/x.com\/nuevodigescobar","https:\/\/www.instagram.com\/nuevodigitaldeescobar"]},{"@type":"Person","@id":"https:\/\/nuevodigitaldeescobar.com.ar\/#\/schema\/person\/035e90a8efe9a80e6eec22656ad6ea4c","name":"Redacci\u00f3n","image":{"@type":"ImageObject","inLanguage":"es","@id":"https:\/\/nuevodigitaldeescobar.com.ar\/#\/schema\/person\/image\/","url":"https:\/\/secure.gravatar.com\/avatar\/8af8f40000c24e9eef3034f2be5998a372bb1389e64b1a4a36b3a7979142220d?s=96&d=mm&r=g","contentUrl":"https:\/\/secure.gravatar.com\/avatar\/8af8f40000c24e9eef3034f2be5998a372bb1389e64b1a4a36b3a7979142220d?s=96&d=mm&r=g","caption":"Redacci\u00f3n"},"sameAs":["http:\/\/nuevodigitaldeescobar.com.ar"],"url":"https:\/\/nuevodigitaldeescobar.com.ar\/?author=1"}]}},"featured_image_urls":{"full":["https:\/\/nuevodigitaldeescobar.com.ar\/wp-content\/uploads\/2024\/11\/Somos-diversidad-scaled-e1731018056246.jpeg",677,315,false],"thumbnail":["https:\/\/nuevodigitaldeescobar.com.ar\/wp-content\/uploads\/2024\/11\/Somos-diversidad-scaled-e1731018056246-150x150.jpeg",150,150,true],"medium":["https:\/\/nuevodigitaldeescobar.com.ar\/wp-content\/uploads\/2024\/11\/Somos-diversidad-scaled-e1731018056246-300x140.jpeg",300,140,true],"medium_large":["https:\/\/nuevodigitaldeescobar.com.ar\/wp-content\/uploads\/2024\/11\/Somos-diversidad-768x1365.jpeg",640,1138,true],"large":["https:\/\/nuevodigitaldeescobar.com.ar\/wp-content\/uploads\/2024\/11\/Somos-diversidad-576x1024.jpeg",576,1024,true],"1536x1536":["https:\/\/nuevodigitaldeescobar.com.ar\/wp-content\/uploads\/2024\/11\/Somos-diversidad-864x1536.jpeg",864,1536,true],"2048x2048":["https:\/\/nuevodigitaldeescobar.com.ar\/wp-content\/uploads\/2024\/11\/Somos-diversidad-1152x2048.jpeg",1152,2048,true]},"author_info":{"display_name":"Redacci\u00f3n","author_link":"https:\/\/nuevodigitaldeescobar.com.ar\/?author=1"},"category_info":"<a href=\"https:\/\/nuevodigitaldeescobar.com.ar\/?cat=14\" rel=\"category\">Clima, Medioambiente y Sostenibilidad<\/a> <a href=\"https:\/\/nuevodigitaldeescobar.com.ar\/?cat=11\" rel=\"category\">Cultura, Arte y Espect\u00e1culos<\/a> <a href=\"https:\/\/nuevodigitaldeescobar.com.ar\/?cat=4\" rel=\"category\">Educaci\u00f3n<\/a>","tag_info":"Educaci\u00f3n","comment_count":"0","_links":{"self":[{"href":"https:\/\/nuevodigitaldeescobar.com.ar\/index.php?rest_route=\/wp\/v2\/posts\/9393","targetHints":{"allow":["GET"]}}],"collection":[{"href":"https:\/\/nuevodigitaldeescobar.com.ar\/index.php?rest_route=\/wp\/v2\/posts"}],"about":[{"href":"https:\/\/nuevodigitaldeescobar.com.ar\/index.php?rest_route=\/wp\/v2\/types\/post"}],"author":[{"embeddable":true,"href":"https:\/\/nuevodigitaldeescobar.com.ar\/index.php?rest_route=\/wp\/v2\/users\/1"}],"replies":[{"embeddable":true,"href":"https:\/\/nuevodigitaldeescobar.com.ar\/index.php?rest_route=%2Fwp%2Fv2%2Fcomments&post=9393"}],"version-history":[{"count":1,"href":"https:\/\/nuevodigitaldeescobar.com.ar\/index.php?rest_route=\/wp\/v2\/posts\/9393\/revisions"}],"predecessor-version":[{"id":9395,"href":"https:\/\/nuevodigitaldeescobar.com.ar\/index.php?rest_route=\/wp\/v2\/posts\/9393\/revisions\/9395"}],"wp:featuredmedia":[{"embeddable":true,"href":"https:\/\/nuevodigitaldeescobar.com.ar\/index.php?rest_route=\/wp\/v2\/media\/9394"}],"wp:attachment":[{"href":"https:\/\/nuevodigitaldeescobar.com.ar\/index.php?rest_route=%2Fwp%2Fv2%2Fmedia&parent=9393"}],"wp:term":[{"taxonomy":"category","embeddable":true,"href":"https:\/\/nuevodigitaldeescobar.com.ar\/index.php?rest_route=%2Fwp%2Fv2%2Fcategories&post=9393"},{"taxonomy":"post_tag","embeddable":true,"href":"https:\/\/nuevodigitaldeescobar.com.ar\/index.php?rest_route=%2Fwp%2Fv2%2Ftags&post=9393"}],"curies":[{"name":"wp","href":"https:\/\/api.w.org\/{rel}","templated":true}]}}