{"id":9497,"date":"2024-11-16T07:00:00","date_gmt":"2024-11-16T10:00:00","guid":{"rendered":"https:\/\/nuevodigitaldeescobar.com.ar\/?p=9497"},"modified":"2024-11-13T21:54:10","modified_gmt":"2024-11-14T00:54:10","slug":"alberto-fernandez-financio-la-traduccion-de-cometierra-en-brasil-suecia-y-dinamarca","status":"publish","type":"post","link":"https:\/\/nuevodigitaldeescobar.com.ar\/?p=9497","title":{"rendered":"Se descubri\u00f3 que Alberto Fern\u00e1ndez financi\u00f3 la traducci\u00f3n de \u00abCometierra\u00bb en Brasil, Suecia y Dinamarca"},"content":{"rendered":"<p><span style=\"color: #003366;\"><strong><em>A trav\u00e9s del entonces canciller Santiago Cafiero, la gesti\u00f3n de Alberto Fern\u00e1ndez financi\u00f3 con casi 10 mil d\u00f3lares la traducci\u00f3n a tres idiomas de \u00abCometierra\u00bb, el pol\u00e9mico libro de Dolores Reyes de alto contenido sexual que se distribuye en las escuelas bonaerenses a trav\u00e9s del gobierno de Axel Kicillof.<\/em><\/strong><\/span><\/p>\n<p><!--more--><\/p>\n<hr \/>\n<p>Durante la presidencia de Alberto Fern\u00e1ndez, el ministerio de Relaciones Exteriores, Comercio Internacional y Culto, a trav\u00e9s del programa SUR de apoyo a las traducciones, financi\u00f3 con 9.400 d\u00f3lares la adaptaci\u00f3n a tres idiomas del libro <em>\u00abCometierra\u00bb<\/em> de Dolores Reyes. La obra, que incluye contenido sexual expl\u00edcito, fue traducida al portugu\u00e9s, sueco y dan\u00e9s, logrando as\u00ed su publicaci\u00f3n en Brasil, Suecia y Dinamarca.<\/p>\n<h3><span style=\"color: #003366;\">G\u00e9nesis de la pol\u00e9mica<\/span><\/h3>\n<p>El proyecto de traducci\u00f3n, impulsado bajo la gesti\u00f3n del canciller Santiago Cafiero, promete seguir generando controversia, especialmente luego de que trascendiera que el libro se distribuy\u00f3 en la mayor\u00eda de las instituciones educativas bonaerenses.<\/p>\n<p><em>\u201cAspiramos a que las y los bonaerenses tengan un libro al alcance de la mano, ya que estamos convencidos de que el derecho a leer es un eje central de una buena pol\u00edtica educativa. Es por eso que esta colecci\u00f3n llegar\u00e1 a una gran cantidad de instituciones p\u00fablicas: 2350 escuelas secundarias, 443 escuelas secundarias t\u00e9cnicas, 195 institutos de formaci\u00f3n docente y t\u00e9cnica, 600 bibliotecas municipales y populares, 135 centros de investigaci\u00f3n e informaci\u00f3n educativa y 517 escuelas y centros secundarios de adultos. Solo una muestra de nuestro inmenso sistema educativo\u201d<\/em>, escribi\u00f3 Alberto Sileoni en el apartado <em>\u201cPalabras preliminares\u201d<\/em>, durante la presentaci\u00f3n de esta colecci\u00f3n que fue posible gracias al financiamiento del gobierno de Axel Kicillof a trav\u00e9s del programa Identidades Bonaerenses.<\/p>\n<h3><span style=\"color: #003366;\">Un proyecto de casi 10 mil d\u00f3lares<\/span><\/h3>\n<p>Seg\u00fan consta en la p\u00e1gina oficial del programa SUR, que depende del canciller Gerardo Werthein, el libro de Dolores Reyes recibi\u00f3 casi 10 mil d\u00f3lares en subsidios para facilitar su traducci\u00f3n a tres idiomas, tanto en Sudam\u00e9rica como en Europa.<\/p>\n<p>La traducci\u00f3n al sueco, a cargo de la editorial Palabra Forlag, cont\u00f3 con una tirada de 750 ejemplares y un subsidio de 3.200 d\u00f3lares. En septiembre de 2021, la embajadora Clara Biglieri, quien contin\u00faa en funciones a\u00fan hoy bajo la administraci\u00f3n de Javier Milei, organiz\u00f3 una presentaci\u00f3n oficial de <em>\u201cCometierra\u201d<\/em> en la sede diplom\u00e1tica de Suecia.<\/p>\n<p>Por otra parte, en Dinamarca, la editorial Skj\u00f8dt Forlag tambi\u00e9n tradujo la obra con un financiamiento similar, imprimiendo 600 copias y organizando una inauguraci\u00f3n oficial desde la embajada argentina en ese pa\u00eds.<\/p>\n<p>Finalmente, la traducci\u00f3n al portugu\u00e9s fue realizada por la editorial Moinhos en Brasil, donde el gobierno nacional otorg\u00f3 un subsidio de 3 mil d\u00f3lares para una tirada de mil ejemplares. Se ignora qu\u00e9 participaci\u00f3n tuvo el entonces embajador Daniel Scioli en esta iniciativa.<\/p>\n\n<iframe class=\"embed-pdf-viewer\" src=\"https:\/\/nuevodigitaldeescobar.com.ar\/wp-content\/uploads\/2024\/11\/lista_completa_obras_periodo_2021_watermark-1.pdf\" height=\"600\" width=\"600\" title=\"El listado completo de los libros traducidos por el gobierno de Fern\u00e1ndez.\"><\/iframe>\n\n<p>Hace apenas unos d\u00edas, Moinhos anunci\u00f3 a trav\u00e9s de sus redes sociales que el pr\u00f3ximo 15 de noviembre Reyes asistir\u00e1 a la Feria del Libro de Porto Alegre para presentar su otra obra, llamada <em>\u201cMiseria\u201d<\/em>. M\u00e1s all\u00e1 de las coincidencias con la editorial, no hay certezas sobre el rol de la embajada de Brasil en esta gesti\u00f3n.<\/p>\n<p>La utilizaci\u00f3n de fondos de la Canciller\u00eda Argentina en proyectos de traducci\u00f3n de obras literarias, incluso a pesar de su contenido, merece una profunda cr\u00edtica. M\u00e1s a\u00fan, considerando la absurda necesidad de promover y financiar este tipo de obras, que han tenido como \u00fanico fin el de ser distribuidas entre las escuelas p\u00fablicas de la provincia de Buenos Aires.<\/p>\n<p>Ahora, ser\u00e1 tarea del gobierno libertario poner los ojos sobre el programa denominado SUR, que durante los \u00faltimos a\u00f1os ha gastado cientos de miles de d\u00f3lares en traducir a los m\u00e1s variados idiomas obras que, en la mayor\u00eda de los casos, est\u00e1n lejos de convertirse en best seller y ni los propios argentinos reconocen.<\/p>\n<p><em>(Realpolitik)<\/em><\/p>","protected":false},"excerpt":{"rendered":"<p>A trav\u00e9s del entonces canciller Santiago Cafiero, la gesti\u00f3n de Alberto Fern\u00e1ndez financi\u00f3 con casi 10 mil d\u00f3lares la traducci\u00f3n a tres idiomas de \u00abCometierra\u00bb, [&hellip;]<\/p>\n","protected":false},"author":1,"featured_media":9499,"comment_status":"open","ping_status":"open","sticky":false,"template":"","format":"standard","meta":{"footnotes":""},"categories":[4,6],"tags":[],"class_list":["post-9497","post","type-post","status-publish","format-standard","has-post-thumbnail","hentry","category-educacion","category-politica"],"better_featured_image":{"id":9499,"alt_text":"","caption":"","description":"","media_type":"image","media_details":{"width":720,"height":405,"file":"2024\/11\/cometierra-e1731446989762.jpg","filesize":105084,"sizes":{"medium":{"file":"cometierra-300x169.jpg","width":300,"height":169,"mime-type":"image\/jpeg","filesize":12379,"source_url":"https:\/\/nuevodigitaldeescobar.com.ar\/wp-content\/uploads\/2024\/11\/cometierra-300x169.jpg"},"thumbnail":{"file":"cometierra-150x150.jpg","width":150,"height":150,"mime-type":"image\/jpeg","filesize":5812,"source_url":"https:\/\/nuevodigitaldeescobar.com.ar\/wp-content\/uploads\/2024\/11\/cometierra-150x150.jpg"},"medium_large":{"file":"cometierra-768x432.jpg","width":768,"height":432,"mime-type":"image\/jpeg","filesize":55877,"source_url":"https:\/\/nuevodigitaldeescobar.com.ar\/wp-content\/uploads\/2024\/11\/cometierra-768x432.jpg"}},"image_meta":{"aperture":"0","credit":"","camera":"","caption":"","created_timestamp":"0","copyright":"","focal_length":"0","iso":"0","shutter_speed":"0","title":"","orientation":"0","keywords":[]}},"post":9497,"source_url":"https:\/\/nuevodigitaldeescobar.com.ar\/wp-content\/uploads\/2024\/11\/cometierra-e1731446989762.jpg"},"yoast_head":"<!-- This site is optimized with the Yoast SEO plugin v26.1.1 - https:\/\/yoast.com\/wordpress\/plugins\/seo\/ -->\n<title>Se descubri\u00f3 que Alberto Fern\u00e1ndez financi\u00f3 la traducci\u00f3n de &quot;Cometierra&quot; en Brasil, Suecia y Dinamarca - Nuevo Digital de Escobar<\/title>\n<meta name=\"robots\" content=\"index, follow, max-snippet:-1, max-image-preview:large, max-video-preview:-1\" \/>\n<link rel=\"canonical\" href=\"https:\/\/nuevodigitaldeescobar.com.ar\/?p=9497\" \/>\n<meta property=\"og:locale\" content=\"es_ES\" \/>\n<meta property=\"og:type\" content=\"article\" \/>\n<meta property=\"og:title\" content=\"Se descubri\u00f3 que Alberto Fern\u00e1ndez financi\u00f3 la traducci\u00f3n de &quot;Cometierra&quot; en Brasil, Suecia y Dinamarca - Nuevo Digital de Escobar\" \/>\n<meta property=\"og:description\" content=\"A trav\u00e9s del entonces canciller Santiago Cafiero, la gesti\u00f3n de Alberto Fern\u00e1ndez financi\u00f3 con casi 10 mil d\u00f3lares la traducci\u00f3n a tres idiomas de \u00abCometierra\u00bb, [&hellip;]\" \/>\n<meta property=\"og:url\" content=\"https:\/\/nuevodigitaldeescobar.com.ar\/?p=9497\" \/>\n<meta property=\"og:site_name\" content=\"Nuevo Digital de Escobar\" \/>\n<meta property=\"article:publisher\" content=\"https:\/\/www.facebook.com\/NUEVODigitalDeEscobar\" \/>\n<meta property=\"article:published_time\" content=\"2024-11-16T10:00:00+00:00\" \/>\n<meta property=\"og:image\" content=\"https:\/\/nuevodigitaldeescobar.com.ar\/wp-content\/uploads\/2024\/11\/cometierra-e1731446989762.jpg\" \/>\n\t<meta property=\"og:image:width\" content=\"720\" \/>\n\t<meta property=\"og:image:height\" content=\"405\" \/>\n\t<meta property=\"og:image:type\" content=\"image\/jpeg\" \/>\n<meta name=\"author\" content=\"Redacci\u00f3n\" \/>\n<meta name=\"twitter:card\" content=\"summary_large_image\" \/>\n<meta name=\"twitter:creator\" content=\"@nuevodigescobar\" \/>\n<meta name=\"twitter:site\" content=\"@nuevodigescobar\" \/>\n<meta name=\"twitter:label1\" content=\"Escrito por\" \/>\n\t<meta name=\"twitter:data1\" content=\"Redacci\u00f3n\" \/>\n\t<meta name=\"twitter:label2\" content=\"Tiempo de lectura\" \/>\n\t<meta name=\"twitter:data2\" content=\"3 minutos\" \/>\n<script type=\"application\/ld+json\" class=\"yoast-schema-graph\">{\"@context\":\"https:\/\/schema.org\",\"@graph\":[{\"@type\":\"Article\",\"@id\":\"https:\/\/nuevodigitaldeescobar.com.ar\/?p=9497#article\",\"isPartOf\":{\"@id\":\"https:\/\/nuevodigitaldeescobar.com.ar\/?p=9497\"},\"author\":{\"name\":\"Redacci\u00f3n\",\"@id\":\"https:\/\/nuevodigitaldeescobar.com.ar\/#\/schema\/person\/035e90a8efe9a80e6eec22656ad6ea4c\"},\"headline\":\"Se descubri\u00f3 que Alberto Fern\u00e1ndez financi\u00f3 la traducci\u00f3n de \u00abCometierra\u00bb en Brasil, Suecia y Dinamarca\",\"datePublished\":\"2024-11-16T10:00:00+00:00\",\"mainEntityOfPage\":{\"@id\":\"https:\/\/nuevodigitaldeescobar.com.ar\/?p=9497\"},\"wordCount\":690,\"commentCount\":0,\"publisher\":{\"@id\":\"https:\/\/nuevodigitaldeescobar.com.ar\/#organization\"},\"image\":{\"@id\":\"https:\/\/nuevodigitaldeescobar.com.ar\/?p=9497#primaryimage\"},\"thumbnailUrl\":\"https:\/\/nuevodigitaldeescobar.com.ar\/wp-content\/uploads\/2024\/11\/cometierra-e1731446989762.jpg\",\"articleSection\":[\"Educaci\u00f3n\",\"Pol\u00edtica\"],\"inLanguage\":\"es\",\"potentialAction\":[{\"@type\":\"CommentAction\",\"name\":\"Comment\",\"target\":[\"https:\/\/nuevodigitaldeescobar.com.ar\/?p=9497#respond\"]}]},{\"@type\":\"WebPage\",\"@id\":\"https:\/\/nuevodigitaldeescobar.com.ar\/?p=9497\",\"url\":\"https:\/\/nuevodigitaldeescobar.com.ar\/?p=9497\",\"name\":\"Se descubri\u00f3 que Alberto Fern\u00e1ndez financi\u00f3 la traducci\u00f3n de \\\"Cometierra\\\" en Brasil, Suecia y Dinamarca - Nuevo Digital de Escobar\",\"isPartOf\":{\"@id\":\"https:\/\/nuevodigitaldeescobar.com.ar\/#website\"},\"primaryImageOfPage\":{\"@id\":\"https:\/\/nuevodigitaldeescobar.com.ar\/?p=9497#primaryimage\"},\"image\":{\"@id\":\"https:\/\/nuevodigitaldeescobar.com.ar\/?p=9497#primaryimage\"},\"thumbnailUrl\":\"https:\/\/nuevodigitaldeescobar.com.ar\/wp-content\/uploads\/2024\/11\/cometierra-e1731446989762.jpg\",\"datePublished\":\"2024-11-16T10:00:00+00:00\",\"breadcrumb\":{\"@id\":\"https:\/\/nuevodigitaldeescobar.com.ar\/?p=9497#breadcrumb\"},\"inLanguage\":\"es\",\"potentialAction\":[{\"@type\":\"ReadAction\",\"target\":[\"https:\/\/nuevodigitaldeescobar.com.ar\/?p=9497\"]}]},{\"@type\":\"ImageObject\",\"inLanguage\":\"es\",\"@id\":\"https:\/\/nuevodigitaldeescobar.com.ar\/?p=9497#primaryimage\",\"url\":\"https:\/\/nuevodigitaldeescobar.com.ar\/wp-content\/uploads\/2024\/11\/cometierra-e1731446989762.jpg\",\"contentUrl\":\"https:\/\/nuevodigitaldeescobar.com.ar\/wp-content\/uploads\/2024\/11\/cometierra-e1731446989762.jpg\",\"width\":720,\"height\":405},{\"@type\":\"BreadcrumbList\",\"@id\":\"https:\/\/nuevodigitaldeescobar.com.ar\/?p=9497#breadcrumb\",\"itemListElement\":[{\"@type\":\"ListItem\",\"position\":1,\"name\":\"Portada\",\"item\":\"https:\/\/nuevodigitaldeescobar.com.ar\/\"},{\"@type\":\"ListItem\",\"position\":2,\"name\":\"Se descubri\u00f3 que Alberto Fern\u00e1ndez financi\u00f3 la traducci\u00f3n de \u00abCometierra\u00bb en Brasil, Suecia y Dinamarca\"}]},{\"@type\":\"WebSite\",\"@id\":\"https:\/\/nuevodigitaldeescobar.com.ar\/#website\",\"url\":\"https:\/\/nuevodigitaldeescobar.com.ar\/\",\"name\":\"Nuevo Digital de Escobar\",\"description\":\"La vida escobarense. Directora: Rosana Brunner\",\"publisher\":{\"@id\":\"https:\/\/nuevodigitaldeescobar.com.ar\/#organization\"},\"potentialAction\":[{\"@type\":\"SearchAction\",\"target\":{\"@type\":\"EntryPoint\",\"urlTemplate\":\"https:\/\/nuevodigitaldeescobar.com.ar\/?s={search_term_string}\"},\"query-input\":{\"@type\":\"PropertyValueSpecification\",\"valueRequired\":true,\"valueName\":\"search_term_string\"}}],\"inLanguage\":\"es\"},{\"@type\":\"Organization\",\"@id\":\"https:\/\/nuevodigitaldeescobar.com.ar\/#organization\",\"name\":\"Nuevo Digital de Escobar\",\"url\":\"https:\/\/nuevodigitaldeescobar.com.ar\/\",\"logo\":{\"@type\":\"ImageObject\",\"inLanguage\":\"es\",\"@id\":\"https:\/\/nuevodigitaldeescobar.com.ar\/#\/schema\/logo\/image\/\",\"url\":\"https:\/\/nuevodigitaldeescobar.com.ar\/wp-content\/uploads\/2025\/05\/cropped-logo-nuevo2.jpg\",\"contentUrl\":\"https:\/\/nuevodigitaldeescobar.com.ar\/wp-content\/uploads\/2025\/05\/cropped-logo-nuevo2.jpg\",\"width\":305,\"height\":305,\"caption\":\"Nuevo Digital de Escobar\"},\"image\":{\"@id\":\"https:\/\/nuevodigitaldeescobar.com.ar\/#\/schema\/logo\/image\/\"},\"sameAs\":[\"https:\/\/www.facebook.com\/NUEVODigitalDeEscobar\",\"https:\/\/x.com\/nuevodigescobar\",\"https:\/\/www.instagram.com\/nuevodigitaldeescobar\"]},{\"@type\":\"Person\",\"@id\":\"https:\/\/nuevodigitaldeescobar.com.ar\/#\/schema\/person\/035e90a8efe9a80e6eec22656ad6ea4c\",\"name\":\"Redacci\u00f3n\",\"image\":{\"@type\":\"ImageObject\",\"inLanguage\":\"es\",\"@id\":\"https:\/\/nuevodigitaldeescobar.com.ar\/#\/schema\/person\/image\/\",\"url\":\"https:\/\/secure.gravatar.com\/avatar\/8af8f40000c24e9eef3034f2be5998a372bb1389e64b1a4a36b3a7979142220d?s=96&d=mm&r=g\",\"contentUrl\":\"https:\/\/secure.gravatar.com\/avatar\/8af8f40000c24e9eef3034f2be5998a372bb1389e64b1a4a36b3a7979142220d?s=96&d=mm&r=g\",\"caption\":\"Redacci\u00f3n\"},\"sameAs\":[\"http:\/\/nuevodigitaldeescobar.com.ar\"],\"url\":\"https:\/\/nuevodigitaldeescobar.com.ar\/?author=1\"}]}<\/script>\n<!-- \/ Yoast SEO plugin. -->","yoast_head_json":{"title":"Se descubri\u00f3 que Alberto Fern\u00e1ndez financi\u00f3 la traducci\u00f3n de \"Cometierra\" en Brasil, Suecia y Dinamarca - Nuevo Digital de Escobar","robots":{"index":"index","follow":"follow","max-snippet":"max-snippet:-1","max-image-preview":"max-image-preview:large","max-video-preview":"max-video-preview:-1"},"canonical":"https:\/\/nuevodigitaldeescobar.com.ar\/?p=9497","og_locale":"es_ES","og_type":"article","og_title":"Se descubri\u00f3 que Alberto Fern\u00e1ndez financi\u00f3 la traducci\u00f3n de \"Cometierra\" en Brasil, Suecia y Dinamarca - Nuevo Digital de Escobar","og_description":"A trav\u00e9s del entonces canciller Santiago Cafiero, la gesti\u00f3n de Alberto Fern\u00e1ndez financi\u00f3 con casi 10 mil d\u00f3lares la traducci\u00f3n a tres idiomas de \u00abCometierra\u00bb, [&hellip;]","og_url":"https:\/\/nuevodigitaldeescobar.com.ar\/?p=9497","og_site_name":"Nuevo Digital de Escobar","article_publisher":"https:\/\/www.facebook.com\/NUEVODigitalDeEscobar","article_published_time":"2024-11-16T10:00:00+00:00","og_image":[{"width":720,"height":405,"url":"https:\/\/nuevodigitaldeescobar.com.ar\/wp-content\/uploads\/2024\/11\/cometierra-e1731446989762.jpg","type":"image\/jpeg"}],"author":"Redacci\u00f3n","twitter_card":"summary_large_image","twitter_creator":"@nuevodigescobar","twitter_site":"@nuevodigescobar","twitter_misc":{"Escrito por":"Redacci\u00f3n","Tiempo de lectura":"3 minutos"},"schema":{"@context":"https:\/\/schema.org","@graph":[{"@type":"Article","@id":"https:\/\/nuevodigitaldeescobar.com.ar\/?p=9497#article","isPartOf":{"@id":"https:\/\/nuevodigitaldeescobar.com.ar\/?p=9497"},"author":{"name":"Redacci\u00f3n","@id":"https:\/\/nuevodigitaldeescobar.com.ar\/#\/schema\/person\/035e90a8efe9a80e6eec22656ad6ea4c"},"headline":"Se descubri\u00f3 que Alberto Fern\u00e1ndez financi\u00f3 la traducci\u00f3n de \u00abCometierra\u00bb en Brasil, Suecia y Dinamarca","datePublished":"2024-11-16T10:00:00+00:00","mainEntityOfPage":{"@id":"https:\/\/nuevodigitaldeescobar.com.ar\/?p=9497"},"wordCount":690,"commentCount":0,"publisher":{"@id":"https:\/\/nuevodigitaldeescobar.com.ar\/#organization"},"image":{"@id":"https:\/\/nuevodigitaldeescobar.com.ar\/?p=9497#primaryimage"},"thumbnailUrl":"https:\/\/nuevodigitaldeescobar.com.ar\/wp-content\/uploads\/2024\/11\/cometierra-e1731446989762.jpg","articleSection":["Educaci\u00f3n","Pol\u00edtica"],"inLanguage":"es","potentialAction":[{"@type":"CommentAction","name":"Comment","target":["https:\/\/nuevodigitaldeescobar.com.ar\/?p=9497#respond"]}]},{"@type":"WebPage","@id":"https:\/\/nuevodigitaldeescobar.com.ar\/?p=9497","url":"https:\/\/nuevodigitaldeescobar.com.ar\/?p=9497","name":"Se descubri\u00f3 que Alberto Fern\u00e1ndez financi\u00f3 la traducci\u00f3n de \"Cometierra\" en Brasil, Suecia y Dinamarca - Nuevo Digital de Escobar","isPartOf":{"@id":"https:\/\/nuevodigitaldeescobar.com.ar\/#website"},"primaryImageOfPage":{"@id":"https:\/\/nuevodigitaldeescobar.com.ar\/?p=9497#primaryimage"},"image":{"@id":"https:\/\/nuevodigitaldeescobar.com.ar\/?p=9497#primaryimage"},"thumbnailUrl":"https:\/\/nuevodigitaldeescobar.com.ar\/wp-content\/uploads\/2024\/11\/cometierra-e1731446989762.jpg","datePublished":"2024-11-16T10:00:00+00:00","breadcrumb":{"@id":"https:\/\/nuevodigitaldeescobar.com.ar\/?p=9497#breadcrumb"},"inLanguage":"es","potentialAction":[{"@type":"ReadAction","target":["https:\/\/nuevodigitaldeescobar.com.ar\/?p=9497"]}]},{"@type":"ImageObject","inLanguage":"es","@id":"https:\/\/nuevodigitaldeescobar.com.ar\/?p=9497#primaryimage","url":"https:\/\/nuevodigitaldeescobar.com.ar\/wp-content\/uploads\/2024\/11\/cometierra-e1731446989762.jpg","contentUrl":"https:\/\/nuevodigitaldeescobar.com.ar\/wp-content\/uploads\/2024\/11\/cometierra-e1731446989762.jpg","width":720,"height":405},{"@type":"BreadcrumbList","@id":"https:\/\/nuevodigitaldeescobar.com.ar\/?p=9497#breadcrumb","itemListElement":[{"@type":"ListItem","position":1,"name":"Portada","item":"https:\/\/nuevodigitaldeescobar.com.ar\/"},{"@type":"ListItem","position":2,"name":"Se descubri\u00f3 que Alberto Fern\u00e1ndez financi\u00f3 la traducci\u00f3n de \u00abCometierra\u00bb en Brasil, Suecia y Dinamarca"}]},{"@type":"WebSite","@id":"https:\/\/nuevodigitaldeescobar.com.ar\/#website","url":"https:\/\/nuevodigitaldeescobar.com.ar\/","name":"Nuevo Digital de Escobar","description":"La vida escobarense. Directora: Rosana Brunner","publisher":{"@id":"https:\/\/nuevodigitaldeescobar.com.ar\/#organization"},"potentialAction":[{"@type":"SearchAction","target":{"@type":"EntryPoint","urlTemplate":"https:\/\/nuevodigitaldeescobar.com.ar\/?s={search_term_string}"},"query-input":{"@type":"PropertyValueSpecification","valueRequired":true,"valueName":"search_term_string"}}],"inLanguage":"es"},{"@type":"Organization","@id":"https:\/\/nuevodigitaldeescobar.com.ar\/#organization","name":"Nuevo Digital de Escobar","url":"https:\/\/nuevodigitaldeescobar.com.ar\/","logo":{"@type":"ImageObject","inLanguage":"es","@id":"https:\/\/nuevodigitaldeescobar.com.ar\/#\/schema\/logo\/image\/","url":"https:\/\/nuevodigitaldeescobar.com.ar\/wp-content\/uploads\/2025\/05\/cropped-logo-nuevo2.jpg","contentUrl":"https:\/\/nuevodigitaldeescobar.com.ar\/wp-content\/uploads\/2025\/05\/cropped-logo-nuevo2.jpg","width":305,"height":305,"caption":"Nuevo Digital de Escobar"},"image":{"@id":"https:\/\/nuevodigitaldeescobar.com.ar\/#\/schema\/logo\/image\/"},"sameAs":["https:\/\/www.facebook.com\/NUEVODigitalDeEscobar","https:\/\/x.com\/nuevodigescobar","https:\/\/www.instagram.com\/nuevodigitaldeescobar"]},{"@type":"Person","@id":"https:\/\/nuevodigitaldeescobar.com.ar\/#\/schema\/person\/035e90a8efe9a80e6eec22656ad6ea4c","name":"Redacci\u00f3n","image":{"@type":"ImageObject","inLanguage":"es","@id":"https:\/\/nuevodigitaldeescobar.com.ar\/#\/schema\/person\/image\/","url":"https:\/\/secure.gravatar.com\/avatar\/8af8f40000c24e9eef3034f2be5998a372bb1389e64b1a4a36b3a7979142220d?s=96&d=mm&r=g","contentUrl":"https:\/\/secure.gravatar.com\/avatar\/8af8f40000c24e9eef3034f2be5998a372bb1389e64b1a4a36b3a7979142220d?s=96&d=mm&r=g","caption":"Redacci\u00f3n"},"sameAs":["http:\/\/nuevodigitaldeescobar.com.ar"],"url":"https:\/\/nuevodigitaldeescobar.com.ar\/?author=1"}]}},"featured_image_urls":{"full":["https:\/\/nuevodigitaldeescobar.com.ar\/wp-content\/uploads\/2024\/11\/cometierra-e1731446989762.jpg",720,405,false],"thumbnail":["https:\/\/nuevodigitaldeescobar.com.ar\/wp-content\/uploads\/2024\/11\/cometierra-150x150.jpg",150,150,true],"medium":["https:\/\/nuevodigitaldeescobar.com.ar\/wp-content\/uploads\/2024\/11\/cometierra-300x169.jpg",300,169,true],"medium_large":["https:\/\/nuevodigitaldeescobar.com.ar\/wp-content\/uploads\/2024\/11\/cometierra-768x432.jpg",640,360,true],"large":["https:\/\/nuevodigitaldeescobar.com.ar\/wp-content\/uploads\/2024\/11\/cometierra-e1731446989762.jpg",640,360,false],"1536x1536":["https:\/\/nuevodigitaldeescobar.com.ar\/wp-content\/uploads\/2024\/11\/cometierra-e1731446989762.jpg",720,405,false],"2048x2048":["https:\/\/nuevodigitaldeescobar.com.ar\/wp-content\/uploads\/2024\/11\/cometierra-e1731446989762.jpg",720,405,false]},"author_info":{"display_name":"Redacci\u00f3n","author_link":"https:\/\/nuevodigitaldeescobar.com.ar\/?author=1"},"category_info":"<a href=\"https:\/\/nuevodigitaldeescobar.com.ar\/?cat=4\" rel=\"category\">Educaci\u00f3n<\/a> <a href=\"https:\/\/nuevodigitaldeescobar.com.ar\/?cat=6\" rel=\"category\">Pol\u00edtica<\/a>","tag_info":"Pol\u00edtica","comment_count":"0","_links":{"self":[{"href":"https:\/\/nuevodigitaldeescobar.com.ar\/index.php?rest_route=\/wp\/v2\/posts\/9497","targetHints":{"allow":["GET"]}}],"collection":[{"href":"https:\/\/nuevodigitaldeescobar.com.ar\/index.php?rest_route=\/wp\/v2\/posts"}],"about":[{"href":"https:\/\/nuevodigitaldeescobar.com.ar\/index.php?rest_route=\/wp\/v2\/types\/post"}],"author":[{"embeddable":true,"href":"https:\/\/nuevodigitaldeescobar.com.ar\/index.php?rest_route=\/wp\/v2\/users\/1"}],"replies":[{"embeddable":true,"href":"https:\/\/nuevodigitaldeescobar.com.ar\/index.php?rest_route=%2Fwp%2Fv2%2Fcomments&post=9497"}],"version-history":[{"count":2,"href":"https:\/\/nuevodigitaldeescobar.com.ar\/index.php?rest_route=\/wp\/v2\/posts\/9497\/revisions"}],"predecessor-version":[{"id":9528,"href":"https:\/\/nuevodigitaldeescobar.com.ar\/index.php?rest_route=\/wp\/v2\/posts\/9497\/revisions\/9528"}],"wp:featuredmedia":[{"embeddable":true,"href":"https:\/\/nuevodigitaldeescobar.com.ar\/index.php?rest_route=\/wp\/v2\/media\/9499"}],"wp:attachment":[{"href":"https:\/\/nuevodigitaldeescobar.com.ar\/index.php?rest_route=%2Fwp%2Fv2%2Fmedia&parent=9497"}],"wp:term":[{"taxonomy":"category","embeddable":true,"href":"https:\/\/nuevodigitaldeescobar.com.ar\/index.php?rest_route=%2Fwp%2Fv2%2Fcategories&post=9497"},{"taxonomy":"post_tag","embeddable":true,"href":"https:\/\/nuevodigitaldeescobar.com.ar\/index.php?rest_route=%2Fwp%2Fv2%2Ftags&post=9497"}],"curies":[{"name":"wp","href":"https:\/\/api.w.org\/{rel}","templated":true}]}}