{"id":9662,"date":"2024-11-20T07:00:00","date_gmt":"2024-11-20T10:00:00","guid":{"rendered":"https:\/\/nuevodigitaldeescobar.com.ar\/?p=9662"},"modified":"2024-11-19T18:35:50","modified_gmt":"2024-11-19T21:35:50","slug":"que-opina-la-inteligencia-artificial-sobre-la-provocadora-foto-que-publico-axel-kicillof-en-x","status":"publish","type":"post","link":"https:\/\/nuevodigitaldeescobar.com.ar\/?p=9662","title":{"rendered":"\u00bfQu\u00e9 opina la inteligencia artificial sobre la provocadora foto que public\u00f3 Axel Kicillof en X?"},"content":{"rendered":"<p><span style=\"color: #003366;\"><strong><em>La imagen que public\u00f3 Axel Kicillof en X este fin de semana, en la que se lo ve leyendo libros pol\u00e9micos del programa \u00abIdentidad Bonaerense\u00bb, con un gesto simb\u00f3lico y bloqueando comentarios, aviva el debate sobre la sexualizaci\u00f3n de menores de edad y refleja una postura desafiante e indiferente ante las cr\u00edticas.<\/em><\/strong><\/span><\/p>\n<p><!--more--><\/p>\n<hr \/>\n<p>El gobernador de la provincia de Buenos Aires, Axel Kicillof, desat\u00f3 una nueva controversia al publicar una imagen en su cuenta de X donde aparece leyendo material literario perteneciente al programa <em>\u201cIdentidad Bonaerense\u201d<\/em>, implementado en la totalidad de las escuelas bonaerenses. La fotograf\u00eda gener\u00f3 reacciones encontradas, especialmente porque se produce en medio del debate por la distribuci\u00f3n de libros de alto contenido sexual y que han sido cuestionados por la ciudadan\u00eda en general.<\/p>\n\n\n<figure class=\"wp-block-embed is-type-rich is-provider-twitter wp-block-embed-twitter\"><div class=\"wp-block-embed__wrapper\">\n<blockquote class=\"twitter-tweet\" data-width=\"550\" data-dnt=\"true\"><p lang=\"es\" dir=\"ltr\">Qu\u00e9 mejor que un domingo de lluvia para leer buena literatura argentina. Sin censura. <a href=\"https:\/\/t.co\/RTmOqqYBdC\">pic.twitter.com\/RTmOqqYBdC<\/a><\/p>&mdash; Axel Kicillof (@Kicillofok) <a href=\"https:\/\/twitter.com\/Kicillofok\/status\/1858262985233277061?ref_src=twsrc%5Etfw\">November 17, 2024<\/a><\/blockquote><script async src=\"https:\/\/platform.twitter.com\/widgets.js\" charset=\"utf-8\"><\/script>\n<\/div><\/figure>\n\n\n<h3><span style=\"color: #003366;\">El contexto: los libros y su pol\u00e9mico contenido<\/span><\/h3>\n<p>En la imagen difundida, se observa a Kicillof con cuatro pol\u00e9mica t\u00edtulos que forman parte de la colecci\u00f3n financiada con recursos p\u00fablicos bonaerenses:<\/p>\n<ul>\n<li>Si no fueras tan ni\u00f1a, de Sol Fantin.<\/li>\n<li>Las primas, de Aurora Venturini.<\/li>\n<li>Las aventuras de la China Iron, de Gabriela Cabez\u00f3n C\u00e1mara.<\/li>\n<li>Cometierra, de Dolores Reyes.<\/li>\n<\/ul>\n<p>Estos libros, contienen pasajes de expl\u00edcito contenido sexual que trascienden el erotismo y han generado inquietud en la comunidad educativa. Varios fragmentos de estas obras han sido calificados de inapropiados para estudiantes por su grotesca sexualizaci\u00f3n. Por ejemplo, en los textos se describe detalladas escenas de sexo oral, abuso de menores e incesto.<\/p>\n<h3><span style=\"color: #003366;\">Las cr\u00edticas y la opini\u00f3n de los expertos<\/span><\/h3>\n<p>Legisladores del bloque de Juntos por el Cambio y de La Libertad Avanza han presentado pedidos formales para que se revise y elimine este material de las bibliotecas escolares, alegando que contradice los principios fundamentales de la ley de Educaci\u00f3n Sexual Integral (ESI) y que no respeta la etapa evolutiva de los estudiantes.<\/p>\n<p><a href=\"https:\/\/nuevodigitaldeescobar.com.ar\/?attachment_id=9663\" rel=\"attachment wp-att-9663\"><img fetchpriority=\"high\" decoding=\"async\" class=\"alignnone size-full wp-image-9663\" src=\"http:\/\/nuevodigitaldeescobar.com.ar\/wp-content\/uploads\/2024\/11\/x-victoria-villaroel-e1732051802374.jpg\" alt=\"\" width=\"603\" height=\"405\" srcset=\"https:\/\/nuevodigitaldeescobar.com.ar\/wp-content\/uploads\/2024\/11\/x-victoria-villaroel-e1732051802374.jpg 603w, https:\/\/nuevodigitaldeescobar.com.ar\/wp-content\/uploads\/2024\/11\/x-victoria-villaroel-e1732051802374-300x201.jpg 300w\" sizes=\"(max-width: 603px) 100vw, 603px\" \/><\/a><\/p>\n<p>El psic\u00f3logo cl\u00ednico Ezequiel Baigorria, consultado por Infobae, subray\u00f3: <em>\u201cDar informaci\u00f3n que no es acorde con la edad tambi\u00e9n es una forma de corrupci\u00f3n de menores. Los chicos no est\u00e1n preparados para recibir informaci\u00f3n de sexo adulto. Este tipo de contenido puede normalizar situaciones que no deber\u00edan serlo a esas edades\u201d<\/em>.<\/p>\n<h3><span style=\"color: #003366;\">Una imagen dice m\u00e1s que mil palabras<\/span><\/h3>\n<p>En la fotograf\u00eda, el gobernador Axel Kicillof aparece sentado en un ambiente dom\u00e9stico, con un mate sobre la mesa, leyendo uno de los libros de la colecci\u00f3n <em>\u201cIdentidad Bonaerense\u201d,<\/em> financiada por el estado provincial. Entre los t\u00edtulos visibles se encuentran <em>\u201cCometierra\u201d<\/em> y <em>\u201cLas primas\u201d<\/em>, dos de las obras m\u00e1s criticadas por su contenido expl\u00edcito de car\u00e1cter sexual, y cuya distribuci\u00f3n en escuelas bonaerenses ha provocado un encendido debate.<\/p>\n<p>Seg\u00fan ChatGPT, el gesto de Kicillof, con su dedo \u00edndice de la mano izquierda tapando ligeramente los labios, tiene connotaciones simb\u00f3licas que pueden interpretarse de diversas maneras.<\/p>\n<ul>\n<li><span style=\"color: #003366;\"><strong>Secreto o contenci\u00f3n:<\/strong> <\/span>El gesto podr\u00eda simbolizar un llamado al silencio sobre el contenido cuestionado.<\/li>\n<li><span style=\"color: #003366;\"><strong>Prohibici\u00f3n o censura interna:<\/strong><\/span> Refleja el reconocimiento de que los textos distribuidos son provocadores o subversivos frente a normas sociales.<\/li>\n<li><span style=\"color: #003366;\"><strong>Performance pol\u00edtica:<\/strong> <\/span>La postura puede ser una estrategia para proyectar una imagen disruptiva y controvertida, alineada con su visi\u00f3n pol\u00edtica.<\/li>\n<\/ul>\n<h3><span style=\"color: #003366;\">Una discusi\u00f3n m\u00e1s amplia: \u00bfEs la literatura con contenido expl\u00edcito adecuada para las aulas?<\/span><\/h3>\n<p>El debate en torno al programa <em>\u201cIdentidad Bonaerense\u201d<\/em> plantea preguntas fundamentales sobre el rol de la sexualizaci\u00f3n en menores de edad. Si bien es indiscutible la importancia de abordar tem\u00e1ticas complejas en las aulas, el elevado contenido sexual y tem\u00e1ticas como abuso de menores y relaciones entre primas parecen haber trascendido todo l\u00edmite.<\/p>\n<p>Por otro lado, el elevado costo del programa, estimado en 13.000 millones de pesos, ha encendido alarmas sobre las prioridades del sistema educativo bonaerense, que enfrenta desaf\u00edos estructurales como el d\u00e9ficit en lectoescritura y matem\u00e1ticas desde hace d\u00e9cadas. M\u00e1s a\u00fan si se considera que algunas de estas obras tambi\u00e9n consiguieron financiaci\u00f3n del gobierno de Alberto Fern\u00e1ndez para traducirse en otros idiomas.<\/p>\n<p>La imagen de Kicillof, sumada a las pol\u00e9micas en torno a los libros distribuidos, aviva el debate sobre los l\u00edmites entre libertad literaria y la responsabilidad de ofrecer contenidos apropiados en el \u00e1mbito escolar. La respuesta de la inteligencia artificial no hace m\u00e1s que profundizar la controversia, destacando en la interpretaci\u00f3n de la imagen un trasfondo todav\u00eda m\u00e1s pol\u00e9mico que el contenido de las obras en s\u00ed.<\/p>\n<p><em>\u201cQu\u00e9 mejor que un domingo de lluvia para leer buena literatura argentina. Sin censura\u201d<\/em>, escribi\u00f3 Axel Kicillof en el tuit en cuesti\u00f3n, en otro acto digno de un div\u00e1n: pide hablar sin censura, pero bloquea los comentarios de los usuarios.<\/p>\n<p><em>(Santiago Sautel &#8211; Realpolitik)<\/em><\/p>","protected":false},"excerpt":{"rendered":"<p>La imagen que public\u00f3 Axel Kicillof en X este fin de semana, en la que se lo ve leyendo libros pol\u00e9micos del programa \u00abIdentidad Bonaerense\u00bb, [&hellip;]<\/p>\n","protected":false},"author":1,"featured_media":9664,"comment_status":"open","ping_status":"open","sticky":false,"template":"","format":"standard","meta":{"footnotes":""},"categories":[4,6,15],"tags":[],"class_list":["post-9662","post","type-post","status-publish","format-standard","has-post-thumbnail","hentry","category-educacion","category-politica","category-sociedad"],"better_featured_image":{"id":9664,"alt_text":"","caption":"","description":"","media_type":"image","media_details":{"width":720,"height":405,"file":"2024\/11\/enano-troskista-del-orto-e1732051887821.jpg","filesize":87780,"sizes":{"medium":{"file":"enano-troskista-del-orto-300x169.jpg","width":300,"height":169,"mime-type":"image\/jpeg","filesize":10482,"source_url":"https:\/\/nuevodigitaldeescobar.com.ar\/wp-content\/uploads\/2024\/11\/enano-troskista-del-orto-300x169.jpg"},"thumbnail":{"file":"enano-troskista-del-orto-150x150.jpg","width":150,"height":150,"mime-type":"image\/jpeg","filesize":5204,"source_url":"https:\/\/nuevodigitaldeescobar.com.ar\/wp-content\/uploads\/2024\/11\/enano-troskista-del-orto-150x150.jpg"},"medium_large":{"file":"enano-troskista-del-orto-768x432.jpg","width":768,"height":432,"mime-type":"image\/jpeg","filesize":47820,"source_url":"https:\/\/nuevodigitaldeescobar.com.ar\/wp-content\/uploads\/2024\/11\/enano-troskista-del-orto-768x432.jpg"}},"image_meta":{"aperture":"0","credit":"","camera":"","caption":"","created_timestamp":"0","copyright":"","focal_length":"0","iso":"0","shutter_speed":"0","title":"","orientation":"0","keywords":[]}},"post":9662,"source_url":"https:\/\/nuevodigitaldeescobar.com.ar\/wp-content\/uploads\/2024\/11\/enano-troskista-del-orto-e1732051887821.jpg"},"yoast_head":"<!-- This site is optimized with the Yoast SEO plugin v26.1.1 - https:\/\/yoast.com\/wordpress\/plugins\/seo\/ -->\n<title>\u00bfQu\u00e9 opina la inteligencia artificial sobre la provocadora foto que public\u00f3 Axel Kicillof en X? - Nuevo Digital de Escobar<\/title>\n<meta name=\"robots\" content=\"index, follow, max-snippet:-1, max-image-preview:large, max-video-preview:-1\" \/>\n<link rel=\"canonical\" href=\"https:\/\/nuevodigitaldeescobar.com.ar\/?p=9662\" \/>\n<meta property=\"og:locale\" content=\"es_ES\" \/>\n<meta property=\"og:type\" content=\"article\" \/>\n<meta property=\"og:title\" content=\"\u00bfQu\u00e9 opina la inteligencia artificial sobre la provocadora foto que public\u00f3 Axel Kicillof en X? - Nuevo Digital de Escobar\" \/>\n<meta property=\"og:description\" content=\"La imagen que public\u00f3 Axel Kicillof en X este fin de semana, en la que se lo ve leyendo libros pol\u00e9micos del programa \u00abIdentidad Bonaerense\u00bb, [&hellip;]\" \/>\n<meta property=\"og:url\" content=\"https:\/\/nuevodigitaldeescobar.com.ar\/?p=9662\" \/>\n<meta property=\"og:site_name\" content=\"Nuevo Digital de Escobar\" \/>\n<meta property=\"article:publisher\" content=\"https:\/\/www.facebook.com\/NUEVODigitalDeEscobar\" \/>\n<meta property=\"article:published_time\" content=\"2024-11-20T10:00:00+00:00\" \/>\n<meta property=\"og:image\" content=\"https:\/\/nuevodigitaldeescobar.com.ar\/wp-content\/uploads\/2024\/11\/enano-troskista-del-orto-e1732051887821.jpg\" \/>\n\t<meta property=\"og:image:width\" content=\"720\" \/>\n\t<meta property=\"og:image:height\" content=\"405\" \/>\n\t<meta property=\"og:image:type\" content=\"image\/jpeg\" \/>\n<meta name=\"author\" content=\"Redacci\u00f3n\" \/>\n<meta name=\"twitter:card\" content=\"summary_large_image\" \/>\n<meta name=\"twitter:creator\" content=\"@nuevodigescobar\" \/>\n<meta name=\"twitter:site\" content=\"@nuevodigescobar\" \/>\n<meta name=\"twitter:label1\" content=\"Escrito por\" \/>\n\t<meta name=\"twitter:data1\" content=\"Redacci\u00f3n\" \/>\n\t<meta name=\"twitter:label2\" content=\"Tiempo de lectura\" \/>\n\t<meta name=\"twitter:data2\" content=\"4 minutos\" \/>\n<script type=\"application\/ld+json\" class=\"yoast-schema-graph\">{\"@context\":\"https:\/\/schema.org\",\"@graph\":[{\"@type\":\"Article\",\"@id\":\"https:\/\/nuevodigitaldeescobar.com.ar\/?p=9662#article\",\"isPartOf\":{\"@id\":\"https:\/\/nuevodigitaldeescobar.com.ar\/?p=9662\"},\"author\":{\"name\":\"Redacci\u00f3n\",\"@id\":\"https:\/\/nuevodigitaldeescobar.com.ar\/#\/schema\/person\/035e90a8efe9a80e6eec22656ad6ea4c\"},\"headline\":\"\u00bfQu\u00e9 opina la inteligencia artificial sobre la provocadora foto que public\u00f3 Axel Kicillof en X?\",\"datePublished\":\"2024-11-20T10:00:00+00:00\",\"mainEntityOfPage\":{\"@id\":\"https:\/\/nuevodigitaldeescobar.com.ar\/?p=9662\"},\"wordCount\":833,\"commentCount\":0,\"publisher\":{\"@id\":\"https:\/\/nuevodigitaldeescobar.com.ar\/#organization\"},\"image\":{\"@id\":\"https:\/\/nuevodigitaldeescobar.com.ar\/?p=9662#primaryimage\"},\"thumbnailUrl\":\"https:\/\/nuevodigitaldeescobar.com.ar\/wp-content\/uploads\/2024\/11\/enano-troskista-del-orto-e1732051887821.jpg\",\"articleSection\":[\"Educaci\u00f3n\",\"Pol\u00edtica\",\"Sociedad\"],\"inLanguage\":\"es\",\"potentialAction\":[{\"@type\":\"CommentAction\",\"name\":\"Comment\",\"target\":[\"https:\/\/nuevodigitaldeescobar.com.ar\/?p=9662#respond\"]}]},{\"@type\":\"WebPage\",\"@id\":\"https:\/\/nuevodigitaldeescobar.com.ar\/?p=9662\",\"url\":\"https:\/\/nuevodigitaldeescobar.com.ar\/?p=9662\",\"name\":\"\u00bfQu\u00e9 opina la inteligencia artificial sobre la provocadora foto que public\u00f3 Axel Kicillof en X? - Nuevo Digital de Escobar\",\"isPartOf\":{\"@id\":\"https:\/\/nuevodigitaldeescobar.com.ar\/#website\"},\"primaryImageOfPage\":{\"@id\":\"https:\/\/nuevodigitaldeescobar.com.ar\/?p=9662#primaryimage\"},\"image\":{\"@id\":\"https:\/\/nuevodigitaldeescobar.com.ar\/?p=9662#primaryimage\"},\"thumbnailUrl\":\"https:\/\/nuevodigitaldeescobar.com.ar\/wp-content\/uploads\/2024\/11\/enano-troskista-del-orto-e1732051887821.jpg\",\"datePublished\":\"2024-11-20T10:00:00+00:00\",\"breadcrumb\":{\"@id\":\"https:\/\/nuevodigitaldeescobar.com.ar\/?p=9662#breadcrumb\"},\"inLanguage\":\"es\",\"potentialAction\":[{\"@type\":\"ReadAction\",\"target\":[\"https:\/\/nuevodigitaldeescobar.com.ar\/?p=9662\"]}]},{\"@type\":\"ImageObject\",\"inLanguage\":\"es\",\"@id\":\"https:\/\/nuevodigitaldeescobar.com.ar\/?p=9662#primaryimage\",\"url\":\"https:\/\/nuevodigitaldeescobar.com.ar\/wp-content\/uploads\/2024\/11\/enano-troskista-del-orto-e1732051887821.jpg\",\"contentUrl\":\"https:\/\/nuevodigitaldeescobar.com.ar\/wp-content\/uploads\/2024\/11\/enano-troskista-del-orto-e1732051887821.jpg\",\"width\":720,\"height\":405},{\"@type\":\"BreadcrumbList\",\"@id\":\"https:\/\/nuevodigitaldeescobar.com.ar\/?p=9662#breadcrumb\",\"itemListElement\":[{\"@type\":\"ListItem\",\"position\":1,\"name\":\"Portada\",\"item\":\"https:\/\/nuevodigitaldeescobar.com.ar\/\"},{\"@type\":\"ListItem\",\"position\":2,\"name\":\"\u00bfQu\u00e9 opina la inteligencia artificial sobre la provocadora foto que public\u00f3 Axel Kicillof en X?\"}]},{\"@type\":\"WebSite\",\"@id\":\"https:\/\/nuevodigitaldeescobar.com.ar\/#website\",\"url\":\"https:\/\/nuevodigitaldeescobar.com.ar\/\",\"name\":\"Nuevo Digital de Escobar\",\"description\":\"La vida escobarense. Directora: Rosana Brunner\",\"publisher\":{\"@id\":\"https:\/\/nuevodigitaldeescobar.com.ar\/#organization\"},\"potentialAction\":[{\"@type\":\"SearchAction\",\"target\":{\"@type\":\"EntryPoint\",\"urlTemplate\":\"https:\/\/nuevodigitaldeescobar.com.ar\/?s={search_term_string}\"},\"query-input\":{\"@type\":\"PropertyValueSpecification\",\"valueRequired\":true,\"valueName\":\"search_term_string\"}}],\"inLanguage\":\"es\"},{\"@type\":\"Organization\",\"@id\":\"https:\/\/nuevodigitaldeescobar.com.ar\/#organization\",\"name\":\"Nuevo Digital de Escobar\",\"url\":\"https:\/\/nuevodigitaldeescobar.com.ar\/\",\"logo\":{\"@type\":\"ImageObject\",\"inLanguage\":\"es\",\"@id\":\"https:\/\/nuevodigitaldeescobar.com.ar\/#\/schema\/logo\/image\/\",\"url\":\"https:\/\/nuevodigitaldeescobar.com.ar\/wp-content\/uploads\/2025\/05\/cropped-logo-nuevo2.jpg\",\"contentUrl\":\"https:\/\/nuevodigitaldeescobar.com.ar\/wp-content\/uploads\/2025\/05\/cropped-logo-nuevo2.jpg\",\"width\":305,\"height\":305,\"caption\":\"Nuevo Digital de Escobar\"},\"image\":{\"@id\":\"https:\/\/nuevodigitaldeescobar.com.ar\/#\/schema\/logo\/image\/\"},\"sameAs\":[\"https:\/\/www.facebook.com\/NUEVODigitalDeEscobar\",\"https:\/\/x.com\/nuevodigescobar\",\"https:\/\/www.instagram.com\/nuevodigitaldeescobar\"]},{\"@type\":\"Person\",\"@id\":\"https:\/\/nuevodigitaldeescobar.com.ar\/#\/schema\/person\/035e90a8efe9a80e6eec22656ad6ea4c\",\"name\":\"Redacci\u00f3n\",\"image\":{\"@type\":\"ImageObject\",\"inLanguage\":\"es\",\"@id\":\"https:\/\/nuevodigitaldeescobar.com.ar\/#\/schema\/person\/image\/\",\"url\":\"https:\/\/secure.gravatar.com\/avatar\/8af8f40000c24e9eef3034f2be5998a372bb1389e64b1a4a36b3a7979142220d?s=96&d=mm&r=g\",\"contentUrl\":\"https:\/\/secure.gravatar.com\/avatar\/8af8f40000c24e9eef3034f2be5998a372bb1389e64b1a4a36b3a7979142220d?s=96&d=mm&r=g\",\"caption\":\"Redacci\u00f3n\"},\"sameAs\":[\"http:\/\/nuevodigitaldeescobar.com.ar\"],\"url\":\"https:\/\/nuevodigitaldeescobar.com.ar\/?author=1\"}]}<\/script>\n<!-- \/ Yoast SEO plugin. -->","yoast_head_json":{"title":"\u00bfQu\u00e9 opina la inteligencia artificial sobre la provocadora foto que public\u00f3 Axel Kicillof en X? - Nuevo Digital de Escobar","robots":{"index":"index","follow":"follow","max-snippet":"max-snippet:-1","max-image-preview":"max-image-preview:large","max-video-preview":"max-video-preview:-1"},"canonical":"https:\/\/nuevodigitaldeescobar.com.ar\/?p=9662","og_locale":"es_ES","og_type":"article","og_title":"\u00bfQu\u00e9 opina la inteligencia artificial sobre la provocadora foto que public\u00f3 Axel Kicillof en X? - Nuevo Digital de Escobar","og_description":"La imagen que public\u00f3 Axel Kicillof en X este fin de semana, en la que se lo ve leyendo libros pol\u00e9micos del programa \u00abIdentidad Bonaerense\u00bb, [&hellip;]","og_url":"https:\/\/nuevodigitaldeescobar.com.ar\/?p=9662","og_site_name":"Nuevo Digital de Escobar","article_publisher":"https:\/\/www.facebook.com\/NUEVODigitalDeEscobar","article_published_time":"2024-11-20T10:00:00+00:00","og_image":[{"width":720,"height":405,"url":"https:\/\/nuevodigitaldeescobar.com.ar\/wp-content\/uploads\/2024\/11\/enano-troskista-del-orto-e1732051887821.jpg","type":"image\/jpeg"}],"author":"Redacci\u00f3n","twitter_card":"summary_large_image","twitter_creator":"@nuevodigescobar","twitter_site":"@nuevodigescobar","twitter_misc":{"Escrito por":"Redacci\u00f3n","Tiempo de lectura":"4 minutos"},"schema":{"@context":"https:\/\/schema.org","@graph":[{"@type":"Article","@id":"https:\/\/nuevodigitaldeescobar.com.ar\/?p=9662#article","isPartOf":{"@id":"https:\/\/nuevodigitaldeescobar.com.ar\/?p=9662"},"author":{"name":"Redacci\u00f3n","@id":"https:\/\/nuevodigitaldeescobar.com.ar\/#\/schema\/person\/035e90a8efe9a80e6eec22656ad6ea4c"},"headline":"\u00bfQu\u00e9 opina la inteligencia artificial sobre la provocadora foto que public\u00f3 Axel Kicillof en X?","datePublished":"2024-11-20T10:00:00+00:00","mainEntityOfPage":{"@id":"https:\/\/nuevodigitaldeescobar.com.ar\/?p=9662"},"wordCount":833,"commentCount":0,"publisher":{"@id":"https:\/\/nuevodigitaldeescobar.com.ar\/#organization"},"image":{"@id":"https:\/\/nuevodigitaldeescobar.com.ar\/?p=9662#primaryimage"},"thumbnailUrl":"https:\/\/nuevodigitaldeescobar.com.ar\/wp-content\/uploads\/2024\/11\/enano-troskista-del-orto-e1732051887821.jpg","articleSection":["Educaci\u00f3n","Pol\u00edtica","Sociedad"],"inLanguage":"es","potentialAction":[{"@type":"CommentAction","name":"Comment","target":["https:\/\/nuevodigitaldeescobar.com.ar\/?p=9662#respond"]}]},{"@type":"WebPage","@id":"https:\/\/nuevodigitaldeescobar.com.ar\/?p=9662","url":"https:\/\/nuevodigitaldeescobar.com.ar\/?p=9662","name":"\u00bfQu\u00e9 opina la inteligencia artificial sobre la provocadora foto que public\u00f3 Axel Kicillof en X? - Nuevo Digital de Escobar","isPartOf":{"@id":"https:\/\/nuevodigitaldeescobar.com.ar\/#website"},"primaryImageOfPage":{"@id":"https:\/\/nuevodigitaldeescobar.com.ar\/?p=9662#primaryimage"},"image":{"@id":"https:\/\/nuevodigitaldeescobar.com.ar\/?p=9662#primaryimage"},"thumbnailUrl":"https:\/\/nuevodigitaldeescobar.com.ar\/wp-content\/uploads\/2024\/11\/enano-troskista-del-orto-e1732051887821.jpg","datePublished":"2024-11-20T10:00:00+00:00","breadcrumb":{"@id":"https:\/\/nuevodigitaldeescobar.com.ar\/?p=9662#breadcrumb"},"inLanguage":"es","potentialAction":[{"@type":"ReadAction","target":["https:\/\/nuevodigitaldeescobar.com.ar\/?p=9662"]}]},{"@type":"ImageObject","inLanguage":"es","@id":"https:\/\/nuevodigitaldeescobar.com.ar\/?p=9662#primaryimage","url":"https:\/\/nuevodigitaldeescobar.com.ar\/wp-content\/uploads\/2024\/11\/enano-troskista-del-orto-e1732051887821.jpg","contentUrl":"https:\/\/nuevodigitaldeescobar.com.ar\/wp-content\/uploads\/2024\/11\/enano-troskista-del-orto-e1732051887821.jpg","width":720,"height":405},{"@type":"BreadcrumbList","@id":"https:\/\/nuevodigitaldeescobar.com.ar\/?p=9662#breadcrumb","itemListElement":[{"@type":"ListItem","position":1,"name":"Portada","item":"https:\/\/nuevodigitaldeescobar.com.ar\/"},{"@type":"ListItem","position":2,"name":"\u00bfQu\u00e9 opina la inteligencia artificial sobre la provocadora foto que public\u00f3 Axel Kicillof en X?"}]},{"@type":"WebSite","@id":"https:\/\/nuevodigitaldeescobar.com.ar\/#website","url":"https:\/\/nuevodigitaldeescobar.com.ar\/","name":"Nuevo Digital de Escobar","description":"La vida escobarense. Directora: Rosana Brunner","publisher":{"@id":"https:\/\/nuevodigitaldeescobar.com.ar\/#organization"},"potentialAction":[{"@type":"SearchAction","target":{"@type":"EntryPoint","urlTemplate":"https:\/\/nuevodigitaldeescobar.com.ar\/?s={search_term_string}"},"query-input":{"@type":"PropertyValueSpecification","valueRequired":true,"valueName":"search_term_string"}}],"inLanguage":"es"},{"@type":"Organization","@id":"https:\/\/nuevodigitaldeescobar.com.ar\/#organization","name":"Nuevo Digital de Escobar","url":"https:\/\/nuevodigitaldeescobar.com.ar\/","logo":{"@type":"ImageObject","inLanguage":"es","@id":"https:\/\/nuevodigitaldeescobar.com.ar\/#\/schema\/logo\/image\/","url":"https:\/\/nuevodigitaldeescobar.com.ar\/wp-content\/uploads\/2025\/05\/cropped-logo-nuevo2.jpg","contentUrl":"https:\/\/nuevodigitaldeescobar.com.ar\/wp-content\/uploads\/2025\/05\/cropped-logo-nuevo2.jpg","width":305,"height":305,"caption":"Nuevo Digital de Escobar"},"image":{"@id":"https:\/\/nuevodigitaldeescobar.com.ar\/#\/schema\/logo\/image\/"},"sameAs":["https:\/\/www.facebook.com\/NUEVODigitalDeEscobar","https:\/\/x.com\/nuevodigescobar","https:\/\/www.instagram.com\/nuevodigitaldeescobar"]},{"@type":"Person","@id":"https:\/\/nuevodigitaldeescobar.com.ar\/#\/schema\/person\/035e90a8efe9a80e6eec22656ad6ea4c","name":"Redacci\u00f3n","image":{"@type":"ImageObject","inLanguage":"es","@id":"https:\/\/nuevodigitaldeescobar.com.ar\/#\/schema\/person\/image\/","url":"https:\/\/secure.gravatar.com\/avatar\/8af8f40000c24e9eef3034f2be5998a372bb1389e64b1a4a36b3a7979142220d?s=96&d=mm&r=g","contentUrl":"https:\/\/secure.gravatar.com\/avatar\/8af8f40000c24e9eef3034f2be5998a372bb1389e64b1a4a36b3a7979142220d?s=96&d=mm&r=g","caption":"Redacci\u00f3n"},"sameAs":["http:\/\/nuevodigitaldeescobar.com.ar"],"url":"https:\/\/nuevodigitaldeescobar.com.ar\/?author=1"}]}},"featured_image_urls":{"full":["https:\/\/nuevodigitaldeescobar.com.ar\/wp-content\/uploads\/2024\/11\/enano-troskista-del-orto-e1732051887821.jpg",720,405,false],"thumbnail":["https:\/\/nuevodigitaldeescobar.com.ar\/wp-content\/uploads\/2024\/11\/enano-troskista-del-orto-150x150.jpg",150,150,true],"medium":["https:\/\/nuevodigitaldeescobar.com.ar\/wp-content\/uploads\/2024\/11\/enano-troskista-del-orto-300x169.jpg",300,169,true],"medium_large":["https:\/\/nuevodigitaldeescobar.com.ar\/wp-content\/uploads\/2024\/11\/enano-troskista-del-orto-768x432.jpg",640,360,true],"large":["https:\/\/nuevodigitaldeescobar.com.ar\/wp-content\/uploads\/2024\/11\/enano-troskista-del-orto-e1732051887821.jpg",640,360,false],"1536x1536":["https:\/\/nuevodigitaldeescobar.com.ar\/wp-content\/uploads\/2024\/11\/enano-troskista-del-orto-e1732051887821.jpg",720,405,false],"2048x2048":["https:\/\/nuevodigitaldeescobar.com.ar\/wp-content\/uploads\/2024\/11\/enano-troskista-del-orto-e1732051887821.jpg",720,405,false]},"author_info":{"display_name":"Redacci\u00f3n","author_link":"https:\/\/nuevodigitaldeescobar.com.ar\/?author=1"},"category_info":"<a href=\"https:\/\/nuevodigitaldeescobar.com.ar\/?cat=4\" rel=\"category\">Educaci\u00f3n<\/a> <a href=\"https:\/\/nuevodigitaldeescobar.com.ar\/?cat=6\" rel=\"category\">Pol\u00edtica<\/a> <a href=\"https:\/\/nuevodigitaldeescobar.com.ar\/?cat=15\" rel=\"category\">Sociedad<\/a>","tag_info":"Sociedad","comment_count":"0","_links":{"self":[{"href":"https:\/\/nuevodigitaldeescobar.com.ar\/index.php?rest_route=\/wp\/v2\/posts\/9662","targetHints":{"allow":["GET"]}}],"collection":[{"href":"https:\/\/nuevodigitaldeescobar.com.ar\/index.php?rest_route=\/wp\/v2\/posts"}],"about":[{"href":"https:\/\/nuevodigitaldeescobar.com.ar\/index.php?rest_route=\/wp\/v2\/types\/post"}],"author":[{"embeddable":true,"href":"https:\/\/nuevodigitaldeescobar.com.ar\/index.php?rest_route=\/wp\/v2\/users\/1"}],"replies":[{"embeddable":true,"href":"https:\/\/nuevodigitaldeescobar.com.ar\/index.php?rest_route=%2Fwp%2Fv2%2Fcomments&post=9662"}],"version-history":[{"count":1,"href":"https:\/\/nuevodigitaldeescobar.com.ar\/index.php?rest_route=\/wp\/v2\/posts\/9662\/revisions"}],"predecessor-version":[{"id":9665,"href":"https:\/\/nuevodigitaldeescobar.com.ar\/index.php?rest_route=\/wp\/v2\/posts\/9662\/revisions\/9665"}],"wp:featuredmedia":[{"embeddable":true,"href":"https:\/\/nuevodigitaldeescobar.com.ar\/index.php?rest_route=\/wp\/v2\/media\/9664"}],"wp:attachment":[{"href":"https:\/\/nuevodigitaldeescobar.com.ar\/index.php?rest_route=%2Fwp%2Fv2%2Fmedia&parent=9662"}],"wp:term":[{"taxonomy":"category","embeddable":true,"href":"https:\/\/nuevodigitaldeescobar.com.ar\/index.php?rest_route=%2Fwp%2Fv2%2Fcategories&post=9662"},{"taxonomy":"post_tag","embeddable":true,"href":"https:\/\/nuevodigitaldeescobar.com.ar\/index.php?rest_route=%2Fwp%2Fv2%2Ftags&post=9662"}],"curies":[{"name":"wp","href":"https:\/\/api.w.org\/{rel}","templated":true}]}}