{"id":9685,"date":"2024-11-21T07:00:00","date_gmt":"2024-11-21T10:00:00","guid":{"rendered":"https:\/\/nuevodigitaldeescobar.com.ar\/?p=9685"},"modified":"2024-11-20T19:14:57","modified_gmt":"2024-11-20T22:14:57","slug":"ficha-limpia-por-falta-de-quorum-fracaso-la-sesion-especial-en-diputados-para-debatir-el-proyecto","status":"publish","type":"post","link":"https:\/\/nuevodigitaldeescobar.com.ar\/?p=9685","title":{"rendered":"\u00abFicha Limpia\u00bb: Por falta de qu\u00f3rum, fracas\u00f3 la sesi\u00f3n especial en Diputados para debatir el proyecto"},"content":{"rendered":"<p><span style=\"color: #003366;\"><strong><em>La sesi\u00f3n, impulsada por el PRO, la Libertad Avanza y la UCR, estuvo cerca de alcanzar el qu\u00f3rum al conseguir 128 de los 129 necesarios para habilitar el debate.<\/em><\/strong><\/span><\/p>\n<p><!--more--><\/p>\n<hr \/>\n<p>La C\u00e1mara de Diputados no pudo sesionar ayer para tratar el proyecto de Ficha Limpia, que impide a los dirigentes condenados por corrupci\u00f3n ser candidatos a cargos electivos, debido a que los bloques que impulsaban esa iniciativa no consiguieron el qu\u00f3rum necesario.<\/p>\n<p>La intenci\u00f3n del oficialismo y de los bloques dialoguistas es volver a convocar a la sesi\u00f3n para la pr\u00f3xima semana, seg\u00fan adelantaron los diputados del PRO Silvia Lospennato y de La Libertad Avanza (LLA) Nicol\u00e1s Mayoraz.<\/p>\n<p>La sesi\u00f3n hab\u00eda sido impulsada por el PRO, LLA y la UCR, y reuni\u00f3 128 legisladores, con lo cual estuvo a un diputado de alcanzar el piso para habilitar el debate. El presidente de la C\u00e1mara de Diputados, Mart\u00edn Menem, levant\u00f3 la sesi\u00f3n al verificar que no se hab\u00edan reunido los 129 diputados y luego de rechazar un pedido de pr\u00f3rroga formulado por la legisladora del PRO Silvana Guidici.<\/p>\n<p>Menem plante\u00f3 que <em>\u00absiempre cumplir\u00e1\u00bb<\/em> el reglamento, que establece que desde la hora de convocatoria hay media hora de pr\u00f3rroga para que se conforme el qu\u00f3rum.<\/p>\n<p>Asistieron a la sesi\u00f3n legisladores de LLA, PRO, UCR, Encuentro Federal (EF), Democracia para Siempre y uno del bloque de Santa Cruz.<\/p>\n<p>De los bloques que hab\u00edan convocado faltaron los diputados del PRO An\u00edbal Tortoriello, Jos\u00e9 N\u00fa\u00f1ez y Alejandro Finocchiario, y de LLA Marcela Pagano y Carlos Garc\u00eda.<\/p>\n<p>Por Democracia Federal concurrieron 11 de sus 12 miembros, ya que falt\u00f3 Manuel Aguirre, y desde Encuentro Federal no concurrieron Natalia de la Sota, Florencio Randazzo, Alejandra Torres y Esteban Paul\u00f3n, quien ingres\u00f3 justo cuando Menem levantaba la sesi\u00f3n, como as\u00ed tampoco M\u00f3nica Frade, de la Coalici\u00f3n C\u00edvica.<\/p>\n<p>No asistieron los diputados de Uni\u00f3n por la Patria (UxP), la izquierda, Innovaci\u00f3n Federal y el bloque Independencia.<\/p>\n<p>Si bien los impulsores de la sesi\u00f3n tuvieron dificultades para conformar el qu\u00f3rum, la realidad es que a\u00fan no ten\u00edan los votos para aprobar el proyecto y deb\u00edan encarar negociaciones con los bloques de Encuentro Federal y Democracia para Siempre, motivo por el cual impulsaron una sesi\u00f3n en minor\u00eda. El proyecto de Ficha Limpia debe ser aprobado por una mayor\u00eda agravada de 129 votos en la C\u00e1mara Baja y 37 en el Senado, y las especulaciones apuntan a que, si hubiera ley, la ex presidenta Cristina Kirchner no podr\u00eda ser candidata en 2025.<\/p>\n<p>Actualmente solo se puede impedir la postulaci\u00f3n a un cargo electivo cuando hay un fallo firme de la Corte Suprema de Justicia.<\/p>\n<p>En el primer tramo de la sesi\u00f3n en minor\u00eda, el presidente del bloque del PRO, Cristian Ritondo, pidi\u00f3 rendirle homenaje <em>\u00aba un compa\u00f1ero de nuestro bloque fallecido recientemente\u00bb<\/em>, en referencia a H\u00e9ctor <em>\u00abTito\u00bb<\/em> Stefani, un diputado que, m\u00e1s all\u00e1 de su larga enfermedad, <em>\u00absiempre trat\u00f3 de estar presente en cualquier sesi\u00f3n cumpliendo con lo que a \u00e9l le apasionaba que era la pol\u00edtica y representar a su provincia\u00bb<\/em>.<\/p>\n<p>Al abrir el debate en minor\u00eda, Lospennato manifest\u00f3 su <em>\u00abtristeza\u00bb<\/em> por no haber llegado al qu\u00f3rum y dijo que <em>\u00abdespu\u00e9s se preguntan por qu\u00e9 el Congreso tiene mala imagen; siempre rankeamos abajo en la confianza p\u00fablica\u2026 Tienen que mirar alrededor, vean este recinto semivac\u00edo y ah\u00ed tienen las respuestas\u00bb<\/em>, advirti\u00f3. Consider\u00f3 que los diputados que dejan el <em>\u00abrecinto semivac\u00edo avalan que los corruptos sean candidatos\u00bb<\/em> y dijo que, probablemente, <em>\u00abel a\u00f1o que viene tengamos uno o m\u00e1s condenados por corrupci\u00f3n sentados en estas bancas para tener fueros\u00bb<\/em>.<\/p>\n<p>Desde LLA, Mayoraz defendi\u00f3 el proyecto de Ficha Limpia al se\u00f1alar que viene a <em>\u00abreglamentar el texto de la Constituci\u00f3n, viene a darle letra efectiva al art\u00edculo 16 que habla de la idoneidad necesaria para los cargos p\u00fablicos\u00bb<\/em>.<\/p>\n<p><em>\u00abNo se trata nada m\u00e1s que de cumplir con los est\u00e1ndares m\u00ednimos para que quienes representan al pueblo argentino tengan ciertos requisitos\u00bb<\/em>, agreg\u00f3.<\/p>\n<p>El presidente del bloque de la UCR, Rodrigo De Lorero se\u00f1al\u00f3 que esa bancada <em>\u00abtrajo la absoluta totalidad de sus diputados y sin embargo quienes muchas veces nos se\u00f1alaron con los dedos hoy muestran notables ausencias que imposibilitan que esto se haya aprobado\u00bb<\/em>.<\/p>\n<p><em>\u00abSalvo excusas bien fundadas al PRO le faltaron 3 diputados y a LLA le faltaron 2 diputados, quiero felicitar la coherencia de dos diputadas nacionales del peronismo de C\u00f3rdoba que posibilitaron que se destruya la sesi\u00f3n siendo coherentes con lo que el peronismo viene haciendo de 10 a\u00f1os a esta parte, que es no aprobar ficha limpia en C\u00f3rdoba\u00bb<\/em>, apunt\u00f3.<\/p>\n<p>De Loredo se refiri\u00f3 as\u00ed a la ausencia de las diputadas de Encuentro Federal Natalia De la Sota y Alejandra Torres.<\/p>\n<p>En tanto, el diputado de Encuentro Federal Ricardo L\u00f3pez Muphy se\u00f1al\u00f3 que <em>\u00abhace mucho que convivimos y soportamos que sinverg\u00fcenzas se sienten en los mismos recintos que nos sentamos nosotros\u00bb<\/em>, por lo que, dijo, <em>\u00ablleg\u00f3 el momento de terminar con eso y es por eso que lamento que hoy no hayamos podido discutir ese proyecto\u00bb<\/em>.<\/p>\n<p>La iniciativa de ambos bloques, que re\u00fane 17 proyectos, establece que no podr\u00e1n ser candidatos a cargos electivos aquellos ciudadanos que tengan una condena en segunda instancia por los delitos de cohecho y tr\u00e1fico de influencias, malversaci\u00f3n de caudales p\u00fablicos, negociaciones incompatibles con el ejercicio de funciones p\u00fablicas, y enriquecimiento il\u00edcito de funcionarios y empleados.<\/p>\n<p>El pedido de una limitaci\u00f3n para ser candidatos a aquellas personas con sentencia de segunda instancia empez\u00f3 a discutirse en 2017, cuando la C\u00e1mara de Diputados aprob\u00f3 el desafuero del entonces legislador y ex ministro de Planificaci\u00f3n Federal del kirchnerismo Julio de Vido.<\/p>\n<p>A partir de ah\u00ed hubo varios intentos para avanzar en el proyecto de Ficha Limpia, pero reci\u00e9n ahora parece haber vocaci\u00f3n para intentar aprobar esa iniciativa en el Congreso.<\/p>\n<p><em>(NA)<\/em><\/p>\n","protected":false},"excerpt":{"rendered":"<p>La sesi\u00f3n, impulsada por el PRO, la Libertad Avanza y la UCR, estuvo cerca de alcanzar el qu\u00f3rum al conseguir 128 de los 129 necesarios [&hellip;]<\/p>\n","protected":false},"author":1,"featured_media":9686,"comment_status":"open","ping_status":"open","sticky":false,"template":"","format":"standard","meta":{"footnotes":""},"categories":[12,61,6],"tags":[],"class_list":["post-9685","post","type-post","status-publish","format-standard","has-post-thumbnail","hentry","category-legislativas","category-nacionales","category-politica"],"better_featured_image":{"id":9686,"alt_text":"","caption":"","description":"","media_type":"image","media_details":{"width":720,"height":480,"file":"2024\/11\/congreso-de-la-nacion-e1732140890659.jpg","filesize":213663,"sizes":{"medium":{"file":"congreso-de-la-nacion-300x200.jpg","width":300,"height":200,"mime-type":"image\/jpeg","filesize":17667,"source_url":"https:\/\/nuevodigitaldeescobar.com.ar\/wp-content\/uploads\/2024\/11\/congreso-de-la-nacion-300x200.jpg"},"large":{"file":"congreso-de-la-nacion-1024x682.jpg","width":1024,"height":682,"mime-type":"image\/jpeg","filesize":132153,"source_url":"https:\/\/nuevodigitaldeescobar.com.ar\/wp-content\/uploads\/2024\/11\/congreso-de-la-nacion-1024x682.jpg"},"thumbnail":{"file":"congreso-de-la-nacion-150x150.jpg","width":150,"height":150,"mime-type":"image\/jpeg","filesize":7768,"source_url":"https:\/\/nuevodigitaldeescobar.com.ar\/wp-content\/uploads\/2024\/11\/congreso-de-la-nacion-150x150.jpg"},"medium_large":{"file":"congreso-de-la-nacion-768x512.jpg","width":768,"height":512,"mime-type":"image\/jpeg","filesize":83430,"source_url":"https:\/\/nuevodigitaldeescobar.com.ar\/wp-content\/uploads\/2024\/11\/congreso-de-la-nacion-768x512.jpg"}},"image_meta":{"aperture":"0","credit":"","camera":"","caption":"","created_timestamp":"0","copyright":"","focal_length":"0","iso":"0","shutter_speed":"0","title":"","orientation":"0","keywords":[]}},"post":9685,"source_url":"https:\/\/nuevodigitaldeescobar.com.ar\/wp-content\/uploads\/2024\/11\/congreso-de-la-nacion-e1732140890659.jpg"},"yoast_head":"<!-- This site is optimized with the Yoast SEO plugin v26.1.1 - https:\/\/yoast.com\/wordpress\/plugins\/seo\/ -->\n<title>&quot;Ficha Limpia&quot;: Por falta de qu\u00f3rum, fracas\u00f3 la sesi\u00f3n especial en Diputados para debatir el proyecto - Nuevo Digital de Escobar<\/title>\n<meta name=\"robots\" content=\"index, follow, max-snippet:-1, max-image-preview:large, max-video-preview:-1\" \/>\n<link rel=\"canonical\" href=\"https:\/\/nuevodigitaldeescobar.com.ar\/?p=9685\" \/>\n<meta property=\"og:locale\" content=\"es_ES\" \/>\n<meta property=\"og:type\" content=\"article\" \/>\n<meta property=\"og:title\" content=\"&quot;Ficha Limpia&quot;: Por falta de qu\u00f3rum, fracas\u00f3 la sesi\u00f3n especial en Diputados para debatir el proyecto - Nuevo Digital de Escobar\" \/>\n<meta property=\"og:description\" content=\"La sesi\u00f3n, impulsada por el PRO, la Libertad Avanza y la UCR, estuvo cerca de alcanzar el qu\u00f3rum al conseguir 128 de los 129 necesarios [&hellip;]\" \/>\n<meta property=\"og:url\" content=\"https:\/\/nuevodigitaldeescobar.com.ar\/?p=9685\" \/>\n<meta property=\"og:site_name\" content=\"Nuevo Digital de Escobar\" \/>\n<meta property=\"article:publisher\" content=\"https:\/\/www.facebook.com\/NUEVODigitalDeEscobar\" \/>\n<meta property=\"article:published_time\" content=\"2024-11-21T10:00:00+00:00\" \/>\n<meta property=\"og:image\" content=\"https:\/\/nuevodigitaldeescobar.com.ar\/wp-content\/uploads\/2024\/11\/congreso-de-la-nacion-e1732140890659.jpg\" \/>\n\t<meta property=\"og:image:width\" content=\"720\" \/>\n\t<meta property=\"og:image:height\" content=\"480\" \/>\n\t<meta property=\"og:image:type\" content=\"image\/jpeg\" \/>\n<meta name=\"author\" content=\"Redacci\u00f3n\" \/>\n<meta name=\"twitter:card\" content=\"summary_large_image\" \/>\n<meta name=\"twitter:creator\" content=\"@nuevodigescobar\" \/>\n<meta name=\"twitter:site\" content=\"@nuevodigescobar\" \/>\n<meta name=\"twitter:label1\" content=\"Escrito por\" \/>\n\t<meta name=\"twitter:data1\" content=\"Redacci\u00f3n\" \/>\n\t<meta name=\"twitter:label2\" content=\"Tiempo de lectura\" \/>\n\t<meta name=\"twitter:data2\" content=\"5 minutos\" \/>\n<script type=\"application\/ld+json\" class=\"yoast-schema-graph\">{\"@context\":\"https:\/\/schema.org\",\"@graph\":[{\"@type\":\"Article\",\"@id\":\"https:\/\/nuevodigitaldeescobar.com.ar\/?p=9685#article\",\"isPartOf\":{\"@id\":\"https:\/\/nuevodigitaldeescobar.com.ar\/?p=9685\"},\"author\":{\"name\":\"Redacci\u00f3n\",\"@id\":\"https:\/\/nuevodigitaldeescobar.com.ar\/#\/schema\/person\/035e90a8efe9a80e6eec22656ad6ea4c\"},\"headline\":\"\u00abFicha Limpia\u00bb: Por falta de qu\u00f3rum, fracas\u00f3 la sesi\u00f3n especial en Diputados para debatir el proyecto\",\"datePublished\":\"2024-11-21T10:00:00+00:00\",\"mainEntityOfPage\":{\"@id\":\"https:\/\/nuevodigitaldeescobar.com.ar\/?p=9685\"},\"wordCount\":1043,\"commentCount\":0,\"publisher\":{\"@id\":\"https:\/\/nuevodigitaldeescobar.com.ar\/#organization\"},\"image\":{\"@id\":\"https:\/\/nuevodigitaldeescobar.com.ar\/?p=9685#primaryimage\"},\"thumbnailUrl\":\"https:\/\/nuevodigitaldeescobar.com.ar\/wp-content\/uploads\/2024\/11\/congreso-de-la-nacion-e1732140890659.jpg\",\"articleSection\":[\"Legislativas\",\"Nacionales\",\"Pol\u00edtica\"],\"inLanguage\":\"es\",\"potentialAction\":[{\"@type\":\"CommentAction\",\"name\":\"Comment\",\"target\":[\"https:\/\/nuevodigitaldeescobar.com.ar\/?p=9685#respond\"]}]},{\"@type\":\"WebPage\",\"@id\":\"https:\/\/nuevodigitaldeescobar.com.ar\/?p=9685\",\"url\":\"https:\/\/nuevodigitaldeescobar.com.ar\/?p=9685\",\"name\":\"\\\"Ficha Limpia\\\": Por falta de qu\u00f3rum, fracas\u00f3 la sesi\u00f3n especial en Diputados para debatir el proyecto - Nuevo Digital de Escobar\",\"isPartOf\":{\"@id\":\"https:\/\/nuevodigitaldeescobar.com.ar\/#website\"},\"primaryImageOfPage\":{\"@id\":\"https:\/\/nuevodigitaldeescobar.com.ar\/?p=9685#primaryimage\"},\"image\":{\"@id\":\"https:\/\/nuevodigitaldeescobar.com.ar\/?p=9685#primaryimage\"},\"thumbnailUrl\":\"https:\/\/nuevodigitaldeescobar.com.ar\/wp-content\/uploads\/2024\/11\/congreso-de-la-nacion-e1732140890659.jpg\",\"datePublished\":\"2024-11-21T10:00:00+00:00\",\"breadcrumb\":{\"@id\":\"https:\/\/nuevodigitaldeescobar.com.ar\/?p=9685#breadcrumb\"},\"inLanguage\":\"es\",\"potentialAction\":[{\"@type\":\"ReadAction\",\"target\":[\"https:\/\/nuevodigitaldeescobar.com.ar\/?p=9685\"]}]},{\"@type\":\"ImageObject\",\"inLanguage\":\"es\",\"@id\":\"https:\/\/nuevodigitaldeescobar.com.ar\/?p=9685#primaryimage\",\"url\":\"https:\/\/nuevodigitaldeescobar.com.ar\/wp-content\/uploads\/2024\/11\/congreso-de-la-nacion-e1732140890659.jpg\",\"contentUrl\":\"https:\/\/nuevodigitaldeescobar.com.ar\/wp-content\/uploads\/2024\/11\/congreso-de-la-nacion-e1732140890659.jpg\",\"width\":720,\"height\":480},{\"@type\":\"BreadcrumbList\",\"@id\":\"https:\/\/nuevodigitaldeescobar.com.ar\/?p=9685#breadcrumb\",\"itemListElement\":[{\"@type\":\"ListItem\",\"position\":1,\"name\":\"Portada\",\"item\":\"https:\/\/nuevodigitaldeescobar.com.ar\/\"},{\"@type\":\"ListItem\",\"position\":2,\"name\":\"&#8220;Ficha Limpia&#8221;: Por falta de qu\u00f3rum, fracas\u00f3 la sesi\u00f3n especial en Diputados para debatir el proyecto\"}]},{\"@type\":\"WebSite\",\"@id\":\"https:\/\/nuevodigitaldeescobar.com.ar\/#website\",\"url\":\"https:\/\/nuevodigitaldeescobar.com.ar\/\",\"name\":\"Nuevo Digital de Escobar\",\"description\":\"La vida escobarense. Directora: Rosana Brunner\",\"publisher\":{\"@id\":\"https:\/\/nuevodigitaldeescobar.com.ar\/#organization\"},\"potentialAction\":[{\"@type\":\"SearchAction\",\"target\":{\"@type\":\"EntryPoint\",\"urlTemplate\":\"https:\/\/nuevodigitaldeescobar.com.ar\/?s={search_term_string}\"},\"query-input\":{\"@type\":\"PropertyValueSpecification\",\"valueRequired\":true,\"valueName\":\"search_term_string\"}}],\"inLanguage\":\"es\"},{\"@type\":\"Organization\",\"@id\":\"https:\/\/nuevodigitaldeescobar.com.ar\/#organization\",\"name\":\"Nuevo Digital de Escobar\",\"url\":\"https:\/\/nuevodigitaldeescobar.com.ar\/\",\"logo\":{\"@type\":\"ImageObject\",\"inLanguage\":\"es\",\"@id\":\"https:\/\/nuevodigitaldeescobar.com.ar\/#\/schema\/logo\/image\/\",\"url\":\"https:\/\/nuevodigitaldeescobar.com.ar\/wp-content\/uploads\/2025\/05\/cropped-logo-nuevo2.jpg\",\"contentUrl\":\"https:\/\/nuevodigitaldeescobar.com.ar\/wp-content\/uploads\/2025\/05\/cropped-logo-nuevo2.jpg\",\"width\":305,\"height\":305,\"caption\":\"Nuevo Digital de Escobar\"},\"image\":{\"@id\":\"https:\/\/nuevodigitaldeescobar.com.ar\/#\/schema\/logo\/image\/\"},\"sameAs\":[\"https:\/\/www.facebook.com\/NUEVODigitalDeEscobar\",\"https:\/\/x.com\/nuevodigescobar\",\"https:\/\/www.instagram.com\/nuevodigitaldeescobar\"]},{\"@type\":\"Person\",\"@id\":\"https:\/\/nuevodigitaldeescobar.com.ar\/#\/schema\/person\/035e90a8efe9a80e6eec22656ad6ea4c\",\"name\":\"Redacci\u00f3n\",\"image\":{\"@type\":\"ImageObject\",\"inLanguage\":\"es\",\"@id\":\"https:\/\/nuevodigitaldeescobar.com.ar\/#\/schema\/person\/image\/\",\"url\":\"https:\/\/secure.gravatar.com\/avatar\/8af8f40000c24e9eef3034f2be5998a372bb1389e64b1a4a36b3a7979142220d?s=96&d=mm&r=g\",\"contentUrl\":\"https:\/\/secure.gravatar.com\/avatar\/8af8f40000c24e9eef3034f2be5998a372bb1389e64b1a4a36b3a7979142220d?s=96&d=mm&r=g\",\"caption\":\"Redacci\u00f3n\"},\"sameAs\":[\"http:\/\/nuevodigitaldeescobar.com.ar\"],\"url\":\"https:\/\/nuevodigitaldeescobar.com.ar\/?author=1\"}]}<\/script>\n<!-- \/ Yoast SEO plugin. -->","yoast_head_json":{"title":"\"Ficha Limpia\": Por falta de qu\u00f3rum, fracas\u00f3 la sesi\u00f3n especial en Diputados para debatir el proyecto - Nuevo Digital de Escobar","robots":{"index":"index","follow":"follow","max-snippet":"max-snippet:-1","max-image-preview":"max-image-preview:large","max-video-preview":"max-video-preview:-1"},"canonical":"https:\/\/nuevodigitaldeescobar.com.ar\/?p=9685","og_locale":"es_ES","og_type":"article","og_title":"\"Ficha Limpia\": Por falta de qu\u00f3rum, fracas\u00f3 la sesi\u00f3n especial en Diputados para debatir el proyecto - Nuevo Digital de Escobar","og_description":"La sesi\u00f3n, impulsada por el PRO, la Libertad Avanza y la UCR, estuvo cerca de alcanzar el qu\u00f3rum al conseguir 128 de los 129 necesarios [&hellip;]","og_url":"https:\/\/nuevodigitaldeescobar.com.ar\/?p=9685","og_site_name":"Nuevo Digital de Escobar","article_publisher":"https:\/\/www.facebook.com\/NUEVODigitalDeEscobar","article_published_time":"2024-11-21T10:00:00+00:00","og_image":[{"width":720,"height":480,"url":"https:\/\/nuevodigitaldeescobar.com.ar\/wp-content\/uploads\/2024\/11\/congreso-de-la-nacion-e1732140890659.jpg","type":"image\/jpeg"}],"author":"Redacci\u00f3n","twitter_card":"summary_large_image","twitter_creator":"@nuevodigescobar","twitter_site":"@nuevodigescobar","twitter_misc":{"Escrito por":"Redacci\u00f3n","Tiempo de lectura":"5 minutos"},"schema":{"@context":"https:\/\/schema.org","@graph":[{"@type":"Article","@id":"https:\/\/nuevodigitaldeescobar.com.ar\/?p=9685#article","isPartOf":{"@id":"https:\/\/nuevodigitaldeescobar.com.ar\/?p=9685"},"author":{"name":"Redacci\u00f3n","@id":"https:\/\/nuevodigitaldeescobar.com.ar\/#\/schema\/person\/035e90a8efe9a80e6eec22656ad6ea4c"},"headline":"\u00abFicha Limpia\u00bb: Por falta de qu\u00f3rum, fracas\u00f3 la sesi\u00f3n especial en Diputados para debatir el proyecto","datePublished":"2024-11-21T10:00:00+00:00","mainEntityOfPage":{"@id":"https:\/\/nuevodigitaldeescobar.com.ar\/?p=9685"},"wordCount":1043,"commentCount":0,"publisher":{"@id":"https:\/\/nuevodigitaldeescobar.com.ar\/#organization"},"image":{"@id":"https:\/\/nuevodigitaldeescobar.com.ar\/?p=9685#primaryimage"},"thumbnailUrl":"https:\/\/nuevodigitaldeescobar.com.ar\/wp-content\/uploads\/2024\/11\/congreso-de-la-nacion-e1732140890659.jpg","articleSection":["Legislativas","Nacionales","Pol\u00edtica"],"inLanguage":"es","potentialAction":[{"@type":"CommentAction","name":"Comment","target":["https:\/\/nuevodigitaldeescobar.com.ar\/?p=9685#respond"]}]},{"@type":"WebPage","@id":"https:\/\/nuevodigitaldeescobar.com.ar\/?p=9685","url":"https:\/\/nuevodigitaldeescobar.com.ar\/?p=9685","name":"\"Ficha Limpia\": Por falta de qu\u00f3rum, fracas\u00f3 la sesi\u00f3n especial en Diputados para debatir el proyecto - Nuevo Digital de Escobar","isPartOf":{"@id":"https:\/\/nuevodigitaldeescobar.com.ar\/#website"},"primaryImageOfPage":{"@id":"https:\/\/nuevodigitaldeescobar.com.ar\/?p=9685#primaryimage"},"image":{"@id":"https:\/\/nuevodigitaldeescobar.com.ar\/?p=9685#primaryimage"},"thumbnailUrl":"https:\/\/nuevodigitaldeescobar.com.ar\/wp-content\/uploads\/2024\/11\/congreso-de-la-nacion-e1732140890659.jpg","datePublished":"2024-11-21T10:00:00+00:00","breadcrumb":{"@id":"https:\/\/nuevodigitaldeescobar.com.ar\/?p=9685#breadcrumb"},"inLanguage":"es","potentialAction":[{"@type":"ReadAction","target":["https:\/\/nuevodigitaldeescobar.com.ar\/?p=9685"]}]},{"@type":"ImageObject","inLanguage":"es","@id":"https:\/\/nuevodigitaldeescobar.com.ar\/?p=9685#primaryimage","url":"https:\/\/nuevodigitaldeescobar.com.ar\/wp-content\/uploads\/2024\/11\/congreso-de-la-nacion-e1732140890659.jpg","contentUrl":"https:\/\/nuevodigitaldeescobar.com.ar\/wp-content\/uploads\/2024\/11\/congreso-de-la-nacion-e1732140890659.jpg","width":720,"height":480},{"@type":"BreadcrumbList","@id":"https:\/\/nuevodigitaldeescobar.com.ar\/?p=9685#breadcrumb","itemListElement":[{"@type":"ListItem","position":1,"name":"Portada","item":"https:\/\/nuevodigitaldeescobar.com.ar\/"},{"@type":"ListItem","position":2,"name":"&#8220;Ficha Limpia&#8221;: Por falta de qu\u00f3rum, fracas\u00f3 la sesi\u00f3n especial en Diputados para debatir el proyecto"}]},{"@type":"WebSite","@id":"https:\/\/nuevodigitaldeescobar.com.ar\/#website","url":"https:\/\/nuevodigitaldeescobar.com.ar\/","name":"Nuevo Digital de Escobar","description":"La vida escobarense. Directora: Rosana Brunner","publisher":{"@id":"https:\/\/nuevodigitaldeescobar.com.ar\/#organization"},"potentialAction":[{"@type":"SearchAction","target":{"@type":"EntryPoint","urlTemplate":"https:\/\/nuevodigitaldeescobar.com.ar\/?s={search_term_string}"},"query-input":{"@type":"PropertyValueSpecification","valueRequired":true,"valueName":"search_term_string"}}],"inLanguage":"es"},{"@type":"Organization","@id":"https:\/\/nuevodigitaldeescobar.com.ar\/#organization","name":"Nuevo Digital de Escobar","url":"https:\/\/nuevodigitaldeescobar.com.ar\/","logo":{"@type":"ImageObject","inLanguage":"es","@id":"https:\/\/nuevodigitaldeescobar.com.ar\/#\/schema\/logo\/image\/","url":"https:\/\/nuevodigitaldeescobar.com.ar\/wp-content\/uploads\/2025\/05\/cropped-logo-nuevo2.jpg","contentUrl":"https:\/\/nuevodigitaldeescobar.com.ar\/wp-content\/uploads\/2025\/05\/cropped-logo-nuevo2.jpg","width":305,"height":305,"caption":"Nuevo Digital de Escobar"},"image":{"@id":"https:\/\/nuevodigitaldeescobar.com.ar\/#\/schema\/logo\/image\/"},"sameAs":["https:\/\/www.facebook.com\/NUEVODigitalDeEscobar","https:\/\/x.com\/nuevodigescobar","https:\/\/www.instagram.com\/nuevodigitaldeescobar"]},{"@type":"Person","@id":"https:\/\/nuevodigitaldeescobar.com.ar\/#\/schema\/person\/035e90a8efe9a80e6eec22656ad6ea4c","name":"Redacci\u00f3n","image":{"@type":"ImageObject","inLanguage":"es","@id":"https:\/\/nuevodigitaldeescobar.com.ar\/#\/schema\/person\/image\/","url":"https:\/\/secure.gravatar.com\/avatar\/8af8f40000c24e9eef3034f2be5998a372bb1389e64b1a4a36b3a7979142220d?s=96&d=mm&r=g","contentUrl":"https:\/\/secure.gravatar.com\/avatar\/8af8f40000c24e9eef3034f2be5998a372bb1389e64b1a4a36b3a7979142220d?s=96&d=mm&r=g","caption":"Redacci\u00f3n"},"sameAs":["http:\/\/nuevodigitaldeescobar.com.ar"],"url":"https:\/\/nuevodigitaldeescobar.com.ar\/?author=1"}]}},"featured_image_urls":{"full":["https:\/\/nuevodigitaldeescobar.com.ar\/wp-content\/uploads\/2024\/11\/congreso-de-la-nacion-e1732140890659.jpg",720,480,false],"thumbnail":["https:\/\/nuevodigitaldeescobar.com.ar\/wp-content\/uploads\/2024\/11\/congreso-de-la-nacion-150x150.jpg",150,150,true],"medium":["https:\/\/nuevodigitaldeescobar.com.ar\/wp-content\/uploads\/2024\/11\/congreso-de-la-nacion-300x200.jpg",300,200,true],"medium_large":["https:\/\/nuevodigitaldeescobar.com.ar\/wp-content\/uploads\/2024\/11\/congreso-de-la-nacion-768x512.jpg",640,427,true],"large":["https:\/\/nuevodigitaldeescobar.com.ar\/wp-content\/uploads\/2024\/11\/congreso-de-la-nacion-1024x682.jpg",640,426,true],"1536x1536":["https:\/\/nuevodigitaldeescobar.com.ar\/wp-content\/uploads\/2024\/11\/congreso-de-la-nacion-e1732140890659.jpg",720,480,false],"2048x2048":["https:\/\/nuevodigitaldeescobar.com.ar\/wp-content\/uploads\/2024\/11\/congreso-de-la-nacion-e1732140890659.jpg",720,480,false]},"author_info":{"display_name":"Redacci\u00f3n","author_link":"https:\/\/nuevodigitaldeescobar.com.ar\/?author=1"},"category_info":"<a href=\"https:\/\/nuevodigitaldeescobar.com.ar\/?cat=12\" rel=\"category\">Legislativas<\/a> <a href=\"https:\/\/nuevodigitaldeescobar.com.ar\/?cat=61\" rel=\"category\">Nacionales<\/a> <a href=\"https:\/\/nuevodigitaldeescobar.com.ar\/?cat=6\" rel=\"category\">Pol\u00edtica<\/a>","tag_info":"Pol\u00edtica","comment_count":"0","_links":{"self":[{"href":"https:\/\/nuevodigitaldeescobar.com.ar\/index.php?rest_route=\/wp\/v2\/posts\/9685","targetHints":{"allow":["GET"]}}],"collection":[{"href":"https:\/\/nuevodigitaldeescobar.com.ar\/index.php?rest_route=\/wp\/v2\/posts"}],"about":[{"href":"https:\/\/nuevodigitaldeescobar.com.ar\/index.php?rest_route=\/wp\/v2\/types\/post"}],"author":[{"embeddable":true,"href":"https:\/\/nuevodigitaldeescobar.com.ar\/index.php?rest_route=\/wp\/v2\/users\/1"}],"replies":[{"embeddable":true,"href":"https:\/\/nuevodigitaldeescobar.com.ar\/index.php?rest_route=%2Fwp%2Fv2%2Fcomments&post=9685"}],"version-history":[{"count":1,"href":"https:\/\/nuevodigitaldeescobar.com.ar\/index.php?rest_route=\/wp\/v2\/posts\/9685\/revisions"}],"predecessor-version":[{"id":9687,"href":"https:\/\/nuevodigitaldeescobar.com.ar\/index.php?rest_route=\/wp\/v2\/posts\/9685\/revisions\/9687"}],"wp:featuredmedia":[{"embeddable":true,"href":"https:\/\/nuevodigitaldeescobar.com.ar\/index.php?rest_route=\/wp\/v2\/media\/9686"}],"wp:attachment":[{"href":"https:\/\/nuevodigitaldeescobar.com.ar\/index.php?rest_route=%2Fwp%2Fv2%2Fmedia&parent=9685"}],"wp:term":[{"taxonomy":"category","embeddable":true,"href":"https:\/\/nuevodigitaldeescobar.com.ar\/index.php?rest_route=%2Fwp%2Fv2%2Fcategories&post=9685"},{"taxonomy":"post_tag","embeddable":true,"href":"https:\/\/nuevodigitaldeescobar.com.ar\/index.php?rest_route=%2Fwp%2Fv2%2Ftags&post=9685"}],"curies":[{"name":"wp","href":"https:\/\/api.w.org\/{rel}","templated":true}]}}