{"id":9688,"date":"2024-11-21T07:00:00","date_gmt":"2024-11-21T10:00:00","guid":{"rendered":"https:\/\/nuevodigitaldeescobar.com.ar\/?p=9688"},"modified":"2024-11-20T19:30:27","modified_gmt":"2024-11-20T22:30:27","slug":"la-cgt-le-solto-la-mano-a-pablo-moyano-y-rechazaron-un-nuevo-paro-general","status":"publish","type":"post","link":"https:\/\/nuevodigitaldeescobar.com.ar\/?p=9688","title":{"rendered":"La CGT le solt\u00f3 la mano a Pablo Moyano y rechazaron un nuevo paro general"},"content":{"rendered":"<p><span style=\"color: #003366;\"><strong><em>Adem\u00e1s, varios dirigentes reconocieron que existen se\u00f1ales de recuperaci\u00f3n econ\u00f3mica.<\/em><\/strong><\/span><\/p>\n<p><!--more--><\/p>\n<hr \/>\n<p>La c\u00fapula de la Confederaci\u00f3n General del Trabajo (CGT) volvi\u00f3 a reunirse este martes tras un par\u00e9ntesis de m\u00e1s de un mes, periodo en el que la agenda sindical estuvo dominada por el conflicto en Aerol\u00edneas Argentinas.<\/p>\n<p>El encuentro se dio en medio de tensiones entre los sectores dialoguistas y la facci\u00f3n m\u00e1s combativa para definir su postura frente al Gobierno de Javier Milei.<\/p>\n<p>Sin embargo, la ausencia de Pablo Moyano, impulsor de un nuevo paro general, permiti\u00f3 que prevalecieran las posiciones m\u00e1s moderadas: tras casi tres horas de debate, se resolvi\u00f3 apostar al di\u00e1logo tripartito con la Casa Rosada y los empresarios, estableciendo una tregua sin medidas de fuerza hasta inicios de 2025.<\/p>\n<p>El titular de la Confederaci\u00f3n Argentina de Trabajadores del Transporte (CATT), Juan Carlos Schmid, fue uno de los m\u00e1s cr\u00edticos en el encuentro realizado en la sede de UPCN.<\/p>\n<p>Schmid exigi\u00f3 convocar de inmediato al Consejo Directivo para ampliar el debate sobre la continuidad del violento <em>\u00abplan de lucha\u00bb<\/em>. Aunque la propuesta no fue descartada, la decisi\u00f3n mayoritaria fue no avanzar con medidas de fuerza antes de fin de a\u00f1o. <em>\u00abNo est\u00e1 en nuestra agenda\u00bb<\/em>, afirm\u00f3 un dirigente de la central obrera.<\/p>\n<p>Durante la reuni\u00f3n, se reconoci\u00f3 que existen se\u00f1ales de mejora econ\u00f3mica e incluso cierta recuperaci\u00f3n del empleo en sectores como la construcci\u00f3n. En base a ello, se decidi\u00f3 acelerar el di\u00e1logo con el Gobierno de Milei para avanzar en la reglamentaci\u00f3n del art\u00edculo anti-bloqueos y en negociaciones tripartitas orientadas a definir pol\u00edticas futuras.<\/p>\n<p>Esta posici\u00f3n contrasta con la de Pablo Moyano, quien en los \u00faltimos d\u00edas afirm\u00f3 en declaraciones radiales que Camioneros est\u00e1 organizando un paro nacional para diciembre en <em>\u00abprotesta\u00bb<\/em> por las pol\u00edticas econ\u00f3micas del gobierno de Javier Milei, que lograron bajar la inflaci\u00f3n y la pobreza. El dirigente tambi\u00e9n mencion\u00f3 la posibilidad de una <em>\u00abgran movilizaci\u00f3n\u00bb<\/em> con la participaci\u00f3n de otras organizaciones gremiales y sociales.<\/p>\n<p>Por su parte, algunos sectores de la Mesa Nacional del Transporte buscan presionar para que la CGT convoque a un paro general de 36 horas antes de fin de a\u00f1o. Sin embargo, estas propuestas fueron desestimadas en la mesa chica de la central, que prioriz\u00f3 el di\u00e1logo con el Ejecutivo.<\/p>\n<p>En la reuni\u00f3n participaron H\u00e9ctor Daer (Sanidad), uno de los cotitulares de la CGT, junto con Andr\u00e9s Rodr\u00edguez (UPCN), Gerardo Mart\u00ednez (UOCRA), Jos\u00e9 Luis Lingeri (Obras Sanitarias), Sergio Romero (UDA), Rodolfo Daer (Alimentaci\u00f3n), Alejandro Amor (municipales porte\u00f1os), Julio Piumato (judiciales), Jorge Sola (seguros), Cristian Jer\u00f3nimo (vidrio) y Miguel Paniagua (espect\u00e1culo p\u00fablico). Pablo Moyano y Carlos Acu\u00f1a estuvieron ausentes.<\/p>\n<p>Durante el debate, tambi\u00e9n se abordaron conflictos laborales puntuales y se reafirm\u00f3 el apoyo de la CGT a los gremios en conflicto. No obstante, varios dirigentes reconocieron signos positivos en la gesti\u00f3n de Milei. <em>\u00abHay ciertos rebrotes econ\u00f3micos y recuperaci\u00f3n de fuentes de trabajo, que marcan una tendencia positiva\u00bb<\/em>, coment\u00f3 uno de los asistentes a la reuni\u00f3n.<\/p>\n<p>La ausencia de Pablo Moyano fue previsible tras sus declaraciones unilaterales sobre nuevas medidas de fuerza. Seg\u00fan trascendi\u00f3, Hugo Moyano, l\u00edder del Sindicato de Camioneros, recibi\u00f3 cr\u00edticas por la actitud intransigente de su hijo mayor y habr\u00eda dejado claro que no comparte su postura.<\/p>\n<p>Aunque los dialoguistas se impusieron en esta ocasi\u00f3n, los sindicatos del transporte planean acciones por su cuenta, como lo hicieron el 30 de octubre. Su estrategia incluye reuniones con gremios de energ\u00eda y de la industria para buscar consensos que permitan concretar una violenta protesta antes de fin de a\u00f1o.<\/p>\n<p><em>(La Derecha Diario)<\/em><\/p>\n","protected":false},"excerpt":{"rendered":"<p>Adem\u00e1s, varios dirigentes reconocieron que existen se\u00f1ales de recuperaci\u00f3n econ\u00f3mica.<\/p>\n","protected":false},"author":1,"featured_media":9689,"comment_status":"open","ping_status":"open","sticky":false,"template":"","format":"standard","meta":{"footnotes":""},"categories":[61,6],"tags":[],"class_list":["post-9688","post","type-post","status-publish","format-standard","has-post-thumbnail","hentry","category-nacionales","category-politica"],"better_featured_image":{"id":9689,"alt_text":"","caption":"","description":"","media_type":"image","media_details":{"width":720,"height":480,"file":"2024\/11\/pablo-moyano-e1732141820118.jpg","filesize":92122,"sizes":{"medium":{"file":"pablo-moyano-300x200.jpg","width":300,"height":200,"mime-type":"image\/jpeg","filesize":9162,"source_url":"https:\/\/nuevodigitaldeescobar.com.ar\/wp-content\/uploads\/2024\/11\/pablo-moyano-300x200.jpg"},"large":{"file":"pablo-moyano-1024x683.jpg","width":1024,"height":683,"mime-type":"image\/jpeg","filesize":52388,"source_url":"https:\/\/nuevodigitaldeescobar.com.ar\/wp-content\/uploads\/2024\/11\/pablo-moyano-1024x683.jpg"},"thumbnail":{"file":"pablo-moyano-150x150.jpg","width":150,"height":150,"mime-type":"image\/jpeg","filesize":4722,"source_url":"https:\/\/nuevodigitaldeescobar.com.ar\/wp-content\/uploads\/2024\/11\/pablo-moyano-150x150.jpg"},"medium_large":{"file":"pablo-moyano-768x512.jpg","width":768,"height":512,"mime-type":"image\/jpeg","filesize":34491,"source_url":"https:\/\/nuevodigitaldeescobar.com.ar\/wp-content\/uploads\/2024\/11\/pablo-moyano-768x512.jpg"}},"image_meta":{"aperture":"0","credit":"","camera":"","caption":"","created_timestamp":"0","copyright":"","focal_length":"0","iso":"0","shutter_speed":"0","title":"","orientation":"0","keywords":[]}},"post":9688,"source_url":"https:\/\/nuevodigitaldeescobar.com.ar\/wp-content\/uploads\/2024\/11\/pablo-moyano-e1732141820118.jpg"},"yoast_head":"<!-- This site is optimized with the Yoast SEO plugin v26.1.1 - https:\/\/yoast.com\/wordpress\/plugins\/seo\/ -->\n<title>La CGT le solt\u00f3 la mano a Pablo Moyano y rechazaron un nuevo paro general - Nuevo Digital de Escobar<\/title>\n<meta name=\"robots\" content=\"index, follow, max-snippet:-1, max-image-preview:large, max-video-preview:-1\" \/>\n<link rel=\"canonical\" href=\"https:\/\/nuevodigitaldeescobar.com.ar\/?p=9688\" \/>\n<meta property=\"og:locale\" content=\"es_ES\" \/>\n<meta property=\"og:type\" content=\"article\" \/>\n<meta property=\"og:title\" content=\"La CGT le solt\u00f3 la mano a Pablo Moyano y rechazaron un nuevo paro general - Nuevo Digital de Escobar\" \/>\n<meta property=\"og:description\" content=\"Adem\u00e1s, varios dirigentes reconocieron que existen se\u00f1ales de recuperaci\u00f3n econ\u00f3mica.\" \/>\n<meta property=\"og:url\" content=\"https:\/\/nuevodigitaldeescobar.com.ar\/?p=9688\" \/>\n<meta property=\"og:site_name\" content=\"Nuevo Digital de Escobar\" \/>\n<meta property=\"article:publisher\" content=\"https:\/\/www.facebook.com\/NUEVODigitalDeEscobar\" \/>\n<meta property=\"article:published_time\" content=\"2024-11-21T10:00:00+00:00\" \/>\n<meta property=\"og:image\" content=\"https:\/\/nuevodigitaldeescobar.com.ar\/wp-content\/uploads\/2024\/11\/pablo-moyano-e1732141820118.jpg\" \/>\n\t<meta property=\"og:image:width\" content=\"720\" \/>\n\t<meta property=\"og:image:height\" content=\"480\" \/>\n\t<meta property=\"og:image:type\" content=\"image\/jpeg\" \/>\n<meta name=\"author\" content=\"Redacci\u00f3n\" \/>\n<meta name=\"twitter:card\" content=\"summary_large_image\" \/>\n<meta name=\"twitter:creator\" content=\"@nuevodigescobar\" \/>\n<meta name=\"twitter:site\" content=\"@nuevodigescobar\" \/>\n<meta name=\"twitter:label1\" content=\"Escrito por\" \/>\n\t<meta name=\"twitter:data1\" content=\"Redacci\u00f3n\" \/>\n\t<meta name=\"twitter:label2\" content=\"Tiempo de lectura\" \/>\n\t<meta name=\"twitter:data2\" content=\"3 minutos\" \/>\n<script type=\"application\/ld+json\" class=\"yoast-schema-graph\">{\"@context\":\"https:\/\/schema.org\",\"@graph\":[{\"@type\":\"Article\",\"@id\":\"https:\/\/nuevodigitaldeescobar.com.ar\/?p=9688#article\",\"isPartOf\":{\"@id\":\"https:\/\/nuevodigitaldeescobar.com.ar\/?p=9688\"},\"author\":{\"name\":\"Redacci\u00f3n\",\"@id\":\"https:\/\/nuevodigitaldeescobar.com.ar\/#\/schema\/person\/035e90a8efe9a80e6eec22656ad6ea4c\"},\"headline\":\"La CGT le solt\u00f3 la mano a Pablo Moyano y rechazaron un nuevo paro general\",\"datePublished\":\"2024-11-21T10:00:00+00:00\",\"mainEntityOfPage\":{\"@id\":\"https:\/\/nuevodigitaldeescobar.com.ar\/?p=9688\"},\"wordCount\":657,\"commentCount\":0,\"publisher\":{\"@id\":\"https:\/\/nuevodigitaldeescobar.com.ar\/#organization\"},\"image\":{\"@id\":\"https:\/\/nuevodigitaldeescobar.com.ar\/?p=9688#primaryimage\"},\"thumbnailUrl\":\"https:\/\/nuevodigitaldeescobar.com.ar\/wp-content\/uploads\/2024\/11\/pablo-moyano-e1732141820118.jpg\",\"articleSection\":[\"Nacionales\",\"Pol\u00edtica\"],\"inLanguage\":\"es\",\"potentialAction\":[{\"@type\":\"CommentAction\",\"name\":\"Comment\",\"target\":[\"https:\/\/nuevodigitaldeescobar.com.ar\/?p=9688#respond\"]}]},{\"@type\":\"WebPage\",\"@id\":\"https:\/\/nuevodigitaldeescobar.com.ar\/?p=9688\",\"url\":\"https:\/\/nuevodigitaldeescobar.com.ar\/?p=9688\",\"name\":\"La CGT le solt\u00f3 la mano a Pablo Moyano y rechazaron un nuevo paro general - Nuevo Digital de Escobar\",\"isPartOf\":{\"@id\":\"https:\/\/nuevodigitaldeescobar.com.ar\/#website\"},\"primaryImageOfPage\":{\"@id\":\"https:\/\/nuevodigitaldeescobar.com.ar\/?p=9688#primaryimage\"},\"image\":{\"@id\":\"https:\/\/nuevodigitaldeescobar.com.ar\/?p=9688#primaryimage\"},\"thumbnailUrl\":\"https:\/\/nuevodigitaldeescobar.com.ar\/wp-content\/uploads\/2024\/11\/pablo-moyano-e1732141820118.jpg\",\"datePublished\":\"2024-11-21T10:00:00+00:00\",\"breadcrumb\":{\"@id\":\"https:\/\/nuevodigitaldeescobar.com.ar\/?p=9688#breadcrumb\"},\"inLanguage\":\"es\",\"potentialAction\":[{\"@type\":\"ReadAction\",\"target\":[\"https:\/\/nuevodigitaldeescobar.com.ar\/?p=9688\"]}]},{\"@type\":\"ImageObject\",\"inLanguage\":\"es\",\"@id\":\"https:\/\/nuevodigitaldeescobar.com.ar\/?p=9688#primaryimage\",\"url\":\"https:\/\/nuevodigitaldeescobar.com.ar\/wp-content\/uploads\/2024\/11\/pablo-moyano-e1732141820118.jpg\",\"contentUrl\":\"https:\/\/nuevodigitaldeescobar.com.ar\/wp-content\/uploads\/2024\/11\/pablo-moyano-e1732141820118.jpg\",\"width\":720,\"height\":480},{\"@type\":\"BreadcrumbList\",\"@id\":\"https:\/\/nuevodigitaldeescobar.com.ar\/?p=9688#breadcrumb\",\"itemListElement\":[{\"@type\":\"ListItem\",\"position\":1,\"name\":\"Portada\",\"item\":\"https:\/\/nuevodigitaldeescobar.com.ar\/\"},{\"@type\":\"ListItem\",\"position\":2,\"name\":\"La CGT le solt\u00f3 la mano a Pablo Moyano y rechazaron un nuevo paro general\"}]},{\"@type\":\"WebSite\",\"@id\":\"https:\/\/nuevodigitaldeescobar.com.ar\/#website\",\"url\":\"https:\/\/nuevodigitaldeescobar.com.ar\/\",\"name\":\"Nuevo Digital de Escobar\",\"description\":\"La vida escobarense. Directora: Rosana Brunner\",\"publisher\":{\"@id\":\"https:\/\/nuevodigitaldeescobar.com.ar\/#organization\"},\"potentialAction\":[{\"@type\":\"SearchAction\",\"target\":{\"@type\":\"EntryPoint\",\"urlTemplate\":\"https:\/\/nuevodigitaldeescobar.com.ar\/?s={search_term_string}\"},\"query-input\":{\"@type\":\"PropertyValueSpecification\",\"valueRequired\":true,\"valueName\":\"search_term_string\"}}],\"inLanguage\":\"es\"},{\"@type\":\"Organization\",\"@id\":\"https:\/\/nuevodigitaldeescobar.com.ar\/#organization\",\"name\":\"Nuevo Digital de Escobar\",\"url\":\"https:\/\/nuevodigitaldeescobar.com.ar\/\",\"logo\":{\"@type\":\"ImageObject\",\"inLanguage\":\"es\",\"@id\":\"https:\/\/nuevodigitaldeescobar.com.ar\/#\/schema\/logo\/image\/\",\"url\":\"https:\/\/nuevodigitaldeescobar.com.ar\/wp-content\/uploads\/2025\/05\/cropped-logo-nuevo2.jpg\",\"contentUrl\":\"https:\/\/nuevodigitaldeescobar.com.ar\/wp-content\/uploads\/2025\/05\/cropped-logo-nuevo2.jpg\",\"width\":305,\"height\":305,\"caption\":\"Nuevo Digital de Escobar\"},\"image\":{\"@id\":\"https:\/\/nuevodigitaldeescobar.com.ar\/#\/schema\/logo\/image\/\"},\"sameAs\":[\"https:\/\/www.facebook.com\/NUEVODigitalDeEscobar\",\"https:\/\/x.com\/nuevodigescobar\",\"https:\/\/www.instagram.com\/nuevodigitaldeescobar\"]},{\"@type\":\"Person\",\"@id\":\"https:\/\/nuevodigitaldeescobar.com.ar\/#\/schema\/person\/035e90a8efe9a80e6eec22656ad6ea4c\",\"name\":\"Redacci\u00f3n\",\"image\":{\"@type\":\"ImageObject\",\"inLanguage\":\"es\",\"@id\":\"https:\/\/nuevodigitaldeescobar.com.ar\/#\/schema\/person\/image\/\",\"url\":\"https:\/\/secure.gravatar.com\/avatar\/8af8f40000c24e9eef3034f2be5998a372bb1389e64b1a4a36b3a7979142220d?s=96&d=mm&r=g\",\"contentUrl\":\"https:\/\/secure.gravatar.com\/avatar\/8af8f40000c24e9eef3034f2be5998a372bb1389e64b1a4a36b3a7979142220d?s=96&d=mm&r=g\",\"caption\":\"Redacci\u00f3n\"},\"sameAs\":[\"http:\/\/nuevodigitaldeescobar.com.ar\"],\"url\":\"https:\/\/nuevodigitaldeescobar.com.ar\/?author=1\"}]}<\/script>\n<!-- \/ Yoast SEO plugin. -->","yoast_head_json":{"title":"La CGT le solt\u00f3 la mano a Pablo Moyano y rechazaron un nuevo paro general - Nuevo Digital de Escobar","robots":{"index":"index","follow":"follow","max-snippet":"max-snippet:-1","max-image-preview":"max-image-preview:large","max-video-preview":"max-video-preview:-1"},"canonical":"https:\/\/nuevodigitaldeescobar.com.ar\/?p=9688","og_locale":"es_ES","og_type":"article","og_title":"La CGT le solt\u00f3 la mano a Pablo Moyano y rechazaron un nuevo paro general - Nuevo Digital de Escobar","og_description":"Adem\u00e1s, varios dirigentes reconocieron que existen se\u00f1ales de recuperaci\u00f3n econ\u00f3mica.","og_url":"https:\/\/nuevodigitaldeescobar.com.ar\/?p=9688","og_site_name":"Nuevo Digital de Escobar","article_publisher":"https:\/\/www.facebook.com\/NUEVODigitalDeEscobar","article_published_time":"2024-11-21T10:00:00+00:00","og_image":[{"width":720,"height":480,"url":"https:\/\/nuevodigitaldeescobar.com.ar\/wp-content\/uploads\/2024\/11\/pablo-moyano-e1732141820118.jpg","type":"image\/jpeg"}],"author":"Redacci\u00f3n","twitter_card":"summary_large_image","twitter_creator":"@nuevodigescobar","twitter_site":"@nuevodigescobar","twitter_misc":{"Escrito por":"Redacci\u00f3n","Tiempo de lectura":"3 minutos"},"schema":{"@context":"https:\/\/schema.org","@graph":[{"@type":"Article","@id":"https:\/\/nuevodigitaldeescobar.com.ar\/?p=9688#article","isPartOf":{"@id":"https:\/\/nuevodigitaldeescobar.com.ar\/?p=9688"},"author":{"name":"Redacci\u00f3n","@id":"https:\/\/nuevodigitaldeescobar.com.ar\/#\/schema\/person\/035e90a8efe9a80e6eec22656ad6ea4c"},"headline":"La CGT le solt\u00f3 la mano a Pablo Moyano y rechazaron un nuevo paro general","datePublished":"2024-11-21T10:00:00+00:00","mainEntityOfPage":{"@id":"https:\/\/nuevodigitaldeescobar.com.ar\/?p=9688"},"wordCount":657,"commentCount":0,"publisher":{"@id":"https:\/\/nuevodigitaldeescobar.com.ar\/#organization"},"image":{"@id":"https:\/\/nuevodigitaldeescobar.com.ar\/?p=9688#primaryimage"},"thumbnailUrl":"https:\/\/nuevodigitaldeescobar.com.ar\/wp-content\/uploads\/2024\/11\/pablo-moyano-e1732141820118.jpg","articleSection":["Nacionales","Pol\u00edtica"],"inLanguage":"es","potentialAction":[{"@type":"CommentAction","name":"Comment","target":["https:\/\/nuevodigitaldeescobar.com.ar\/?p=9688#respond"]}]},{"@type":"WebPage","@id":"https:\/\/nuevodigitaldeescobar.com.ar\/?p=9688","url":"https:\/\/nuevodigitaldeescobar.com.ar\/?p=9688","name":"La CGT le solt\u00f3 la mano a Pablo Moyano y rechazaron un nuevo paro general - Nuevo Digital de Escobar","isPartOf":{"@id":"https:\/\/nuevodigitaldeescobar.com.ar\/#website"},"primaryImageOfPage":{"@id":"https:\/\/nuevodigitaldeescobar.com.ar\/?p=9688#primaryimage"},"image":{"@id":"https:\/\/nuevodigitaldeescobar.com.ar\/?p=9688#primaryimage"},"thumbnailUrl":"https:\/\/nuevodigitaldeescobar.com.ar\/wp-content\/uploads\/2024\/11\/pablo-moyano-e1732141820118.jpg","datePublished":"2024-11-21T10:00:00+00:00","breadcrumb":{"@id":"https:\/\/nuevodigitaldeescobar.com.ar\/?p=9688#breadcrumb"},"inLanguage":"es","potentialAction":[{"@type":"ReadAction","target":["https:\/\/nuevodigitaldeescobar.com.ar\/?p=9688"]}]},{"@type":"ImageObject","inLanguage":"es","@id":"https:\/\/nuevodigitaldeescobar.com.ar\/?p=9688#primaryimage","url":"https:\/\/nuevodigitaldeescobar.com.ar\/wp-content\/uploads\/2024\/11\/pablo-moyano-e1732141820118.jpg","contentUrl":"https:\/\/nuevodigitaldeescobar.com.ar\/wp-content\/uploads\/2024\/11\/pablo-moyano-e1732141820118.jpg","width":720,"height":480},{"@type":"BreadcrumbList","@id":"https:\/\/nuevodigitaldeescobar.com.ar\/?p=9688#breadcrumb","itemListElement":[{"@type":"ListItem","position":1,"name":"Portada","item":"https:\/\/nuevodigitaldeescobar.com.ar\/"},{"@type":"ListItem","position":2,"name":"La CGT le solt\u00f3 la mano a Pablo Moyano y rechazaron un nuevo paro general"}]},{"@type":"WebSite","@id":"https:\/\/nuevodigitaldeescobar.com.ar\/#website","url":"https:\/\/nuevodigitaldeescobar.com.ar\/","name":"Nuevo Digital de Escobar","description":"La vida escobarense. Directora: Rosana Brunner","publisher":{"@id":"https:\/\/nuevodigitaldeescobar.com.ar\/#organization"},"potentialAction":[{"@type":"SearchAction","target":{"@type":"EntryPoint","urlTemplate":"https:\/\/nuevodigitaldeescobar.com.ar\/?s={search_term_string}"},"query-input":{"@type":"PropertyValueSpecification","valueRequired":true,"valueName":"search_term_string"}}],"inLanguage":"es"},{"@type":"Organization","@id":"https:\/\/nuevodigitaldeescobar.com.ar\/#organization","name":"Nuevo Digital de Escobar","url":"https:\/\/nuevodigitaldeescobar.com.ar\/","logo":{"@type":"ImageObject","inLanguage":"es","@id":"https:\/\/nuevodigitaldeescobar.com.ar\/#\/schema\/logo\/image\/","url":"https:\/\/nuevodigitaldeescobar.com.ar\/wp-content\/uploads\/2025\/05\/cropped-logo-nuevo2.jpg","contentUrl":"https:\/\/nuevodigitaldeescobar.com.ar\/wp-content\/uploads\/2025\/05\/cropped-logo-nuevo2.jpg","width":305,"height":305,"caption":"Nuevo Digital de Escobar"},"image":{"@id":"https:\/\/nuevodigitaldeescobar.com.ar\/#\/schema\/logo\/image\/"},"sameAs":["https:\/\/www.facebook.com\/NUEVODigitalDeEscobar","https:\/\/x.com\/nuevodigescobar","https:\/\/www.instagram.com\/nuevodigitaldeescobar"]},{"@type":"Person","@id":"https:\/\/nuevodigitaldeescobar.com.ar\/#\/schema\/person\/035e90a8efe9a80e6eec22656ad6ea4c","name":"Redacci\u00f3n","image":{"@type":"ImageObject","inLanguage":"es","@id":"https:\/\/nuevodigitaldeescobar.com.ar\/#\/schema\/person\/image\/","url":"https:\/\/secure.gravatar.com\/avatar\/8af8f40000c24e9eef3034f2be5998a372bb1389e64b1a4a36b3a7979142220d?s=96&d=mm&r=g","contentUrl":"https:\/\/secure.gravatar.com\/avatar\/8af8f40000c24e9eef3034f2be5998a372bb1389e64b1a4a36b3a7979142220d?s=96&d=mm&r=g","caption":"Redacci\u00f3n"},"sameAs":["http:\/\/nuevodigitaldeescobar.com.ar"],"url":"https:\/\/nuevodigitaldeescobar.com.ar\/?author=1"}]}},"featured_image_urls":{"full":["https:\/\/nuevodigitaldeescobar.com.ar\/wp-content\/uploads\/2024\/11\/pablo-moyano-e1732141820118.jpg",720,480,false],"thumbnail":["https:\/\/nuevodigitaldeescobar.com.ar\/wp-content\/uploads\/2024\/11\/pablo-moyano-150x150.jpg",150,150,true],"medium":["https:\/\/nuevodigitaldeescobar.com.ar\/wp-content\/uploads\/2024\/11\/pablo-moyano-300x200.jpg",300,200,true],"medium_large":["https:\/\/nuevodigitaldeescobar.com.ar\/wp-content\/uploads\/2024\/11\/pablo-moyano-768x512.jpg",640,427,true],"large":["https:\/\/nuevodigitaldeescobar.com.ar\/wp-content\/uploads\/2024\/11\/pablo-moyano-1024x683.jpg",640,427,true],"1536x1536":["https:\/\/nuevodigitaldeescobar.com.ar\/wp-content\/uploads\/2024\/11\/pablo-moyano-e1732141820118.jpg",720,480,false],"2048x2048":["https:\/\/nuevodigitaldeescobar.com.ar\/wp-content\/uploads\/2024\/11\/pablo-moyano-e1732141820118.jpg",720,480,false]},"author_info":{"display_name":"Redacci\u00f3n","author_link":"https:\/\/nuevodigitaldeescobar.com.ar\/?author=1"},"category_info":"<a href=\"https:\/\/nuevodigitaldeescobar.com.ar\/?cat=61\" rel=\"category\">Nacionales<\/a> <a href=\"https:\/\/nuevodigitaldeescobar.com.ar\/?cat=6\" rel=\"category\">Pol\u00edtica<\/a>","tag_info":"Pol\u00edtica","comment_count":"0","_links":{"self":[{"href":"https:\/\/nuevodigitaldeescobar.com.ar\/index.php?rest_route=\/wp\/v2\/posts\/9688","targetHints":{"allow":["GET"]}}],"collection":[{"href":"https:\/\/nuevodigitaldeescobar.com.ar\/index.php?rest_route=\/wp\/v2\/posts"}],"about":[{"href":"https:\/\/nuevodigitaldeescobar.com.ar\/index.php?rest_route=\/wp\/v2\/types\/post"}],"author":[{"embeddable":true,"href":"https:\/\/nuevodigitaldeescobar.com.ar\/index.php?rest_route=\/wp\/v2\/users\/1"}],"replies":[{"embeddable":true,"href":"https:\/\/nuevodigitaldeescobar.com.ar\/index.php?rest_route=%2Fwp%2Fv2%2Fcomments&post=9688"}],"version-history":[{"count":1,"href":"https:\/\/nuevodigitaldeescobar.com.ar\/index.php?rest_route=\/wp\/v2\/posts\/9688\/revisions"}],"predecessor-version":[{"id":9690,"href":"https:\/\/nuevodigitaldeescobar.com.ar\/index.php?rest_route=\/wp\/v2\/posts\/9688\/revisions\/9690"}],"wp:featuredmedia":[{"embeddable":true,"href":"https:\/\/nuevodigitaldeescobar.com.ar\/index.php?rest_route=\/wp\/v2\/media\/9689"}],"wp:attachment":[{"href":"https:\/\/nuevodigitaldeescobar.com.ar\/index.php?rest_route=%2Fwp%2Fv2%2Fmedia&parent=9688"}],"wp:term":[{"taxonomy":"category","embeddable":true,"href":"https:\/\/nuevodigitaldeescobar.com.ar\/index.php?rest_route=%2Fwp%2Fv2%2Fcategories&post=9688"},{"taxonomy":"post_tag","embeddable":true,"href":"https:\/\/nuevodigitaldeescobar.com.ar\/index.php?rest_route=%2Fwp%2Fv2%2Ftags&post=9688"}],"curies":[{"name":"wp","href":"https:\/\/api.w.org\/{rel}","templated":true}]}}