{"id":9800,"date":"2024-11-26T07:00:00","date_gmt":"2024-11-26T10:00:00","guid":{"rendered":"https:\/\/nuevodigitaldeescobar.com.ar\/?p=9800"},"modified":"2024-11-25T21:23:52","modified_gmt":"2024-11-26T00:23:52","slug":"una-diputada-del-pro-denuncio-a-axel-kicillof-por-exponer-a-menores-a-contenidos-inapropiados","status":"publish","type":"post","link":"https:\/\/nuevodigitaldeescobar.com.ar\/?p=9800","title":{"rendered":"Una diputada del PRO denunci\u00f3 a Axel Kicillof por \u201cexponer a menores a contenidos inapropiados\u201d"},"content":{"rendered":"<p><span style=\"color: #003366;\"><strong><em>La pol\u00e9mica por el libro \u201cCometierra\u201d, de Dolores Reyes, suma nuevos cap\u00edtulos. Desde el Gobierno provincial denuncian un \u201cintento de censura\u201d. El fen\u00f3meno en que el libro se est\u00e1 convirtiendo.<\/em><\/strong><\/span><\/p>\n<p><!--more--><\/p>\n<hr \/>\n<p>El revuelo generado por la novela <em>\u201cCometierra\u201d<\/em>, de Dolores Reyes, suma un nuevo cap\u00edtulo a partir de la denuncia penal presentada por la diputada nacional del PRO, Patricia V\u00e1squez, por posibles violaciones a derechos infantiles por parte del gobierno bonaerense, el cual hab\u00eda incluido el libro de Reyes en el programa de lectura Identidades Bonaerenses.<\/p>\n<p>V\u00e1squez calific\u00f3 los libros incluidos en el programa como <em>\u201cinapropiados para menores\u201d<\/em>. Por su parte, el gobernador bonaerense, Axel Kicillof y el Director General de Cultura y Educaci\u00f3n de la provincia, Alberto Sileoni, defendieron los textos y destacaron la intenci\u00f3n del programa de fomentar el acceso a literatura identitaria.<\/p>\n<p>Seg\u00fan la denuncia de V\u00e1squez, el material distribuido podr\u00eda violar normativas y afectar el bienestar de ni\u00f1os y adolescentes. La denuncia qued\u00f3 formalizada ante la Fiscal\u00eda General de La Plata, y se\u00f1ala que los textos en cuesti\u00f3n contienen elementos que califica de inapropiados para el desarrollo integral de los estudiantes. <em>\u201cEspero que el ministerio p\u00fablico fiscal investigue como corresponde la posible comisi\u00f3n de varios delitos, no uno\u201d<\/em>, puntualiz\u00f3 V\u00e1squez.<\/p>\n<p>El programa Identidades Bonaerenses distribuye estos libros en m\u00e1s de 2.700 escuelas secundarias de la provincia. Desde el ministerio de Educaci\u00f3n bonaerense aseguraron que el programa: <em>\u201cForma parte de una pol\u00edtica p\u00fablica cuyo prop\u00f3sito es reflejar la diversidad y riqueza de Buenos Aires mediante narrativas variadas y enriquecedoras que aportan a la inagotable discusi\u00f3n sobre nuestra identidad\u201d<\/em>, pero V\u00e1squez asegura que el contenido de dichos libros, entre los que se encuentra <em>\u201cCometierra\u201d<\/em>, excede los l\u00edmites de lo pedag\u00f3gicamente adecuado, y afirma que incluye representaciones de actos sexuales expl\u00edcitos y lenguaje inapropiado, cosa que es cierta, aunque lo hace en una peque\u00f1a parte de sus poco m\u00e1s 170 p\u00e1ginas.<\/p>\n<p>Esta denuncia se suma a una realizada por la Fundaci\u00f3n Natalio Morelli, dedicada a la protecci\u00f3n de los derechos de ni\u00f1os y adolescentes, que ya hab\u00eda iniciado acciones legales contra Alberto Sileoni. B\u00e1rbara Morelli, presidenta de la fundaci\u00f3n, asegur\u00f3 que es una <em>\u201cdegeneraci\u00f3n\u201d<\/em> que esos textos est\u00e9n en los colegios.<\/p>\n<p>La pol\u00e9mica alrededor de la novela de Reyes, que cuenta la historia de una joven del conurbano bonaerense que posee la capacidad de, mediante la ingesta de tierra, averiguar d\u00f3nde se encuentra el cuerpo de gente desaparecida \u2013 sobre todo de v\u00edctimas de violencia de g\u00e9nero \u2013 viene de hace unas semanas atr\u00e1s, a partir de que la que se quejara del contenido del libro fuera nada menos que la vicepresidenta, Victoria Villarruel, a trav\u00e9s de su cuenta de X. Luego, la semana pasada, Kicillof se fotografi\u00f3 leyendo la novela de Reyes, junto a otros textos de la colecci\u00f3n Identidades Bonaerenses. <em>\u201cQu\u00e9 mejor que un domingo de lluvia para leer buena literatura argentina. Sin censura\u201d<\/em>, escribi\u00f3 el gobernador bonaerense en su cuenta de X (ex Twitter). La vicepresidenta, sali\u00f3 al cruce, acus\u00e1ndolo de <em>\u201cleer libros que exaltan la pedofilia y sexualizan a los ni\u00f1os\u201d<\/em>.<\/p>\n<p>Hace unos d\u00edas, el presidente de la naci\u00f3n, Javier Milei, realiz\u00f3 un posteo en sus redes con un fragmento expl\u00edcito del texto, que calific\u00f3 como <em>\u201caberraci\u00f3n de alto contenido sexual\u201d<\/em>, opini\u00f3n compartida por otros referentes oficialistas como el activista de derecha Agust\u00edn Laje, quien tild\u00f3 a los textos de <em>\u201cpornograf\u00eda\u201d<\/em>.<\/p>\n<p><em>\u201cNo son libros de educaci\u00f3n sexual, esta es una colecci\u00f3n de literatura. No son libros para los estudiantes, son libros para las bibliotecas; consideramos que son herramientas para los docentes y los bibliotecarios\u201d<\/em>, se defendi\u00f3 Sileoni en Radio Mitre cuando comenz\u00f3 la pol\u00e9mica.<\/p>\n<p>Seg\u00fan V\u00e1squez, quien enfatiz\u00f3 que no critica el valor literario de las obras, sino su pertinencia para las edades a las que van dirigidas, la exposici\u00f3n prematura a este tipo de material podr\u00eda comprometer tanto la salud mental como f\u00edsica de los menores, y cuestiona la falta de filtros adecuados por parte de las autoridades educativas: <em>\u201cNo estoy haciendo un juicio de valor sobre la obra literaria en s\u00ed, sino sobre la responsabilidad de los funcionarios p\u00fablicos en proteger y cuidar a los menores\u201d<\/em>, especific\u00f3 la legisladora, quien, bas\u00e1ndose en la Convenci\u00f3n sobre los Derechos del Ni\u00f1o adoptada por la ONU, destaca que los Estados tienen la obligaci\u00f3n de proteger a la infancia de contenidos que puedan resultar da\u00f1inos. El art\u00edculo 19\u00b0 de la Convenci\u00f3n establece la necesidad de prevenir cualquier forma de abuso o explotaci\u00f3n, y el art\u00edculo 17\u00b0 refuerza el derecho de los ni\u00f1os a acceder a informaci\u00f3n adecuada para su edad.<\/p>\n<h3><span style=\"color: #003366;\">M\u00e1s de cien escritores respaldaron \u201cCometierra\u201d en un acto el s\u00e1bado<\/span><\/h3>\n<p>Este s\u00e1bado, el Teatro Picadero de Buenos Aires se convirti\u00f3 en el escenario de una lectura colectiva del libro, un evento organizado por defensores de su lectura quienes no dudaron en denunciar un acto de censura sobre el mismo. Durante la actividad, que reuni\u00f3 a cientos de personas y m\u00e1s de cien escritores, y cont\u00f3 con la presencia de la propia Dolores Reyes, adem\u00e1s de autores como Mart\u00edn Kohan, Liliana Heker, y Enzo Maqueira, a quienes se sumaron personalidades destacadas del \u00e1mbito literario y cultural.<\/p>\n<p>El esc\u00e1ndalo alrededor de la novela desencaden\u00f3 todo un fen\u00f3meno. A partir de la discusi\u00f3n, la novela, que ya contaba con numerosos lectores y elogios de la cr\u00edtica especializada, aument\u00f3 cuantiosamente sus ventas y se agot\u00f3 en varias librer\u00edas. En el ranking semanal de la librer\u00eda C\u00faspide, <em>\u201cCometierra\u201d<\/em> se ubic\u00f3 por encima de <em>\u201cLa Vegetariana\u201d<\/em>, la novela de la escritora surcoreana Hang Kang, que fue premiada recientemente nada menos que con el Premio Nobel de Literatura.<\/p>\n<p><em>(BorderPeriodismo)<\/em><\/p>\n","protected":false},"excerpt":{"rendered":"<p>La pol\u00e9mica por el libro \u201cCometierra\u201d, de Dolores Reyes, suma nuevos cap\u00edtulos. Desde el Gobierno provincial denuncian un \u201cintento de censura\u201d. El fen\u00f3meno en que [&hellip;]<\/p>\n","protected":false},"author":1,"featured_media":9801,"comment_status":"open","ping_status":"open","sticky":false,"template":"","format":"standard","meta":{"footnotes":""},"categories":[4,6,15],"tags":[],"class_list":["post-9800","post","type-post","status-publish","format-standard","has-post-thumbnail","hentry","category-educacion","category-politica","category-sociedad"],"better_featured_image":{"id":9801,"alt_text":"","caption":"","description":"","media_type":"image","media_details":{"width":720,"height":540,"file":"2024\/11\/kicillof-cometierra-e1732580354740.jpg","filesize":79856,"sizes":{"medium":{"file":"kicillof-cometierra-300x225.jpg","width":300,"height":225,"mime-type":"image\/jpeg","filesize":14126,"source_url":"https:\/\/nuevodigitaldeescobar.com.ar\/wp-content\/uploads\/2024\/11\/kicillof-cometierra-300x225.jpg"},"thumbnail":{"file":"kicillof-cometierra-150x150.jpg","width":150,"height":150,"mime-type":"image\/jpeg","filesize":5948,"source_url":"https:\/\/nuevodigitaldeescobar.com.ar\/wp-content\/uploads\/2024\/11\/kicillof-cometierra-150x150.jpg"},"medium_large":{"file":"kicillof-cometierra-768x576.jpg","width":768,"height":576,"mime-type":"image\/jpeg","filesize":55176,"source_url":"https:\/\/nuevodigitaldeescobar.com.ar\/wp-content\/uploads\/2024\/11\/kicillof-cometierra-768x576.jpg"}},"image_meta":{"aperture":"0","credit":"","camera":"","caption":"","created_timestamp":"0","copyright":"","focal_length":"0","iso":"0","shutter_speed":"0","title":"","orientation":"0","keywords":[]}},"post":9800,"source_url":"https:\/\/nuevodigitaldeescobar.com.ar\/wp-content\/uploads\/2024\/11\/kicillof-cometierra-e1732580354740.jpg"},"yoast_head":"<!-- This site is optimized with the Yoast SEO plugin v26.1.1 - https:\/\/yoast.com\/wordpress\/plugins\/seo\/ -->\n<title>Una diputada del PRO denunci\u00f3 a Axel Kicillof por \u201cexponer a menores a contenidos inapropiados\u201d - Nuevo Digital de Escobar<\/title>\n<meta name=\"robots\" content=\"index, follow, max-snippet:-1, max-image-preview:large, max-video-preview:-1\" \/>\n<link rel=\"canonical\" href=\"https:\/\/nuevodigitaldeescobar.com.ar\/?p=9800\" \/>\n<meta property=\"og:locale\" content=\"es_ES\" \/>\n<meta property=\"og:type\" content=\"article\" \/>\n<meta property=\"og:title\" content=\"Una diputada del PRO denunci\u00f3 a Axel Kicillof por \u201cexponer a menores a contenidos inapropiados\u201d - Nuevo Digital de Escobar\" \/>\n<meta property=\"og:description\" content=\"La pol\u00e9mica por el libro \u201cCometierra\u201d, de Dolores Reyes, suma nuevos cap\u00edtulos. Desde el Gobierno provincial denuncian un \u201cintento de censura\u201d. El fen\u00f3meno en que [&hellip;]\" \/>\n<meta property=\"og:url\" content=\"https:\/\/nuevodigitaldeescobar.com.ar\/?p=9800\" \/>\n<meta property=\"og:site_name\" content=\"Nuevo Digital de Escobar\" \/>\n<meta property=\"article:publisher\" content=\"https:\/\/www.facebook.com\/NUEVODigitalDeEscobar\" \/>\n<meta property=\"article:published_time\" content=\"2024-11-26T10:00:00+00:00\" \/>\n<meta property=\"og:image\" content=\"https:\/\/nuevodigitaldeescobar.com.ar\/wp-content\/uploads\/2024\/11\/kicillof-cometierra-e1732580354740.jpg\" \/>\n\t<meta property=\"og:image:width\" content=\"720\" \/>\n\t<meta property=\"og:image:height\" content=\"540\" \/>\n\t<meta property=\"og:image:type\" content=\"image\/jpeg\" \/>\n<meta name=\"author\" content=\"Redacci\u00f3n\" \/>\n<meta name=\"twitter:card\" content=\"summary_large_image\" \/>\n<meta name=\"twitter:creator\" content=\"@nuevodigescobar\" \/>\n<meta name=\"twitter:site\" content=\"@nuevodigescobar\" \/>\n<meta name=\"twitter:label1\" content=\"Escrito por\" \/>\n\t<meta name=\"twitter:data1\" content=\"Redacci\u00f3n\" \/>\n\t<meta name=\"twitter:label2\" content=\"Tiempo de lectura\" \/>\n\t<meta name=\"twitter:data2\" content=\"5 minutos\" \/>\n<script type=\"application\/ld+json\" class=\"yoast-schema-graph\">{\"@context\":\"https:\/\/schema.org\",\"@graph\":[{\"@type\":\"Article\",\"@id\":\"https:\/\/nuevodigitaldeescobar.com.ar\/?p=9800#article\",\"isPartOf\":{\"@id\":\"https:\/\/nuevodigitaldeescobar.com.ar\/?p=9800\"},\"author\":{\"name\":\"Redacci\u00f3n\",\"@id\":\"https:\/\/nuevodigitaldeescobar.com.ar\/#\/schema\/person\/035e90a8efe9a80e6eec22656ad6ea4c\"},\"headline\":\"Una diputada del PRO denunci\u00f3 a Axel Kicillof por \u201cexponer a menores a contenidos inapropiados\u201d\",\"datePublished\":\"2024-11-26T10:00:00+00:00\",\"mainEntityOfPage\":{\"@id\":\"https:\/\/nuevodigitaldeescobar.com.ar\/?p=9800\"},\"wordCount\":1023,\"commentCount\":0,\"publisher\":{\"@id\":\"https:\/\/nuevodigitaldeescobar.com.ar\/#organization\"},\"image\":{\"@id\":\"https:\/\/nuevodigitaldeescobar.com.ar\/?p=9800#primaryimage\"},\"thumbnailUrl\":\"https:\/\/nuevodigitaldeescobar.com.ar\/wp-content\/uploads\/2024\/11\/kicillof-cometierra-e1732580354740.jpg\",\"articleSection\":[\"Educaci\u00f3n\",\"Pol\u00edtica\",\"Sociedad\"],\"inLanguage\":\"es\",\"potentialAction\":[{\"@type\":\"CommentAction\",\"name\":\"Comment\",\"target\":[\"https:\/\/nuevodigitaldeescobar.com.ar\/?p=9800#respond\"]}]},{\"@type\":\"WebPage\",\"@id\":\"https:\/\/nuevodigitaldeescobar.com.ar\/?p=9800\",\"url\":\"https:\/\/nuevodigitaldeescobar.com.ar\/?p=9800\",\"name\":\"Una diputada del PRO denunci\u00f3 a Axel Kicillof por \u201cexponer a menores a contenidos inapropiados\u201d - Nuevo Digital de Escobar\",\"isPartOf\":{\"@id\":\"https:\/\/nuevodigitaldeescobar.com.ar\/#website\"},\"primaryImageOfPage\":{\"@id\":\"https:\/\/nuevodigitaldeescobar.com.ar\/?p=9800#primaryimage\"},\"image\":{\"@id\":\"https:\/\/nuevodigitaldeescobar.com.ar\/?p=9800#primaryimage\"},\"thumbnailUrl\":\"https:\/\/nuevodigitaldeescobar.com.ar\/wp-content\/uploads\/2024\/11\/kicillof-cometierra-e1732580354740.jpg\",\"datePublished\":\"2024-11-26T10:00:00+00:00\",\"breadcrumb\":{\"@id\":\"https:\/\/nuevodigitaldeescobar.com.ar\/?p=9800#breadcrumb\"},\"inLanguage\":\"es\",\"potentialAction\":[{\"@type\":\"ReadAction\",\"target\":[\"https:\/\/nuevodigitaldeescobar.com.ar\/?p=9800\"]}]},{\"@type\":\"ImageObject\",\"inLanguage\":\"es\",\"@id\":\"https:\/\/nuevodigitaldeescobar.com.ar\/?p=9800#primaryimage\",\"url\":\"https:\/\/nuevodigitaldeescobar.com.ar\/wp-content\/uploads\/2024\/11\/kicillof-cometierra-e1732580354740.jpg\",\"contentUrl\":\"https:\/\/nuevodigitaldeescobar.com.ar\/wp-content\/uploads\/2024\/11\/kicillof-cometierra-e1732580354740.jpg\",\"width\":720,\"height\":540},{\"@type\":\"BreadcrumbList\",\"@id\":\"https:\/\/nuevodigitaldeescobar.com.ar\/?p=9800#breadcrumb\",\"itemListElement\":[{\"@type\":\"ListItem\",\"position\":1,\"name\":\"Portada\",\"item\":\"https:\/\/nuevodigitaldeescobar.com.ar\/\"},{\"@type\":\"ListItem\",\"position\":2,\"name\":\"Una diputada del PRO denunci\u00f3 a Axel Kicillof por \u201cexponer a menores a contenidos inapropiados\u201d\"}]},{\"@type\":\"WebSite\",\"@id\":\"https:\/\/nuevodigitaldeescobar.com.ar\/#website\",\"url\":\"https:\/\/nuevodigitaldeescobar.com.ar\/\",\"name\":\"Nuevo Digital de Escobar\",\"description\":\"La vida escobarense. Directora: Rosana Brunner\",\"publisher\":{\"@id\":\"https:\/\/nuevodigitaldeescobar.com.ar\/#organization\"},\"potentialAction\":[{\"@type\":\"SearchAction\",\"target\":{\"@type\":\"EntryPoint\",\"urlTemplate\":\"https:\/\/nuevodigitaldeescobar.com.ar\/?s={search_term_string}\"},\"query-input\":{\"@type\":\"PropertyValueSpecification\",\"valueRequired\":true,\"valueName\":\"search_term_string\"}}],\"inLanguage\":\"es\"},{\"@type\":\"Organization\",\"@id\":\"https:\/\/nuevodigitaldeescobar.com.ar\/#organization\",\"name\":\"Nuevo Digital de Escobar\",\"url\":\"https:\/\/nuevodigitaldeescobar.com.ar\/\",\"logo\":{\"@type\":\"ImageObject\",\"inLanguage\":\"es\",\"@id\":\"https:\/\/nuevodigitaldeescobar.com.ar\/#\/schema\/logo\/image\/\",\"url\":\"https:\/\/nuevodigitaldeescobar.com.ar\/wp-content\/uploads\/2025\/05\/cropped-logo-nuevo2.jpg\",\"contentUrl\":\"https:\/\/nuevodigitaldeescobar.com.ar\/wp-content\/uploads\/2025\/05\/cropped-logo-nuevo2.jpg\",\"width\":305,\"height\":305,\"caption\":\"Nuevo Digital de Escobar\"},\"image\":{\"@id\":\"https:\/\/nuevodigitaldeescobar.com.ar\/#\/schema\/logo\/image\/\"},\"sameAs\":[\"https:\/\/www.facebook.com\/NUEVODigitalDeEscobar\",\"https:\/\/x.com\/nuevodigescobar\",\"https:\/\/www.instagram.com\/nuevodigitaldeescobar\"]},{\"@type\":\"Person\",\"@id\":\"https:\/\/nuevodigitaldeescobar.com.ar\/#\/schema\/person\/035e90a8efe9a80e6eec22656ad6ea4c\",\"name\":\"Redacci\u00f3n\",\"image\":{\"@type\":\"ImageObject\",\"inLanguage\":\"es\",\"@id\":\"https:\/\/nuevodigitaldeescobar.com.ar\/#\/schema\/person\/image\/\",\"url\":\"https:\/\/secure.gravatar.com\/avatar\/8af8f40000c24e9eef3034f2be5998a372bb1389e64b1a4a36b3a7979142220d?s=96&d=mm&r=g\",\"contentUrl\":\"https:\/\/secure.gravatar.com\/avatar\/8af8f40000c24e9eef3034f2be5998a372bb1389e64b1a4a36b3a7979142220d?s=96&d=mm&r=g\",\"caption\":\"Redacci\u00f3n\"},\"sameAs\":[\"http:\/\/nuevodigitaldeescobar.com.ar\"],\"url\":\"https:\/\/nuevodigitaldeescobar.com.ar\/?author=1\"}]}<\/script>\n<!-- \/ Yoast SEO plugin. -->","yoast_head_json":{"title":"Una diputada del PRO denunci\u00f3 a Axel Kicillof por \u201cexponer a menores a contenidos inapropiados\u201d - Nuevo Digital de Escobar","robots":{"index":"index","follow":"follow","max-snippet":"max-snippet:-1","max-image-preview":"max-image-preview:large","max-video-preview":"max-video-preview:-1"},"canonical":"https:\/\/nuevodigitaldeescobar.com.ar\/?p=9800","og_locale":"es_ES","og_type":"article","og_title":"Una diputada del PRO denunci\u00f3 a Axel Kicillof por \u201cexponer a menores a contenidos inapropiados\u201d - Nuevo Digital de Escobar","og_description":"La pol\u00e9mica por el libro \u201cCometierra\u201d, de Dolores Reyes, suma nuevos cap\u00edtulos. Desde el Gobierno provincial denuncian un \u201cintento de censura\u201d. El fen\u00f3meno en que [&hellip;]","og_url":"https:\/\/nuevodigitaldeescobar.com.ar\/?p=9800","og_site_name":"Nuevo Digital de Escobar","article_publisher":"https:\/\/www.facebook.com\/NUEVODigitalDeEscobar","article_published_time":"2024-11-26T10:00:00+00:00","og_image":[{"width":720,"height":540,"url":"https:\/\/nuevodigitaldeescobar.com.ar\/wp-content\/uploads\/2024\/11\/kicillof-cometierra-e1732580354740.jpg","type":"image\/jpeg"}],"author":"Redacci\u00f3n","twitter_card":"summary_large_image","twitter_creator":"@nuevodigescobar","twitter_site":"@nuevodigescobar","twitter_misc":{"Escrito por":"Redacci\u00f3n","Tiempo de lectura":"5 minutos"},"schema":{"@context":"https:\/\/schema.org","@graph":[{"@type":"Article","@id":"https:\/\/nuevodigitaldeescobar.com.ar\/?p=9800#article","isPartOf":{"@id":"https:\/\/nuevodigitaldeescobar.com.ar\/?p=9800"},"author":{"name":"Redacci\u00f3n","@id":"https:\/\/nuevodigitaldeescobar.com.ar\/#\/schema\/person\/035e90a8efe9a80e6eec22656ad6ea4c"},"headline":"Una diputada del PRO denunci\u00f3 a Axel Kicillof por \u201cexponer a menores a contenidos inapropiados\u201d","datePublished":"2024-11-26T10:00:00+00:00","mainEntityOfPage":{"@id":"https:\/\/nuevodigitaldeescobar.com.ar\/?p=9800"},"wordCount":1023,"commentCount":0,"publisher":{"@id":"https:\/\/nuevodigitaldeescobar.com.ar\/#organization"},"image":{"@id":"https:\/\/nuevodigitaldeescobar.com.ar\/?p=9800#primaryimage"},"thumbnailUrl":"https:\/\/nuevodigitaldeescobar.com.ar\/wp-content\/uploads\/2024\/11\/kicillof-cometierra-e1732580354740.jpg","articleSection":["Educaci\u00f3n","Pol\u00edtica","Sociedad"],"inLanguage":"es","potentialAction":[{"@type":"CommentAction","name":"Comment","target":["https:\/\/nuevodigitaldeescobar.com.ar\/?p=9800#respond"]}]},{"@type":"WebPage","@id":"https:\/\/nuevodigitaldeescobar.com.ar\/?p=9800","url":"https:\/\/nuevodigitaldeescobar.com.ar\/?p=9800","name":"Una diputada del PRO denunci\u00f3 a Axel Kicillof por \u201cexponer a menores a contenidos inapropiados\u201d - Nuevo Digital de Escobar","isPartOf":{"@id":"https:\/\/nuevodigitaldeescobar.com.ar\/#website"},"primaryImageOfPage":{"@id":"https:\/\/nuevodigitaldeescobar.com.ar\/?p=9800#primaryimage"},"image":{"@id":"https:\/\/nuevodigitaldeescobar.com.ar\/?p=9800#primaryimage"},"thumbnailUrl":"https:\/\/nuevodigitaldeescobar.com.ar\/wp-content\/uploads\/2024\/11\/kicillof-cometierra-e1732580354740.jpg","datePublished":"2024-11-26T10:00:00+00:00","breadcrumb":{"@id":"https:\/\/nuevodigitaldeescobar.com.ar\/?p=9800#breadcrumb"},"inLanguage":"es","potentialAction":[{"@type":"ReadAction","target":["https:\/\/nuevodigitaldeescobar.com.ar\/?p=9800"]}]},{"@type":"ImageObject","inLanguage":"es","@id":"https:\/\/nuevodigitaldeescobar.com.ar\/?p=9800#primaryimage","url":"https:\/\/nuevodigitaldeescobar.com.ar\/wp-content\/uploads\/2024\/11\/kicillof-cometierra-e1732580354740.jpg","contentUrl":"https:\/\/nuevodigitaldeescobar.com.ar\/wp-content\/uploads\/2024\/11\/kicillof-cometierra-e1732580354740.jpg","width":720,"height":540},{"@type":"BreadcrumbList","@id":"https:\/\/nuevodigitaldeescobar.com.ar\/?p=9800#breadcrumb","itemListElement":[{"@type":"ListItem","position":1,"name":"Portada","item":"https:\/\/nuevodigitaldeescobar.com.ar\/"},{"@type":"ListItem","position":2,"name":"Una diputada del PRO denunci\u00f3 a Axel Kicillof por \u201cexponer a menores a contenidos inapropiados\u201d"}]},{"@type":"WebSite","@id":"https:\/\/nuevodigitaldeescobar.com.ar\/#website","url":"https:\/\/nuevodigitaldeescobar.com.ar\/","name":"Nuevo Digital de Escobar","description":"La vida escobarense. Directora: Rosana Brunner","publisher":{"@id":"https:\/\/nuevodigitaldeescobar.com.ar\/#organization"},"potentialAction":[{"@type":"SearchAction","target":{"@type":"EntryPoint","urlTemplate":"https:\/\/nuevodigitaldeescobar.com.ar\/?s={search_term_string}"},"query-input":{"@type":"PropertyValueSpecification","valueRequired":true,"valueName":"search_term_string"}}],"inLanguage":"es"},{"@type":"Organization","@id":"https:\/\/nuevodigitaldeescobar.com.ar\/#organization","name":"Nuevo Digital de Escobar","url":"https:\/\/nuevodigitaldeescobar.com.ar\/","logo":{"@type":"ImageObject","inLanguage":"es","@id":"https:\/\/nuevodigitaldeescobar.com.ar\/#\/schema\/logo\/image\/","url":"https:\/\/nuevodigitaldeescobar.com.ar\/wp-content\/uploads\/2025\/05\/cropped-logo-nuevo2.jpg","contentUrl":"https:\/\/nuevodigitaldeescobar.com.ar\/wp-content\/uploads\/2025\/05\/cropped-logo-nuevo2.jpg","width":305,"height":305,"caption":"Nuevo Digital de Escobar"},"image":{"@id":"https:\/\/nuevodigitaldeescobar.com.ar\/#\/schema\/logo\/image\/"},"sameAs":["https:\/\/www.facebook.com\/NUEVODigitalDeEscobar","https:\/\/x.com\/nuevodigescobar","https:\/\/www.instagram.com\/nuevodigitaldeescobar"]},{"@type":"Person","@id":"https:\/\/nuevodigitaldeescobar.com.ar\/#\/schema\/person\/035e90a8efe9a80e6eec22656ad6ea4c","name":"Redacci\u00f3n","image":{"@type":"ImageObject","inLanguage":"es","@id":"https:\/\/nuevodigitaldeescobar.com.ar\/#\/schema\/person\/image\/","url":"https:\/\/secure.gravatar.com\/avatar\/8af8f40000c24e9eef3034f2be5998a372bb1389e64b1a4a36b3a7979142220d?s=96&d=mm&r=g","contentUrl":"https:\/\/secure.gravatar.com\/avatar\/8af8f40000c24e9eef3034f2be5998a372bb1389e64b1a4a36b3a7979142220d?s=96&d=mm&r=g","caption":"Redacci\u00f3n"},"sameAs":["http:\/\/nuevodigitaldeescobar.com.ar"],"url":"https:\/\/nuevodigitaldeescobar.com.ar\/?author=1"}]}},"featured_image_urls":{"full":["https:\/\/nuevodigitaldeescobar.com.ar\/wp-content\/uploads\/2024\/11\/kicillof-cometierra-e1732580354740.jpg",720,540,false],"thumbnail":["https:\/\/nuevodigitaldeescobar.com.ar\/wp-content\/uploads\/2024\/11\/kicillof-cometierra-150x150.jpg",150,150,true],"medium":["https:\/\/nuevodigitaldeescobar.com.ar\/wp-content\/uploads\/2024\/11\/kicillof-cometierra-300x225.jpg",300,225,true],"medium_large":["https:\/\/nuevodigitaldeescobar.com.ar\/wp-content\/uploads\/2024\/11\/kicillof-cometierra-768x576.jpg",640,480,true],"large":["https:\/\/nuevodigitaldeescobar.com.ar\/wp-content\/uploads\/2024\/11\/kicillof-cometierra-e1732580354740.jpg",640,480,false],"1536x1536":["https:\/\/nuevodigitaldeescobar.com.ar\/wp-content\/uploads\/2024\/11\/kicillof-cometierra-e1732580354740.jpg",720,540,false],"2048x2048":["https:\/\/nuevodigitaldeescobar.com.ar\/wp-content\/uploads\/2024\/11\/kicillof-cometierra-e1732580354740.jpg",720,540,false]},"author_info":{"display_name":"Redacci\u00f3n","author_link":"https:\/\/nuevodigitaldeescobar.com.ar\/?author=1"},"category_info":"<a href=\"https:\/\/nuevodigitaldeescobar.com.ar\/?cat=4\" rel=\"category\">Educaci\u00f3n<\/a> <a href=\"https:\/\/nuevodigitaldeescobar.com.ar\/?cat=6\" rel=\"category\">Pol\u00edtica<\/a> <a href=\"https:\/\/nuevodigitaldeescobar.com.ar\/?cat=15\" rel=\"category\">Sociedad<\/a>","tag_info":"Sociedad","comment_count":"0","_links":{"self":[{"href":"https:\/\/nuevodigitaldeescobar.com.ar\/index.php?rest_route=\/wp\/v2\/posts\/9800","targetHints":{"allow":["GET"]}}],"collection":[{"href":"https:\/\/nuevodigitaldeescobar.com.ar\/index.php?rest_route=\/wp\/v2\/posts"}],"about":[{"href":"https:\/\/nuevodigitaldeescobar.com.ar\/index.php?rest_route=\/wp\/v2\/types\/post"}],"author":[{"embeddable":true,"href":"https:\/\/nuevodigitaldeescobar.com.ar\/index.php?rest_route=\/wp\/v2\/users\/1"}],"replies":[{"embeddable":true,"href":"https:\/\/nuevodigitaldeescobar.com.ar\/index.php?rest_route=%2Fwp%2Fv2%2Fcomments&post=9800"}],"version-history":[{"count":1,"href":"https:\/\/nuevodigitaldeescobar.com.ar\/index.php?rest_route=\/wp\/v2\/posts\/9800\/revisions"}],"predecessor-version":[{"id":9802,"href":"https:\/\/nuevodigitaldeescobar.com.ar\/index.php?rest_route=\/wp\/v2\/posts\/9800\/revisions\/9802"}],"wp:featuredmedia":[{"embeddable":true,"href":"https:\/\/nuevodigitaldeescobar.com.ar\/index.php?rest_route=\/wp\/v2\/media\/9801"}],"wp:attachment":[{"href":"https:\/\/nuevodigitaldeescobar.com.ar\/index.php?rest_route=%2Fwp%2Fv2%2Fmedia&parent=9800"}],"wp:term":[{"taxonomy":"category","embeddable":true,"href":"https:\/\/nuevodigitaldeescobar.com.ar\/index.php?rest_route=%2Fwp%2Fv2%2Fcategories&post=9800"},{"taxonomy":"post_tag","embeddable":true,"href":"https:\/\/nuevodigitaldeescobar.com.ar\/index.php?rest_route=%2Fwp%2Fv2%2Ftags&post=9800"}],"curies":[{"name":"wp","href":"https:\/\/api.w.org\/{rel}","templated":true}]}}