{"id":9806,"date":"2024-11-26T07:02:00","date_gmt":"2024-11-26T10:02:00","guid":{"rendered":"https:\/\/nuevodigitaldeescobar.com.ar\/?p=9806"},"modified":"2024-11-25T22:13:10","modified_gmt":"2024-11-26T01:13:10","slug":"vtv-lavado-de-dinero-y-empresas-offshore-la-trama-judicial-que-complica-a-axel-kicillof-y-jorge-donofrio","status":"publish","type":"post","link":"https:\/\/nuevodigitaldeescobar.com.ar\/?p=9806","title":{"rendered":"VTV: Lavado de dinero y empresas offshore, la trama judicial que complica a Axel Kicillof y Jorge D\u2019Onofrio"},"content":{"rendered":"<p><span style=\"color: #003366;\"><strong><em>Una red de corrupci\u00f3n en el ministerio de Transporte de la provincia de Buenos Aires involucra a Jorge D\u2019Onofrio y Axel Kicillof, cuyo c\u00edrculo \u00edntimo implement\u00f3 un esquema de lavado de dinero mediante contratos irregulares con empresas de VTV, adjudicaciones predeterminadas y comisiones ilegales. La causa es investigada por la Justicia Federal.<\/em><\/strong><\/span><\/p>\n<p><!--more--><\/p>\n<hr \/>\n<p>Otro esc\u00e1ndalo m\u00e1s salpica al gobierno de Axel Kicillof, vinculado nuevamente al ministro de Transporte, Jorge D\u2019Onofrio, y su banda comandada por Claudia Pombo (presidenta del Concejo Deliberante de Pilar e \u00edntima del intendente Federico Achaval), Mario Quattrochi (juez de faltas bonaerense de La Plata y San Isidro), Pablo Sanguinetti (director provincial del ministerio), y Lourdes Gim\u00e9nez (subsecretaria Legal y T\u00e9cnica y, a la par, armadora de la estructura criminal de la banda), y Laura Angeletti (funcionaria de Transporte e integrante de la comisi\u00f3n de preadjudicaci\u00f3n de las VTV).<\/p>\n<p>Ahora se vieron involucrados en un entramado que relaciona una <em>\u201cempresa\u201d<\/em> sin experiencia en el rubro, encargada de prestar un supuesto servicio a empresas adjudicatarias de plantas de VTV, a cambio de un importante porcentaje que abonan los conductores bonaerenses a la hora de realizar el tr\u00e1mite de verificaci\u00f3n t\u00e9cnica vehicular.<\/p>\n<p>La maniobra denunciada deriv\u00f3 en la causa caratulada como <em>\u201cFSM 23688\/2024 D\u2019Onofrio Jorge Alberto y otro S\/ Infracci\u00f3n ART. 303&#8243;<\/em>, la cual recay\u00f3 en el juzgado Federal de Campana &#8211; secretar\u00eda Penal Nro. 2, a cargo del juez Adri\u00e1n Gonz\u00e1lez Charvay, el cual en primera instancia se declar\u00f3 incompetente para investigar, por un presunto pedido del intendente de Pilar, Federico Achaval, a fin de proteger a su colega pilarense, Claudia Pombo.<\/p>\n<p>Finalmente, la cuesti\u00f3n fue resuelta en la C\u00e1mara Federal de Apelaciones de San Mart\u00edn, la cual revoc\u00f3 la decisi\u00f3n del Juez Charvay, y le orden\u00f3 que investigue a los funcionarios denunciados por lavado de activos.<\/p>\n<h3><span style=\"color: #003366;\">HECHOS<\/span><\/h3>\n<p>El 15 de mayo de 2023, Soluciones en Telecomunicaciones y Electr\u00f3nica SA (CUIT 30-70798737-1) realiz\u00f3 una <em>\u201coferta irrevocable para la implementaci\u00f3n de innovaciones tecnol\u00f3gicas para la gesti\u00f3n de servicio de VTV\u201d<\/em> a las empresas de VTV:<\/p>\n<ul>\n<li>VTV Norte SA (CUIT 30-68520007-0);<\/li>\n<li>SGS Argentina SA (CUIT 30-54711042-7);<\/li>\n<li>Applus Iteuve Argentina SA (CUIT 30-68520014-3);<\/li>\n<li>VTV Noroeste SA (CUIT 30-68492348-6);<\/li>\n<\/ul>\n<p>Esta <em>\u201coferta irrevocable\u201d<\/em>, atento a que se realiz\u00f3 de manera previa a la licitaci\u00f3n del servicio de VTV que realizara el ministerio de Transporte de la provincia de Buenos Aires el 15 de junio del 2023, se encontraba misteriosamente supeditada a que dichas empresas resultaran finalmente adjudicadas de dicho servicio.<\/p>\n<p>La mencionada oferta, se convertir\u00eda en caso de efectivizarse tal condici\u00f3n -seg\u00fan cita textual- en un <em>\u201cacuerdo estrat\u00e9gico permitiendo un esquema de colaboraci\u00f3n mutua que habilite a las concesionarias (empresas de VTV) dar cumplimiento a los requerimientos formulados por el ministerio de Transporte tendiente a implementar innovaciones tecnol\u00f3gicas en el sistema de VTV\u201d<\/em>.<\/p>\n<p>En concreto, el ministerio de Transporte realiz\u00f3 supuestos requerimientos tecnol\u00f3gicos (vaya a saber a qui\u00e9n, cu\u00e1ndo y c\u00f3mo), de los cuales tom\u00f3 conocimiento la empresa <em>\u201cSoluciones en Telecomunicaciones y Electr\u00f3nica SA\u201d<\/em>, por ende, se anticip\u00f3 a ofrecer brindar <em>\u201cesa soluci\u00f3n\u201d<\/em> a las empresas de VTV, a quienes evidentemente les ten\u00eda mucha fe de que resultar\u00edan adjudicatarias de un futuro llamado a licitaci\u00f3n realizado por la cartera ministerial de Jorge D\u2019Onofrio.<\/p>\n<p>La empresa Soluciones en Telecomunicaciones y Electr\u00f3nica SA, es presidida por Sebasti\u00e1n Desio, y su vicepresidente resulta ser Diego Fornesi.<\/p>\n<figure id=\"attachment_9816\" aria-describedby=\"caption-attachment-9816\" style=\"width: 720px\" class=\"wp-caption alignnone\"><a href=\"https:\/\/nuevodigitaldeescobar.com.ar\/?attachment_id=9816\" rel=\"attachment wp-att-9816\"><img fetchpriority=\"high\" decoding=\"async\" class=\"size-full wp-image-9816\" src=\"http:\/\/nuevodigitaldeescobar.com.ar\/wp-content\/uploads\/2024\/11\/epi-1-vtv-mafia-e1732583387854.jpg\" alt=\"\" width=\"720\" height=\"503\" \/><\/a><figcaption id=\"caption-attachment-9816\" class=\"wp-caption-text\">Sebasti\u00e1n Desio, en el medio. A su izquierda, Tom\u00e1s Uthurriague (director de Sistemas de Transporte). A su derecha, Mario Quattrochi, juez de Faltas provincial, dependiente tambi\u00e9n del ministerio de Transporte, y miembro reconocido del club platense de Rubgy San Luis.<\/figcaption><\/figure>\n<p>Sebasti\u00e1n Desio, a quien se puede observar en la foto en un acto de campa\u00f1a del ministro Jorge D\u2019Onofrio, resulta ser entonces el presidente de la empresa que, sin ning\u00fan tipo de licitaci\u00f3n ni antecedentes en el rubro, percibe el 8,5% + IVA, del 70% del producido de las empresas de VTV adjudicadas de la provincia que conduce Axel Kicillof, conforme la cl\u00e1usula s\u00e9ptima del convenio: <em>\u00abLa proveedora tendr\u00e1 derecho al cobro y recibir\u00e1 una retribuci\u00f3n del 8,5 por ciento m\u00e1s IVA del valor total de cada pago realizado a trav\u00e9s de los medios de pago habilitados, en el marco de los contratos de concesi\u00f3n, incluidas las pr\u00f3rrogas, adendas y\/o enmiendas correspondientes, que a cada una de las empresas concesionarias le corresponda por la prestaci\u00f3n del servicio de VTV que prestan, calculado sobre el cobro de la tarifa de VTC neta de IVA\u201d<\/em>.<\/p>\n<p>Uno puede preguntarse: \u00bfQu\u00e9 garant\u00eda ten\u00edan las empresas, las cuales ceder\u00edan un importante porcentaje del cobro de VTV, de que se cumpla con la promesa de adjudicaci\u00f3n? Sucede que todo estaba expresamente supeditado a que el ministerio de Transporte emita el acto administrativo de aprobaci\u00f3n de dicho acuerdo.<\/p>\n<p><a href=\"https:\/\/nuevodigitaldeescobar.com.ar\/?attachment_id=9815\" rel=\"attachment wp-att-9815\"><img decoding=\"async\" class=\"alignnone size-full wp-image-9815\" src=\"http:\/\/nuevodigitaldeescobar.com.ar\/wp-content\/uploads\/2024\/11\/prueba-1-e1732583348141.jpg\" alt=\"\" width=\"720\" height=\"261\" \/><\/a><\/p>\n<p>La <em>\u201cpropuesta tecnol\u00f3gica\u201d<\/em> de la empresa de Sebasti\u00e1n Desio, vaya sorpresa, fue posteriormente aprobada por parte de ministerio de Transporte de la provincia de Buenos Aires, y de esta forma consumada la asociaci\u00f3n il\u00edcita para el desv\u00edo de los fondos que representan un 8,5 por ciento m\u00e1s IVA de cada pago que los contribuyentes bonaerenses realicen a cada una de las empresas de VTV concesionadas.<\/p>\n<p>Ello explica por qu\u00e9 el ministro Jorge D\u2019Onofrio junto a Axel Kicillof, decidieron aumentar, en un plazo de diez meses, un 296,7 por ciento los valores de la VTV en el territorio bonaerense. El 4 de abril del 2024, el valor de la tarifa b\u00e1sica fue de 15.997 pesos, y por la resoluci\u00f3n dictada en septiembre de este a\u00f1o, el costo de verificaci\u00f3n fijado para febrero del 2025 ser\u00e1 de 63.463 pesos, es decir, casi el triple de lo fijado para abril del a\u00f1o en curso.<\/p>\n<p><a href=\"https:\/\/nuevodigitaldeescobar.com.ar\/?attachment_id=9814\" rel=\"attachment wp-att-9814\"><img decoding=\"async\" class=\"alignnone size-full wp-image-9814\" src=\"http:\/\/nuevodigitaldeescobar.com.ar\/wp-content\/uploads\/2024\/11\/prueba-2-e1732583317641.jpg\" alt=\"\" width=\"720\" height=\"316\" \/><\/a><\/p>\n<p>Para cuantificar la importante caja que queda en manos de Axel Kicillof y su ministro de transporte, veamos que, seg\u00fan datos oficiales, cada a\u00f1o se realizan en el \u00e1mbito de la provincia de Buenos Aires, m\u00e1s de 3.1 millones de verificaciones. Y casi una d\u00e9cima parte de lo recaudado queda en manos de la empresa fantasma cuyos socios son los amigos de transporte.<\/p>\n<p>Ahora bien, ahondando un poco m\u00e1s acerca de la empresa Soluciones en Telecomunicaciones y Electr\u00f3nica SA, su vicepresidente resulta ser Diego Ernesto Fornisi, presidente del club San Luis, \u00edntimo amigo de Mario Quattrochi, socio hist\u00f3rico del club, al cual concurren sus dos hijos Francisco e Ignacio Quattrochi.<\/p>\n<p><a href=\"https:\/\/nuevodigitaldeescobar.com.ar\/?attachment_id=9813\" rel=\"attachment wp-att-9813\"><img loading=\"lazy\" decoding=\"async\" class=\"alignnone size-full wp-image-9813\" src=\"http:\/\/nuevodigitaldeescobar.com.ar\/wp-content\/uploads\/2024\/11\/prueba-3-e1732583290844.jpg\" alt=\"\" width=\"720\" height=\"150\" \/><\/a><\/p>\n<p>El denunciado e investigado por la justicia Mario Quattrochi, juez de Faltas de la provincia de Buenos Aires tanto del departamento La Plata como el de San Isidro, particip\u00f3 tambi\u00e9n de la evaluaci\u00f3n de las ofertas de las luego adjudicadas empresas de VTV. En la imagen se los ve a Mario Quattrochi junto a Sebasti\u00e1n Desio y uno de los empresarios de la VTV, en pleno proceso de adjudicaci\u00f3n. Resulta m\u00e1s que extra\u00f1a la relaci\u00f3n que puede tener un juez de Faltas provincial con la adjudicaci\u00f3n de un servicio de verificaci\u00f3n t\u00e9cnica vehicular.<\/p>\n<p><a href=\"https:\/\/nuevodigitaldeescobar.com.ar\/?attachment_id=9812\" rel=\"attachment wp-att-9812\"><img loading=\"lazy\" decoding=\"async\" class=\"alignnone size-full wp-image-9812\" src=\"http:\/\/nuevodigitaldeescobar.com.ar\/wp-content\/uploads\/2024\/11\/prueba-4-e1732583253375.jpg\" alt=\"\" width=\"720\" height=\"427\" \/><\/a><\/p>\n<figure id=\"attachment_9811\" aria-describedby=\"caption-attachment-9811\" style=\"width: 720px\" class=\"wp-caption alignnone\"><a href=\"https:\/\/nuevodigitaldeescobar.com.ar\/?attachment_id=9811\" rel=\"attachment wp-att-9811\"><img loading=\"lazy\" decoding=\"async\" class=\"size-full wp-image-9811\" src=\"http:\/\/nuevodigitaldeescobar.com.ar\/wp-content\/uploads\/2024\/11\/epi-2-vtv-mafia-e1732583219591.jpg\" alt=\"\" width=\"720\" height=\"481\" \/><\/a><figcaption id=\"caption-attachment-9811\" class=\"wp-caption-text\">Mario Quattrochi a la derecha de la foto, y a su izquierda, Claudia Pombo, mano derecha de Jorge Donofrio y presidente del Concejo Deliberante de Pilar, cuyo intendente es Federico Achaval.<\/figcaption><\/figure>\n<p>Mario Quattrochi tiene un intenso v\u00ednculo con Claudia Pombo, compa\u00f1era de muchos viajes a la localidad de M\u00e1laga, Espa\u00f1a. Ambos constituyeron, Mario Quattrochi y Claudia Pombo, al menos tres empresas en M\u00e1laga, denominadas <em>\u201cCattleya Blue\u201d<\/em>, <em>\u201cAlmus Blue\u201d<\/em> y <em>\u201cBalin Europa SL\u201d<\/em>, las cuales se encuentran actualmente investigadas por la Justicia de nuestro pa\u00eds. Ello implica el motivo por el cual, de acuerdo al informe de Migraciones requerido por la Justicia, ambos cuentan con catorce salidas del pa\u00eds, tanto Claudia Pombo como Mario Quattrochi, en su mayor\u00eda a Espa\u00f1a.<\/p>\n<figure id=\"attachment_9810\" aria-describedby=\"caption-attachment-9810\" style=\"width: 720px\" class=\"wp-caption alignnone\"><a href=\"https:\/\/nuevodigitaldeescobar.com.ar\/?attachment_id=9810\" rel=\"attachment wp-att-9810\"><img loading=\"lazy\" decoding=\"async\" class=\"size-full wp-image-9810\" src=\"http:\/\/nuevodigitaldeescobar.com.ar\/wp-content\/uploads\/2024\/11\/epi-3-vtv-mafia-e1732583175731.jpg\" alt=\"\" width=\"720\" height=\"352\" \/><\/a><figcaption id=\"caption-attachment-9810\" class=\"wp-caption-text\">A la izquierda de la imagen, Mario Quattrochi, y su derecha, Claudia Pombo, en el lujoso bar que comparten en M\u00e1laga \u201cTardeo Soho\u201d.<\/figcaption><\/figure>\n<figure id=\"attachment_9809\" aria-describedby=\"caption-attachment-9809\" style=\"width: 720px\" class=\"wp-caption alignnone\"><a href=\"https:\/\/nuevodigitaldeescobar.com.ar\/?attachment_id=9809\" rel=\"attachment wp-att-9809\"><img loading=\"lazy\" decoding=\"async\" class=\"size-full wp-image-9809\" src=\"http:\/\/nuevodigitaldeescobar.com.ar\/wp-content\/uploads\/2024\/11\/epi-4-vtv-mafia-e1732583128251.jpg\" alt=\"\" width=\"720\" height=\"608\" \/><\/a><figcaption id=\"caption-attachment-9809\" class=\"wp-caption-text\">Claudia Pombo, con un exclusivo champagne \u201cLamborghini\u201d en el bar Tardeo Soho.<\/figcaption><\/figure>\n<p>Volviendo al entramado de las VTV, los socios de los funcionarios de transporte, Sebasti\u00e1n Desio y Diego Fornisi, titulares de la empresa en cuesti\u00f3n, se aseguraron de quedar atados en una importante suma durante todo el per\u00edodo de la concesi\u00f3n de las empresas VTV, en caso de que \u00e9stas resultaren finalmente adjudicatarias.<\/p>\n<p>En caso de resultar adjudicatarias las empresas de VTV mencionadas, seg\u00fan la cl\u00e1usula s\u00e9ptima <em>\u201cContraprestaci\u00f3n econ\u00f3mica \u2013 Retribuci\u00f3n de la proveedora\u201d<\/em>, la visionaria sociedad de Sebasti\u00e1n Desio, cita textual, <em>\u201ctendr\u00e1 derecho al cobro y recibir\u00e1 una retribuci\u00f3n del 8,5 por ciento m\u00e1s IVA del valor total de cada pago realizado que a cada empresa le corresponda por la prestaci\u00f3n del servicio de VTV que prestan, calculado sobre el cobro de la tarifa de VTV neto de IVA\u201d<\/em>.<\/p>\n<p>Finalmente, vaya sorpresa, las cuatro empresas que recibieron la <em>\u201coferta irrevocable para soluciones tecnol\u00f3gicas\u201d<\/em>, resultaron adjudicatarias de once zonas, de un total de diecis\u00e9is licitadas. Es decir, ganaron el 70 por ciento del total licitado. Ello surge de la resoluci\u00f3n dictada por el ministro de Transporte Jorge D\u2019Onofrio el 4 de enero de 2024, <a href=\"https:\/\/publicaciones.transporte.gba.gob.ar\/prensa\/RESOLUCION-VTV.pdf\">N\u00b0 RESO-2024-2-GDEBA-MTRAGP, en el marco del expediente EX2023-03711402-GDEBA-DSTECMTRAGP<\/a>.<\/p>\n<p><a href=\"https:\/\/nuevodigitaldeescobar.com.ar\/?attachment_id=9808\" rel=\"attachment wp-att-9808\"><img loading=\"lazy\" decoding=\"async\" class=\"alignnone size-full wp-image-9808\" src=\"http:\/\/nuevodigitaldeescobar.com.ar\/wp-content\/uploads\/2024\/11\/prueba-5-e1732583089226.jpg\" alt=\"\" width=\"720\" height=\"334\" \/><\/a><\/p>\n<h3><span style=\"color: #003366;\">Empresas extranjeras para desv\u00edo de fondos<\/span><\/h3>\n<p>Cap\u00edtulo aparte merece el entramado de empresas extranjeras que impunemente han constituido los funcionarios de la cartera ministerial de Transporte.<\/p>\n<p><a href=\"https:\/\/nuevodigitaldeescobar.com.ar\/?attachment_id=9807\" rel=\"attachment wp-att-9807\"><img loading=\"lazy\" decoding=\"async\" class=\"alignnone size-full wp-image-9807\" src=\"http:\/\/nuevodigitaldeescobar.com.ar\/wp-content\/uploads\/2024\/11\/prueba-6-e1732583014761.jpg\" alt=\"\" width=\"720\" height=\"355\" \/><\/a><\/p>\n<p>Tal como se ha denunciado en el expediente judicial, se han utilizado al menos tres empresas en el Reino de Espa\u00f1a, concretamente de M\u00e1laga, constituidas a partir del desv\u00edo de fondos de las maniobras identificadas, para concretar el lavado de dinero de los fondos recaudados en Argentina mediante las operaciones denunciadas.<\/p>\n<p><em>(Realpolitik)<\/em><\/p>\n","protected":false},"excerpt":{"rendered":"<p>Una red de corrupci\u00f3n en el ministerio de Transporte de la provincia de Buenos Aires involucra a Jorge D\u2019Onofrio y Axel Kicillof, cuyo c\u00edrculo \u00edntimo [&hellip;]<\/p>\n","protected":false},"author":1,"featured_media":9817,"comment_status":"open","ping_status":"open","sticky":false,"template":"","format":"standard","meta":{"footnotes":""},"categories":[235,6],"tags":[],"class_list":["post-9806","post","type-post","status-publish","format-standard","has-post-thumbnail","hentry","category-judiciales","category-politica"],"better_featured_image":{"id":9817,"alt_text":"","caption":"","description":"","media_type":"image","media_details":{"width":720,"height":405,"file":"2024\/11\/donofrio-kicillof-e1732583482819.jpg","filesize":72289,"sizes":{"medium":{"file":"donofrio-kicillof-300x169.jpg","width":300,"height":169,"mime-type":"image\/jpeg","filesize":10100,"source_url":"https:\/\/nuevodigitaldeescobar.com.ar\/wp-content\/uploads\/2024\/11\/donofrio-kicillof-300x169.jpg"},"thumbnail":{"file":"donofrio-kicillof-150x150.jpg","width":150,"height":150,"mime-type":"image\/jpeg","filesize":6017,"source_url":"https:\/\/nuevodigitaldeescobar.com.ar\/wp-content\/uploads\/2024\/11\/donofrio-kicillof-150x150.jpg"},"medium_large":{"file":"donofrio-kicillof-768x432.jpg","width":768,"height":432,"mime-type":"image\/jpeg","filesize":39950,"source_url":"https:\/\/nuevodigitaldeescobar.com.ar\/wp-content\/uploads\/2024\/11\/donofrio-kicillof-768x432.jpg"}},"image_meta":{"aperture":"0","credit":"","camera":"","caption":"","created_timestamp":"0","copyright":"","focal_length":"0","iso":"0","shutter_speed":"0","title":"","orientation":"0","keywords":[]}},"post":9806,"source_url":"https:\/\/nuevodigitaldeescobar.com.ar\/wp-content\/uploads\/2024\/11\/donofrio-kicillof-e1732583482819.jpg"},"yoast_head":"<!-- This site is optimized with the Yoast SEO plugin v26.1.1 - https:\/\/yoast.com\/wordpress\/plugins\/seo\/ -->\n<title>VTV: Lavado de dinero y empresas offshore, la trama judicial que complica a Axel Kicillof y Jorge D\u2019Onofrio - Nuevo Digital de Escobar<\/title>\n<meta name=\"robots\" content=\"index, follow, max-snippet:-1, max-image-preview:large, max-video-preview:-1\" \/>\n<link rel=\"canonical\" href=\"https:\/\/nuevodigitaldeescobar.com.ar\/?p=9806\" \/>\n<meta property=\"og:locale\" content=\"es_ES\" \/>\n<meta property=\"og:type\" content=\"article\" \/>\n<meta property=\"og:title\" content=\"VTV: Lavado de dinero y empresas offshore, la trama judicial que complica a Axel Kicillof y Jorge D\u2019Onofrio - Nuevo Digital de Escobar\" \/>\n<meta property=\"og:description\" content=\"Una red de corrupci\u00f3n en el ministerio de Transporte de la provincia de Buenos Aires involucra a Jorge D\u2019Onofrio y Axel Kicillof, cuyo c\u00edrculo \u00edntimo [&hellip;]\" \/>\n<meta property=\"og:url\" content=\"https:\/\/nuevodigitaldeescobar.com.ar\/?p=9806\" \/>\n<meta property=\"og:site_name\" content=\"Nuevo Digital de Escobar\" \/>\n<meta property=\"article:publisher\" content=\"https:\/\/www.facebook.com\/NUEVODigitalDeEscobar\" \/>\n<meta property=\"article:published_time\" content=\"2024-11-26T10:02:00+00:00\" \/>\n<meta property=\"og:image\" content=\"https:\/\/nuevodigitaldeescobar.com.ar\/wp-content\/uploads\/2024\/11\/donofrio-kicillof-e1732583482819.jpg\" \/>\n\t<meta property=\"og:image:width\" content=\"720\" \/>\n\t<meta property=\"og:image:height\" content=\"405\" \/>\n\t<meta property=\"og:image:type\" content=\"image\/jpeg\" \/>\n<meta name=\"author\" content=\"Redacci\u00f3n\" \/>\n<meta name=\"twitter:card\" content=\"summary_large_image\" \/>\n<meta name=\"twitter:creator\" content=\"@nuevodigescobar\" \/>\n<meta name=\"twitter:site\" content=\"@nuevodigescobar\" \/>\n<meta name=\"twitter:label1\" content=\"Escrito por\" \/>\n\t<meta name=\"twitter:data1\" content=\"Redacci\u00f3n\" \/>\n\t<meta name=\"twitter:label2\" content=\"Tiempo de lectura\" \/>\n\t<meta name=\"twitter:data2\" content=\"8 minutos\" \/>\n<script type=\"application\/ld+json\" class=\"yoast-schema-graph\">{\"@context\":\"https:\/\/schema.org\",\"@graph\":[{\"@type\":\"Article\",\"@id\":\"https:\/\/nuevodigitaldeescobar.com.ar\/?p=9806#article\",\"isPartOf\":{\"@id\":\"https:\/\/nuevodigitaldeescobar.com.ar\/?p=9806\"},\"author\":{\"name\":\"Redacci\u00f3n\",\"@id\":\"https:\/\/nuevodigitaldeescobar.com.ar\/#\/schema\/person\/035e90a8efe9a80e6eec22656ad6ea4c\"},\"headline\":\"VTV: Lavado de dinero y empresas offshore, la trama judicial que complica a Axel Kicillof y Jorge D\u2019Onofrio\",\"datePublished\":\"2024-11-26T10:02:00+00:00\",\"mainEntityOfPage\":{\"@id\":\"https:\/\/nuevodigitaldeescobar.com.ar\/?p=9806\"},\"wordCount\":1718,\"commentCount\":0,\"publisher\":{\"@id\":\"https:\/\/nuevodigitaldeescobar.com.ar\/#organization\"},\"image\":{\"@id\":\"https:\/\/nuevodigitaldeescobar.com.ar\/?p=9806#primaryimage\"},\"thumbnailUrl\":\"https:\/\/nuevodigitaldeescobar.com.ar\/wp-content\/uploads\/2024\/11\/donofrio-kicillof-e1732583482819.jpg\",\"articleSection\":[\"Judiciales\",\"Pol\u00edtica\"],\"inLanguage\":\"es\",\"potentialAction\":[{\"@type\":\"CommentAction\",\"name\":\"Comment\",\"target\":[\"https:\/\/nuevodigitaldeescobar.com.ar\/?p=9806#respond\"]}]},{\"@type\":\"WebPage\",\"@id\":\"https:\/\/nuevodigitaldeescobar.com.ar\/?p=9806\",\"url\":\"https:\/\/nuevodigitaldeescobar.com.ar\/?p=9806\",\"name\":\"VTV: Lavado de dinero y empresas offshore, la trama judicial que complica a Axel Kicillof y Jorge D\u2019Onofrio - Nuevo Digital de Escobar\",\"isPartOf\":{\"@id\":\"https:\/\/nuevodigitaldeescobar.com.ar\/#website\"},\"primaryImageOfPage\":{\"@id\":\"https:\/\/nuevodigitaldeescobar.com.ar\/?p=9806#primaryimage\"},\"image\":{\"@id\":\"https:\/\/nuevodigitaldeescobar.com.ar\/?p=9806#primaryimage\"},\"thumbnailUrl\":\"https:\/\/nuevodigitaldeescobar.com.ar\/wp-content\/uploads\/2024\/11\/donofrio-kicillof-e1732583482819.jpg\",\"datePublished\":\"2024-11-26T10:02:00+00:00\",\"breadcrumb\":{\"@id\":\"https:\/\/nuevodigitaldeescobar.com.ar\/?p=9806#breadcrumb\"},\"inLanguage\":\"es\",\"potentialAction\":[{\"@type\":\"ReadAction\",\"target\":[\"https:\/\/nuevodigitaldeescobar.com.ar\/?p=9806\"]}]},{\"@type\":\"ImageObject\",\"inLanguage\":\"es\",\"@id\":\"https:\/\/nuevodigitaldeescobar.com.ar\/?p=9806#primaryimage\",\"url\":\"https:\/\/nuevodigitaldeescobar.com.ar\/wp-content\/uploads\/2024\/11\/donofrio-kicillof-e1732583482819.jpg\",\"contentUrl\":\"https:\/\/nuevodigitaldeescobar.com.ar\/wp-content\/uploads\/2024\/11\/donofrio-kicillof-e1732583482819.jpg\",\"width\":720,\"height\":405},{\"@type\":\"BreadcrumbList\",\"@id\":\"https:\/\/nuevodigitaldeescobar.com.ar\/?p=9806#breadcrumb\",\"itemListElement\":[{\"@type\":\"ListItem\",\"position\":1,\"name\":\"Portada\",\"item\":\"https:\/\/nuevodigitaldeescobar.com.ar\/\"},{\"@type\":\"ListItem\",\"position\":2,\"name\":\"VTV: Lavado de dinero y empresas offshore, la trama judicial que complica a Axel Kicillof y Jorge D\u2019Onofrio\"}]},{\"@type\":\"WebSite\",\"@id\":\"https:\/\/nuevodigitaldeescobar.com.ar\/#website\",\"url\":\"https:\/\/nuevodigitaldeescobar.com.ar\/\",\"name\":\"Nuevo Digital de Escobar\",\"description\":\"La vida escobarense. Directora: Rosana Brunner\",\"publisher\":{\"@id\":\"https:\/\/nuevodigitaldeescobar.com.ar\/#organization\"},\"potentialAction\":[{\"@type\":\"SearchAction\",\"target\":{\"@type\":\"EntryPoint\",\"urlTemplate\":\"https:\/\/nuevodigitaldeescobar.com.ar\/?s={search_term_string}\"},\"query-input\":{\"@type\":\"PropertyValueSpecification\",\"valueRequired\":true,\"valueName\":\"search_term_string\"}}],\"inLanguage\":\"es\"},{\"@type\":\"Organization\",\"@id\":\"https:\/\/nuevodigitaldeescobar.com.ar\/#organization\",\"name\":\"Nuevo Digital de Escobar\",\"url\":\"https:\/\/nuevodigitaldeescobar.com.ar\/\",\"logo\":{\"@type\":\"ImageObject\",\"inLanguage\":\"es\",\"@id\":\"https:\/\/nuevodigitaldeescobar.com.ar\/#\/schema\/logo\/image\/\",\"url\":\"https:\/\/nuevodigitaldeescobar.com.ar\/wp-content\/uploads\/2025\/05\/cropped-logo-nuevo2.jpg\",\"contentUrl\":\"https:\/\/nuevodigitaldeescobar.com.ar\/wp-content\/uploads\/2025\/05\/cropped-logo-nuevo2.jpg\",\"width\":305,\"height\":305,\"caption\":\"Nuevo Digital de Escobar\"},\"image\":{\"@id\":\"https:\/\/nuevodigitaldeescobar.com.ar\/#\/schema\/logo\/image\/\"},\"sameAs\":[\"https:\/\/www.facebook.com\/NUEVODigitalDeEscobar\",\"https:\/\/x.com\/nuevodigescobar\",\"https:\/\/www.instagram.com\/nuevodigitaldeescobar\"]},{\"@type\":\"Person\",\"@id\":\"https:\/\/nuevodigitaldeescobar.com.ar\/#\/schema\/person\/035e90a8efe9a80e6eec22656ad6ea4c\",\"name\":\"Redacci\u00f3n\",\"image\":{\"@type\":\"ImageObject\",\"inLanguage\":\"es\",\"@id\":\"https:\/\/nuevodigitaldeescobar.com.ar\/#\/schema\/person\/image\/\",\"url\":\"https:\/\/secure.gravatar.com\/avatar\/8af8f40000c24e9eef3034f2be5998a372bb1389e64b1a4a36b3a7979142220d?s=96&d=mm&r=g\",\"contentUrl\":\"https:\/\/secure.gravatar.com\/avatar\/8af8f40000c24e9eef3034f2be5998a372bb1389e64b1a4a36b3a7979142220d?s=96&d=mm&r=g\",\"caption\":\"Redacci\u00f3n\"},\"sameAs\":[\"http:\/\/nuevodigitaldeescobar.com.ar\"],\"url\":\"https:\/\/nuevodigitaldeescobar.com.ar\/?author=1\"}]}<\/script>\n<!-- \/ Yoast SEO plugin. -->","yoast_head_json":{"title":"VTV: Lavado de dinero y empresas offshore, la trama judicial que complica a Axel Kicillof y Jorge D\u2019Onofrio - Nuevo Digital de Escobar","robots":{"index":"index","follow":"follow","max-snippet":"max-snippet:-1","max-image-preview":"max-image-preview:large","max-video-preview":"max-video-preview:-1"},"canonical":"https:\/\/nuevodigitaldeescobar.com.ar\/?p=9806","og_locale":"es_ES","og_type":"article","og_title":"VTV: Lavado de dinero y empresas offshore, la trama judicial que complica a Axel Kicillof y Jorge D\u2019Onofrio - Nuevo Digital de Escobar","og_description":"Una red de corrupci\u00f3n en el ministerio de Transporte de la provincia de Buenos Aires involucra a Jorge D\u2019Onofrio y Axel Kicillof, cuyo c\u00edrculo \u00edntimo [&hellip;]","og_url":"https:\/\/nuevodigitaldeescobar.com.ar\/?p=9806","og_site_name":"Nuevo Digital de Escobar","article_publisher":"https:\/\/www.facebook.com\/NUEVODigitalDeEscobar","article_published_time":"2024-11-26T10:02:00+00:00","og_image":[{"width":720,"height":405,"url":"https:\/\/nuevodigitaldeescobar.com.ar\/wp-content\/uploads\/2024\/11\/donofrio-kicillof-e1732583482819.jpg","type":"image\/jpeg"}],"author":"Redacci\u00f3n","twitter_card":"summary_large_image","twitter_creator":"@nuevodigescobar","twitter_site":"@nuevodigescobar","twitter_misc":{"Escrito por":"Redacci\u00f3n","Tiempo de lectura":"8 minutos"},"schema":{"@context":"https:\/\/schema.org","@graph":[{"@type":"Article","@id":"https:\/\/nuevodigitaldeescobar.com.ar\/?p=9806#article","isPartOf":{"@id":"https:\/\/nuevodigitaldeescobar.com.ar\/?p=9806"},"author":{"name":"Redacci\u00f3n","@id":"https:\/\/nuevodigitaldeescobar.com.ar\/#\/schema\/person\/035e90a8efe9a80e6eec22656ad6ea4c"},"headline":"VTV: Lavado de dinero y empresas offshore, la trama judicial que complica a Axel Kicillof y Jorge D\u2019Onofrio","datePublished":"2024-11-26T10:02:00+00:00","mainEntityOfPage":{"@id":"https:\/\/nuevodigitaldeescobar.com.ar\/?p=9806"},"wordCount":1718,"commentCount":0,"publisher":{"@id":"https:\/\/nuevodigitaldeescobar.com.ar\/#organization"},"image":{"@id":"https:\/\/nuevodigitaldeescobar.com.ar\/?p=9806#primaryimage"},"thumbnailUrl":"https:\/\/nuevodigitaldeescobar.com.ar\/wp-content\/uploads\/2024\/11\/donofrio-kicillof-e1732583482819.jpg","articleSection":["Judiciales","Pol\u00edtica"],"inLanguage":"es","potentialAction":[{"@type":"CommentAction","name":"Comment","target":["https:\/\/nuevodigitaldeescobar.com.ar\/?p=9806#respond"]}]},{"@type":"WebPage","@id":"https:\/\/nuevodigitaldeescobar.com.ar\/?p=9806","url":"https:\/\/nuevodigitaldeescobar.com.ar\/?p=9806","name":"VTV: Lavado de dinero y empresas offshore, la trama judicial que complica a Axel Kicillof y Jorge D\u2019Onofrio - Nuevo Digital de Escobar","isPartOf":{"@id":"https:\/\/nuevodigitaldeescobar.com.ar\/#website"},"primaryImageOfPage":{"@id":"https:\/\/nuevodigitaldeescobar.com.ar\/?p=9806#primaryimage"},"image":{"@id":"https:\/\/nuevodigitaldeescobar.com.ar\/?p=9806#primaryimage"},"thumbnailUrl":"https:\/\/nuevodigitaldeescobar.com.ar\/wp-content\/uploads\/2024\/11\/donofrio-kicillof-e1732583482819.jpg","datePublished":"2024-11-26T10:02:00+00:00","breadcrumb":{"@id":"https:\/\/nuevodigitaldeescobar.com.ar\/?p=9806#breadcrumb"},"inLanguage":"es","potentialAction":[{"@type":"ReadAction","target":["https:\/\/nuevodigitaldeescobar.com.ar\/?p=9806"]}]},{"@type":"ImageObject","inLanguage":"es","@id":"https:\/\/nuevodigitaldeescobar.com.ar\/?p=9806#primaryimage","url":"https:\/\/nuevodigitaldeescobar.com.ar\/wp-content\/uploads\/2024\/11\/donofrio-kicillof-e1732583482819.jpg","contentUrl":"https:\/\/nuevodigitaldeescobar.com.ar\/wp-content\/uploads\/2024\/11\/donofrio-kicillof-e1732583482819.jpg","width":720,"height":405},{"@type":"BreadcrumbList","@id":"https:\/\/nuevodigitaldeescobar.com.ar\/?p=9806#breadcrumb","itemListElement":[{"@type":"ListItem","position":1,"name":"Portada","item":"https:\/\/nuevodigitaldeescobar.com.ar\/"},{"@type":"ListItem","position":2,"name":"VTV: Lavado de dinero y empresas offshore, la trama judicial que complica a Axel Kicillof y Jorge D\u2019Onofrio"}]},{"@type":"WebSite","@id":"https:\/\/nuevodigitaldeescobar.com.ar\/#website","url":"https:\/\/nuevodigitaldeescobar.com.ar\/","name":"Nuevo Digital de Escobar","description":"La vida escobarense. Directora: Rosana Brunner","publisher":{"@id":"https:\/\/nuevodigitaldeescobar.com.ar\/#organization"},"potentialAction":[{"@type":"SearchAction","target":{"@type":"EntryPoint","urlTemplate":"https:\/\/nuevodigitaldeescobar.com.ar\/?s={search_term_string}"},"query-input":{"@type":"PropertyValueSpecification","valueRequired":true,"valueName":"search_term_string"}}],"inLanguage":"es"},{"@type":"Organization","@id":"https:\/\/nuevodigitaldeescobar.com.ar\/#organization","name":"Nuevo Digital de Escobar","url":"https:\/\/nuevodigitaldeescobar.com.ar\/","logo":{"@type":"ImageObject","inLanguage":"es","@id":"https:\/\/nuevodigitaldeescobar.com.ar\/#\/schema\/logo\/image\/","url":"https:\/\/nuevodigitaldeescobar.com.ar\/wp-content\/uploads\/2025\/05\/cropped-logo-nuevo2.jpg","contentUrl":"https:\/\/nuevodigitaldeescobar.com.ar\/wp-content\/uploads\/2025\/05\/cropped-logo-nuevo2.jpg","width":305,"height":305,"caption":"Nuevo Digital de Escobar"},"image":{"@id":"https:\/\/nuevodigitaldeescobar.com.ar\/#\/schema\/logo\/image\/"},"sameAs":["https:\/\/www.facebook.com\/NUEVODigitalDeEscobar","https:\/\/x.com\/nuevodigescobar","https:\/\/www.instagram.com\/nuevodigitaldeescobar"]},{"@type":"Person","@id":"https:\/\/nuevodigitaldeescobar.com.ar\/#\/schema\/person\/035e90a8efe9a80e6eec22656ad6ea4c","name":"Redacci\u00f3n","image":{"@type":"ImageObject","inLanguage":"es","@id":"https:\/\/nuevodigitaldeescobar.com.ar\/#\/schema\/person\/image\/","url":"https:\/\/secure.gravatar.com\/avatar\/8af8f40000c24e9eef3034f2be5998a372bb1389e64b1a4a36b3a7979142220d?s=96&d=mm&r=g","contentUrl":"https:\/\/secure.gravatar.com\/avatar\/8af8f40000c24e9eef3034f2be5998a372bb1389e64b1a4a36b3a7979142220d?s=96&d=mm&r=g","caption":"Redacci\u00f3n"},"sameAs":["http:\/\/nuevodigitaldeescobar.com.ar"],"url":"https:\/\/nuevodigitaldeescobar.com.ar\/?author=1"}]}},"featured_image_urls":{"full":["https:\/\/nuevodigitaldeescobar.com.ar\/wp-content\/uploads\/2024\/11\/donofrio-kicillof-e1732583482819.jpg",720,405,false],"thumbnail":["https:\/\/nuevodigitaldeescobar.com.ar\/wp-content\/uploads\/2024\/11\/donofrio-kicillof-150x150.jpg",150,150,true],"medium":["https:\/\/nuevodigitaldeescobar.com.ar\/wp-content\/uploads\/2024\/11\/donofrio-kicillof-300x169.jpg",300,169,true],"medium_large":["https:\/\/nuevodigitaldeescobar.com.ar\/wp-content\/uploads\/2024\/11\/donofrio-kicillof-768x432.jpg",640,360,true],"large":["https:\/\/nuevodigitaldeescobar.com.ar\/wp-content\/uploads\/2024\/11\/donofrio-kicillof-e1732583482819.jpg",640,360,false],"1536x1536":["https:\/\/nuevodigitaldeescobar.com.ar\/wp-content\/uploads\/2024\/11\/donofrio-kicillof-e1732583482819.jpg",720,405,false],"2048x2048":["https:\/\/nuevodigitaldeescobar.com.ar\/wp-content\/uploads\/2024\/11\/donofrio-kicillof-e1732583482819.jpg",720,405,false]},"author_info":{"display_name":"Redacci\u00f3n","author_link":"https:\/\/nuevodigitaldeescobar.com.ar\/?author=1"},"category_info":"<a href=\"https:\/\/nuevodigitaldeescobar.com.ar\/?cat=235\" rel=\"category\">Judiciales<\/a> <a href=\"https:\/\/nuevodigitaldeescobar.com.ar\/?cat=6\" rel=\"category\">Pol\u00edtica<\/a>","tag_info":"Pol\u00edtica","comment_count":"0","_links":{"self":[{"href":"https:\/\/nuevodigitaldeescobar.com.ar\/index.php?rest_route=\/wp\/v2\/posts\/9806","targetHints":{"allow":["GET"]}}],"collection":[{"href":"https:\/\/nuevodigitaldeescobar.com.ar\/index.php?rest_route=\/wp\/v2\/posts"}],"about":[{"href":"https:\/\/nuevodigitaldeescobar.com.ar\/index.php?rest_route=\/wp\/v2\/types\/post"}],"author":[{"embeddable":true,"href":"https:\/\/nuevodigitaldeescobar.com.ar\/index.php?rest_route=\/wp\/v2\/users\/1"}],"replies":[{"embeddable":true,"href":"https:\/\/nuevodigitaldeescobar.com.ar\/index.php?rest_route=%2Fwp%2Fv2%2Fcomments&post=9806"}],"version-history":[{"count":1,"href":"https:\/\/nuevodigitaldeescobar.com.ar\/index.php?rest_route=\/wp\/v2\/posts\/9806\/revisions"}],"predecessor-version":[{"id":9818,"href":"https:\/\/nuevodigitaldeescobar.com.ar\/index.php?rest_route=\/wp\/v2\/posts\/9806\/revisions\/9818"}],"wp:featuredmedia":[{"embeddable":true,"href":"https:\/\/nuevodigitaldeescobar.com.ar\/index.php?rest_route=\/wp\/v2\/media\/9817"}],"wp:attachment":[{"href":"https:\/\/nuevodigitaldeescobar.com.ar\/index.php?rest_route=%2Fwp%2Fv2%2Fmedia&parent=9806"}],"wp:term":[{"taxonomy":"category","embeddable":true,"href":"https:\/\/nuevodigitaldeescobar.com.ar\/index.php?rest_route=%2Fwp%2Fv2%2Fcategories&post=9806"},{"taxonomy":"post_tag","embeddable":true,"href":"https:\/\/nuevodigitaldeescobar.com.ar\/index.php?rest_route=%2Fwp%2Fv2%2Ftags&post=9806"}],"curies":[{"name":"wp","href":"https:\/\/api.w.org\/{rel}","templated":true}]}}