{"id":983,"date":"2023-11-16T11:35:45","date_gmt":"2023-11-16T14:35:45","guid":{"rendered":"https:\/\/nuevodigitaldeescobar.com.ar\/?p=983"},"modified":"2023-11-16T11:35:49","modified_gmt":"2023-11-16T14:35:49","slug":"cuanto-aumento-la-deuda-publica-en-el-gobierno-de-alberto-fernandez","status":"publish","type":"post","link":"https:\/\/nuevodigitaldeescobar.com.ar\/?p=983","title":{"rendered":"Cu\u00e1nto aument\u00f3 la deuda p\u00fablica en el Gobierno de Alberto Fern\u00e1ndez"},"content":{"rendered":"<p><span style=\"color: #003366;\"><strong><em>Subi\u00f3 m\u00e1s de US$12 mil millones el mes pasado, principalmente por la colocaci\u00f3n de deuda en pesos ajustada por inflaci\u00f3n.<\/em><\/strong><\/span><\/p>\n<p><!--more--><\/p>\n<p>La deuda p\u00fablica bruta total de la Argentina <strong>alcanz\u00f3 un nuevo r\u00e9cord de U$S419.291 millones<\/strong> al cierre de octubre, seg\u00fan inform\u00f3 el Ministerio de Econom\u00eda. De esta forma, <strong>durante el Gobierno de Alberto Fern\u00e1ndez, se increment\u00f3 en US$96.226 millones<\/strong>, de acuerdo a los datos que public\u00f3 la Secretar\u00eda de Finanzas.<\/p>\n<p>El pasivo del Estado argentino aument\u00f3 el mes pasado US$12.680, que representa un alza de 3,14%.<\/p>\n<p><strong>Este incremento se explica por una suba de US$123 millones de la deuda en moneda extranjera y US$12.557 millones en moneda local.<\/strong> Cabe aclarar que, a los fines de las cuentas p\u00fablicas, la deuda, aunque sea tomada en pesos, se computa a valor de d\u00f3lar oficial. El aumento de US$12.557 millones corresponde a las colocaciones que habitualmente realiza la Secretar\u00eda de Finanzas.<\/p>\n<p>Este monto fue destinado especialmente a cubrir d\u00e9ficit fiscal, en un mes de stress para las cuentas p\u00fablicas por los distintos planes de est\u00edmulo que otorg\u00f3 el Gobierno luego de las primarias y con vista a la elecci\u00f3n general.<\/p>\n<p><strong>En el \u00faltimo a\u00f1o, ya con Sergio Massa a la cabeza del Ministerio de Econom\u00eda, la deuda p\u00fablica se increment\u00f3 en m\u00e1s de US$ 33.019 millones<\/strong>. Este monto emitido durante doce meses es equivalente a dos tercios de la deuda tomada por Mauricio Macri con el Fondo Monetario Internacional (FMI).<\/p>\n<p>De acuerdo a la informaci\u00f3n que public\u00f3 la Secretar\u00eda de Finanzas <strong>la deuda en pesos ajustada por inflaci\u00f3n ascendi\u00f3 a US$76.012 millones<\/strong>, con un incremento de U$S11.693 millones con relaci\u00f3n al mes previo. Si se compara con octubre de 2022 la suba es de US$26.091 millones. Y <strong>con relaci\u00f3n a diciembre de 2019 el alza es de US$53.250 millones, muy por encima del pr\u00e9stamo que se discute con el FMI.<\/strong><\/p>\n<p>Este aumento constante de la deuda en pesos es producto de un c\u00edrculo vicioso en el que el Banco Central emite para financiar el pago de las Leliqs y luego los bancos le prestan nuevamente ese dinero al Tesoro.<\/p>\n<p>De acuerdo a la informaci\u00f3n oficial, <strong>la deuda con organismos internacionales asciende a U$S75.073 millones, de los cu\u00e1les U$S43.298 millones es la contra\u00edda con el FMI<\/strong>. <strong>En octubre ascendi\u00f3 en U$S193 millones.<\/strong><\/p>\n<p><strong>El segundo organismo al que m\u00e1s le debe la Argentina es el BID con $16.365 millones<\/strong>. En octubre aument\u00f3 en U$S483 millones.<\/p>\n<p><em>(NA)<\/em><\/p>\n","protected":false},"excerpt":{"rendered":"<p>Subi\u00f3 m\u00e1s de US$12 mil millones el mes pasado, principalmente por la colocaci\u00f3n de deuda en pesos ajustada por inflaci\u00f3n.<\/p>\n","protected":false},"author":1,"featured_media":984,"comment_status":"open","ping_status":"closed","sticky":false,"template":"","format":"standard","meta":{"footnotes":""},"categories":[10],"tags":[],"class_list":["post-983","post","type-post","status-publish","format-standard","has-post-thumbnail","hentry","category-economia"],"better_featured_image":{"id":984,"alt_text":"","caption":"","description":"","media_type":"image","media_details":{"width":720,"height":500,"file":"2023\/11\/dolares-e1700145338395.jpg","filesize":134678,"sizes":{"medium":{"file":"dolares-300x208.jpg","width":300,"height":208,"mime-type":"image\/jpeg","filesize":21059,"source_url":"https:\/\/nuevodigitaldeescobar.com.ar\/wp-content\/uploads\/2023\/11\/dolares-300x208.jpg"},"thumbnail":{"file":"dolares-150x150.jpg","width":150,"height":150,"mime-type":"image\/jpeg","filesize":8744,"source_url":"https:\/\/nuevodigitaldeescobar.com.ar\/wp-content\/uploads\/2023\/11\/dolares-150x150.jpg"},"covernews-slider-center":{"file":"dolares-768x500.jpg","width":768,"height":500,"mime-type":"image\/jpeg","filesize":103283,"source_url":"https:\/\/nuevodigitaldeescobar.com.ar\/wp-content\/uploads\/2023\/11\/dolares-768x500.jpg"},"covernews-medium":{"file":"dolares-540x340.jpg","width":540,"height":340,"mime-type":"image\/jpeg","filesize":50720,"source_url":"https:\/\/nuevodigitaldeescobar.com.ar\/wp-content\/uploads\/2023\/11\/dolares-540x340.jpg"},"covernews-medium-square":{"file":"dolares-400x250.jpg","width":400,"height":250,"mime-type":"image\/jpeg","filesize":31157,"source_url":"https:\/\/nuevodigitaldeescobar.com.ar\/wp-content\/uploads\/2023\/11\/dolares-400x250.jpg"}},"image_meta":{"aperture":"0","credit":"","camera":"","caption":"","created_timestamp":"0","copyright":"","focal_length":"0","iso":"0","shutter_speed":"0","title":"","orientation":"0","keywords":[]}},"post":983,"source_url":"https:\/\/nuevodigitaldeescobar.com.ar\/wp-content\/uploads\/2023\/11\/dolares-e1700145338395.jpg"},"yoast_head":"<!-- This site is optimized with the Yoast SEO plugin v26.1.1 - https:\/\/yoast.com\/wordpress\/plugins\/seo\/ -->\n<title>Cu\u00e1nto aument\u00f3 la deuda p\u00fablica en el Gobierno de Alberto Fern\u00e1ndez - Nuevo Digital de Escobar<\/title>\n<meta name=\"robots\" content=\"index, follow, max-snippet:-1, max-image-preview:large, max-video-preview:-1\" \/>\n<link rel=\"canonical\" href=\"https:\/\/nuevodigitaldeescobar.com.ar\/?p=983\" \/>\n<meta property=\"og:locale\" content=\"es_ES\" \/>\n<meta property=\"og:type\" content=\"article\" \/>\n<meta property=\"og:title\" content=\"Cu\u00e1nto aument\u00f3 la deuda p\u00fablica en el Gobierno de Alberto Fern\u00e1ndez - Nuevo Digital de Escobar\" \/>\n<meta property=\"og:description\" content=\"Subi\u00f3 m\u00e1s de US$12 mil millones el mes pasado, principalmente por la colocaci\u00f3n de deuda en pesos ajustada por inflaci\u00f3n.\" \/>\n<meta property=\"og:url\" content=\"https:\/\/nuevodigitaldeescobar.com.ar\/?p=983\" \/>\n<meta property=\"og:site_name\" content=\"Nuevo Digital de Escobar\" \/>\n<meta property=\"article:publisher\" content=\"https:\/\/www.facebook.com\/NUEVODigitalDeEscobar\" \/>\n<meta property=\"article:published_time\" content=\"2023-11-16T14:35:45+00:00\" \/>\n<meta property=\"article:modified_time\" content=\"2023-11-16T14:35:49+00:00\" \/>\n<meta property=\"og:image\" content=\"https:\/\/nuevodigitaldeescobar.com.ar\/wp-content\/uploads\/2023\/11\/dolares-e1700145338395.jpg\" \/>\n\t<meta property=\"og:image:width\" content=\"720\" \/>\n\t<meta property=\"og:image:height\" content=\"500\" \/>\n\t<meta property=\"og:image:type\" content=\"image\/jpeg\" \/>\n<meta name=\"author\" content=\"Redacci\u00f3n\" \/>\n<meta name=\"twitter:card\" content=\"summary_large_image\" \/>\n<meta name=\"twitter:creator\" content=\"@nuevodigescobar\" \/>\n<meta name=\"twitter:site\" content=\"@nuevodigescobar\" \/>\n<meta name=\"twitter:label1\" content=\"Escrito por\" \/>\n\t<meta name=\"twitter:data1\" content=\"Redacci\u00f3n\" \/>\n\t<meta name=\"twitter:label2\" content=\"Tiempo de lectura\" \/>\n\t<meta name=\"twitter:data2\" content=\"2 minutos\" \/>\n<script type=\"application\/ld+json\" class=\"yoast-schema-graph\">{\"@context\":\"https:\/\/schema.org\",\"@graph\":[{\"@type\":\"Article\",\"@id\":\"https:\/\/nuevodigitaldeescobar.com.ar\/?p=983#article\",\"isPartOf\":{\"@id\":\"https:\/\/nuevodigitaldeescobar.com.ar\/?p=983\"},\"author\":{\"name\":\"Redacci\u00f3n\",\"@id\":\"https:\/\/nuevodigitaldeescobar.com.ar\/#\/schema\/person\/035e90a8efe9a80e6eec22656ad6ea4c\"},\"headline\":\"Cu\u00e1nto aument\u00f3 la deuda p\u00fablica en el Gobierno de Alberto Fern\u00e1ndez\",\"datePublished\":\"2023-11-16T14:35:45+00:00\",\"dateModified\":\"2023-11-16T14:35:49+00:00\",\"mainEntityOfPage\":{\"@id\":\"https:\/\/nuevodigitaldeescobar.com.ar\/?p=983\"},\"wordCount\":447,\"commentCount\":0,\"publisher\":{\"@id\":\"https:\/\/nuevodigitaldeescobar.com.ar\/#organization\"},\"image\":{\"@id\":\"https:\/\/nuevodigitaldeescobar.com.ar\/?p=983#primaryimage\"},\"thumbnailUrl\":\"https:\/\/nuevodigitaldeescobar.com.ar\/wp-content\/uploads\/2023\/11\/dolares-e1700145338395.jpg\",\"articleSection\":[\"Econom\u00eda\"],\"inLanguage\":\"es\",\"potentialAction\":[{\"@type\":\"CommentAction\",\"name\":\"Comment\",\"target\":[\"https:\/\/nuevodigitaldeescobar.com.ar\/?p=983#respond\"]}]},{\"@type\":\"WebPage\",\"@id\":\"https:\/\/nuevodigitaldeescobar.com.ar\/?p=983\",\"url\":\"https:\/\/nuevodigitaldeescobar.com.ar\/?p=983\",\"name\":\"Cu\u00e1nto aument\u00f3 la deuda p\u00fablica en el Gobierno de Alberto Fern\u00e1ndez - Nuevo Digital de Escobar\",\"isPartOf\":{\"@id\":\"https:\/\/nuevodigitaldeescobar.com.ar\/#website\"},\"primaryImageOfPage\":{\"@id\":\"https:\/\/nuevodigitaldeescobar.com.ar\/?p=983#primaryimage\"},\"image\":{\"@id\":\"https:\/\/nuevodigitaldeescobar.com.ar\/?p=983#primaryimage\"},\"thumbnailUrl\":\"https:\/\/nuevodigitaldeescobar.com.ar\/wp-content\/uploads\/2023\/11\/dolares-e1700145338395.jpg\",\"datePublished\":\"2023-11-16T14:35:45+00:00\",\"dateModified\":\"2023-11-16T14:35:49+00:00\",\"breadcrumb\":{\"@id\":\"https:\/\/nuevodigitaldeescobar.com.ar\/?p=983#breadcrumb\"},\"inLanguage\":\"es\",\"potentialAction\":[{\"@type\":\"ReadAction\",\"target\":[\"https:\/\/nuevodigitaldeescobar.com.ar\/?p=983\"]}]},{\"@type\":\"ImageObject\",\"inLanguage\":\"es\",\"@id\":\"https:\/\/nuevodigitaldeescobar.com.ar\/?p=983#primaryimage\",\"url\":\"https:\/\/nuevodigitaldeescobar.com.ar\/wp-content\/uploads\/2023\/11\/dolares-e1700145338395.jpg\",\"contentUrl\":\"https:\/\/nuevodigitaldeescobar.com.ar\/wp-content\/uploads\/2023\/11\/dolares-e1700145338395.jpg\",\"width\":720,\"height\":500},{\"@type\":\"BreadcrumbList\",\"@id\":\"https:\/\/nuevodigitaldeescobar.com.ar\/?p=983#breadcrumb\",\"itemListElement\":[{\"@type\":\"ListItem\",\"position\":1,\"name\":\"Portada\",\"item\":\"https:\/\/nuevodigitaldeescobar.com.ar\/\"},{\"@type\":\"ListItem\",\"position\":2,\"name\":\"Cu\u00e1nto aument\u00f3 la deuda p\u00fablica en el Gobierno de Alberto Fern\u00e1ndez\"}]},{\"@type\":\"WebSite\",\"@id\":\"https:\/\/nuevodigitaldeescobar.com.ar\/#website\",\"url\":\"https:\/\/nuevodigitaldeescobar.com.ar\/\",\"name\":\"Nuevo Digital de Escobar\",\"description\":\"La vida escobarense. Directora: Rosana Brunner\",\"publisher\":{\"@id\":\"https:\/\/nuevodigitaldeescobar.com.ar\/#organization\"},\"potentialAction\":[{\"@type\":\"SearchAction\",\"target\":{\"@type\":\"EntryPoint\",\"urlTemplate\":\"https:\/\/nuevodigitaldeescobar.com.ar\/?s={search_term_string}\"},\"query-input\":{\"@type\":\"PropertyValueSpecification\",\"valueRequired\":true,\"valueName\":\"search_term_string\"}}],\"inLanguage\":\"es\"},{\"@type\":\"Organization\",\"@id\":\"https:\/\/nuevodigitaldeescobar.com.ar\/#organization\",\"name\":\"Nuevo Digital de Escobar\",\"url\":\"https:\/\/nuevodigitaldeescobar.com.ar\/\",\"logo\":{\"@type\":\"ImageObject\",\"inLanguage\":\"es\",\"@id\":\"https:\/\/nuevodigitaldeescobar.com.ar\/#\/schema\/logo\/image\/\",\"url\":\"https:\/\/nuevodigitaldeescobar.com.ar\/wp-content\/uploads\/2025\/05\/cropped-logo-nuevo2.jpg\",\"contentUrl\":\"https:\/\/nuevodigitaldeescobar.com.ar\/wp-content\/uploads\/2025\/05\/cropped-logo-nuevo2.jpg\",\"width\":305,\"height\":305,\"caption\":\"Nuevo Digital de Escobar\"},\"image\":{\"@id\":\"https:\/\/nuevodigitaldeescobar.com.ar\/#\/schema\/logo\/image\/\"},\"sameAs\":[\"https:\/\/www.facebook.com\/NUEVODigitalDeEscobar\",\"https:\/\/x.com\/nuevodigescobar\",\"https:\/\/www.instagram.com\/nuevodigitaldeescobar\"]},{\"@type\":\"Person\",\"@id\":\"https:\/\/nuevodigitaldeescobar.com.ar\/#\/schema\/person\/035e90a8efe9a80e6eec22656ad6ea4c\",\"name\":\"Redacci\u00f3n\",\"image\":{\"@type\":\"ImageObject\",\"inLanguage\":\"es\",\"@id\":\"https:\/\/nuevodigitaldeescobar.com.ar\/#\/schema\/person\/image\/\",\"url\":\"https:\/\/secure.gravatar.com\/avatar\/8af8f40000c24e9eef3034f2be5998a372bb1389e64b1a4a36b3a7979142220d?s=96&d=mm&r=g\",\"contentUrl\":\"https:\/\/secure.gravatar.com\/avatar\/8af8f40000c24e9eef3034f2be5998a372bb1389e64b1a4a36b3a7979142220d?s=96&d=mm&r=g\",\"caption\":\"Redacci\u00f3n\"},\"sameAs\":[\"http:\/\/nuevodigitaldeescobar.com.ar\"],\"url\":\"https:\/\/nuevodigitaldeescobar.com.ar\/?author=1\"}]}<\/script>\n<!-- \/ Yoast SEO plugin. -->","yoast_head_json":{"title":"Cu\u00e1nto aument\u00f3 la deuda p\u00fablica en el Gobierno de Alberto Fern\u00e1ndez - Nuevo Digital de Escobar","robots":{"index":"index","follow":"follow","max-snippet":"max-snippet:-1","max-image-preview":"max-image-preview:large","max-video-preview":"max-video-preview:-1"},"canonical":"https:\/\/nuevodigitaldeescobar.com.ar\/?p=983","og_locale":"es_ES","og_type":"article","og_title":"Cu\u00e1nto aument\u00f3 la deuda p\u00fablica en el Gobierno de Alberto Fern\u00e1ndez - Nuevo Digital de Escobar","og_description":"Subi\u00f3 m\u00e1s de US$12 mil millones el mes pasado, principalmente por la colocaci\u00f3n de deuda en pesos ajustada por inflaci\u00f3n.","og_url":"https:\/\/nuevodigitaldeescobar.com.ar\/?p=983","og_site_name":"Nuevo Digital de Escobar","article_publisher":"https:\/\/www.facebook.com\/NUEVODigitalDeEscobar","article_published_time":"2023-11-16T14:35:45+00:00","article_modified_time":"2023-11-16T14:35:49+00:00","og_image":[{"width":720,"height":500,"url":"https:\/\/nuevodigitaldeescobar.com.ar\/wp-content\/uploads\/2023\/11\/dolares-e1700145338395.jpg","type":"image\/jpeg"}],"author":"Redacci\u00f3n","twitter_card":"summary_large_image","twitter_creator":"@nuevodigescobar","twitter_site":"@nuevodigescobar","twitter_misc":{"Escrito por":"Redacci\u00f3n","Tiempo de lectura":"2 minutos"},"schema":{"@context":"https:\/\/schema.org","@graph":[{"@type":"Article","@id":"https:\/\/nuevodigitaldeescobar.com.ar\/?p=983#article","isPartOf":{"@id":"https:\/\/nuevodigitaldeescobar.com.ar\/?p=983"},"author":{"name":"Redacci\u00f3n","@id":"https:\/\/nuevodigitaldeescobar.com.ar\/#\/schema\/person\/035e90a8efe9a80e6eec22656ad6ea4c"},"headline":"Cu\u00e1nto aument\u00f3 la deuda p\u00fablica en el Gobierno de Alberto Fern\u00e1ndez","datePublished":"2023-11-16T14:35:45+00:00","dateModified":"2023-11-16T14:35:49+00:00","mainEntityOfPage":{"@id":"https:\/\/nuevodigitaldeescobar.com.ar\/?p=983"},"wordCount":447,"commentCount":0,"publisher":{"@id":"https:\/\/nuevodigitaldeescobar.com.ar\/#organization"},"image":{"@id":"https:\/\/nuevodigitaldeescobar.com.ar\/?p=983#primaryimage"},"thumbnailUrl":"https:\/\/nuevodigitaldeescobar.com.ar\/wp-content\/uploads\/2023\/11\/dolares-e1700145338395.jpg","articleSection":["Econom\u00eda"],"inLanguage":"es","potentialAction":[{"@type":"CommentAction","name":"Comment","target":["https:\/\/nuevodigitaldeescobar.com.ar\/?p=983#respond"]}]},{"@type":"WebPage","@id":"https:\/\/nuevodigitaldeescobar.com.ar\/?p=983","url":"https:\/\/nuevodigitaldeescobar.com.ar\/?p=983","name":"Cu\u00e1nto aument\u00f3 la deuda p\u00fablica en el Gobierno de Alberto Fern\u00e1ndez - Nuevo Digital de Escobar","isPartOf":{"@id":"https:\/\/nuevodigitaldeescobar.com.ar\/#website"},"primaryImageOfPage":{"@id":"https:\/\/nuevodigitaldeescobar.com.ar\/?p=983#primaryimage"},"image":{"@id":"https:\/\/nuevodigitaldeescobar.com.ar\/?p=983#primaryimage"},"thumbnailUrl":"https:\/\/nuevodigitaldeescobar.com.ar\/wp-content\/uploads\/2023\/11\/dolares-e1700145338395.jpg","datePublished":"2023-11-16T14:35:45+00:00","dateModified":"2023-11-16T14:35:49+00:00","breadcrumb":{"@id":"https:\/\/nuevodigitaldeescobar.com.ar\/?p=983#breadcrumb"},"inLanguage":"es","potentialAction":[{"@type":"ReadAction","target":["https:\/\/nuevodigitaldeescobar.com.ar\/?p=983"]}]},{"@type":"ImageObject","inLanguage":"es","@id":"https:\/\/nuevodigitaldeescobar.com.ar\/?p=983#primaryimage","url":"https:\/\/nuevodigitaldeescobar.com.ar\/wp-content\/uploads\/2023\/11\/dolares-e1700145338395.jpg","contentUrl":"https:\/\/nuevodigitaldeescobar.com.ar\/wp-content\/uploads\/2023\/11\/dolares-e1700145338395.jpg","width":720,"height":500},{"@type":"BreadcrumbList","@id":"https:\/\/nuevodigitaldeescobar.com.ar\/?p=983#breadcrumb","itemListElement":[{"@type":"ListItem","position":1,"name":"Portada","item":"https:\/\/nuevodigitaldeescobar.com.ar\/"},{"@type":"ListItem","position":2,"name":"Cu\u00e1nto aument\u00f3 la deuda p\u00fablica en el Gobierno de Alberto Fern\u00e1ndez"}]},{"@type":"WebSite","@id":"https:\/\/nuevodigitaldeescobar.com.ar\/#website","url":"https:\/\/nuevodigitaldeescobar.com.ar\/","name":"Nuevo Digital de Escobar","description":"La vida escobarense. Directora: Rosana Brunner","publisher":{"@id":"https:\/\/nuevodigitaldeescobar.com.ar\/#organization"},"potentialAction":[{"@type":"SearchAction","target":{"@type":"EntryPoint","urlTemplate":"https:\/\/nuevodigitaldeescobar.com.ar\/?s={search_term_string}"},"query-input":{"@type":"PropertyValueSpecification","valueRequired":true,"valueName":"search_term_string"}}],"inLanguage":"es"},{"@type":"Organization","@id":"https:\/\/nuevodigitaldeescobar.com.ar\/#organization","name":"Nuevo Digital de Escobar","url":"https:\/\/nuevodigitaldeescobar.com.ar\/","logo":{"@type":"ImageObject","inLanguage":"es","@id":"https:\/\/nuevodigitaldeescobar.com.ar\/#\/schema\/logo\/image\/","url":"https:\/\/nuevodigitaldeescobar.com.ar\/wp-content\/uploads\/2025\/05\/cropped-logo-nuevo2.jpg","contentUrl":"https:\/\/nuevodigitaldeescobar.com.ar\/wp-content\/uploads\/2025\/05\/cropped-logo-nuevo2.jpg","width":305,"height":305,"caption":"Nuevo Digital de Escobar"},"image":{"@id":"https:\/\/nuevodigitaldeescobar.com.ar\/#\/schema\/logo\/image\/"},"sameAs":["https:\/\/www.facebook.com\/NUEVODigitalDeEscobar","https:\/\/x.com\/nuevodigescobar","https:\/\/www.instagram.com\/nuevodigitaldeescobar"]},{"@type":"Person","@id":"https:\/\/nuevodigitaldeescobar.com.ar\/#\/schema\/person\/035e90a8efe9a80e6eec22656ad6ea4c","name":"Redacci\u00f3n","image":{"@type":"ImageObject","inLanguage":"es","@id":"https:\/\/nuevodigitaldeescobar.com.ar\/#\/schema\/person\/image\/","url":"https:\/\/secure.gravatar.com\/avatar\/8af8f40000c24e9eef3034f2be5998a372bb1389e64b1a4a36b3a7979142220d?s=96&d=mm&r=g","contentUrl":"https:\/\/secure.gravatar.com\/avatar\/8af8f40000c24e9eef3034f2be5998a372bb1389e64b1a4a36b3a7979142220d?s=96&d=mm&r=g","caption":"Redacci\u00f3n"},"sameAs":["http:\/\/nuevodigitaldeescobar.com.ar"],"url":"https:\/\/nuevodigitaldeescobar.com.ar\/?author=1"}]}},"featured_image_urls":{"full":["https:\/\/nuevodigitaldeescobar.com.ar\/wp-content\/uploads\/2023\/11\/dolares-e1700145338395.jpg",720,500,false],"thumbnail":["https:\/\/nuevodigitaldeescobar.com.ar\/wp-content\/uploads\/2023\/11\/dolares-150x150.jpg",150,150,true],"medium":["https:\/\/nuevodigitaldeescobar.com.ar\/wp-content\/uploads\/2023\/11\/dolares-300x208.jpg",300,208,true],"medium_large":["https:\/\/nuevodigitaldeescobar.com.ar\/wp-content\/uploads\/2023\/11\/dolares-e1700145338395.jpg",640,444,false],"large":["https:\/\/nuevodigitaldeescobar.com.ar\/wp-content\/uploads\/2023\/11\/dolares-e1700145338395.jpg",640,444,false],"1536x1536":["https:\/\/nuevodigitaldeescobar.com.ar\/wp-content\/uploads\/2023\/11\/dolares-e1700145338395.jpg",720,500,false],"2048x2048":["https:\/\/nuevodigitaldeescobar.com.ar\/wp-content\/uploads\/2023\/11\/dolares-e1700145338395.jpg",720,500,false]},"author_info":{"display_name":"Redacci\u00f3n","author_link":"https:\/\/nuevodigitaldeescobar.com.ar\/?author=1"},"category_info":"<a href=\"https:\/\/nuevodigitaldeescobar.com.ar\/?cat=10\" rel=\"category\">Econom\u00eda<\/a>","tag_info":"Econom\u00eda","comment_count":"0","_links":{"self":[{"href":"https:\/\/nuevodigitaldeescobar.com.ar\/index.php?rest_route=\/wp\/v2\/posts\/983","targetHints":{"allow":["GET"]}}],"collection":[{"href":"https:\/\/nuevodigitaldeescobar.com.ar\/index.php?rest_route=\/wp\/v2\/posts"}],"about":[{"href":"https:\/\/nuevodigitaldeescobar.com.ar\/index.php?rest_route=\/wp\/v2\/types\/post"}],"author":[{"embeddable":true,"href":"https:\/\/nuevodigitaldeescobar.com.ar\/index.php?rest_route=\/wp\/v2\/users\/1"}],"replies":[{"embeddable":true,"href":"https:\/\/nuevodigitaldeescobar.com.ar\/index.php?rest_route=%2Fwp%2Fv2%2Fcomments&post=983"}],"version-history":[{"count":1,"href":"https:\/\/nuevodigitaldeescobar.com.ar\/index.php?rest_route=\/wp\/v2\/posts\/983\/revisions"}],"predecessor-version":[{"id":985,"href":"https:\/\/nuevodigitaldeescobar.com.ar\/index.php?rest_route=\/wp\/v2\/posts\/983\/revisions\/985"}],"wp:featuredmedia":[{"embeddable":true,"href":"https:\/\/nuevodigitaldeescobar.com.ar\/index.php?rest_route=\/wp\/v2\/media\/984"}],"wp:attachment":[{"href":"https:\/\/nuevodigitaldeescobar.com.ar\/index.php?rest_route=%2Fwp%2Fv2%2Fmedia&parent=983"}],"wp:term":[{"taxonomy":"category","embeddable":true,"href":"https:\/\/nuevodigitaldeescobar.com.ar\/index.php?rest_route=%2Fwp%2Fv2%2Fcategories&post=983"},{"taxonomy":"post_tag","embeddable":true,"href":"https:\/\/nuevodigitaldeescobar.com.ar\/index.php?rest_route=%2Fwp%2Fv2%2Ftags&post=983"}],"curies":[{"name":"wp","href":"https:\/\/api.w.org\/{rel}","templated":true}]}}