{"id":9847,"date":"2024-11-28T07:00:00","date_gmt":"2024-11-28T10:00:00","guid":{"rendered":"https:\/\/nuevodigitaldeescobar.com.ar\/?p=9847"},"modified":"2024-11-27T17:23:07","modified_gmt":"2024-11-27T20:23:07","slug":"la-galera-de-pachano-subasta-solidaria-a-beneficio-de-fleni","status":"publish","type":"post","link":"https:\/\/nuevodigitaldeescobar.com.ar\/?p=9847","title":{"rendered":"\u201cLa Galera de Pachano\u201d: Subasta solidaria a beneficio de Fleni"},"content":{"rendered":"<p><span style=\"color: #003366;\"><strong><em>An\u00edbal Pachano don\u00f3 su m\u00edtica galera de Sombreros Lagomarsino para ser subastada en BidBit a beneficio de Fleni. Lo recaudado en la subasta ser\u00e1 destinado al Proyecto +Tecnolog\u00eda +Salud, cuyo objetivo es la renovaci\u00f3n de equipamiento tecnol\u00f3gico, capacitaci\u00f3n m\u00e9dica e investigaci\u00f3n de la fundaci\u00f3n l\u00edder en Neurociencias.<\/em><\/strong><\/span><\/p>\n<p><!--more--><\/p>\n<hr \/>\n<p>Con el compromiso por la excelencia en la atenci\u00f3n, tratamiento e investigaci\u00f3n en neurociencias, Fleni anunci\u00f3 su segunda subasta solidaria junto a la plataforma tecnol\u00f3gica BidBit Subastas Online: <em>\u201cLa Galera de Pachano\u201d<\/em>. El objetivo de la subasta es apoyar el Proyecto +Tecnolog\u00eda +Salud, cuya recaudaci\u00f3n ser\u00e1 destinada a la renovaci\u00f3n de equipamiento para el diagn\u00f3stico, el tratamiento y la investigaci\u00f3n de enfermedades neurol\u00f3gicas en la instituci\u00f3n.<\/p>\n<p>La subasta online consta de una Galera de Copa de \u00c9poca Victoriana de Sombreros Lagomarsino, elaborada con fieltro de pelos finos de liebre y nutria, parte de la colecci\u00f3n privada de An\u00edbal Pachano. Se trata del modelo ic\u00f3nico utilizado por An\u00edbal Pachano en m\u00faltiples presentaciones a lo largo de su carrera art\u00edstica. Este sombrero, con su caracter\u00edstico dise\u00f1o elegante y cl\u00e1sico, ha sido un s\u00edmbolo distintivo de su estilo y personalidad.<\/p>\n<p>An\u00edbal Pachano don\u00f3 esta galera para poder ayudar a otras personas que est\u00e9n cursando enfermedades complejas, como las que \u00e9l tuvo que atravesar. El famoso director, core\u00f3grafo y bailar\u00edn es paciente de Fleni desde 2017, cuando le detectaron seis tumores en el cerebro. <em>\u201cPara m\u00ed, esta subasta tiene un significado muy especial. No solo es una manera de compartir parte de mi historia, sino de contribuir a una causa que puede mejorar la vida de muchas personas. Estoy profundamente agradecido de que mi galera ahora sea un s\u00edmbolo de esperanza y solidaridad. Agradezco a Fleni y a BidBit Subastas Online por permitir que mi legado se convierta en una oportunidad para impulsar avances en la salud y la tecnolog\u00eda en nuestro pa\u00eds\u201d<\/em>, cont\u00f3. Despu\u00e9s de haber recibido varios y duros diagn\u00f3sticos m\u00e9dicos \u2013diabetes, VIH y c\u00e1ncer de pulm\u00f3n con met\u00e1stasis en el cerebro\u2013, este famoso artista se convirti\u00f3 en una suerte de embajador de la resiliencia y la fuerza de voluntad.<\/p>\n<p>Por su parte, Claudio Pensa, Director M\u00e9dico de Fleni, mencion\u00f3: <em>\u00abEstamos muy agradecidos de poder volver a trabajar en una iniciativa tan significativa como esta, en un a\u00f1o que ha sido muy complejo para nuestra instituci\u00f3n. Esta segunda subasta solidaria nos permite continuar trabajando con el esp\u00edritu de excelencia que nos caracteriza y, con el apoyo de la comunidad, estamos m\u00e1s cerca de seguir equipando a nuestros profesionales con la mejor tecnolog\u00eda para brindar atenci\u00f3n m\u00e9dica de la m\u00e1s alta calidad y continuar nuestra labor en investigaci\u00f3n\u201d<\/em>, mencion\u00f3. El a\u00f1o pasado, la alianza de Fleni con BidBit dio lugar a una subasta de la guitarra que Abel Pintos us\u00f3 durante su Gala Fleni 2023, a beneficio del mismo Proyecto Solidario.<\/p>\n<p>Por \u00faltimo, Elias Sanchez, CEO de BidBit Subastas Online expres\u00f3: <em>\u00abEsta segunda subasta es m\u00e1s que una oportunidad para adquirir un objeto ic\u00f3nico, es la posibilidad de hacer una diferencia tangible en el \u00e1rea de la salud. Los invitamos a participar en esta subasta solidaria donde cada oferta es un gesto de apoyo y compromiso para continuar equipando a los profesionales con tecnolog\u00eda de \u00faltima generaci\u00f3n\u201d<\/em>.<\/p>\n<p>La subasta solidaria <em>\u201cLa Galera de Pachano\u201d<\/em> estar\u00e1 abierta a participantes de todo el pa\u00eds. Quienes quieran participar deber\u00e1n registrarse en el portal para poder ofertar por la Galera de An\u00edbal. La subasta solidaria est\u00e1 abierta hasta el 29 de noviembre de 2024 en <a href=\"http:\/\/www.subastasolidaria.ar\">www.subastasolidaria.ar<\/a>.<\/p>\n<p><em><span style=\"color: #003366;\"><strong>Acerca de Fleni:<\/strong> <\/span>Entidad de bien p\u00fablico dedicada a la prevenci\u00f3n, diagn\u00f3stico, tratamiento y rehabilitaci\u00f3n de las enfermedades neurol\u00f3gicas tanto en ni\u00f1os como en adolescentes y adultos. Cumple sus objetivos procurando utilizar las t\u00e9cnicas m\u00e1s avanzadas de organizaci\u00f3n y equipamiento en cada una de las etapas de detecci\u00f3n, asistencia e investigaci\u00f3n. Adem\u00e1s, fomenta la difusi\u00f3n de conocimientos m\u00e9dicos a trav\u00e9s de la adjudicaci\u00f3n de becas y subsidios, y organizaci\u00f3n de seminarios y reuniones tanto en el pa\u00eds como en el exterior.<\/em><\/p>\n<p><em>El Hospital de Agudos de Neurolog\u00eda y Neurocirug\u00eda que conforma la Sede Belgrano cuenta con 19.000 m2 cubiertos y un total de 870 empleados, y la Sede Escobar con 21.000 m2 y 430 recursos humanos. Para m\u00e1s informaci\u00f3n: <a href=\"http:\/\/www.fleni.org.ar\">www.fleni.org.ar<\/a>.<\/em><\/p>\n<p><em><span style=\"color: #003366;\"><strong>Acerca de BidBit Subastas Online:<\/strong><\/span> Es una plataforma de subastas que est\u00e1 democratizando el mercado argentino de venta de bienes mediante esta metodolog\u00eda. Brinda servicio de venta de activos principalmente a empresas y entidades financieras de primer nivel, como ser Banco Santander, Banco Superville y Adecoagro, entre muchos otros. Su foco est\u00e1 en la constante innovaci\u00f3n y tecnolog\u00eda aplicada a simplificar y transparentar todo el proceso de compra-venta.<\/em><\/p>\n","protected":false},"excerpt":{"rendered":"<p>An\u00edbal Pachano don\u00f3 su m\u00edtica galera de Sombreros Lagomarsino para ser subastada en BidBit a beneficio de Fleni. Lo recaudado en la subasta ser\u00e1 destinado [&hellip;]<\/p>\n","protected":false},"author":1,"featured_media":9855,"comment_status":"open","ping_status":"open","sticky":false,"template":"","format":"standard","meta":{"footnotes":""},"categories":[11,15],"tags":[],"class_list":["post-9847","post","type-post","status-publish","format-standard","has-post-thumbnail","hentry","category-cultura-arte-y-espectaculos","category-sociedad"],"better_featured_image":{"id":9855,"alt_text":"","caption":"","description":"","media_type":"image","media_details":{"width":720,"height":403,"file":"2024\/11\/Anibal-Pachano-dona-su-Galera-a-beneficio-de-Fleni-en-baja-e1732738978239.jpg","filesize":396544,"sizes":{"medium":{"file":"Anibal-Pachano-dona-su-Galera-a-beneficio-de-Fleni-en-baja-300x168.jpg","width":300,"height":168,"mime-type":"image\/jpeg","filesize":32873,"source_url":"https:\/\/nuevodigitaldeescobar.com.ar\/wp-content\/uploads\/2024\/11\/Anibal-Pachano-dona-su-Galera-a-beneficio-de-Fleni-en-baja-300x168.jpg"},"large":{"file":"Anibal-Pachano-dona-su-Galera-a-beneficio-de-Fleni-en-baja-1024x574.jpg","width":1024,"height":574,"mime-type":"image\/jpeg","filesize":105683,"source_url":"https:\/\/nuevodigitaldeescobar.com.ar\/wp-content\/uploads\/2024\/11\/Anibal-Pachano-dona-su-Galera-a-beneficio-de-Fleni-en-baja-1024x574.jpg"},"thumbnail":{"file":"Anibal-Pachano-dona-su-Galera-a-beneficio-de-Fleni-en-baja-150x150.jpg","width":150,"height":150,"mime-type":"image\/jpeg","filesize":27378,"source_url":"https:\/\/nuevodigitaldeescobar.com.ar\/wp-content\/uploads\/2024\/11\/Anibal-Pachano-dona-su-Galera-a-beneficio-de-Fleni-en-baja-150x150.jpg"},"medium_large":{"file":"Anibal-Pachano-dona-su-Galera-a-beneficio-de-Fleni-en-baja-768x430.jpg","width":768,"height":430,"mime-type":"image\/jpeg","filesize":75403,"source_url":"https:\/\/nuevodigitaldeescobar.com.ar\/wp-content\/uploads\/2024\/11\/Anibal-Pachano-dona-su-Galera-a-beneficio-de-Fleni-en-baja-768x430.jpg"},"1536x1536":{"file":"Anibal-Pachano-dona-su-Galera-a-beneficio-de-Fleni-en-baja-1536x860.jpg","width":1536,"height":860,"mime-type":"image\/jpeg","filesize":178090,"source_url":"https:\/\/nuevodigitaldeescobar.com.ar\/wp-content\/uploads\/2024\/11\/Anibal-Pachano-dona-su-Galera-a-beneficio-de-Fleni-en-baja-1536x860.jpg"}},"image_meta":{"aperture":"4.5","credit":"","camera":"Canon EOS M50","caption":"","created_timestamp":"1729860622","copyright":"","focal_length":"21","iso":"640","shutter_speed":"0.01","title":"","orientation":"1","keywords":[]}},"post":9847,"source_url":"https:\/\/nuevodigitaldeescobar.com.ar\/wp-content\/uploads\/2024\/11\/Anibal-Pachano-dona-su-Galera-a-beneficio-de-Fleni-en-baja-e1732738978239.jpg"},"yoast_head":"<!-- This site is optimized with the Yoast SEO plugin v26.1.1 - https:\/\/yoast.com\/wordpress\/plugins\/seo\/ -->\n<title>\u201cLa Galera de Pachano\u201d: Subasta solidaria a beneficio de Fleni - Nuevo Digital de Escobar<\/title>\n<meta name=\"robots\" content=\"index, follow, max-snippet:-1, max-image-preview:large, max-video-preview:-1\" \/>\n<link rel=\"canonical\" href=\"https:\/\/nuevodigitaldeescobar.com.ar\/?p=9847\" \/>\n<meta property=\"og:locale\" content=\"es_ES\" \/>\n<meta property=\"og:type\" content=\"article\" \/>\n<meta property=\"og:title\" content=\"\u201cLa Galera de Pachano\u201d: Subasta solidaria a beneficio de Fleni - Nuevo Digital de Escobar\" \/>\n<meta property=\"og:description\" content=\"An\u00edbal Pachano don\u00f3 su m\u00edtica galera de Sombreros Lagomarsino para ser subastada en BidBit a beneficio de Fleni. Lo recaudado en la subasta ser\u00e1 destinado [&hellip;]\" \/>\n<meta property=\"og:url\" content=\"https:\/\/nuevodigitaldeescobar.com.ar\/?p=9847\" \/>\n<meta property=\"og:site_name\" content=\"Nuevo Digital de Escobar\" \/>\n<meta property=\"article:publisher\" content=\"https:\/\/www.facebook.com\/NUEVODigitalDeEscobar\" \/>\n<meta property=\"article:published_time\" content=\"2024-11-28T10:00:00+00:00\" \/>\n<meta property=\"og:image\" content=\"https:\/\/nuevodigitaldeescobar.com.ar\/wp-content\/uploads\/2024\/11\/Anibal-Pachano-dona-su-Galera-a-beneficio-de-Fleni-en-baja-e1732738978239.jpg\" \/>\n\t<meta property=\"og:image:width\" content=\"720\" \/>\n\t<meta property=\"og:image:height\" content=\"403\" \/>\n\t<meta property=\"og:image:type\" content=\"image\/jpeg\" \/>\n<meta name=\"author\" content=\"Redacci\u00f3n\" \/>\n<meta name=\"twitter:card\" content=\"summary_large_image\" \/>\n<meta name=\"twitter:creator\" content=\"@nuevodigescobar\" \/>\n<meta name=\"twitter:site\" content=\"@nuevodigescobar\" \/>\n<meta name=\"twitter:label1\" content=\"Escrito por\" \/>\n\t<meta name=\"twitter:data1\" content=\"Redacci\u00f3n\" \/>\n\t<meta name=\"twitter:label2\" content=\"Tiempo de lectura\" \/>\n\t<meta name=\"twitter:data2\" content=\"4 minutos\" \/>\n<script type=\"application\/ld+json\" class=\"yoast-schema-graph\">{\"@context\":\"https:\/\/schema.org\",\"@graph\":[{\"@type\":\"Article\",\"@id\":\"https:\/\/nuevodigitaldeescobar.com.ar\/?p=9847#article\",\"isPartOf\":{\"@id\":\"https:\/\/nuevodigitaldeescobar.com.ar\/?p=9847\"},\"author\":{\"name\":\"Redacci\u00f3n\",\"@id\":\"https:\/\/nuevodigitaldeescobar.com.ar\/#\/schema\/person\/035e90a8efe9a80e6eec22656ad6ea4c\"},\"headline\":\"\u201cLa Galera de Pachano\u201d: Subasta solidaria a beneficio de Fleni\",\"datePublished\":\"2024-11-28T10:00:00+00:00\",\"mainEntityOfPage\":{\"@id\":\"https:\/\/nuevodigitaldeescobar.com.ar\/?p=9847\"},\"wordCount\":857,\"commentCount\":0,\"publisher\":{\"@id\":\"https:\/\/nuevodigitaldeescobar.com.ar\/#organization\"},\"image\":{\"@id\":\"https:\/\/nuevodigitaldeescobar.com.ar\/?p=9847#primaryimage\"},\"thumbnailUrl\":\"https:\/\/nuevodigitaldeescobar.com.ar\/wp-content\/uploads\/2024\/11\/Anibal-Pachano-dona-su-Galera-a-beneficio-de-Fleni-en-baja-e1732738978239.jpg\",\"articleSection\":[\"Cultura, Arte y Espect\u00e1culos\",\"Sociedad\"],\"inLanguage\":\"es\",\"potentialAction\":[{\"@type\":\"CommentAction\",\"name\":\"Comment\",\"target\":[\"https:\/\/nuevodigitaldeescobar.com.ar\/?p=9847#respond\"]}]},{\"@type\":\"WebPage\",\"@id\":\"https:\/\/nuevodigitaldeescobar.com.ar\/?p=9847\",\"url\":\"https:\/\/nuevodigitaldeescobar.com.ar\/?p=9847\",\"name\":\"\u201cLa Galera de Pachano\u201d: Subasta solidaria a beneficio de Fleni - Nuevo Digital de Escobar\",\"isPartOf\":{\"@id\":\"https:\/\/nuevodigitaldeescobar.com.ar\/#website\"},\"primaryImageOfPage\":{\"@id\":\"https:\/\/nuevodigitaldeescobar.com.ar\/?p=9847#primaryimage\"},\"image\":{\"@id\":\"https:\/\/nuevodigitaldeescobar.com.ar\/?p=9847#primaryimage\"},\"thumbnailUrl\":\"https:\/\/nuevodigitaldeescobar.com.ar\/wp-content\/uploads\/2024\/11\/Anibal-Pachano-dona-su-Galera-a-beneficio-de-Fleni-en-baja-e1732738978239.jpg\",\"datePublished\":\"2024-11-28T10:00:00+00:00\",\"breadcrumb\":{\"@id\":\"https:\/\/nuevodigitaldeescobar.com.ar\/?p=9847#breadcrumb\"},\"inLanguage\":\"es\",\"potentialAction\":[{\"@type\":\"ReadAction\",\"target\":[\"https:\/\/nuevodigitaldeescobar.com.ar\/?p=9847\"]}]},{\"@type\":\"ImageObject\",\"inLanguage\":\"es\",\"@id\":\"https:\/\/nuevodigitaldeescobar.com.ar\/?p=9847#primaryimage\",\"url\":\"https:\/\/nuevodigitaldeescobar.com.ar\/wp-content\/uploads\/2024\/11\/Anibal-Pachano-dona-su-Galera-a-beneficio-de-Fleni-en-baja-e1732738978239.jpg\",\"contentUrl\":\"https:\/\/nuevodigitaldeescobar.com.ar\/wp-content\/uploads\/2024\/11\/Anibal-Pachano-dona-su-Galera-a-beneficio-de-Fleni-en-baja-e1732738978239.jpg\",\"width\":720,\"height\":403},{\"@type\":\"BreadcrumbList\",\"@id\":\"https:\/\/nuevodigitaldeescobar.com.ar\/?p=9847#breadcrumb\",\"itemListElement\":[{\"@type\":\"ListItem\",\"position\":1,\"name\":\"Portada\",\"item\":\"https:\/\/nuevodigitaldeescobar.com.ar\/\"},{\"@type\":\"ListItem\",\"position\":2,\"name\":\"\u201cLa Galera de Pachano\u201d: Subasta solidaria a beneficio de Fleni\"}]},{\"@type\":\"WebSite\",\"@id\":\"https:\/\/nuevodigitaldeescobar.com.ar\/#website\",\"url\":\"https:\/\/nuevodigitaldeescobar.com.ar\/\",\"name\":\"Nuevo Digital de Escobar\",\"description\":\"La vida escobarense. Directora: Rosana Brunner\",\"publisher\":{\"@id\":\"https:\/\/nuevodigitaldeescobar.com.ar\/#organization\"},\"potentialAction\":[{\"@type\":\"SearchAction\",\"target\":{\"@type\":\"EntryPoint\",\"urlTemplate\":\"https:\/\/nuevodigitaldeescobar.com.ar\/?s={search_term_string}\"},\"query-input\":{\"@type\":\"PropertyValueSpecification\",\"valueRequired\":true,\"valueName\":\"search_term_string\"}}],\"inLanguage\":\"es\"},{\"@type\":\"Organization\",\"@id\":\"https:\/\/nuevodigitaldeescobar.com.ar\/#organization\",\"name\":\"Nuevo Digital de Escobar\",\"url\":\"https:\/\/nuevodigitaldeescobar.com.ar\/\",\"logo\":{\"@type\":\"ImageObject\",\"inLanguage\":\"es\",\"@id\":\"https:\/\/nuevodigitaldeescobar.com.ar\/#\/schema\/logo\/image\/\",\"url\":\"https:\/\/nuevodigitaldeescobar.com.ar\/wp-content\/uploads\/2025\/05\/cropped-logo-nuevo2.jpg\",\"contentUrl\":\"https:\/\/nuevodigitaldeescobar.com.ar\/wp-content\/uploads\/2025\/05\/cropped-logo-nuevo2.jpg\",\"width\":305,\"height\":305,\"caption\":\"Nuevo Digital de Escobar\"},\"image\":{\"@id\":\"https:\/\/nuevodigitaldeescobar.com.ar\/#\/schema\/logo\/image\/\"},\"sameAs\":[\"https:\/\/www.facebook.com\/NUEVODigitalDeEscobar\",\"https:\/\/x.com\/nuevodigescobar\",\"https:\/\/www.instagram.com\/nuevodigitaldeescobar\"]},{\"@type\":\"Person\",\"@id\":\"https:\/\/nuevodigitaldeescobar.com.ar\/#\/schema\/person\/035e90a8efe9a80e6eec22656ad6ea4c\",\"name\":\"Redacci\u00f3n\",\"image\":{\"@type\":\"ImageObject\",\"inLanguage\":\"es\",\"@id\":\"https:\/\/nuevodigitaldeescobar.com.ar\/#\/schema\/person\/image\/\",\"url\":\"https:\/\/secure.gravatar.com\/avatar\/8af8f40000c24e9eef3034f2be5998a372bb1389e64b1a4a36b3a7979142220d?s=96&d=mm&r=g\",\"contentUrl\":\"https:\/\/secure.gravatar.com\/avatar\/8af8f40000c24e9eef3034f2be5998a372bb1389e64b1a4a36b3a7979142220d?s=96&d=mm&r=g\",\"caption\":\"Redacci\u00f3n\"},\"sameAs\":[\"http:\/\/nuevodigitaldeescobar.com.ar\"],\"url\":\"https:\/\/nuevodigitaldeescobar.com.ar\/?author=1\"}]}<\/script>\n<!-- \/ Yoast SEO plugin. -->","yoast_head_json":{"title":"\u201cLa Galera de Pachano\u201d: Subasta solidaria a beneficio de Fleni - Nuevo Digital de Escobar","robots":{"index":"index","follow":"follow","max-snippet":"max-snippet:-1","max-image-preview":"max-image-preview:large","max-video-preview":"max-video-preview:-1"},"canonical":"https:\/\/nuevodigitaldeescobar.com.ar\/?p=9847","og_locale":"es_ES","og_type":"article","og_title":"\u201cLa Galera de Pachano\u201d: Subasta solidaria a beneficio de Fleni - Nuevo Digital de Escobar","og_description":"An\u00edbal Pachano don\u00f3 su m\u00edtica galera de Sombreros Lagomarsino para ser subastada en BidBit a beneficio de Fleni. Lo recaudado en la subasta ser\u00e1 destinado [&hellip;]","og_url":"https:\/\/nuevodigitaldeescobar.com.ar\/?p=9847","og_site_name":"Nuevo Digital de Escobar","article_publisher":"https:\/\/www.facebook.com\/NUEVODigitalDeEscobar","article_published_time":"2024-11-28T10:00:00+00:00","og_image":[{"width":720,"height":403,"url":"https:\/\/nuevodigitaldeescobar.com.ar\/wp-content\/uploads\/2024\/11\/Anibal-Pachano-dona-su-Galera-a-beneficio-de-Fleni-en-baja-e1732738978239.jpg","type":"image\/jpeg"}],"author":"Redacci\u00f3n","twitter_card":"summary_large_image","twitter_creator":"@nuevodigescobar","twitter_site":"@nuevodigescobar","twitter_misc":{"Escrito por":"Redacci\u00f3n","Tiempo de lectura":"4 minutos"},"schema":{"@context":"https:\/\/schema.org","@graph":[{"@type":"Article","@id":"https:\/\/nuevodigitaldeescobar.com.ar\/?p=9847#article","isPartOf":{"@id":"https:\/\/nuevodigitaldeescobar.com.ar\/?p=9847"},"author":{"name":"Redacci\u00f3n","@id":"https:\/\/nuevodigitaldeescobar.com.ar\/#\/schema\/person\/035e90a8efe9a80e6eec22656ad6ea4c"},"headline":"\u201cLa Galera de Pachano\u201d: Subasta solidaria a beneficio de Fleni","datePublished":"2024-11-28T10:00:00+00:00","mainEntityOfPage":{"@id":"https:\/\/nuevodigitaldeescobar.com.ar\/?p=9847"},"wordCount":857,"commentCount":0,"publisher":{"@id":"https:\/\/nuevodigitaldeescobar.com.ar\/#organization"},"image":{"@id":"https:\/\/nuevodigitaldeescobar.com.ar\/?p=9847#primaryimage"},"thumbnailUrl":"https:\/\/nuevodigitaldeescobar.com.ar\/wp-content\/uploads\/2024\/11\/Anibal-Pachano-dona-su-Galera-a-beneficio-de-Fleni-en-baja-e1732738978239.jpg","articleSection":["Cultura, Arte y Espect\u00e1culos","Sociedad"],"inLanguage":"es","potentialAction":[{"@type":"CommentAction","name":"Comment","target":["https:\/\/nuevodigitaldeescobar.com.ar\/?p=9847#respond"]}]},{"@type":"WebPage","@id":"https:\/\/nuevodigitaldeescobar.com.ar\/?p=9847","url":"https:\/\/nuevodigitaldeescobar.com.ar\/?p=9847","name":"\u201cLa Galera de Pachano\u201d: Subasta solidaria a beneficio de Fleni - Nuevo Digital de Escobar","isPartOf":{"@id":"https:\/\/nuevodigitaldeescobar.com.ar\/#website"},"primaryImageOfPage":{"@id":"https:\/\/nuevodigitaldeescobar.com.ar\/?p=9847#primaryimage"},"image":{"@id":"https:\/\/nuevodigitaldeescobar.com.ar\/?p=9847#primaryimage"},"thumbnailUrl":"https:\/\/nuevodigitaldeescobar.com.ar\/wp-content\/uploads\/2024\/11\/Anibal-Pachano-dona-su-Galera-a-beneficio-de-Fleni-en-baja-e1732738978239.jpg","datePublished":"2024-11-28T10:00:00+00:00","breadcrumb":{"@id":"https:\/\/nuevodigitaldeescobar.com.ar\/?p=9847#breadcrumb"},"inLanguage":"es","potentialAction":[{"@type":"ReadAction","target":["https:\/\/nuevodigitaldeescobar.com.ar\/?p=9847"]}]},{"@type":"ImageObject","inLanguage":"es","@id":"https:\/\/nuevodigitaldeescobar.com.ar\/?p=9847#primaryimage","url":"https:\/\/nuevodigitaldeescobar.com.ar\/wp-content\/uploads\/2024\/11\/Anibal-Pachano-dona-su-Galera-a-beneficio-de-Fleni-en-baja-e1732738978239.jpg","contentUrl":"https:\/\/nuevodigitaldeescobar.com.ar\/wp-content\/uploads\/2024\/11\/Anibal-Pachano-dona-su-Galera-a-beneficio-de-Fleni-en-baja-e1732738978239.jpg","width":720,"height":403},{"@type":"BreadcrumbList","@id":"https:\/\/nuevodigitaldeescobar.com.ar\/?p=9847#breadcrumb","itemListElement":[{"@type":"ListItem","position":1,"name":"Portada","item":"https:\/\/nuevodigitaldeescobar.com.ar\/"},{"@type":"ListItem","position":2,"name":"\u201cLa Galera de Pachano\u201d: Subasta solidaria a beneficio de Fleni"}]},{"@type":"WebSite","@id":"https:\/\/nuevodigitaldeescobar.com.ar\/#website","url":"https:\/\/nuevodigitaldeescobar.com.ar\/","name":"Nuevo Digital de Escobar","description":"La vida escobarense. Directora: Rosana Brunner","publisher":{"@id":"https:\/\/nuevodigitaldeescobar.com.ar\/#organization"},"potentialAction":[{"@type":"SearchAction","target":{"@type":"EntryPoint","urlTemplate":"https:\/\/nuevodigitaldeescobar.com.ar\/?s={search_term_string}"},"query-input":{"@type":"PropertyValueSpecification","valueRequired":true,"valueName":"search_term_string"}}],"inLanguage":"es"},{"@type":"Organization","@id":"https:\/\/nuevodigitaldeescobar.com.ar\/#organization","name":"Nuevo Digital de Escobar","url":"https:\/\/nuevodigitaldeescobar.com.ar\/","logo":{"@type":"ImageObject","inLanguage":"es","@id":"https:\/\/nuevodigitaldeescobar.com.ar\/#\/schema\/logo\/image\/","url":"https:\/\/nuevodigitaldeescobar.com.ar\/wp-content\/uploads\/2025\/05\/cropped-logo-nuevo2.jpg","contentUrl":"https:\/\/nuevodigitaldeescobar.com.ar\/wp-content\/uploads\/2025\/05\/cropped-logo-nuevo2.jpg","width":305,"height":305,"caption":"Nuevo Digital de Escobar"},"image":{"@id":"https:\/\/nuevodigitaldeescobar.com.ar\/#\/schema\/logo\/image\/"},"sameAs":["https:\/\/www.facebook.com\/NUEVODigitalDeEscobar","https:\/\/x.com\/nuevodigescobar","https:\/\/www.instagram.com\/nuevodigitaldeescobar"]},{"@type":"Person","@id":"https:\/\/nuevodigitaldeescobar.com.ar\/#\/schema\/person\/035e90a8efe9a80e6eec22656ad6ea4c","name":"Redacci\u00f3n","image":{"@type":"ImageObject","inLanguage":"es","@id":"https:\/\/nuevodigitaldeescobar.com.ar\/#\/schema\/person\/image\/","url":"https:\/\/secure.gravatar.com\/avatar\/8af8f40000c24e9eef3034f2be5998a372bb1389e64b1a4a36b3a7979142220d?s=96&d=mm&r=g","contentUrl":"https:\/\/secure.gravatar.com\/avatar\/8af8f40000c24e9eef3034f2be5998a372bb1389e64b1a4a36b3a7979142220d?s=96&d=mm&r=g","caption":"Redacci\u00f3n"},"sameAs":["http:\/\/nuevodigitaldeescobar.com.ar"],"url":"https:\/\/nuevodigitaldeescobar.com.ar\/?author=1"}]}},"featured_image_urls":{"full":["https:\/\/nuevodigitaldeescobar.com.ar\/wp-content\/uploads\/2024\/11\/Anibal-Pachano-dona-su-Galera-a-beneficio-de-Fleni-en-baja-e1732738978239.jpg",720,403,false],"thumbnail":["https:\/\/nuevodigitaldeescobar.com.ar\/wp-content\/uploads\/2024\/11\/Anibal-Pachano-dona-su-Galera-a-beneficio-de-Fleni-en-baja-150x150.jpg",150,150,true],"medium":["https:\/\/nuevodigitaldeescobar.com.ar\/wp-content\/uploads\/2024\/11\/Anibal-Pachano-dona-su-Galera-a-beneficio-de-Fleni-en-baja-300x168.jpg",300,168,true],"medium_large":["https:\/\/nuevodigitaldeescobar.com.ar\/wp-content\/uploads\/2024\/11\/Anibal-Pachano-dona-su-Galera-a-beneficio-de-Fleni-en-baja-768x430.jpg",640,358,true],"large":["https:\/\/nuevodigitaldeescobar.com.ar\/wp-content\/uploads\/2024\/11\/Anibal-Pachano-dona-su-Galera-a-beneficio-de-Fleni-en-baja-1024x574.jpg",640,359,true],"1536x1536":["https:\/\/nuevodigitaldeescobar.com.ar\/wp-content\/uploads\/2024\/11\/Anibal-Pachano-dona-su-Galera-a-beneficio-de-Fleni-en-baja-1536x860.jpg",1536,860,true],"2048x2048":["https:\/\/nuevodigitaldeescobar.com.ar\/wp-content\/uploads\/2024\/11\/Anibal-Pachano-dona-su-Galera-a-beneficio-de-Fleni-en-baja-e1732738978239.jpg",720,403,false]},"author_info":{"display_name":"Redacci\u00f3n","author_link":"https:\/\/nuevodigitaldeescobar.com.ar\/?author=1"},"category_info":"<a href=\"https:\/\/nuevodigitaldeescobar.com.ar\/?cat=11\" rel=\"category\">Cultura, Arte y Espect\u00e1culos<\/a> <a href=\"https:\/\/nuevodigitaldeescobar.com.ar\/?cat=15\" rel=\"category\">Sociedad<\/a>","tag_info":"Sociedad","comment_count":"0","_links":{"self":[{"href":"https:\/\/nuevodigitaldeescobar.com.ar\/index.php?rest_route=\/wp\/v2\/posts\/9847","targetHints":{"allow":["GET"]}}],"collection":[{"href":"https:\/\/nuevodigitaldeescobar.com.ar\/index.php?rest_route=\/wp\/v2\/posts"}],"about":[{"href":"https:\/\/nuevodigitaldeescobar.com.ar\/index.php?rest_route=\/wp\/v2\/types\/post"}],"author":[{"embeddable":true,"href":"https:\/\/nuevodigitaldeescobar.com.ar\/index.php?rest_route=\/wp\/v2\/users\/1"}],"replies":[{"embeddable":true,"href":"https:\/\/nuevodigitaldeescobar.com.ar\/index.php?rest_route=%2Fwp%2Fv2%2Fcomments&post=9847"}],"version-history":[{"count":1,"href":"https:\/\/nuevodigitaldeescobar.com.ar\/index.php?rest_route=\/wp\/v2\/posts\/9847\/revisions"}],"predecessor-version":[{"id":9856,"href":"https:\/\/nuevodigitaldeescobar.com.ar\/index.php?rest_route=\/wp\/v2\/posts\/9847\/revisions\/9856"}],"wp:featuredmedia":[{"embeddable":true,"href":"https:\/\/nuevodigitaldeescobar.com.ar\/index.php?rest_route=\/wp\/v2\/media\/9855"}],"wp:attachment":[{"href":"https:\/\/nuevodigitaldeescobar.com.ar\/index.php?rest_route=%2Fwp%2Fv2%2Fmedia&parent=9847"}],"wp:term":[{"taxonomy":"category","embeddable":true,"href":"https:\/\/nuevodigitaldeescobar.com.ar\/index.php?rest_route=%2Fwp%2Fv2%2Fcategories&post=9847"},{"taxonomy":"post_tag","embeddable":true,"href":"https:\/\/nuevodigitaldeescobar.com.ar\/index.php?rest_route=%2Fwp%2Fv2%2Ftags&post=9847"}],"curies":[{"name":"wp","href":"https:\/\/api.w.org\/{rel}","templated":true}]}}