{"id":987,"date":"2023-11-16T14:48:12","date_gmt":"2023-11-16T17:48:12","guid":{"rendered":"https:\/\/nuevodigitaldeescobar.com.ar\/?p=987"},"modified":"2023-11-16T14:54:23","modified_gmt":"2023-11-16T17:54:23","slug":"allanaron-la-casa-de-farina-en-el-country-san-matias","status":"publish","type":"post","link":"https:\/\/nuevodigitaldeescobar.com.ar\/?p=987","title":{"rendered":"Allanaron la casa de Fari\u00f1a en el country San Mat\u00edas"},"content":{"rendered":"<p><span style=\"color: #003366;\"><strong><em>El arrepentido en la causa de \u201cLa ruta del dinero K\u201d fue arrestado ayer durante un allanamiento a una financiera de Belgrano. Ten\u00eda la tobillera electr\u00f3nica colocada.<\/em><\/strong><\/span><\/p>\n<p><!--more--><\/p>\n<p>La Polic\u00eda Federal allan\u00f3 esta ma\u00f1ana la vivienda de Leonardo Fari\u00f1a. La propiedad est\u00e1 ubicada en el lote 919 del \u00e1rea 5 country San Mat\u00edas de Escobar, lindante con el barrio Puertos del Lago. El arrepentido en la causa de <em>\u201cLa ruta del dinero K\u201d<\/em> fue arrestado en medio de un operativo y, seg\u00fan informaron los investigadores, ten\u00eda la tobillera electr\u00f3nica colocada al momento del arresto.<\/p>\n<p>El procedimiento de esta ma\u00f1ana estuvo a cargo de la Superintendencia de Investigaciones Federales de la PFA y la Aduana. Seg\u00fan se pudo saber, en el lugar solo encontraron una computadora que ser\u00e1 peritada en las pr\u00f3ximas horas.<\/p>\n<p>En simult\u00e1neo, se realizaron allanamientos en las viviendas del resto de los implicados en la investigaci\u00f3n. En la casa de uno de ellos, Dami\u00e1n Frare, hallaron 10 celulares, una tablet, dinero, contratos de alquiler y documentaci\u00f3n de autos de lujo.<\/p>\n<figure id=\"attachment_988\" aria-describedby=\"caption-attachment-988\" style=\"width: 720px\" class=\"wp-caption alignnone\"><img fetchpriority=\"high\" decoding=\"async\" class=\"size-full wp-image-988\" src=\"http:\/\/nuevodigitaldeescobar.com.ar\/wp-content\/uploads\/2023\/11\/farina-epi-1-e1700156753710.jpg\" alt=\"\" width=\"720\" height=\"448\" srcset=\"https:\/\/nuevodigitaldeescobar.com.ar\/wp-content\/uploads\/2023\/11\/farina-epi-1-e1700156753710.jpg 720w, https:\/\/nuevodigitaldeescobar.com.ar\/wp-content\/uploads\/2023\/11\/farina-epi-1-e1700156753710-300x187.jpg 300w, https:\/\/nuevodigitaldeescobar.com.ar\/wp-content\/uploads\/2023\/11\/farina-epi-1-e1700156753710-400x250.jpg 400w\" sizes=\"(max-width: 720px) 100vw, 720px\" \/><figcaption id=\"caption-attachment-988\" class=\"wp-caption-text\">En una de las viviendas allanadas hoy encontraron diez celulares, una tablet y dinero. (Foto: PFA)<\/figcaption><\/figure>\n<p>Durante la tarde del mi\u00e9rcoles y tras el operativo en la cueva de Belgrano, la Polic\u00eda Federal detuvo a Fari\u00f1a y, luego de varias horas se lo llevaron esposado. Sus abogados dijeron que <em>\u201cno sab\u00edan\u201d<\/em> que estaba en el lugar, pero aclararon que hasta el momento no pudieron hablar con \u00e9l, ya que todos los detenidos est\u00e1n incomunicados.<\/p>\n<p>Durante el allanamiento se secuestraron cajas y valijas repletas de dinero. La cifra asciende a medio mill\u00f3n de pesos. El operativo fue ordenado por el juez Penal en lo Econ\u00f3mico, Pablo Yadarola, en una causa que investiga una presunta infracci\u00f3n de la Ley Cambiaria y Lavado de Activos.<\/p>\n<figure id=\"attachment_989\" aria-describedby=\"caption-attachment-989\" style=\"width: 720px\" class=\"wp-caption alignnone\"><img decoding=\"async\" class=\"size-full wp-image-989\" src=\"http:\/\/nuevodigitaldeescobar.com.ar\/wp-content\/uploads\/2023\/11\/farina-epi-2-e1700156806999.jpg\" alt=\"\" width=\"720\" height=\"774\" srcset=\"https:\/\/nuevodigitaldeescobar.com.ar\/wp-content\/uploads\/2023\/11\/farina-epi-2-e1700156806999.jpg 720w, https:\/\/nuevodigitaldeescobar.com.ar\/wp-content\/uploads\/2023\/11\/farina-epi-2-e1700156806999-279x300.jpg 279w\" sizes=\"(max-width: 720px) 100vw, 720px\" \/><figcaption id=\"caption-attachment-989\" class=\"wp-caption-text\">Los allanamientos ocurrieron luego del operativo que se mont\u00f3 ayer en una cueva financiera de Belgrano. (Foto: Aduana)<\/figcaption><\/figure>\n<p>Trabajaron en el lugar los efectivos de la Federal y la Divisi\u00f3n de Fraudes de Aduana. Adem\u00e1s de cajas con dinero, secuestraron los tel\u00e9fonos de todos los involucrados.<\/p>\n<p>Fuentes del caso informaron que cuando llegaron al lugar, las personas que trabajan en la financiera colocaron bolsos repletos de billetes para evitar que la polic\u00eda ingresara. Adem\u00e1s, uno de ellos intent\u00f3 escapar por el balc\u00f3n.<\/p>\n<figure id=\"attachment_990\" aria-describedby=\"caption-attachment-990\" style=\"width: 720px\" class=\"wp-caption alignnone\"><img decoding=\"async\" class=\"size-full wp-image-990\" src=\"http:\/\/nuevodigitaldeescobar.com.ar\/wp-content\/uploads\/2023\/11\/farina-epi-3-e1700156838482.jpg\" alt=\"\" width=\"720\" height=\"404\" \/><figcaption id=\"caption-attachment-990\" class=\"wp-caption-text\">As\u00ed trasladaba a Leonardo Fari\u00f1a. (Video: TN)<\/figcaption><\/figure>\n<p>Ma\u00f1ana, el juez Yadarola indagar\u00e1 a los cinco imputados, entre los que se encuentra Fari\u00f1a, quien por ahora permanece incomunicado. Su defensa indic\u00f3 que en el d\u00eda de ayer \u00e9l estaba visitando a un amigo, que no tiene que ver con la financiera y que s\u00f3lo trabaja como asesor financiero en otra empresa.<\/p>\n<h3><strong>Por qu\u00e9 Fari\u00f1a tiene tobillera electr\u00f3nica<\/strong><\/h3>\n<p>Fari\u00f1a cumple una condena por una causa de lavado de dinero en la que se lo juzg\u00f3 junto al empresario L\u00e1zaro B\u00e1ez. Al arrepentido le queda un a\u00f1o m\u00e1s de prisi\u00f3n domiciliaria y tiene colocado un dispositivo electr\u00f3nico.<\/p>\n<p>En junio de este a\u00f1o, la fiscal\u00eda pidi\u00f3 la detenci\u00f3n del imputado colaborador, pero la defensa pidi\u00f3 que no vuelva a la c\u00e1rcel y a cambio ofreci\u00f3 realizar donaciones a hogares y centros comunitarios, en compensaci\u00f3n por el tiempo que resta para que pueda pedir la libertad condicional.<\/p>\n<p><em>(Con informaci\u00f3n deTN)<\/em><\/p>\n","protected":false},"excerpt":{"rendered":"<p>El arrepentido en la causa de \u201cLa ruta del dinero K\u201d fue arrestado ayer durante un allanamiento a una financiera de Belgrano. Ten\u00eda la tobillera [&hellip;]<\/p>\n","protected":false},"author":1,"featured_media":991,"comment_status":"open","ping_status":"closed","sticky":false,"template":"","format":"standard","meta":{"footnotes":""},"categories":[13],"tags":[],"class_list":["post-987","post","type-post","status-publish","format-standard","has-post-thumbnail","hentry","category-policiales"],"better_featured_image":{"id":991,"alt_text":"","caption":"","description":"","media_type":"image","media_details":{"width":720,"height":406,"file":"2023\/11\/farina-1-e1700156882597.jpg","filesize":42795,"sizes":{"medium":{"file":"farina-1-300x169.jpg","width":300,"height":169,"mime-type":"image\/jpeg","filesize":8893,"source_url":"https:\/\/nuevodigitaldeescobar.com.ar\/wp-content\/uploads\/2023\/11\/farina-1-300x169.jpg"},"thumbnail":{"file":"farina-1-150x150.jpg","width":150,"height":150,"mime-type":"image\/jpeg","filesize":4481,"source_url":"https:\/\/nuevodigitaldeescobar.com.ar\/wp-content\/uploads\/2023\/11\/farina-1-150x150.jpg"},"covernews-medium":{"file":"farina-1-540x340.jpg","width":540,"height":340,"mime-type":"image\/jpeg","filesize":22582,"source_url":"https:\/\/nuevodigitaldeescobar.com.ar\/wp-content\/uploads\/2023\/11\/farina-1-540x340.jpg"},"covernews-medium-square":{"file":"farina-1-400x250.jpg","width":400,"height":250,"mime-type":"image\/jpeg","filesize":14516,"source_url":"https:\/\/nuevodigitaldeescobar.com.ar\/wp-content\/uploads\/2023\/11\/farina-1-400x250.jpg"}},"image_meta":{"aperture":"0","credit":"","camera":"","caption":"","created_timestamp":"0","copyright":"","focal_length":"0","iso":"0","shutter_speed":"0","title":"","orientation":"0","keywords":[]}},"post":987,"source_url":"https:\/\/nuevodigitaldeescobar.com.ar\/wp-content\/uploads\/2023\/11\/farina-1-e1700156882597.jpg"},"yoast_head":"<!-- This site is optimized with the Yoast SEO plugin v26.1.1 - https:\/\/yoast.com\/wordpress\/plugins\/seo\/ -->\n<title>Allanaron la casa de Fari\u00f1a en el country San Mat\u00edas - Nuevo Digital de Escobar<\/title>\n<meta name=\"robots\" content=\"index, follow, max-snippet:-1, max-image-preview:large, max-video-preview:-1\" \/>\n<link rel=\"canonical\" href=\"https:\/\/nuevodigitaldeescobar.com.ar\/?p=987\" \/>\n<meta property=\"og:locale\" content=\"es_ES\" \/>\n<meta property=\"og:type\" content=\"article\" \/>\n<meta property=\"og:title\" content=\"Allanaron la casa de Fari\u00f1a en el country San Mat\u00edas - Nuevo Digital de Escobar\" \/>\n<meta property=\"og:description\" content=\"El arrepentido en la causa de \u201cLa ruta del dinero K\u201d fue arrestado ayer durante un allanamiento a una financiera de Belgrano. Ten\u00eda la tobillera [&hellip;]\" \/>\n<meta property=\"og:url\" content=\"https:\/\/nuevodigitaldeescobar.com.ar\/?p=987\" \/>\n<meta property=\"og:site_name\" content=\"Nuevo Digital de Escobar\" \/>\n<meta property=\"article:publisher\" content=\"https:\/\/www.facebook.com\/NUEVODigitalDeEscobar\" \/>\n<meta property=\"article:published_time\" content=\"2023-11-16T17:48:12+00:00\" \/>\n<meta property=\"article:modified_time\" content=\"2023-11-16T17:54:23+00:00\" \/>\n<meta property=\"og:image\" content=\"https:\/\/nuevodigitaldeescobar.com.ar\/wp-content\/uploads\/2023\/11\/farina-1-e1700156882597.jpg\" \/>\n\t<meta property=\"og:image:width\" content=\"720\" \/>\n\t<meta property=\"og:image:height\" content=\"406\" \/>\n\t<meta property=\"og:image:type\" content=\"image\/jpeg\" \/>\n<meta name=\"author\" content=\"Redacci\u00f3n\" \/>\n<meta name=\"twitter:card\" content=\"summary_large_image\" \/>\n<meta name=\"twitter:creator\" content=\"@nuevodigescobar\" \/>\n<meta name=\"twitter:site\" content=\"@nuevodigescobar\" \/>\n<meta name=\"twitter:label1\" content=\"Escrito por\" \/>\n\t<meta name=\"twitter:data1\" content=\"Redacci\u00f3n\" \/>\n\t<meta name=\"twitter:label2\" content=\"Tiempo de lectura\" \/>\n\t<meta name=\"twitter:data2\" content=\"3 minutos\" \/>\n<script type=\"application\/ld+json\" class=\"yoast-schema-graph\">{\"@context\":\"https:\/\/schema.org\",\"@graph\":[{\"@type\":\"Article\",\"@id\":\"https:\/\/nuevodigitaldeescobar.com.ar\/?p=987#article\",\"isPartOf\":{\"@id\":\"https:\/\/nuevodigitaldeescobar.com.ar\/?p=987\"},\"author\":{\"name\":\"Redacci\u00f3n\",\"@id\":\"https:\/\/nuevodigitaldeescobar.com.ar\/#\/schema\/person\/035e90a8efe9a80e6eec22656ad6ea4c\"},\"headline\":\"Allanaron la casa de Fari\u00f1a en el country San Mat\u00edas\",\"datePublished\":\"2023-11-16T17:48:12+00:00\",\"dateModified\":\"2023-11-16T17:54:23+00:00\",\"mainEntityOfPage\":{\"@id\":\"https:\/\/nuevodigitaldeescobar.com.ar\/?p=987\"},\"wordCount\":610,\"commentCount\":0,\"publisher\":{\"@id\":\"https:\/\/nuevodigitaldeescobar.com.ar\/#organization\"},\"image\":{\"@id\":\"https:\/\/nuevodigitaldeescobar.com.ar\/?p=987#primaryimage\"},\"thumbnailUrl\":\"https:\/\/nuevodigitaldeescobar.com.ar\/wp-content\/uploads\/2023\/11\/farina-1-e1700156882597.jpg\",\"articleSection\":[\"Policiales\"],\"inLanguage\":\"es\",\"potentialAction\":[{\"@type\":\"CommentAction\",\"name\":\"Comment\",\"target\":[\"https:\/\/nuevodigitaldeescobar.com.ar\/?p=987#respond\"]}]},{\"@type\":\"WebPage\",\"@id\":\"https:\/\/nuevodigitaldeescobar.com.ar\/?p=987\",\"url\":\"https:\/\/nuevodigitaldeescobar.com.ar\/?p=987\",\"name\":\"Allanaron la casa de Fari\u00f1a en el country San Mat\u00edas - Nuevo Digital de Escobar\",\"isPartOf\":{\"@id\":\"https:\/\/nuevodigitaldeescobar.com.ar\/#website\"},\"primaryImageOfPage\":{\"@id\":\"https:\/\/nuevodigitaldeescobar.com.ar\/?p=987#primaryimage\"},\"image\":{\"@id\":\"https:\/\/nuevodigitaldeescobar.com.ar\/?p=987#primaryimage\"},\"thumbnailUrl\":\"https:\/\/nuevodigitaldeescobar.com.ar\/wp-content\/uploads\/2023\/11\/farina-1-e1700156882597.jpg\",\"datePublished\":\"2023-11-16T17:48:12+00:00\",\"dateModified\":\"2023-11-16T17:54:23+00:00\",\"breadcrumb\":{\"@id\":\"https:\/\/nuevodigitaldeescobar.com.ar\/?p=987#breadcrumb\"},\"inLanguage\":\"es\",\"potentialAction\":[{\"@type\":\"ReadAction\",\"target\":[\"https:\/\/nuevodigitaldeescobar.com.ar\/?p=987\"]}]},{\"@type\":\"ImageObject\",\"inLanguage\":\"es\",\"@id\":\"https:\/\/nuevodigitaldeescobar.com.ar\/?p=987#primaryimage\",\"url\":\"https:\/\/nuevodigitaldeescobar.com.ar\/wp-content\/uploads\/2023\/11\/farina-1-e1700156882597.jpg\",\"contentUrl\":\"https:\/\/nuevodigitaldeescobar.com.ar\/wp-content\/uploads\/2023\/11\/farina-1-e1700156882597.jpg\",\"width\":720,\"height\":406},{\"@type\":\"BreadcrumbList\",\"@id\":\"https:\/\/nuevodigitaldeescobar.com.ar\/?p=987#breadcrumb\",\"itemListElement\":[{\"@type\":\"ListItem\",\"position\":1,\"name\":\"Portada\",\"item\":\"https:\/\/nuevodigitaldeescobar.com.ar\/\"},{\"@type\":\"ListItem\",\"position\":2,\"name\":\"Allanaron la casa de Fari\u00f1a en el country San Mat\u00edas\"}]},{\"@type\":\"WebSite\",\"@id\":\"https:\/\/nuevodigitaldeescobar.com.ar\/#website\",\"url\":\"https:\/\/nuevodigitaldeescobar.com.ar\/\",\"name\":\"Nuevo Digital de Escobar\",\"description\":\"La vida escobarense. Directora: Rosana Brunner\",\"publisher\":{\"@id\":\"https:\/\/nuevodigitaldeescobar.com.ar\/#organization\"},\"potentialAction\":[{\"@type\":\"SearchAction\",\"target\":{\"@type\":\"EntryPoint\",\"urlTemplate\":\"https:\/\/nuevodigitaldeescobar.com.ar\/?s={search_term_string}\"},\"query-input\":{\"@type\":\"PropertyValueSpecification\",\"valueRequired\":true,\"valueName\":\"search_term_string\"}}],\"inLanguage\":\"es\"},{\"@type\":\"Organization\",\"@id\":\"https:\/\/nuevodigitaldeescobar.com.ar\/#organization\",\"name\":\"Nuevo Digital de Escobar\",\"url\":\"https:\/\/nuevodigitaldeescobar.com.ar\/\",\"logo\":{\"@type\":\"ImageObject\",\"inLanguage\":\"es\",\"@id\":\"https:\/\/nuevodigitaldeescobar.com.ar\/#\/schema\/logo\/image\/\",\"url\":\"https:\/\/nuevodigitaldeescobar.com.ar\/wp-content\/uploads\/2025\/05\/cropped-logo-nuevo2.jpg\",\"contentUrl\":\"https:\/\/nuevodigitaldeescobar.com.ar\/wp-content\/uploads\/2025\/05\/cropped-logo-nuevo2.jpg\",\"width\":305,\"height\":305,\"caption\":\"Nuevo Digital de Escobar\"},\"image\":{\"@id\":\"https:\/\/nuevodigitaldeescobar.com.ar\/#\/schema\/logo\/image\/\"},\"sameAs\":[\"https:\/\/www.facebook.com\/NUEVODigitalDeEscobar\",\"https:\/\/x.com\/nuevodigescobar\",\"https:\/\/www.instagram.com\/nuevodigitaldeescobar\"]},{\"@type\":\"Person\",\"@id\":\"https:\/\/nuevodigitaldeescobar.com.ar\/#\/schema\/person\/035e90a8efe9a80e6eec22656ad6ea4c\",\"name\":\"Redacci\u00f3n\",\"image\":{\"@type\":\"ImageObject\",\"inLanguage\":\"es\",\"@id\":\"https:\/\/nuevodigitaldeescobar.com.ar\/#\/schema\/person\/image\/\",\"url\":\"https:\/\/secure.gravatar.com\/avatar\/8af8f40000c24e9eef3034f2be5998a372bb1389e64b1a4a36b3a7979142220d?s=96&d=mm&r=g\",\"contentUrl\":\"https:\/\/secure.gravatar.com\/avatar\/8af8f40000c24e9eef3034f2be5998a372bb1389e64b1a4a36b3a7979142220d?s=96&d=mm&r=g\",\"caption\":\"Redacci\u00f3n\"},\"sameAs\":[\"http:\/\/nuevodigitaldeescobar.com.ar\"],\"url\":\"https:\/\/nuevodigitaldeescobar.com.ar\/?author=1\"}]}<\/script>\n<!-- \/ Yoast SEO plugin. -->","yoast_head_json":{"title":"Allanaron la casa de Fari\u00f1a en el country San Mat\u00edas - Nuevo Digital de Escobar","robots":{"index":"index","follow":"follow","max-snippet":"max-snippet:-1","max-image-preview":"max-image-preview:large","max-video-preview":"max-video-preview:-1"},"canonical":"https:\/\/nuevodigitaldeescobar.com.ar\/?p=987","og_locale":"es_ES","og_type":"article","og_title":"Allanaron la casa de Fari\u00f1a en el country San Mat\u00edas - Nuevo Digital de Escobar","og_description":"El arrepentido en la causa de \u201cLa ruta del dinero K\u201d fue arrestado ayer durante un allanamiento a una financiera de Belgrano. Ten\u00eda la tobillera [&hellip;]","og_url":"https:\/\/nuevodigitaldeescobar.com.ar\/?p=987","og_site_name":"Nuevo Digital de Escobar","article_publisher":"https:\/\/www.facebook.com\/NUEVODigitalDeEscobar","article_published_time":"2023-11-16T17:48:12+00:00","article_modified_time":"2023-11-16T17:54:23+00:00","og_image":[{"width":720,"height":406,"url":"https:\/\/nuevodigitaldeescobar.com.ar\/wp-content\/uploads\/2023\/11\/farina-1-e1700156882597.jpg","type":"image\/jpeg"}],"author":"Redacci\u00f3n","twitter_card":"summary_large_image","twitter_creator":"@nuevodigescobar","twitter_site":"@nuevodigescobar","twitter_misc":{"Escrito por":"Redacci\u00f3n","Tiempo de lectura":"3 minutos"},"schema":{"@context":"https:\/\/schema.org","@graph":[{"@type":"Article","@id":"https:\/\/nuevodigitaldeescobar.com.ar\/?p=987#article","isPartOf":{"@id":"https:\/\/nuevodigitaldeescobar.com.ar\/?p=987"},"author":{"name":"Redacci\u00f3n","@id":"https:\/\/nuevodigitaldeescobar.com.ar\/#\/schema\/person\/035e90a8efe9a80e6eec22656ad6ea4c"},"headline":"Allanaron la casa de Fari\u00f1a en el country San Mat\u00edas","datePublished":"2023-11-16T17:48:12+00:00","dateModified":"2023-11-16T17:54:23+00:00","mainEntityOfPage":{"@id":"https:\/\/nuevodigitaldeescobar.com.ar\/?p=987"},"wordCount":610,"commentCount":0,"publisher":{"@id":"https:\/\/nuevodigitaldeescobar.com.ar\/#organization"},"image":{"@id":"https:\/\/nuevodigitaldeescobar.com.ar\/?p=987#primaryimage"},"thumbnailUrl":"https:\/\/nuevodigitaldeescobar.com.ar\/wp-content\/uploads\/2023\/11\/farina-1-e1700156882597.jpg","articleSection":["Policiales"],"inLanguage":"es","potentialAction":[{"@type":"CommentAction","name":"Comment","target":["https:\/\/nuevodigitaldeescobar.com.ar\/?p=987#respond"]}]},{"@type":"WebPage","@id":"https:\/\/nuevodigitaldeescobar.com.ar\/?p=987","url":"https:\/\/nuevodigitaldeescobar.com.ar\/?p=987","name":"Allanaron la casa de Fari\u00f1a en el country San Mat\u00edas - Nuevo Digital de Escobar","isPartOf":{"@id":"https:\/\/nuevodigitaldeescobar.com.ar\/#website"},"primaryImageOfPage":{"@id":"https:\/\/nuevodigitaldeescobar.com.ar\/?p=987#primaryimage"},"image":{"@id":"https:\/\/nuevodigitaldeescobar.com.ar\/?p=987#primaryimage"},"thumbnailUrl":"https:\/\/nuevodigitaldeescobar.com.ar\/wp-content\/uploads\/2023\/11\/farina-1-e1700156882597.jpg","datePublished":"2023-11-16T17:48:12+00:00","dateModified":"2023-11-16T17:54:23+00:00","breadcrumb":{"@id":"https:\/\/nuevodigitaldeescobar.com.ar\/?p=987#breadcrumb"},"inLanguage":"es","potentialAction":[{"@type":"ReadAction","target":["https:\/\/nuevodigitaldeescobar.com.ar\/?p=987"]}]},{"@type":"ImageObject","inLanguage":"es","@id":"https:\/\/nuevodigitaldeescobar.com.ar\/?p=987#primaryimage","url":"https:\/\/nuevodigitaldeescobar.com.ar\/wp-content\/uploads\/2023\/11\/farina-1-e1700156882597.jpg","contentUrl":"https:\/\/nuevodigitaldeescobar.com.ar\/wp-content\/uploads\/2023\/11\/farina-1-e1700156882597.jpg","width":720,"height":406},{"@type":"BreadcrumbList","@id":"https:\/\/nuevodigitaldeescobar.com.ar\/?p=987#breadcrumb","itemListElement":[{"@type":"ListItem","position":1,"name":"Portada","item":"https:\/\/nuevodigitaldeescobar.com.ar\/"},{"@type":"ListItem","position":2,"name":"Allanaron la casa de Fari\u00f1a en el country San Mat\u00edas"}]},{"@type":"WebSite","@id":"https:\/\/nuevodigitaldeescobar.com.ar\/#website","url":"https:\/\/nuevodigitaldeescobar.com.ar\/","name":"Nuevo Digital de Escobar","description":"La vida escobarense. Directora: Rosana Brunner","publisher":{"@id":"https:\/\/nuevodigitaldeescobar.com.ar\/#organization"},"potentialAction":[{"@type":"SearchAction","target":{"@type":"EntryPoint","urlTemplate":"https:\/\/nuevodigitaldeescobar.com.ar\/?s={search_term_string}"},"query-input":{"@type":"PropertyValueSpecification","valueRequired":true,"valueName":"search_term_string"}}],"inLanguage":"es"},{"@type":"Organization","@id":"https:\/\/nuevodigitaldeescobar.com.ar\/#organization","name":"Nuevo Digital de Escobar","url":"https:\/\/nuevodigitaldeescobar.com.ar\/","logo":{"@type":"ImageObject","inLanguage":"es","@id":"https:\/\/nuevodigitaldeescobar.com.ar\/#\/schema\/logo\/image\/","url":"https:\/\/nuevodigitaldeescobar.com.ar\/wp-content\/uploads\/2025\/05\/cropped-logo-nuevo2.jpg","contentUrl":"https:\/\/nuevodigitaldeescobar.com.ar\/wp-content\/uploads\/2025\/05\/cropped-logo-nuevo2.jpg","width":305,"height":305,"caption":"Nuevo Digital de Escobar"},"image":{"@id":"https:\/\/nuevodigitaldeescobar.com.ar\/#\/schema\/logo\/image\/"},"sameAs":["https:\/\/www.facebook.com\/NUEVODigitalDeEscobar","https:\/\/x.com\/nuevodigescobar","https:\/\/www.instagram.com\/nuevodigitaldeescobar"]},{"@type":"Person","@id":"https:\/\/nuevodigitaldeescobar.com.ar\/#\/schema\/person\/035e90a8efe9a80e6eec22656ad6ea4c","name":"Redacci\u00f3n","image":{"@type":"ImageObject","inLanguage":"es","@id":"https:\/\/nuevodigitaldeescobar.com.ar\/#\/schema\/person\/image\/","url":"https:\/\/secure.gravatar.com\/avatar\/8af8f40000c24e9eef3034f2be5998a372bb1389e64b1a4a36b3a7979142220d?s=96&d=mm&r=g","contentUrl":"https:\/\/secure.gravatar.com\/avatar\/8af8f40000c24e9eef3034f2be5998a372bb1389e64b1a4a36b3a7979142220d?s=96&d=mm&r=g","caption":"Redacci\u00f3n"},"sameAs":["http:\/\/nuevodigitaldeescobar.com.ar"],"url":"https:\/\/nuevodigitaldeescobar.com.ar\/?author=1"}]}},"featured_image_urls":{"full":["https:\/\/nuevodigitaldeescobar.com.ar\/wp-content\/uploads\/2023\/11\/farina-1-e1700156882597.jpg",720,406,false],"thumbnail":["https:\/\/nuevodigitaldeescobar.com.ar\/wp-content\/uploads\/2023\/11\/farina-1-150x150.jpg",150,150,true],"medium":["https:\/\/nuevodigitaldeescobar.com.ar\/wp-content\/uploads\/2023\/11\/farina-1-300x169.jpg",300,169,true],"medium_large":["https:\/\/nuevodigitaldeescobar.com.ar\/wp-content\/uploads\/2023\/11\/farina-1-e1700156882597.jpg",640,361,false],"large":["https:\/\/nuevodigitaldeescobar.com.ar\/wp-content\/uploads\/2023\/11\/farina-1-e1700156882597.jpg",640,361,false],"1536x1536":["https:\/\/nuevodigitaldeescobar.com.ar\/wp-content\/uploads\/2023\/11\/farina-1-e1700156882597.jpg",720,406,false],"2048x2048":["https:\/\/nuevodigitaldeescobar.com.ar\/wp-content\/uploads\/2023\/11\/farina-1-e1700156882597.jpg",720,406,false]},"author_info":{"display_name":"Redacci\u00f3n","author_link":"https:\/\/nuevodigitaldeescobar.com.ar\/?author=1"},"category_info":"<a href=\"https:\/\/nuevodigitaldeescobar.com.ar\/?cat=13\" rel=\"category\">Policiales<\/a>","tag_info":"Policiales","comment_count":"0","_links":{"self":[{"href":"https:\/\/nuevodigitaldeescobar.com.ar\/index.php?rest_route=\/wp\/v2\/posts\/987","targetHints":{"allow":["GET"]}}],"collection":[{"href":"https:\/\/nuevodigitaldeescobar.com.ar\/index.php?rest_route=\/wp\/v2\/posts"}],"about":[{"href":"https:\/\/nuevodigitaldeescobar.com.ar\/index.php?rest_route=\/wp\/v2\/types\/post"}],"author":[{"embeddable":true,"href":"https:\/\/nuevodigitaldeescobar.com.ar\/index.php?rest_route=\/wp\/v2\/users\/1"}],"replies":[{"embeddable":true,"href":"https:\/\/nuevodigitaldeescobar.com.ar\/index.php?rest_route=%2Fwp%2Fv2%2Fcomments&post=987"}],"version-history":[{"count":3,"href":"https:\/\/nuevodigitaldeescobar.com.ar\/index.php?rest_route=\/wp\/v2\/posts\/987\/revisions"}],"predecessor-version":[{"id":995,"href":"https:\/\/nuevodigitaldeescobar.com.ar\/index.php?rest_route=\/wp\/v2\/posts\/987\/revisions\/995"}],"wp:featuredmedia":[{"embeddable":true,"href":"https:\/\/nuevodigitaldeescobar.com.ar\/index.php?rest_route=\/wp\/v2\/media\/991"}],"wp:attachment":[{"href":"https:\/\/nuevodigitaldeescobar.com.ar\/index.php?rest_route=%2Fwp%2Fv2%2Fmedia&parent=987"}],"wp:term":[{"taxonomy":"category","embeddable":true,"href":"https:\/\/nuevodigitaldeescobar.com.ar\/index.php?rest_route=%2Fwp%2Fv2%2Fcategories&post=987"},{"taxonomy":"post_tag","embeddable":true,"href":"https:\/\/nuevodigitaldeescobar.com.ar\/index.php?rest_route=%2Fwp%2Fv2%2Ftags&post=987"}],"curies":[{"name":"wp","href":"https:\/\/api.w.org\/{rel}","templated":true}]}}