{"id":9887,"date":"2024-11-29T07:00:00","date_gmt":"2024-11-29T10:00:00","guid":{"rendered":"https:\/\/nuevodigitaldeescobar.com.ar\/?p=9887"},"modified":"2024-11-28T22:46:45","modified_gmt":"2024-11-29T01:46:45","slug":"se-presento-el-proyecto-fiscal-tributario-2025","status":"publish","type":"post","link":"https:\/\/nuevodigitaldeescobar.com.ar\/?p=9887","title":{"rendered":"Se present\u00f3 el proyecto Fiscal Tributario 2025"},"content":{"rendered":"<p><span style=\"color: #003366;\"><strong><em>El intendente Sujarchuk elev\u00f3 al Concejo Deliberante los proyectos de ordenanza de Presupuesto y Fiscal Tributario, que incluyen para el pr\u00f3ximo a\u00f1o una mayor inversi\u00f3n en seguridad, salud, educaci\u00f3n, y la eliminaci\u00f3n de 50 tasas, lo que implicar\u00eda la eliminaci\u00f3n de m\u00e1s de 150 tributos en los \u00faltimos nueve a\u00f1os.<\/em><\/strong><\/span><\/p>\n<p><!--more--><\/p>\n<hr \/>\n<p>Seg\u00fan el proyecto, el presupuesto de 2025 ser\u00e1 de poco m\u00e1s de $216 mil millones, lo que representa un 140% m\u00e1s que el fijado en 2024, un crecimiento que se encuentra muy por encima del previsto para las tasas municipales. Esto se debe en gran parte a la estimaci\u00f3n de un nuevo aumento del Coeficiente \u00danico de Distribuci\u00f3n (CUD) de la Coparticipaci\u00f3n, el cual se calcula anualmente, que premia la eficiencia del gasto que realizan los Municipios (especialmente en materia sanitaria). En este registro, Escobar es el distrito que m\u00e1s creci\u00f3 desde 2016 hasta la fecha.<\/p>\n<p><em>\u00abAun sin financiamiento nacional y en medio del ajuste, esta gesti\u00f3n hace y as\u00ed Escobar progresa. Por eso seguimos invirtiendo en las \u00e1reas de gobierno m\u00e1s sensibles, con una administraci\u00f3n responsable de los recursos y sabiendo que nuestro compromiso es con los vecinos y vecinas. Adem\u00e1s, con el objetivo de acompa\u00f1ar el esfuerzo de los contribuyentes, lanzamos nuevas medidas que alivian la situaci\u00f3n tributaria en estos momentos de crisis econ\u00f3mica. Vamos a profundizar nuestra iniciativa de un Estado din\u00e1mico, \u00e1gil, sencillo y eficiente, que nosotros denominamos DASE y que, haciendo eje en la innovaci\u00f3n tecnol\u00f3gica y en las nuevas herramientas digitales, aporta soluciones reales y concretas a toda la comunidad escobarense\u00bb<\/em>, explic\u00f3 Sujarchuk.<\/p>\n<p>Entre los principales puntos del proyecto se encuentra un aumento presupuestario en distintas \u00e1reas: en materia de seguridad ser\u00e1 del 2,71%, en salud casi del 2% y en educaci\u00f3n ser\u00e1 del 4,18%, teniendo en cuenta que representar\u00e1 la primera partida asignada desde que tiene rango de Secretar\u00eda. Asimismo, el Municipio tomar\u00e1 algunas medidas para profundizar el proceso de ahorro y optimizar recursos, recortando egresos destinados a eventos, publicidad institucional, y el costo propio de la administraci\u00f3n p\u00fablica, que aseguran ser\u00e1 el m\u00e1s bajo de la historia.<\/p>\n<p>Con relaci\u00f3n a los beneficios para contribuyentes, entre las 50 tasas que se eliminar\u00e1n en 2025 se destacan la que aplicaba a la Registraci\u00f3n y Verificaci\u00f3n de puestos de control (que pagan las empresas de seguridad) as\u00ed como tributos vinculados a la obra privada (como el Certificado de Final de Obra) y a la actividad econ\u00f3mica (como ciertos derechos de espect\u00e1culos p\u00fablicos). Adem\u00e1s, a pedido del bloque opositor del Concejo Deliberante, se eliminar\u00e1 la Tasa de Ocupaci\u00f3n para los bicicleteros. Tambi\u00e9n se facilitar\u00e1n los mecanismos para que las parejas con uni\u00f3n convivencial registrada puedan acceder a los beneficios tributarios, y se mantendr\u00e1n las exenciones para sostener la Autorizaci\u00f3n Autom\u00e1tica de Obras Privadas y la Habilitaci\u00f3n Digital Provisoria de Comercios (que incluye la eximici\u00f3n en los costos de habilitaci\u00f3n y 3 meses a tasa 0%).<\/p>\n<p>En cuanto a la Tasa por Servicios Generales, se actualizar\u00e1 en un 15% en enero y tendr\u00e1 un refuerzo del 5% en marzo. Por \u00faltimo, se crear\u00e1 la Tasa por Servicios de Seguridad, que en enero repercutir\u00e1 en un 2% en la boleta de Tasa por Servicios Generales y un 4% en la de Tasa por Inspecci\u00f3n de Seguridad e Higiene.<\/p>\n","protected":false},"excerpt":{"rendered":"<p>El intendente Sujarchuk elev\u00f3 al Concejo Deliberante los proyectos de ordenanza de Presupuesto y Fiscal Tributario, que incluyen para el pr\u00f3ximo a\u00f1o una mayor inversi\u00f3n [&hellip;]<\/p>\n","protected":false},"author":1,"featured_media":9888,"comment_status":"open","ping_status":"open","sticky":false,"template":"","format":"standard","meta":{"footnotes":""},"categories":[10,12],"tags":[],"class_list":["post-9887","post","type-post","status-publish","format-standard","has-post-thumbnail","hentry","category-economia","category-legislativas"],"better_featured_image":{"id":9888,"alt_text":"","caption":"","description":"","media_type":"image","media_details":{"width":720,"height":313,"file":"2024\/11\/hcd-presupuesto-e1732844793328.jpg","filesize":390510,"sizes":{"medium":{"file":"hcd-presupuesto-e1732844793328-300x130.jpg","width":300,"height":130,"mime-type":"image\/jpeg","filesize":16080,"source_url":"https:\/\/nuevodigitaldeescobar.com.ar\/wp-content\/uploads\/2024\/11\/hcd-presupuesto-e1732844793328-300x130.jpg"},"large":{"file":"hcd-presupuesto-1024x682.jpg","width":1024,"height":682,"mime-type":"image\/jpeg","filesize":143669,"source_url":"https:\/\/nuevodigitaldeescobar.com.ar\/wp-content\/uploads\/2024\/11\/hcd-presupuesto-1024x682.jpg"},"thumbnail":{"file":"hcd-presupuesto-e1732844793328-150x150.jpg","width":150,"height":150,"mime-type":"image\/jpeg","filesize":10403,"source_url":"https:\/\/nuevodigitaldeescobar.com.ar\/wp-content\/uploads\/2024\/11\/hcd-presupuesto-e1732844793328-150x150.jpg"},"medium_large":{"file":"hcd-presupuesto-768x512.jpg","width":768,"height":512,"mime-type":"image\/jpeg","filesize":88990,"source_url":"https:\/\/nuevodigitaldeescobar.com.ar\/wp-content\/uploads\/2024\/11\/hcd-presupuesto-768x512.jpg"},"1536x1536":{"file":"hcd-presupuesto-1536x1023.jpg","width":1536,"height":1023,"mime-type":"image\/jpeg","filesize":280260,"source_url":"https:\/\/nuevodigitaldeescobar.com.ar\/wp-content\/uploads\/2024\/11\/hcd-presupuesto-1536x1023.jpg"}},"image_meta":{"aperture":"0","credit":"","camera":"","caption":"","created_timestamp":"0","copyright":"","focal_length":"0","iso":"0","shutter_speed":"0","title":"","orientation":"0","keywords":[]}},"post":9887,"source_url":"https:\/\/nuevodigitaldeescobar.com.ar\/wp-content\/uploads\/2024\/11\/hcd-presupuesto-e1732844793328.jpg"},"yoast_head":"<!-- This site is optimized with the Yoast SEO plugin v26.1.1 - https:\/\/yoast.com\/wordpress\/plugins\/seo\/ -->\n<title>Se present\u00f3 el proyecto Fiscal Tributario 2025 - Nuevo Digital de Escobar<\/title>\n<meta name=\"robots\" content=\"index, follow, max-snippet:-1, max-image-preview:large, max-video-preview:-1\" \/>\n<link rel=\"canonical\" href=\"https:\/\/nuevodigitaldeescobar.com.ar\/?p=9887\" \/>\n<meta property=\"og:locale\" content=\"es_ES\" \/>\n<meta property=\"og:type\" content=\"article\" \/>\n<meta property=\"og:title\" content=\"Se present\u00f3 el proyecto Fiscal Tributario 2025 - Nuevo Digital de Escobar\" \/>\n<meta property=\"og:description\" content=\"El intendente Sujarchuk elev\u00f3 al Concejo Deliberante los proyectos de ordenanza de Presupuesto y Fiscal Tributario, que incluyen para el pr\u00f3ximo a\u00f1o una mayor inversi\u00f3n [&hellip;]\" \/>\n<meta property=\"og:url\" content=\"https:\/\/nuevodigitaldeescobar.com.ar\/?p=9887\" \/>\n<meta property=\"og:site_name\" content=\"Nuevo Digital de Escobar\" \/>\n<meta property=\"article:publisher\" content=\"https:\/\/www.facebook.com\/NUEVODigitalDeEscobar\" \/>\n<meta property=\"article:published_time\" content=\"2024-11-29T10:00:00+00:00\" \/>\n<meta property=\"og:image\" content=\"https:\/\/nuevodigitaldeescobar.com.ar\/wp-content\/uploads\/2024\/11\/hcd-presupuesto-e1732844793328.jpg\" \/>\n\t<meta property=\"og:image:width\" content=\"720\" \/>\n\t<meta property=\"og:image:height\" content=\"313\" \/>\n\t<meta property=\"og:image:type\" content=\"image\/jpeg\" \/>\n<meta name=\"author\" content=\"Redacci\u00f3n\" \/>\n<meta name=\"twitter:card\" content=\"summary_large_image\" \/>\n<meta name=\"twitter:creator\" content=\"@nuevodigescobar\" \/>\n<meta name=\"twitter:site\" content=\"@nuevodigescobar\" \/>\n<meta name=\"twitter:label1\" content=\"Escrito por\" \/>\n\t<meta name=\"twitter:data1\" content=\"Redacci\u00f3n\" \/>\n\t<meta name=\"twitter:label2\" content=\"Tiempo de lectura\" \/>\n\t<meta name=\"twitter:data2\" content=\"3 minutos\" \/>\n<script type=\"application\/ld+json\" class=\"yoast-schema-graph\">{\"@context\":\"https:\/\/schema.org\",\"@graph\":[{\"@type\":\"Article\",\"@id\":\"https:\/\/nuevodigitaldeescobar.com.ar\/?p=9887#article\",\"isPartOf\":{\"@id\":\"https:\/\/nuevodigitaldeescobar.com.ar\/?p=9887\"},\"author\":{\"name\":\"Redacci\u00f3n\",\"@id\":\"https:\/\/nuevodigitaldeescobar.com.ar\/#\/schema\/person\/035e90a8efe9a80e6eec22656ad6ea4c\"},\"headline\":\"Se present\u00f3 el proyecto Fiscal Tributario 2025\",\"datePublished\":\"2024-11-29T10:00:00+00:00\",\"mainEntityOfPage\":{\"@id\":\"https:\/\/nuevodigitaldeescobar.com.ar\/?p=9887\"},\"wordCount\":578,\"commentCount\":0,\"publisher\":{\"@id\":\"https:\/\/nuevodigitaldeescobar.com.ar\/#organization\"},\"image\":{\"@id\":\"https:\/\/nuevodigitaldeescobar.com.ar\/?p=9887#primaryimage\"},\"thumbnailUrl\":\"https:\/\/nuevodigitaldeescobar.com.ar\/wp-content\/uploads\/2024\/11\/hcd-presupuesto-e1732844793328.jpg\",\"articleSection\":[\"Econom\u00eda\",\"Legislativas\"],\"inLanguage\":\"es\",\"potentialAction\":[{\"@type\":\"CommentAction\",\"name\":\"Comment\",\"target\":[\"https:\/\/nuevodigitaldeescobar.com.ar\/?p=9887#respond\"]}]},{\"@type\":\"WebPage\",\"@id\":\"https:\/\/nuevodigitaldeescobar.com.ar\/?p=9887\",\"url\":\"https:\/\/nuevodigitaldeescobar.com.ar\/?p=9887\",\"name\":\"Se present\u00f3 el proyecto Fiscal Tributario 2025 - Nuevo Digital de Escobar\",\"isPartOf\":{\"@id\":\"https:\/\/nuevodigitaldeescobar.com.ar\/#website\"},\"primaryImageOfPage\":{\"@id\":\"https:\/\/nuevodigitaldeescobar.com.ar\/?p=9887#primaryimage\"},\"image\":{\"@id\":\"https:\/\/nuevodigitaldeescobar.com.ar\/?p=9887#primaryimage\"},\"thumbnailUrl\":\"https:\/\/nuevodigitaldeescobar.com.ar\/wp-content\/uploads\/2024\/11\/hcd-presupuesto-e1732844793328.jpg\",\"datePublished\":\"2024-11-29T10:00:00+00:00\",\"breadcrumb\":{\"@id\":\"https:\/\/nuevodigitaldeescobar.com.ar\/?p=9887#breadcrumb\"},\"inLanguage\":\"es\",\"potentialAction\":[{\"@type\":\"ReadAction\",\"target\":[\"https:\/\/nuevodigitaldeescobar.com.ar\/?p=9887\"]}]},{\"@type\":\"ImageObject\",\"inLanguage\":\"es\",\"@id\":\"https:\/\/nuevodigitaldeescobar.com.ar\/?p=9887#primaryimage\",\"url\":\"https:\/\/nuevodigitaldeescobar.com.ar\/wp-content\/uploads\/2024\/11\/hcd-presupuesto-e1732844793328.jpg\",\"contentUrl\":\"https:\/\/nuevodigitaldeescobar.com.ar\/wp-content\/uploads\/2024\/11\/hcd-presupuesto-e1732844793328.jpg\",\"width\":720,\"height\":313},{\"@type\":\"BreadcrumbList\",\"@id\":\"https:\/\/nuevodigitaldeescobar.com.ar\/?p=9887#breadcrumb\",\"itemListElement\":[{\"@type\":\"ListItem\",\"position\":1,\"name\":\"Portada\",\"item\":\"https:\/\/nuevodigitaldeescobar.com.ar\/\"},{\"@type\":\"ListItem\",\"position\":2,\"name\":\"Se present\u00f3 el proyecto Fiscal Tributario 2025\"}]},{\"@type\":\"WebSite\",\"@id\":\"https:\/\/nuevodigitaldeescobar.com.ar\/#website\",\"url\":\"https:\/\/nuevodigitaldeescobar.com.ar\/\",\"name\":\"Nuevo Digital de Escobar\",\"description\":\"La vida escobarense. Directora: Rosana Brunner\",\"publisher\":{\"@id\":\"https:\/\/nuevodigitaldeescobar.com.ar\/#organization\"},\"potentialAction\":[{\"@type\":\"SearchAction\",\"target\":{\"@type\":\"EntryPoint\",\"urlTemplate\":\"https:\/\/nuevodigitaldeescobar.com.ar\/?s={search_term_string}\"},\"query-input\":{\"@type\":\"PropertyValueSpecification\",\"valueRequired\":true,\"valueName\":\"search_term_string\"}}],\"inLanguage\":\"es\"},{\"@type\":\"Organization\",\"@id\":\"https:\/\/nuevodigitaldeescobar.com.ar\/#organization\",\"name\":\"Nuevo Digital de Escobar\",\"url\":\"https:\/\/nuevodigitaldeescobar.com.ar\/\",\"logo\":{\"@type\":\"ImageObject\",\"inLanguage\":\"es\",\"@id\":\"https:\/\/nuevodigitaldeescobar.com.ar\/#\/schema\/logo\/image\/\",\"url\":\"https:\/\/nuevodigitaldeescobar.com.ar\/wp-content\/uploads\/2025\/05\/cropped-logo-nuevo2.jpg\",\"contentUrl\":\"https:\/\/nuevodigitaldeescobar.com.ar\/wp-content\/uploads\/2025\/05\/cropped-logo-nuevo2.jpg\",\"width\":305,\"height\":305,\"caption\":\"Nuevo Digital de Escobar\"},\"image\":{\"@id\":\"https:\/\/nuevodigitaldeescobar.com.ar\/#\/schema\/logo\/image\/\"},\"sameAs\":[\"https:\/\/www.facebook.com\/NUEVODigitalDeEscobar\",\"https:\/\/x.com\/nuevodigescobar\",\"https:\/\/www.instagram.com\/nuevodigitaldeescobar\"]},{\"@type\":\"Person\",\"@id\":\"https:\/\/nuevodigitaldeescobar.com.ar\/#\/schema\/person\/035e90a8efe9a80e6eec22656ad6ea4c\",\"name\":\"Redacci\u00f3n\",\"image\":{\"@type\":\"ImageObject\",\"inLanguage\":\"es\",\"@id\":\"https:\/\/nuevodigitaldeescobar.com.ar\/#\/schema\/person\/image\/\",\"url\":\"https:\/\/secure.gravatar.com\/avatar\/8af8f40000c24e9eef3034f2be5998a372bb1389e64b1a4a36b3a7979142220d?s=96&d=mm&r=g\",\"contentUrl\":\"https:\/\/secure.gravatar.com\/avatar\/8af8f40000c24e9eef3034f2be5998a372bb1389e64b1a4a36b3a7979142220d?s=96&d=mm&r=g\",\"caption\":\"Redacci\u00f3n\"},\"sameAs\":[\"http:\/\/nuevodigitaldeescobar.com.ar\"],\"url\":\"https:\/\/nuevodigitaldeescobar.com.ar\/?author=1\"}]}<\/script>\n<!-- \/ Yoast SEO plugin. -->","yoast_head_json":{"title":"Se present\u00f3 el proyecto Fiscal Tributario 2025 - Nuevo Digital de Escobar","robots":{"index":"index","follow":"follow","max-snippet":"max-snippet:-1","max-image-preview":"max-image-preview:large","max-video-preview":"max-video-preview:-1"},"canonical":"https:\/\/nuevodigitaldeescobar.com.ar\/?p=9887","og_locale":"es_ES","og_type":"article","og_title":"Se present\u00f3 el proyecto Fiscal Tributario 2025 - Nuevo Digital de Escobar","og_description":"El intendente Sujarchuk elev\u00f3 al Concejo Deliberante los proyectos de ordenanza de Presupuesto y Fiscal Tributario, que incluyen para el pr\u00f3ximo a\u00f1o una mayor inversi\u00f3n [&hellip;]","og_url":"https:\/\/nuevodigitaldeescobar.com.ar\/?p=9887","og_site_name":"Nuevo Digital de Escobar","article_publisher":"https:\/\/www.facebook.com\/NUEVODigitalDeEscobar","article_published_time":"2024-11-29T10:00:00+00:00","og_image":[{"width":720,"height":313,"url":"https:\/\/nuevodigitaldeescobar.com.ar\/wp-content\/uploads\/2024\/11\/hcd-presupuesto-e1732844793328.jpg","type":"image\/jpeg"}],"author":"Redacci\u00f3n","twitter_card":"summary_large_image","twitter_creator":"@nuevodigescobar","twitter_site":"@nuevodigescobar","twitter_misc":{"Escrito por":"Redacci\u00f3n","Tiempo de lectura":"3 minutos"},"schema":{"@context":"https:\/\/schema.org","@graph":[{"@type":"Article","@id":"https:\/\/nuevodigitaldeescobar.com.ar\/?p=9887#article","isPartOf":{"@id":"https:\/\/nuevodigitaldeescobar.com.ar\/?p=9887"},"author":{"name":"Redacci\u00f3n","@id":"https:\/\/nuevodigitaldeescobar.com.ar\/#\/schema\/person\/035e90a8efe9a80e6eec22656ad6ea4c"},"headline":"Se present\u00f3 el proyecto Fiscal Tributario 2025","datePublished":"2024-11-29T10:00:00+00:00","mainEntityOfPage":{"@id":"https:\/\/nuevodigitaldeescobar.com.ar\/?p=9887"},"wordCount":578,"commentCount":0,"publisher":{"@id":"https:\/\/nuevodigitaldeescobar.com.ar\/#organization"},"image":{"@id":"https:\/\/nuevodigitaldeescobar.com.ar\/?p=9887#primaryimage"},"thumbnailUrl":"https:\/\/nuevodigitaldeescobar.com.ar\/wp-content\/uploads\/2024\/11\/hcd-presupuesto-e1732844793328.jpg","articleSection":["Econom\u00eda","Legislativas"],"inLanguage":"es","potentialAction":[{"@type":"CommentAction","name":"Comment","target":["https:\/\/nuevodigitaldeescobar.com.ar\/?p=9887#respond"]}]},{"@type":"WebPage","@id":"https:\/\/nuevodigitaldeescobar.com.ar\/?p=9887","url":"https:\/\/nuevodigitaldeescobar.com.ar\/?p=9887","name":"Se present\u00f3 el proyecto Fiscal Tributario 2025 - Nuevo Digital de Escobar","isPartOf":{"@id":"https:\/\/nuevodigitaldeescobar.com.ar\/#website"},"primaryImageOfPage":{"@id":"https:\/\/nuevodigitaldeescobar.com.ar\/?p=9887#primaryimage"},"image":{"@id":"https:\/\/nuevodigitaldeescobar.com.ar\/?p=9887#primaryimage"},"thumbnailUrl":"https:\/\/nuevodigitaldeescobar.com.ar\/wp-content\/uploads\/2024\/11\/hcd-presupuesto-e1732844793328.jpg","datePublished":"2024-11-29T10:00:00+00:00","breadcrumb":{"@id":"https:\/\/nuevodigitaldeescobar.com.ar\/?p=9887#breadcrumb"},"inLanguage":"es","potentialAction":[{"@type":"ReadAction","target":["https:\/\/nuevodigitaldeescobar.com.ar\/?p=9887"]}]},{"@type":"ImageObject","inLanguage":"es","@id":"https:\/\/nuevodigitaldeescobar.com.ar\/?p=9887#primaryimage","url":"https:\/\/nuevodigitaldeescobar.com.ar\/wp-content\/uploads\/2024\/11\/hcd-presupuesto-e1732844793328.jpg","contentUrl":"https:\/\/nuevodigitaldeescobar.com.ar\/wp-content\/uploads\/2024\/11\/hcd-presupuesto-e1732844793328.jpg","width":720,"height":313},{"@type":"BreadcrumbList","@id":"https:\/\/nuevodigitaldeescobar.com.ar\/?p=9887#breadcrumb","itemListElement":[{"@type":"ListItem","position":1,"name":"Portada","item":"https:\/\/nuevodigitaldeescobar.com.ar\/"},{"@type":"ListItem","position":2,"name":"Se present\u00f3 el proyecto Fiscal Tributario 2025"}]},{"@type":"WebSite","@id":"https:\/\/nuevodigitaldeescobar.com.ar\/#website","url":"https:\/\/nuevodigitaldeescobar.com.ar\/","name":"Nuevo Digital de Escobar","description":"La vida escobarense. Directora: Rosana Brunner","publisher":{"@id":"https:\/\/nuevodigitaldeescobar.com.ar\/#organization"},"potentialAction":[{"@type":"SearchAction","target":{"@type":"EntryPoint","urlTemplate":"https:\/\/nuevodigitaldeescobar.com.ar\/?s={search_term_string}"},"query-input":{"@type":"PropertyValueSpecification","valueRequired":true,"valueName":"search_term_string"}}],"inLanguage":"es"},{"@type":"Organization","@id":"https:\/\/nuevodigitaldeescobar.com.ar\/#organization","name":"Nuevo Digital de Escobar","url":"https:\/\/nuevodigitaldeescobar.com.ar\/","logo":{"@type":"ImageObject","inLanguage":"es","@id":"https:\/\/nuevodigitaldeescobar.com.ar\/#\/schema\/logo\/image\/","url":"https:\/\/nuevodigitaldeescobar.com.ar\/wp-content\/uploads\/2025\/05\/cropped-logo-nuevo2.jpg","contentUrl":"https:\/\/nuevodigitaldeescobar.com.ar\/wp-content\/uploads\/2025\/05\/cropped-logo-nuevo2.jpg","width":305,"height":305,"caption":"Nuevo Digital de Escobar"},"image":{"@id":"https:\/\/nuevodigitaldeescobar.com.ar\/#\/schema\/logo\/image\/"},"sameAs":["https:\/\/www.facebook.com\/NUEVODigitalDeEscobar","https:\/\/x.com\/nuevodigescobar","https:\/\/www.instagram.com\/nuevodigitaldeescobar"]},{"@type":"Person","@id":"https:\/\/nuevodigitaldeescobar.com.ar\/#\/schema\/person\/035e90a8efe9a80e6eec22656ad6ea4c","name":"Redacci\u00f3n","image":{"@type":"ImageObject","inLanguage":"es","@id":"https:\/\/nuevodigitaldeescobar.com.ar\/#\/schema\/person\/image\/","url":"https:\/\/secure.gravatar.com\/avatar\/8af8f40000c24e9eef3034f2be5998a372bb1389e64b1a4a36b3a7979142220d?s=96&d=mm&r=g","contentUrl":"https:\/\/secure.gravatar.com\/avatar\/8af8f40000c24e9eef3034f2be5998a372bb1389e64b1a4a36b3a7979142220d?s=96&d=mm&r=g","caption":"Redacci\u00f3n"},"sameAs":["http:\/\/nuevodigitaldeescobar.com.ar"],"url":"https:\/\/nuevodigitaldeescobar.com.ar\/?author=1"}]}},"featured_image_urls":{"full":["https:\/\/nuevodigitaldeescobar.com.ar\/wp-content\/uploads\/2024\/11\/hcd-presupuesto-e1732844793328.jpg",720,313,false],"thumbnail":["https:\/\/nuevodigitaldeescobar.com.ar\/wp-content\/uploads\/2024\/11\/hcd-presupuesto-e1732844793328-150x150.jpg",150,150,true],"medium":["https:\/\/nuevodigitaldeescobar.com.ar\/wp-content\/uploads\/2024\/11\/hcd-presupuesto-e1732844793328-300x130.jpg",300,130,true],"medium_large":["https:\/\/nuevodigitaldeescobar.com.ar\/wp-content\/uploads\/2024\/11\/hcd-presupuesto-768x512.jpg",640,427,true],"large":["https:\/\/nuevodigitaldeescobar.com.ar\/wp-content\/uploads\/2024\/11\/hcd-presupuesto-1024x682.jpg",640,426,true],"1536x1536":["https:\/\/nuevodigitaldeescobar.com.ar\/wp-content\/uploads\/2024\/11\/hcd-presupuesto-1536x1023.jpg",1536,1023,true],"2048x2048":["https:\/\/nuevodigitaldeescobar.com.ar\/wp-content\/uploads\/2024\/11\/hcd-presupuesto-e1732844793328.jpg",720,313,false]},"author_info":{"display_name":"Redacci\u00f3n","author_link":"https:\/\/nuevodigitaldeescobar.com.ar\/?author=1"},"category_info":"<a href=\"https:\/\/nuevodigitaldeescobar.com.ar\/?cat=10\" rel=\"category\">Econom\u00eda<\/a> <a href=\"https:\/\/nuevodigitaldeescobar.com.ar\/?cat=12\" rel=\"category\">Legislativas<\/a>","tag_info":"Legislativas","comment_count":"0","_links":{"self":[{"href":"https:\/\/nuevodigitaldeescobar.com.ar\/index.php?rest_route=\/wp\/v2\/posts\/9887","targetHints":{"allow":["GET"]}}],"collection":[{"href":"https:\/\/nuevodigitaldeescobar.com.ar\/index.php?rest_route=\/wp\/v2\/posts"}],"about":[{"href":"https:\/\/nuevodigitaldeescobar.com.ar\/index.php?rest_route=\/wp\/v2\/types\/post"}],"author":[{"embeddable":true,"href":"https:\/\/nuevodigitaldeescobar.com.ar\/index.php?rest_route=\/wp\/v2\/users\/1"}],"replies":[{"embeddable":true,"href":"https:\/\/nuevodigitaldeescobar.com.ar\/index.php?rest_route=%2Fwp%2Fv2%2Fcomments&post=9887"}],"version-history":[{"count":1,"href":"https:\/\/nuevodigitaldeescobar.com.ar\/index.php?rest_route=\/wp\/v2\/posts\/9887\/revisions"}],"predecessor-version":[{"id":9889,"href":"https:\/\/nuevodigitaldeescobar.com.ar\/index.php?rest_route=\/wp\/v2\/posts\/9887\/revisions\/9889"}],"wp:featuredmedia":[{"embeddable":true,"href":"https:\/\/nuevodigitaldeescobar.com.ar\/index.php?rest_route=\/wp\/v2\/media\/9888"}],"wp:attachment":[{"href":"https:\/\/nuevodigitaldeescobar.com.ar\/index.php?rest_route=%2Fwp%2Fv2%2Fmedia&parent=9887"}],"wp:term":[{"taxonomy":"category","embeddable":true,"href":"https:\/\/nuevodigitaldeescobar.com.ar\/index.php?rest_route=%2Fwp%2Fv2%2Fcategories&post=9887"},{"taxonomy":"post_tag","embeddable":true,"href":"https:\/\/nuevodigitaldeescobar.com.ar\/index.php?rest_route=%2Fwp%2Fv2%2Ftags&post=9887"}],"curies":[{"name":"wp","href":"https:\/\/api.w.org\/{rel}","templated":true}]}}