{"id":9949,"date":"2024-12-03T07:00:00","date_gmt":"2024-12-03T10:00:00","guid":{"rendered":"https:\/\/nuevodigitaldeescobar.com.ar\/?p=9949"},"modified":"2024-12-02T16:18:49","modified_gmt":"2024-12-02T19:18:49","slug":"el-pro-y-el-gobierno-se-enfrentan-por-la-ficha-limpia-mientras-los-gobernadores-exigen-respuestas-sobre-el-presupuesto","status":"publish","type":"post","link":"https:\/\/nuevodigitaldeescobar.com.ar\/?p=9949","title":{"rendered":"El PRO y el Gobierno se enfrentan por la Ficha Limpia, mientras los gobernadores exigen respuestas sobre el presupuesto"},"content":{"rendered":"<p><span style=\"color: #003366;\"><em><strong>El sector de Mauricio Macri considera que el oficialismo debi\u00f3 respaldar la propuesta original de la Ficha Limpia si realmente buscaba un gesto de acercamiento. Mientras tanto, los mandatarios provinciales expresan su preocupaci\u00f3n por el futuro del Presupuesto 2025.<\/strong><\/em><\/span><\/p>\n<p><!--more--><\/p>\n<p>El enfrentamiento entre el PRO y La Libertad Avanza alcanz\u00f3 uno de sus puntos m\u00e1s altos de tensi\u00f3n en los \u00faltimos d\u00edas. La posible alianza para las elecciones de 2025, que parec\u00eda cercana hace algunos meses, ahora se ve como algo incierto debido a las diferencias internas, principalmente por el rechazo del PRO a la actitud de los libertarios.<\/p>\n<p>El conflicto se desat\u00f3 cuando varios diputados de distintos sectores, incluyendo a los de ambos bloques, se ausentaron de la sesi\u00f3n donde se iba a debatir la ley de Ficha Limpia, impulsada por Silvia Lospennato. La ausencia de qu\u00f3rum frustr\u00f3 la posibilidad de discutir el proyecto en el Congreso.<\/p>\n<p><em>\u201cEl Congreso perdi\u00f3 una oportunidad hist\u00f3rica para evitar que corruptos condenados lleguen al Parlamento y se cubran bajo los fueros. Los diputados del PRO cumplimos con lo que nos pidieron nuestros votantes, mientras que el Gobierno se puso del otro lado. No nos vamos a callar cuando se juega a favor de los corruptos\u201d<\/em>, indic\u00f3 el bloque que lidera Cristian Ritondo.<\/p>\n<p>Tras la fallida sesi\u00f3n, el presidente Javier Milei se comunic\u00f3 con Lospennato y le prometi\u00f3 que el Poder Ejecutivo enviar\u00eda una nueva propuesta con el mismo objetivo. La redacci\u00f3n del proyecto quedar\u00e1 a cargo del jefe de Gabinete, Guillermo Francos.<\/p>\n\n\n<figure class=\"wp-block-image size-full\"><img fetchpriority=\"high\" decoding=\"async\" width=\"820\" height=\"572\" src=\"https:\/\/nuevodigitaldeescobar.com.ar\/wp-content\/uploads\/2024\/12\/gfrancos.png\" alt=\"Guillermo Francos\" class=\"wp-image-9951\" title=\"\" srcset=\"https:\/\/nuevodigitaldeescobar.com.ar\/wp-content\/uploads\/2024\/12\/gfrancos.png 820w, https:\/\/nuevodigitaldeescobar.com.ar\/wp-content\/uploads\/2024\/12\/gfrancos-300x209.png 300w, https:\/\/nuevodigitaldeescobar.com.ar\/wp-content\/uploads\/2024\/12\/gfrancos-768x536.png 768w\" sizes=\"(max-width: 820px) 100vw, 820px\" \/><figcaption class=\"wp-element-caption\">Guillermo Francos<\/figcaption><\/figure>\n\n\n<p>Sin embargo, desde el entorno de Macri se mostraron esc\u00e9pticos, considerando que hasta ahora no se ha concretado nada real. Seg\u00fan fuentes cercanas al ex presidente, el presidente libertario no dio detalles claros durante su conversaci\u00f3n con la diputada, lo que gener\u00f3 a\u00fan m\u00e1s dudas. <em>\u201cTodo suena a promesas vac\u00edas\u201d<\/em>, se\u00f1alaron.<\/p>\n<p>Para los dirigentes del PRO, si el oficialismo realmente quer\u00eda que la ley fuera aprobada, debi\u00f3 haber respaldado la propuesta original de Ficha Limpia. Seg\u00fan trascendi\u00f3, el ex presidente Macri, molesto por el manejo de la situaci\u00f3n, estar\u00eda comenzando a pensar en su propia estrategia para las elecciones de 2025, particularmente en la Ciudad y Provincia de Buenos Aires.<\/p>\n<p>Desde la Casa Rosada, los funcionarios del Gobierno negaron cualquier responsabilidad en la falta de qu\u00f3rum y argumentaron que la culpa recay\u00f3 sobre el bloque de Ritondo, por no haber asegurado los votos antes de la sesi\u00f3n.<\/p>\n<h3><span style=\"color: #003366;\">Cr\u00edticas al nuevo proyecto del oficialismo<\/span><\/h3>\n<p><em>\u201cCuando se discuti\u00f3 la Ley Bases, fuimos nosotros quienes negociamos con la UCR, Pichetto y los gobernadores para garantizar su aprobaci\u00f3n. No le debemos nada al PRO, ni ellos nos ayudaron; simplemente contribuyeron con algunos de sus diputados\u201d<\/em>, se\u00f1alaron desde el oficialismo.<\/p>\n<p>Francos tambi\u00e9n reconoci\u00f3 recientemente que algunos sectores consideran que la ley de Ficha Limpia podr\u00eda ser usada con fines pol\u00edticos, aunque lament\u00f3 las acusaciones cruzadas que surgieron en torno al tema.<\/p>\n<p><em>\u201cEl presidente est\u00e1 convencido de que para derrotar al kirchnerismo, especialmente a Cristina Kirchner, la \u00fanica v\u00eda es a trav\u00e9s de las elecciones. Cree que cualquier intento de frenarla por otras v\u00edas podr\u00eda generar una victimizaci\u00f3n que la beneficie\u201d<\/em>, explic\u00f3 Francos en una entrevista con Radio Mitre.<\/p>\n<p>Para los referentes de Macri, las declaraciones de Francos y la falta de qu\u00f3rum por parte de los libertarios dejaron claro el supuesto acuerdo del Gobierno con el kirchnerismo.<\/p>\n<p><strong>Preocupaci\u00f3n de los gobernadores de Juntos por el Cambio<\/strong><\/p>\n<p>La relaci\u00f3n con los gobernadores de Juntos por el Cambio, especialmente con los del PRO como Rogelio Frigerio (Entre R\u00edos), Ignacio Torres (Chubut) y Jorge Macri (Ciudad de Buenos Aires), sigue siendo tensa debido a la discusi\u00f3n sobre el Presupuesto 2025.<\/p>\n\n\n<figure class=\"wp-block-image size-full\"><img decoding=\"async\" width=\"888\" height=\"639\" src=\"https:\/\/nuevodigitaldeescobar.com.ar\/wp-content\/uploads\/2024\/12\/pro03.png\" alt=\"\" class=\"wp-image-9952\" srcset=\"https:\/\/nuevodigitaldeescobar.com.ar\/wp-content\/uploads\/2024\/12\/pro03.png 888w, https:\/\/nuevodigitaldeescobar.com.ar\/wp-content\/uploads\/2024\/12\/pro03-300x216.png 300w, https:\/\/nuevodigitaldeescobar.com.ar\/wp-content\/uploads\/2024\/12\/pro03-768x553.png 768w\" sizes=\"(max-width: 888px) 100vw, 888px\" \/><figcaption class=\"wp-element-caption\">Gobernadores del PRO<\/figcaption><\/figure>\n\n\n<p>Algunos de estos mandatarios provinciales, como Torres de Chubut, han promovido proyectos similares al de la Ficha Limpia en sus regiones, mientras que otros temen que el Poder Judicial pueda involucrarse en cuestiones pol\u00edticas.<\/p>\n<p>A pesar de que los gobernadores han solicitado una reuni\u00f3n con la Casa Rosada desde hace semanas, no han conseguido concretarla. Fuentes cercanas a las negociaciones indicaron que los mandatarios provinciales contribuyeron al tratamiento de la iniciativa, pero aclararon que este tema no los afecta directamente.<\/p>\n<p>Mientras tanto, los gobernadores siguen presionando por la aprobaci\u00f3n del Presupuesto, aunque todo parece indicar que, debido a la falta de acuerdos, la pr\u00f3rroga del presupuesto de 2023 ser\u00e1 la opci\u00f3n preferida por las autoridades nacionales. A pesar de ello, no se prev\u00e9 que el jefe de Gabinete reciba a los gobernadores, incluso despu\u00e9s de las varias solicitudes que han realizado.<\/p>\n<p>El jueves pasado, tras el fracaso de la sesi\u00f3n sobre Ficha Limpia, el gobernador de Corrientes, Gustavo Vald\u00e9s, se reuni\u00f3 con Francos para seguir discutiendo sobre los fondos que su provincia necesita, los cuales, a menos que se produzca un cambio de \u00faltima hora, no estar\u00e1n incluidos en el presupuesto propuesto.<\/p>","protected":false},"excerpt":{"rendered":"<p>El sector de Mauricio Macri considera que el oficialismo debi\u00f3 respaldar la propuesta original de la Ficha Limpia si realmente buscaba un gesto de acercamiento. [&hellip;]<\/p>\n","protected":false},"author":1,"featured_media":9950,"comment_status":"open","ping_status":"open","sticky":false,"template":"","format":"standard","meta":{"footnotes":""},"categories":[12,6,15],"tags":[],"class_list":["post-9949","post","type-post","status-publish","format-standard","has-post-thumbnail","hentry","category-legislativas","category-politica","category-sociedad"],"better_featured_image":{"id":9950,"alt_text":"","caption":"","description":"","media_type":"image","media_details":{"width":2560,"height":1375,"file":"2024\/12\/mileiomacrti-scaled.jpg","filesize":462592,"sizes":{"medium":{"file":"mileiomacrti-300x161.jpg","width":300,"height":161,"mime-type":"image\/jpeg","filesize":10820,"source_url":"https:\/\/nuevodigitaldeescobar.com.ar\/wp-content\/uploads\/2024\/12\/mileiomacrti-300x161.jpg"},"large":{"file":"mileiomacrti-1024x550.jpg","width":1024,"height":550,"mime-type":"image\/jpeg","filesize":90447,"source_url":"https:\/\/nuevodigitaldeescobar.com.ar\/wp-content\/uploads\/2024\/12\/mileiomacrti-1024x550.jpg"},"thumbnail":{"file":"mileiomacrti-150x150.jpg","width":150,"height":150,"mime-type":"image\/jpeg","filesize":5570,"source_url":"https:\/\/nuevodigitaldeescobar.com.ar\/wp-content\/uploads\/2024\/12\/mileiomacrti-150x150.jpg"},"medium_large":{"file":"mileiomacrti-768x412.jpg","width":768,"height":412,"mime-type":"image\/jpeg","filesize":53284,"source_url":"https:\/\/nuevodigitaldeescobar.com.ar\/wp-content\/uploads\/2024\/12\/mileiomacrti-768x412.jpg"},"1536x1536":{"file":"mileiomacrti-1536x825.jpg","width":1536,"height":825,"mime-type":"image\/jpeg","filesize":189521,"source_url":"https:\/\/nuevodigitaldeescobar.com.ar\/wp-content\/uploads\/2024\/12\/mileiomacrti-1536x825.jpg"},"2048x2048":{"file":"mileiomacrti-2048x1100.jpg","width":2048,"height":1100,"mime-type":"image\/jpeg","filesize":316903,"source_url":"https:\/\/nuevodigitaldeescobar.com.ar\/wp-content\/uploads\/2024\/12\/mileiomacrti-2048x1100.jpg"}},"image_meta":{"aperture":"0","credit":"","camera":"","caption":"","created_timestamp":"0","copyright":"","focal_length":"0","iso":"0","shutter_speed":"0","title":"","orientation":"0","keywords":[]},"original_image":"mileiomacrti.jpg"},"post":9949,"source_url":"https:\/\/nuevodigitaldeescobar.com.ar\/wp-content\/uploads\/2024\/12\/mileiomacrti-scaled.jpg"},"yoast_head":"<!-- This site is optimized with the Yoast SEO plugin v26.1.1 - https:\/\/yoast.com\/wordpress\/plugins\/seo\/ -->\n<title>El PRO y el Gobierno se enfrentan por la Ficha Limpia, mientras los gobernadores exigen respuestas sobre el presupuesto - Nuevo Digital de Escobar<\/title>\n<meta name=\"robots\" content=\"index, follow, max-snippet:-1, max-image-preview:large, max-video-preview:-1\" \/>\n<link rel=\"canonical\" href=\"https:\/\/nuevodigitaldeescobar.com.ar\/?p=9949\" \/>\n<meta property=\"og:locale\" content=\"es_ES\" \/>\n<meta property=\"og:type\" content=\"article\" \/>\n<meta property=\"og:title\" content=\"El PRO y el Gobierno se enfrentan por la Ficha Limpia, mientras los gobernadores exigen respuestas sobre el presupuesto - Nuevo Digital de Escobar\" \/>\n<meta property=\"og:description\" content=\"El sector de Mauricio Macri considera que el oficialismo debi\u00f3 respaldar la propuesta original de la Ficha Limpia si realmente buscaba un gesto de acercamiento. [&hellip;]\" \/>\n<meta property=\"og:url\" content=\"https:\/\/nuevodigitaldeescobar.com.ar\/?p=9949\" \/>\n<meta property=\"og:site_name\" content=\"Nuevo Digital de Escobar\" \/>\n<meta property=\"article:publisher\" content=\"https:\/\/www.facebook.com\/NUEVODigitalDeEscobar\" \/>\n<meta property=\"article:published_time\" content=\"2024-12-03T10:00:00+00:00\" \/>\n<meta property=\"og:image\" content=\"https:\/\/nuevodigitaldeescobar.com.ar\/wp-content\/uploads\/2024\/12\/mileiomacrti-scaled.jpg\" \/>\n\t<meta property=\"og:image:width\" content=\"2560\" \/>\n\t<meta property=\"og:image:height\" content=\"1375\" \/>\n\t<meta property=\"og:image:type\" content=\"image\/jpeg\" \/>\n<meta name=\"author\" content=\"Redacci\u00f3n\" \/>\n<meta name=\"twitter:card\" content=\"summary_large_image\" \/>\n<meta name=\"twitter:creator\" content=\"@nuevodigescobar\" \/>\n<meta name=\"twitter:site\" content=\"@nuevodigescobar\" \/>\n<meta name=\"twitter:label1\" content=\"Escrito por\" \/>\n\t<meta name=\"twitter:data1\" content=\"Redacci\u00f3n\" \/>\n\t<meta name=\"twitter:label2\" content=\"Tiempo de lectura\" \/>\n\t<meta name=\"twitter:data2\" content=\"4 minutos\" \/>\n<script type=\"application\/ld+json\" class=\"yoast-schema-graph\">{\"@context\":\"https:\/\/schema.org\",\"@graph\":[{\"@type\":\"Article\",\"@id\":\"https:\/\/nuevodigitaldeescobar.com.ar\/?p=9949#article\",\"isPartOf\":{\"@id\":\"https:\/\/nuevodigitaldeescobar.com.ar\/?p=9949\"},\"author\":{\"name\":\"Redacci\u00f3n\",\"@id\":\"https:\/\/nuevodigitaldeescobar.com.ar\/#\/schema\/person\/035e90a8efe9a80e6eec22656ad6ea4c\"},\"headline\":\"El PRO y el Gobierno se enfrentan por la Ficha Limpia, mientras los gobernadores exigen respuestas sobre el presupuesto\",\"datePublished\":\"2024-12-03T10:00:00+00:00\",\"mainEntityOfPage\":{\"@id\":\"https:\/\/nuevodigitaldeescobar.com.ar\/?p=9949\"},\"wordCount\":860,\"commentCount\":0,\"publisher\":{\"@id\":\"https:\/\/nuevodigitaldeescobar.com.ar\/#organization\"},\"image\":{\"@id\":\"https:\/\/nuevodigitaldeescobar.com.ar\/?p=9949#primaryimage\"},\"thumbnailUrl\":\"https:\/\/nuevodigitaldeescobar.com.ar\/wp-content\/uploads\/2024\/12\/mileiomacrti-scaled.jpg\",\"articleSection\":[\"Legislativas\",\"Pol\u00edtica\",\"Sociedad\"],\"inLanguage\":\"es\",\"potentialAction\":[{\"@type\":\"CommentAction\",\"name\":\"Comment\",\"target\":[\"https:\/\/nuevodigitaldeescobar.com.ar\/?p=9949#respond\"]}]},{\"@type\":\"WebPage\",\"@id\":\"https:\/\/nuevodigitaldeescobar.com.ar\/?p=9949\",\"url\":\"https:\/\/nuevodigitaldeescobar.com.ar\/?p=9949\",\"name\":\"El PRO y el Gobierno se enfrentan por la Ficha Limpia, mientras los gobernadores exigen respuestas sobre el presupuesto - Nuevo Digital de Escobar\",\"isPartOf\":{\"@id\":\"https:\/\/nuevodigitaldeescobar.com.ar\/#website\"},\"primaryImageOfPage\":{\"@id\":\"https:\/\/nuevodigitaldeescobar.com.ar\/?p=9949#primaryimage\"},\"image\":{\"@id\":\"https:\/\/nuevodigitaldeescobar.com.ar\/?p=9949#primaryimage\"},\"thumbnailUrl\":\"https:\/\/nuevodigitaldeescobar.com.ar\/wp-content\/uploads\/2024\/12\/mileiomacrti-scaled.jpg\",\"datePublished\":\"2024-12-03T10:00:00+00:00\",\"breadcrumb\":{\"@id\":\"https:\/\/nuevodigitaldeescobar.com.ar\/?p=9949#breadcrumb\"},\"inLanguage\":\"es\",\"potentialAction\":[{\"@type\":\"ReadAction\",\"target\":[\"https:\/\/nuevodigitaldeescobar.com.ar\/?p=9949\"]}]},{\"@type\":\"ImageObject\",\"inLanguage\":\"es\",\"@id\":\"https:\/\/nuevodigitaldeescobar.com.ar\/?p=9949#primaryimage\",\"url\":\"https:\/\/nuevodigitaldeescobar.com.ar\/wp-content\/uploads\/2024\/12\/mileiomacrti-scaled.jpg\",\"contentUrl\":\"https:\/\/nuevodigitaldeescobar.com.ar\/wp-content\/uploads\/2024\/12\/mileiomacrti-scaled.jpg\",\"width\":2560,\"height\":1375},{\"@type\":\"BreadcrumbList\",\"@id\":\"https:\/\/nuevodigitaldeescobar.com.ar\/?p=9949#breadcrumb\",\"itemListElement\":[{\"@type\":\"ListItem\",\"position\":1,\"name\":\"Portada\",\"item\":\"https:\/\/nuevodigitaldeescobar.com.ar\/\"},{\"@type\":\"ListItem\",\"position\":2,\"name\":\"El PRO y el Gobierno se enfrentan por la Ficha Limpia, mientras los gobernadores exigen respuestas sobre el presupuesto\"}]},{\"@type\":\"WebSite\",\"@id\":\"https:\/\/nuevodigitaldeescobar.com.ar\/#website\",\"url\":\"https:\/\/nuevodigitaldeescobar.com.ar\/\",\"name\":\"Nuevo Digital de Escobar\",\"description\":\"La vida escobarense. Directora: Rosana Brunner\",\"publisher\":{\"@id\":\"https:\/\/nuevodigitaldeescobar.com.ar\/#organization\"},\"potentialAction\":[{\"@type\":\"SearchAction\",\"target\":{\"@type\":\"EntryPoint\",\"urlTemplate\":\"https:\/\/nuevodigitaldeescobar.com.ar\/?s={search_term_string}\"},\"query-input\":{\"@type\":\"PropertyValueSpecification\",\"valueRequired\":true,\"valueName\":\"search_term_string\"}}],\"inLanguage\":\"es\"},{\"@type\":\"Organization\",\"@id\":\"https:\/\/nuevodigitaldeescobar.com.ar\/#organization\",\"name\":\"Nuevo Digital de Escobar\",\"url\":\"https:\/\/nuevodigitaldeescobar.com.ar\/\",\"logo\":{\"@type\":\"ImageObject\",\"inLanguage\":\"es\",\"@id\":\"https:\/\/nuevodigitaldeescobar.com.ar\/#\/schema\/logo\/image\/\",\"url\":\"https:\/\/nuevodigitaldeescobar.com.ar\/wp-content\/uploads\/2025\/05\/cropped-logo-nuevo2.jpg\",\"contentUrl\":\"https:\/\/nuevodigitaldeescobar.com.ar\/wp-content\/uploads\/2025\/05\/cropped-logo-nuevo2.jpg\",\"width\":305,\"height\":305,\"caption\":\"Nuevo Digital de Escobar\"},\"image\":{\"@id\":\"https:\/\/nuevodigitaldeescobar.com.ar\/#\/schema\/logo\/image\/\"},\"sameAs\":[\"https:\/\/www.facebook.com\/NUEVODigitalDeEscobar\",\"https:\/\/x.com\/nuevodigescobar\",\"https:\/\/www.instagram.com\/nuevodigitaldeescobar\"]},{\"@type\":\"Person\",\"@id\":\"https:\/\/nuevodigitaldeescobar.com.ar\/#\/schema\/person\/035e90a8efe9a80e6eec22656ad6ea4c\",\"name\":\"Redacci\u00f3n\",\"image\":{\"@type\":\"ImageObject\",\"inLanguage\":\"es\",\"@id\":\"https:\/\/nuevodigitaldeescobar.com.ar\/#\/schema\/person\/image\/\",\"url\":\"https:\/\/secure.gravatar.com\/avatar\/8af8f40000c24e9eef3034f2be5998a372bb1389e64b1a4a36b3a7979142220d?s=96&d=mm&r=g\",\"contentUrl\":\"https:\/\/secure.gravatar.com\/avatar\/8af8f40000c24e9eef3034f2be5998a372bb1389e64b1a4a36b3a7979142220d?s=96&d=mm&r=g\",\"caption\":\"Redacci\u00f3n\"},\"sameAs\":[\"http:\/\/nuevodigitaldeescobar.com.ar\"],\"url\":\"https:\/\/nuevodigitaldeescobar.com.ar\/?author=1\"}]}<\/script>\n<!-- \/ Yoast SEO plugin. -->","yoast_head_json":{"title":"El PRO y el Gobierno se enfrentan por la Ficha Limpia, mientras los gobernadores exigen respuestas sobre el presupuesto - Nuevo Digital de Escobar","robots":{"index":"index","follow":"follow","max-snippet":"max-snippet:-1","max-image-preview":"max-image-preview:large","max-video-preview":"max-video-preview:-1"},"canonical":"https:\/\/nuevodigitaldeescobar.com.ar\/?p=9949","og_locale":"es_ES","og_type":"article","og_title":"El PRO y el Gobierno se enfrentan por la Ficha Limpia, mientras los gobernadores exigen respuestas sobre el presupuesto - Nuevo Digital de Escobar","og_description":"El sector de Mauricio Macri considera que el oficialismo debi\u00f3 respaldar la propuesta original de la Ficha Limpia si realmente buscaba un gesto de acercamiento. [&hellip;]","og_url":"https:\/\/nuevodigitaldeescobar.com.ar\/?p=9949","og_site_name":"Nuevo Digital de Escobar","article_publisher":"https:\/\/www.facebook.com\/NUEVODigitalDeEscobar","article_published_time":"2024-12-03T10:00:00+00:00","og_image":[{"width":2560,"height":1375,"url":"https:\/\/nuevodigitaldeescobar.com.ar\/wp-content\/uploads\/2024\/12\/mileiomacrti-scaled.jpg","type":"image\/jpeg"}],"author":"Redacci\u00f3n","twitter_card":"summary_large_image","twitter_creator":"@nuevodigescobar","twitter_site":"@nuevodigescobar","twitter_misc":{"Escrito por":"Redacci\u00f3n","Tiempo de lectura":"4 minutos"},"schema":{"@context":"https:\/\/schema.org","@graph":[{"@type":"Article","@id":"https:\/\/nuevodigitaldeescobar.com.ar\/?p=9949#article","isPartOf":{"@id":"https:\/\/nuevodigitaldeescobar.com.ar\/?p=9949"},"author":{"name":"Redacci\u00f3n","@id":"https:\/\/nuevodigitaldeescobar.com.ar\/#\/schema\/person\/035e90a8efe9a80e6eec22656ad6ea4c"},"headline":"El PRO y el Gobierno se enfrentan por la Ficha Limpia, mientras los gobernadores exigen respuestas sobre el presupuesto","datePublished":"2024-12-03T10:00:00+00:00","mainEntityOfPage":{"@id":"https:\/\/nuevodigitaldeescobar.com.ar\/?p=9949"},"wordCount":860,"commentCount":0,"publisher":{"@id":"https:\/\/nuevodigitaldeescobar.com.ar\/#organization"},"image":{"@id":"https:\/\/nuevodigitaldeescobar.com.ar\/?p=9949#primaryimage"},"thumbnailUrl":"https:\/\/nuevodigitaldeescobar.com.ar\/wp-content\/uploads\/2024\/12\/mileiomacrti-scaled.jpg","articleSection":["Legislativas","Pol\u00edtica","Sociedad"],"inLanguage":"es","potentialAction":[{"@type":"CommentAction","name":"Comment","target":["https:\/\/nuevodigitaldeescobar.com.ar\/?p=9949#respond"]}]},{"@type":"WebPage","@id":"https:\/\/nuevodigitaldeescobar.com.ar\/?p=9949","url":"https:\/\/nuevodigitaldeescobar.com.ar\/?p=9949","name":"El PRO y el Gobierno se enfrentan por la Ficha Limpia, mientras los gobernadores exigen respuestas sobre el presupuesto - Nuevo Digital de Escobar","isPartOf":{"@id":"https:\/\/nuevodigitaldeescobar.com.ar\/#website"},"primaryImageOfPage":{"@id":"https:\/\/nuevodigitaldeescobar.com.ar\/?p=9949#primaryimage"},"image":{"@id":"https:\/\/nuevodigitaldeescobar.com.ar\/?p=9949#primaryimage"},"thumbnailUrl":"https:\/\/nuevodigitaldeescobar.com.ar\/wp-content\/uploads\/2024\/12\/mileiomacrti-scaled.jpg","datePublished":"2024-12-03T10:00:00+00:00","breadcrumb":{"@id":"https:\/\/nuevodigitaldeescobar.com.ar\/?p=9949#breadcrumb"},"inLanguage":"es","potentialAction":[{"@type":"ReadAction","target":["https:\/\/nuevodigitaldeescobar.com.ar\/?p=9949"]}]},{"@type":"ImageObject","inLanguage":"es","@id":"https:\/\/nuevodigitaldeescobar.com.ar\/?p=9949#primaryimage","url":"https:\/\/nuevodigitaldeescobar.com.ar\/wp-content\/uploads\/2024\/12\/mileiomacrti-scaled.jpg","contentUrl":"https:\/\/nuevodigitaldeescobar.com.ar\/wp-content\/uploads\/2024\/12\/mileiomacrti-scaled.jpg","width":2560,"height":1375},{"@type":"BreadcrumbList","@id":"https:\/\/nuevodigitaldeescobar.com.ar\/?p=9949#breadcrumb","itemListElement":[{"@type":"ListItem","position":1,"name":"Portada","item":"https:\/\/nuevodigitaldeescobar.com.ar\/"},{"@type":"ListItem","position":2,"name":"El PRO y el Gobierno se enfrentan por la Ficha Limpia, mientras los gobernadores exigen respuestas sobre el presupuesto"}]},{"@type":"WebSite","@id":"https:\/\/nuevodigitaldeescobar.com.ar\/#website","url":"https:\/\/nuevodigitaldeescobar.com.ar\/","name":"Nuevo Digital de Escobar","description":"La vida escobarense. Directora: Rosana Brunner","publisher":{"@id":"https:\/\/nuevodigitaldeescobar.com.ar\/#organization"},"potentialAction":[{"@type":"SearchAction","target":{"@type":"EntryPoint","urlTemplate":"https:\/\/nuevodigitaldeescobar.com.ar\/?s={search_term_string}"},"query-input":{"@type":"PropertyValueSpecification","valueRequired":true,"valueName":"search_term_string"}}],"inLanguage":"es"},{"@type":"Organization","@id":"https:\/\/nuevodigitaldeescobar.com.ar\/#organization","name":"Nuevo Digital de Escobar","url":"https:\/\/nuevodigitaldeescobar.com.ar\/","logo":{"@type":"ImageObject","inLanguage":"es","@id":"https:\/\/nuevodigitaldeescobar.com.ar\/#\/schema\/logo\/image\/","url":"https:\/\/nuevodigitaldeescobar.com.ar\/wp-content\/uploads\/2025\/05\/cropped-logo-nuevo2.jpg","contentUrl":"https:\/\/nuevodigitaldeescobar.com.ar\/wp-content\/uploads\/2025\/05\/cropped-logo-nuevo2.jpg","width":305,"height":305,"caption":"Nuevo Digital de Escobar"},"image":{"@id":"https:\/\/nuevodigitaldeescobar.com.ar\/#\/schema\/logo\/image\/"},"sameAs":["https:\/\/www.facebook.com\/NUEVODigitalDeEscobar","https:\/\/x.com\/nuevodigescobar","https:\/\/www.instagram.com\/nuevodigitaldeescobar"]},{"@type":"Person","@id":"https:\/\/nuevodigitaldeescobar.com.ar\/#\/schema\/person\/035e90a8efe9a80e6eec22656ad6ea4c","name":"Redacci\u00f3n","image":{"@type":"ImageObject","inLanguage":"es","@id":"https:\/\/nuevodigitaldeescobar.com.ar\/#\/schema\/person\/image\/","url":"https:\/\/secure.gravatar.com\/avatar\/8af8f40000c24e9eef3034f2be5998a372bb1389e64b1a4a36b3a7979142220d?s=96&d=mm&r=g","contentUrl":"https:\/\/secure.gravatar.com\/avatar\/8af8f40000c24e9eef3034f2be5998a372bb1389e64b1a4a36b3a7979142220d?s=96&d=mm&r=g","caption":"Redacci\u00f3n"},"sameAs":["http:\/\/nuevodigitaldeescobar.com.ar"],"url":"https:\/\/nuevodigitaldeescobar.com.ar\/?author=1"}]}},"featured_image_urls":{"full":["https:\/\/nuevodigitaldeescobar.com.ar\/wp-content\/uploads\/2024\/12\/mileiomacrti-scaled.jpg",2560,1375,false],"thumbnail":["https:\/\/nuevodigitaldeescobar.com.ar\/wp-content\/uploads\/2024\/12\/mileiomacrti-150x150.jpg",150,150,true],"medium":["https:\/\/nuevodigitaldeescobar.com.ar\/wp-content\/uploads\/2024\/12\/mileiomacrti-300x161.jpg",300,161,true],"medium_large":["https:\/\/nuevodigitaldeescobar.com.ar\/wp-content\/uploads\/2024\/12\/mileiomacrti-768x412.jpg",640,343,true],"large":["https:\/\/nuevodigitaldeescobar.com.ar\/wp-content\/uploads\/2024\/12\/mileiomacrti-1024x550.jpg",640,344,true],"1536x1536":["https:\/\/nuevodigitaldeescobar.com.ar\/wp-content\/uploads\/2024\/12\/mileiomacrti-1536x825.jpg",1536,825,true],"2048x2048":["https:\/\/nuevodigitaldeescobar.com.ar\/wp-content\/uploads\/2024\/12\/mileiomacrti-2048x1100.jpg",2048,1100,true]},"author_info":{"display_name":"Redacci\u00f3n","author_link":"https:\/\/nuevodigitaldeescobar.com.ar\/?author=1"},"category_info":"<a href=\"https:\/\/nuevodigitaldeescobar.com.ar\/?cat=12\" rel=\"category\">Legislativas<\/a> <a href=\"https:\/\/nuevodigitaldeescobar.com.ar\/?cat=6\" rel=\"category\">Pol\u00edtica<\/a> <a href=\"https:\/\/nuevodigitaldeescobar.com.ar\/?cat=15\" rel=\"category\">Sociedad<\/a>","tag_info":"Sociedad","comment_count":"0","_links":{"self":[{"href":"https:\/\/nuevodigitaldeescobar.com.ar\/index.php?rest_route=\/wp\/v2\/posts\/9949","targetHints":{"allow":["GET"]}}],"collection":[{"href":"https:\/\/nuevodigitaldeescobar.com.ar\/index.php?rest_route=\/wp\/v2\/posts"}],"about":[{"href":"https:\/\/nuevodigitaldeescobar.com.ar\/index.php?rest_route=\/wp\/v2\/types\/post"}],"author":[{"embeddable":true,"href":"https:\/\/nuevodigitaldeescobar.com.ar\/index.php?rest_route=\/wp\/v2\/users\/1"}],"replies":[{"embeddable":true,"href":"https:\/\/nuevodigitaldeescobar.com.ar\/index.php?rest_route=%2Fwp%2Fv2%2Fcomments&post=9949"}],"version-history":[{"count":6,"href":"https:\/\/nuevodigitaldeescobar.com.ar\/index.php?rest_route=\/wp\/v2\/posts\/9949\/revisions"}],"predecessor-version":[{"id":9989,"href":"https:\/\/nuevodigitaldeescobar.com.ar\/index.php?rest_route=\/wp\/v2\/posts\/9949\/revisions\/9989"}],"wp:featuredmedia":[{"embeddable":true,"href":"https:\/\/nuevodigitaldeescobar.com.ar\/index.php?rest_route=\/wp\/v2\/media\/9950"}],"wp:attachment":[{"href":"https:\/\/nuevodigitaldeescobar.com.ar\/index.php?rest_route=%2Fwp%2Fv2%2Fmedia&parent=9949"}],"wp:term":[{"taxonomy":"category","embeddable":true,"href":"https:\/\/nuevodigitaldeescobar.com.ar\/index.php?rest_route=%2Fwp%2Fv2%2Fcategories&post=9949"},{"taxonomy":"post_tag","embeddable":true,"href":"https:\/\/nuevodigitaldeescobar.com.ar\/index.php?rest_route=%2Fwp%2Fv2%2Ftags&post=9949"}],"curies":[{"name":"wp","href":"https:\/\/api.w.org\/{rel}","templated":true}]}}