{"id":996,"date":"2023-11-16T14:10:00","date_gmt":"2023-11-16T17:10:00","guid":{"rendered":"https:\/\/nuevodigitaldeescobar.com.ar\/?p=996"},"modified":"2023-11-16T15:14:35","modified_gmt":"2023-11-16T18:14:35","slug":"caso-chocolate-el-juez-le-pide-a-la-camara-que-apure-una-definicion-clave-para-ordenar-las-detenciones","status":"publish","type":"post","link":"https:\/\/nuevodigitaldeescobar.com.ar\/?p=996","title":{"rendered":"Caso \u201cChocolate\u201d: el juez le pide a la C\u00e1mara que apure una definici\u00f3n clave para ordenar las detenciones"},"content":{"rendered":"<p><span style=\"color: #003366;\"><strong><em>Atencio tiene plazo hasta el martes para definir la prisi\u00f3n preventiva del puntero del PJ. Busca que los camaristas resuelvan antes sobre la validez del expediente.<\/em><\/strong><\/span><\/p>\n<p><!--more--><\/p>\n<p>Julio <em>\u201cChocolate\u201d<\/em> Rigau, el puntero del PJ de La Plata que cay\u00f3 in fraganti sacando dinero de tarjetas de d\u00e9bito de empleados de Legislatura bonaerense y sus jefes pol\u00edticos, los dirigentes del Frente Renovador Facundo Albini y su padre, Claudio Albini, apostaron a dilatar la decisi\u00f3n de la Justicia, pero tienen las horas contadas.<\/p>\n<p>Seg\u00fan se pudo saber, el juez de Garant\u00edas Federico Atencio pidi\u00f3 a la C\u00e1mara de Apelaciones de La Plata que defina si la investigaci\u00f3n que comenz\u00f3 el 9 de septiembre con la detenci\u00f3n del empleado de la C\u00e1mara de Diputados bonaerense es v\u00e1lida.<\/p>\n<p>La defensa de Rigau hab\u00eda solicitado la nulidad de la causa y Atencio espera una definici\u00f3n del tribunal de alzada para expedirse sobre los pedidos de detenciones de la fiscal Betina Lacki. Tambi\u00e9n sobre las capturas de los titulares de las 48 tarjetas de d\u00e9bito que ten\u00eda Rigau cuando cay\u00f3 in franganti.<\/p>\n<figure id=\"attachment_998\" aria-describedby=\"caption-attachment-998\" style=\"width: 720px\" class=\"wp-caption alignnone\"><img fetchpriority=\"high\" decoding=\"async\" class=\"size-full wp-image-998\" src=\"http:\/\/nuevodigitaldeescobar.com.ar\/wp-content\/uploads\/2023\/11\/chocolate-epi-1-e1700158348806.jpg\" alt=\"\" width=\"720\" height=\"404\" \/><figcaption id=\"caption-attachment-998\" class=\"wp-caption-text\">Facundo y Caudio Albini, al borde del arresto: qu\u00e9 podr\u00eda pasar en la causa \u201cChocolate\u201d a d\u00edas de las elecciones..<\/figcaption><\/figure>\n<p>El lunes, la fiscal le pidi\u00f3 al juez Atencio que ordene la prisi\u00f3n preventiva de Rigau y las de los Albini. Facundo es concejal reelecto de Uni\u00f3n por la Patria y su padre Claudio fue subdirector de Personal de la Legislatura bonaerense.<\/p>\n<p>La causa hab\u00eda sido anulada en un fallo expr\u00e9s por Juan Alberto Benavides, Alejandro Villordo, y Fernando Mateos, de la C\u00e1mara de Apelaciones de La Plata. Benavides y Villordo votaron por la liberaci\u00f3n y la nulidad de la investigaci\u00f3n. Hab\u00edan argumentado que cuando fue detenido, los polic\u00edas no le leyeron sus <em>\u201cgarant\u00edas\u201d<\/em>. Mateos vot\u00f3 en contra. Despu\u00e9s, la C\u00e1mara de Casaci\u00f3n orden\u00f3 mantener la investigaci\u00f3n y Rigau, que hab\u00eda sido liberado a los 11 d\u00edas de estar preso, volvi\u00f3 a la c\u00e1rcel.<\/p>\n<p>Como una mano en la sombra detr\u00e1s de las operaciones pol\u00edticas para que la C\u00e1mara volteara la causa, se se\u00f1al\u00f3 a un operador massista Ra\u00fal <em>\u201cEl Cabez\u00f3n\u201d<\/em> P\u00e9rez.<\/p>\n<p>El juez Atencio ya rechaz\u00f3 la eximici\u00f3n de prisi\u00f3n de todos los involucrados. Ahora falta que la C\u00e1mara de Apelaciones resuelva el pedido de la defensa para que el juez pueda actuar. Benavides y Villordo se excusaron por el esc\u00e1ndalo de su primer fallo y se sorte\u00f3 una nueva C\u00e1mara.<\/p>\n<p><em>\u201cNecesitamos que la C\u00e1mara defina. El juez le pide ahora que resuelva porque a \u00e9l se le vence el plazo el martes pr\u00f3ximo\u201d<\/em>, confiaron desde el juzgado de Garant\u00edas. La C\u00e1mara no querr\u00eda expedirse antes de las elecciones para evitar suspicacias. Si se concretan, las detenciones ocurrir\u00e1n el martes pr\u00f3ximo.<\/p>\n<p>Hasta ahora Rigau mantiene el pacto de silencio. La Justicia cree que la maniobra con los <em>\u201c\u00f1oquis\u201d<\/em> era un modus operandi de toda la Legislatura. <em>\u201cLa estrategia de la fiscal es detenerlos y romper el pacto de silencio\u201d<\/em>, dijo una fuente con acceso a la causa. Hasta ahora los empleados declararon que hab\u00edan autorizado a Rigau a cobrarles el sueldo sin nada a cambio. La Justicia busca que alguno se quiebre y se convierta en testigo protegido.<\/p>\n<p>La sospecha es que, a cambio de una obra social y de los aportes jubilatorios, esos <em>\u201ctrabajadores\u201d<\/em> ced\u00edan sus sueldos que terminaban financiando una caja negra de la pol\u00edtica.<\/p>\n<figure id=\"attachment_997\" aria-describedby=\"caption-attachment-997\" style=\"width: 720px\" class=\"wp-caption alignnone\"><img decoding=\"async\" class=\"size-full wp-image-997\" src=\"http:\/\/nuevodigitaldeescobar.com.ar\/wp-content\/uploads\/2023\/11\/chocolate-epi-2-e1700158300857.jpg\" alt=\"\" width=\"720\" height=\"286\" \/><figcaption id=\"caption-attachment-997\" class=\"wp-caption-text\">Los chats de Facundo Albini que complican cada vez m\u00e1s a Chocolate Rigau.<\/figcaption><\/figure>\n<p><em>\u201cTe llev\u00e1s 200 (mil) por mes hace 3 a\u00f1os y cuando te necesito no est\u00e1s. Siento que me est\u00e1s faltando el respeto a m\u00ed y a la amistad que tenemos. No quiero terminar mal con vos, pero no quiero que me tomes por idiota, me est\u00e1s faltando el respeto a m\u00ed, a los compa\u00f1eros y lo est\u00e1n notando todos\u201d<\/em>. Fue uno de los mensajes que desde el n\u00famero de Facundo Albini lleg\u00f3 al celular de Rigau, que la Justicia perit\u00f3. Pero no ser\u00edan los \u00fanicos chats que complican a los Albini.<\/p>\n<h3><span style=\"color: #000000;\">Los chats<\/span><\/h3>\n<p>El contenido del celular de Julio <em>\u201cChocolate\u201d<\/em> Rigau revel\u00f3 el mecanismo de recaudaci\u00f3n de sueldos de empleados de la Legislatura bonaerense y mostr\u00f3 que el puntero respond\u00eda a los dirigentes Claudio y Facundo Albini (padre e hijo), este \u00faltimo concejal platense y candidato de Uni\u00f3n por la Patria.<\/p>\n<p>El 24 de agosto, desde el contacto <em>\u201cFacu\u201d<\/em>, que corresponde al celular de Facundo Albini, le mandaron un mensaje a Rigau a las 10.41: <em>\u201cLLAMAME JULIO\u201d<\/em>. Rigau, sin vueltas, le contesta <em>\u201cestoy con Mecha\u201d<\/em> y le cuenta que se complicaron las cosas para rendirle porque <em>\u201centraron algunos descuentos en varias tarjetas\u201d<\/em>, seg\u00fan dice la conversaci\u00f3n.<\/p>\n<p>Debido a que Rigau no lo llam\u00f3, Albini vuelve a insistir: <em>\u201cNecesito urgente un nombre para la muni\u201d<\/em>. Los minutos segu\u00edan pasando y como no hab\u00eda respuestas, ya el 26 de agosto, Albini escribe en may\u00fasculas: <em>\u201cLLAMAME, \u00bfvos me estas tomando de gil?\u201d<\/em>.<\/p>\n<p>Ese mismo d\u00eda Albini intenta nuevamente contactarse con Rigau -con quien manten\u00eda una amistad- y le ofrece terminar la relaci\u00f3n en buenos t\u00e9rminos. Sin embargo, no hab\u00eda respuestas.<\/p>\n<p>Es por eso que el 27 de agosto, cansado, le reproch\u00f3: <em>\u201cTe llev\u00e1s 200 por mes hace 3 a\u00f1os y cuando te necesito no est\u00e1s. Siento que me est\u00e1s faltando el respeto a m\u00ed y a la amistad que tenemos\u201d<\/em>. Luego de esto, a\u00f1adi\u00f3: <em>\u201cNo quiero terminar mal con vos, pero no quiero que me tomes por idiota, me est\u00e1s faltando el respeto a m\u00ed, a los compa\u00f1eros y lo est\u00e1n notando todos\u201d<\/em>.<\/p>\n<p>Los problemas entre Rigau y Albini surgieron debido a que el sistema de recaudaci\u00f3n de los sueldos de los supuestos empleados estaba teniendo algunos problemas.<\/p>\n<p>De hecho, el 5 de septiembre por la noche -cuatro d\u00edas antes de su detenci\u00f3n- Rigau le manda una foto a Albini de un comprobante donde muestra movimientos bancarios. Ese mismo recibo estaba entre los tickets que le secuestraron a Rigau el d\u00eda del arresto.<\/p>\n<p>El 28 de julio, por otra parte, el puntero le manda un mensaje de voz a una mujer agendada como <em>\u201cCarmen\u201d<\/em>. En el mismo habla de <em>\u201crendir\u201d<\/em> parte de la recaudaci\u00f3n.<\/p>\n<p><em>\u201cBueno, bueno, si ayer nos dijeron que bueno, que&#8230;en el horario de visita, once y media, entre once y media y doce ehh&#8230; la&#8230; ten\u00eda el alta, yo tengo que ir a rendir, ahora estoy por llamar a Claudio tratar de rendir lo m\u00e1s temprano posible y llegar por lo menos a las doce\u201d<\/em>, le dijo <em>\u201cChocolate\u201d<\/em>.<\/p>\n<p>La fiscal Betina Lacki sabe que Rigau no actu\u00f3 solo y tiene que definir cu\u00e1l fue el rol que cumpli\u00f3 dentro de la organizaci\u00f3n, quienes fueron sus jefes y sus lacayos.<\/p>\n<p>Facundo Albini y su padre, Claudio, ser\u00edan dos de los presuntos l\u00edderes de la banda. La sospecha principal de la Justicia es que ambos idearon una estructura dentro de la Legislatura bonaerense para obtener dinero del erario p\u00fablico.<\/p>\n<p><em>(TN)<\/em><\/p>\n","protected":false},"excerpt":{"rendered":"<p>Atencio tiene plazo hasta el martes para definir la prisi\u00f3n preventiva del puntero del PJ. Busca que los camaristas resuelvan antes sobre la validez del [&hellip;]<\/p>\n","protected":false},"author":1,"featured_media":999,"comment_status":"open","ping_status":"closed","sticky":false,"template":"","format":"standard","meta":{"footnotes":""},"categories":[13,6],"tags":[],"class_list":["post-996","post","type-post","status-publish","format-standard","has-post-thumbnail","hentry","category-policiales","category-politica"],"better_featured_image":{"id":999,"alt_text":"","caption":"","description":"","media_type":"image","media_details":{"width":720,"height":620,"file":"2023\/11\/chocolate-e1700158439763.jpg","filesize":57272,"sizes":{"medium":{"file":"chocolate-300x258.jpg","width":300,"height":258,"mime-type":"image\/jpeg","filesize":12760,"source_url":"https:\/\/nuevodigitaldeescobar.com.ar\/wp-content\/uploads\/2023\/11\/chocolate-300x258.jpg"},"thumbnail":{"file":"chocolate-150x150.jpg","width":150,"height":150,"mime-type":"image\/jpeg","filesize":5139,"source_url":"https:\/\/nuevodigitaldeescobar.com.ar\/wp-content\/uploads\/2023\/11\/chocolate-150x150.jpg"},"covernews-slider-center":{"file":"chocolate-767x500.jpg","width":767,"height":500,"mime-type":"image\/jpeg","filesize":34607,"source_url":"https:\/\/nuevodigitaldeescobar.com.ar\/wp-content\/uploads\/2023\/11\/chocolate-767x500.jpg"},"covernews-medium":{"file":"chocolate-540x340.jpg","width":540,"height":340,"mime-type":"image\/jpeg","filesize":22566,"source_url":"https:\/\/nuevodigitaldeescobar.com.ar\/wp-content\/uploads\/2023\/11\/chocolate-540x340.jpg"},"covernews-medium-square":{"file":"chocolate-400x250.jpg","width":400,"height":250,"mime-type":"image\/jpeg","filesize":14554,"source_url":"https:\/\/nuevodigitaldeescobar.com.ar\/wp-content\/uploads\/2023\/11\/chocolate-400x250.jpg"}},"image_meta":{"aperture":"0","credit":"","camera":"","caption":"","created_timestamp":"0","copyright":"","focal_length":"0","iso":"0","shutter_speed":"0","title":"","orientation":"0","keywords":[]}},"post":996,"source_url":"https:\/\/nuevodigitaldeescobar.com.ar\/wp-content\/uploads\/2023\/11\/chocolate-e1700158439763.jpg"},"yoast_head":"<!-- This site is optimized with the Yoast SEO plugin v26.1.1 - https:\/\/yoast.com\/wordpress\/plugins\/seo\/ -->\n<title>Caso \u201cChocolate\u201d: el juez le pide a la C\u00e1mara que apure una definici\u00f3n clave para ordenar las detenciones - Nuevo Digital de Escobar<\/title>\n<meta name=\"robots\" content=\"index, follow, max-snippet:-1, max-image-preview:large, max-video-preview:-1\" \/>\n<link rel=\"canonical\" href=\"https:\/\/nuevodigitaldeescobar.com.ar\/?p=996\" \/>\n<meta property=\"og:locale\" content=\"es_ES\" \/>\n<meta property=\"og:type\" content=\"article\" \/>\n<meta property=\"og:title\" content=\"Caso \u201cChocolate\u201d: el juez le pide a la C\u00e1mara que apure una definici\u00f3n clave para ordenar las detenciones - Nuevo Digital de Escobar\" \/>\n<meta property=\"og:description\" content=\"Atencio tiene plazo hasta el martes para definir la prisi\u00f3n preventiva del puntero del PJ. Busca que los camaristas resuelvan antes sobre la validez del [&hellip;]\" \/>\n<meta property=\"og:url\" content=\"https:\/\/nuevodigitaldeescobar.com.ar\/?p=996\" \/>\n<meta property=\"og:site_name\" content=\"Nuevo Digital de Escobar\" \/>\n<meta property=\"article:publisher\" content=\"https:\/\/www.facebook.com\/NUEVODigitalDeEscobar\" \/>\n<meta property=\"article:published_time\" content=\"2023-11-16T17:10:00+00:00\" \/>\n<meta property=\"article:modified_time\" content=\"2023-11-16T18:14:35+00:00\" \/>\n<meta property=\"og:image\" content=\"https:\/\/nuevodigitaldeescobar.com.ar\/wp-content\/uploads\/2023\/11\/chocolate-e1700158439763.jpg\" \/>\n\t<meta property=\"og:image:width\" content=\"720\" \/>\n\t<meta property=\"og:image:height\" content=\"620\" \/>\n\t<meta property=\"og:image:type\" content=\"image\/jpeg\" \/>\n<meta name=\"author\" content=\"Redacci\u00f3n\" \/>\n<meta name=\"twitter:card\" content=\"summary_large_image\" \/>\n<meta name=\"twitter:creator\" content=\"@nuevodigescobar\" \/>\n<meta name=\"twitter:site\" content=\"@nuevodigescobar\" \/>\n<meta name=\"twitter:label1\" content=\"Escrito por\" \/>\n\t<meta name=\"twitter:data1\" content=\"Redacci\u00f3n\" \/>\n\t<meta name=\"twitter:label2\" content=\"Tiempo de lectura\" \/>\n\t<meta name=\"twitter:data2\" content=\"6 minutos\" \/>\n<script type=\"application\/ld+json\" class=\"yoast-schema-graph\">{\"@context\":\"https:\/\/schema.org\",\"@graph\":[{\"@type\":\"Article\",\"@id\":\"https:\/\/nuevodigitaldeescobar.com.ar\/?p=996#article\",\"isPartOf\":{\"@id\":\"https:\/\/nuevodigitaldeescobar.com.ar\/?p=996\"},\"author\":{\"name\":\"Redacci\u00f3n\",\"@id\":\"https:\/\/nuevodigitaldeescobar.com.ar\/#\/schema\/person\/035e90a8efe9a80e6eec22656ad6ea4c\"},\"headline\":\"Caso \u201cChocolate\u201d: el juez le pide a la C\u00e1mara que apure una definici\u00f3n clave para ordenar las detenciones\",\"datePublished\":\"2023-11-16T17:10:00+00:00\",\"dateModified\":\"2023-11-16T18:14:35+00:00\",\"mainEntityOfPage\":{\"@id\":\"https:\/\/nuevodigitaldeescobar.com.ar\/?p=996\"},\"wordCount\":1256,\"commentCount\":0,\"publisher\":{\"@id\":\"https:\/\/nuevodigitaldeescobar.com.ar\/#organization\"},\"image\":{\"@id\":\"https:\/\/nuevodigitaldeescobar.com.ar\/?p=996#primaryimage\"},\"thumbnailUrl\":\"https:\/\/nuevodigitaldeescobar.com.ar\/wp-content\/uploads\/2023\/11\/chocolate-e1700158439763.jpg\",\"articleSection\":[\"Policiales\",\"Pol\u00edtica\"],\"inLanguage\":\"es\",\"potentialAction\":[{\"@type\":\"CommentAction\",\"name\":\"Comment\",\"target\":[\"https:\/\/nuevodigitaldeescobar.com.ar\/?p=996#respond\"]}]},{\"@type\":\"WebPage\",\"@id\":\"https:\/\/nuevodigitaldeescobar.com.ar\/?p=996\",\"url\":\"https:\/\/nuevodigitaldeescobar.com.ar\/?p=996\",\"name\":\"Caso \u201cChocolate\u201d: el juez le pide a la C\u00e1mara que apure una definici\u00f3n clave para ordenar las detenciones - Nuevo Digital de Escobar\",\"isPartOf\":{\"@id\":\"https:\/\/nuevodigitaldeescobar.com.ar\/#website\"},\"primaryImageOfPage\":{\"@id\":\"https:\/\/nuevodigitaldeescobar.com.ar\/?p=996#primaryimage\"},\"image\":{\"@id\":\"https:\/\/nuevodigitaldeescobar.com.ar\/?p=996#primaryimage\"},\"thumbnailUrl\":\"https:\/\/nuevodigitaldeescobar.com.ar\/wp-content\/uploads\/2023\/11\/chocolate-e1700158439763.jpg\",\"datePublished\":\"2023-11-16T17:10:00+00:00\",\"dateModified\":\"2023-11-16T18:14:35+00:00\",\"breadcrumb\":{\"@id\":\"https:\/\/nuevodigitaldeescobar.com.ar\/?p=996#breadcrumb\"},\"inLanguage\":\"es\",\"potentialAction\":[{\"@type\":\"ReadAction\",\"target\":[\"https:\/\/nuevodigitaldeescobar.com.ar\/?p=996\"]}]},{\"@type\":\"ImageObject\",\"inLanguage\":\"es\",\"@id\":\"https:\/\/nuevodigitaldeescobar.com.ar\/?p=996#primaryimage\",\"url\":\"https:\/\/nuevodigitaldeescobar.com.ar\/wp-content\/uploads\/2023\/11\/chocolate-e1700158439763.jpg\",\"contentUrl\":\"https:\/\/nuevodigitaldeescobar.com.ar\/wp-content\/uploads\/2023\/11\/chocolate-e1700158439763.jpg\",\"width\":720,\"height\":620},{\"@type\":\"BreadcrumbList\",\"@id\":\"https:\/\/nuevodigitaldeescobar.com.ar\/?p=996#breadcrumb\",\"itemListElement\":[{\"@type\":\"ListItem\",\"position\":1,\"name\":\"Portada\",\"item\":\"https:\/\/nuevodigitaldeescobar.com.ar\/\"},{\"@type\":\"ListItem\",\"position\":2,\"name\":\"Caso \u201cChocolate\u201d: el juez le pide a la C\u00e1mara que apure una definici\u00f3n clave para ordenar las detenciones\"}]},{\"@type\":\"WebSite\",\"@id\":\"https:\/\/nuevodigitaldeescobar.com.ar\/#website\",\"url\":\"https:\/\/nuevodigitaldeescobar.com.ar\/\",\"name\":\"Nuevo Digital de Escobar\",\"description\":\"La vida escobarense. Directora: Rosana Brunner\",\"publisher\":{\"@id\":\"https:\/\/nuevodigitaldeescobar.com.ar\/#organization\"},\"potentialAction\":[{\"@type\":\"SearchAction\",\"target\":{\"@type\":\"EntryPoint\",\"urlTemplate\":\"https:\/\/nuevodigitaldeescobar.com.ar\/?s={search_term_string}\"},\"query-input\":{\"@type\":\"PropertyValueSpecification\",\"valueRequired\":true,\"valueName\":\"search_term_string\"}}],\"inLanguage\":\"es\"},{\"@type\":\"Organization\",\"@id\":\"https:\/\/nuevodigitaldeescobar.com.ar\/#organization\",\"name\":\"Nuevo Digital de Escobar\",\"url\":\"https:\/\/nuevodigitaldeescobar.com.ar\/\",\"logo\":{\"@type\":\"ImageObject\",\"inLanguage\":\"es\",\"@id\":\"https:\/\/nuevodigitaldeescobar.com.ar\/#\/schema\/logo\/image\/\",\"url\":\"https:\/\/nuevodigitaldeescobar.com.ar\/wp-content\/uploads\/2025\/05\/cropped-logo-nuevo2.jpg\",\"contentUrl\":\"https:\/\/nuevodigitaldeescobar.com.ar\/wp-content\/uploads\/2025\/05\/cropped-logo-nuevo2.jpg\",\"width\":305,\"height\":305,\"caption\":\"Nuevo Digital de Escobar\"},\"image\":{\"@id\":\"https:\/\/nuevodigitaldeescobar.com.ar\/#\/schema\/logo\/image\/\"},\"sameAs\":[\"https:\/\/www.facebook.com\/NUEVODigitalDeEscobar\",\"https:\/\/x.com\/nuevodigescobar\",\"https:\/\/www.instagram.com\/nuevodigitaldeescobar\"]},{\"@type\":\"Person\",\"@id\":\"https:\/\/nuevodigitaldeescobar.com.ar\/#\/schema\/person\/035e90a8efe9a80e6eec22656ad6ea4c\",\"name\":\"Redacci\u00f3n\",\"image\":{\"@type\":\"ImageObject\",\"inLanguage\":\"es\",\"@id\":\"https:\/\/nuevodigitaldeescobar.com.ar\/#\/schema\/person\/image\/\",\"url\":\"https:\/\/secure.gravatar.com\/avatar\/8af8f40000c24e9eef3034f2be5998a372bb1389e64b1a4a36b3a7979142220d?s=96&d=mm&r=g\",\"contentUrl\":\"https:\/\/secure.gravatar.com\/avatar\/8af8f40000c24e9eef3034f2be5998a372bb1389e64b1a4a36b3a7979142220d?s=96&d=mm&r=g\",\"caption\":\"Redacci\u00f3n\"},\"sameAs\":[\"http:\/\/nuevodigitaldeescobar.com.ar\"],\"url\":\"https:\/\/nuevodigitaldeescobar.com.ar\/?author=1\"}]}<\/script>\n<!-- \/ Yoast SEO plugin. -->","yoast_head_json":{"title":"Caso \u201cChocolate\u201d: el juez le pide a la C\u00e1mara que apure una definici\u00f3n clave para ordenar las detenciones - Nuevo Digital de Escobar","robots":{"index":"index","follow":"follow","max-snippet":"max-snippet:-1","max-image-preview":"max-image-preview:large","max-video-preview":"max-video-preview:-1"},"canonical":"https:\/\/nuevodigitaldeescobar.com.ar\/?p=996","og_locale":"es_ES","og_type":"article","og_title":"Caso \u201cChocolate\u201d: el juez le pide a la C\u00e1mara que apure una definici\u00f3n clave para ordenar las detenciones - Nuevo Digital de Escobar","og_description":"Atencio tiene plazo hasta el martes para definir la prisi\u00f3n preventiva del puntero del PJ. Busca que los camaristas resuelvan antes sobre la validez del [&hellip;]","og_url":"https:\/\/nuevodigitaldeescobar.com.ar\/?p=996","og_site_name":"Nuevo Digital de Escobar","article_publisher":"https:\/\/www.facebook.com\/NUEVODigitalDeEscobar","article_published_time":"2023-11-16T17:10:00+00:00","article_modified_time":"2023-11-16T18:14:35+00:00","og_image":[{"width":720,"height":620,"url":"https:\/\/nuevodigitaldeescobar.com.ar\/wp-content\/uploads\/2023\/11\/chocolate-e1700158439763.jpg","type":"image\/jpeg"}],"author":"Redacci\u00f3n","twitter_card":"summary_large_image","twitter_creator":"@nuevodigescobar","twitter_site":"@nuevodigescobar","twitter_misc":{"Escrito por":"Redacci\u00f3n","Tiempo de lectura":"6 minutos"},"schema":{"@context":"https:\/\/schema.org","@graph":[{"@type":"Article","@id":"https:\/\/nuevodigitaldeescobar.com.ar\/?p=996#article","isPartOf":{"@id":"https:\/\/nuevodigitaldeescobar.com.ar\/?p=996"},"author":{"name":"Redacci\u00f3n","@id":"https:\/\/nuevodigitaldeescobar.com.ar\/#\/schema\/person\/035e90a8efe9a80e6eec22656ad6ea4c"},"headline":"Caso \u201cChocolate\u201d: el juez le pide a la C\u00e1mara que apure una definici\u00f3n clave para ordenar las detenciones","datePublished":"2023-11-16T17:10:00+00:00","dateModified":"2023-11-16T18:14:35+00:00","mainEntityOfPage":{"@id":"https:\/\/nuevodigitaldeescobar.com.ar\/?p=996"},"wordCount":1256,"commentCount":0,"publisher":{"@id":"https:\/\/nuevodigitaldeescobar.com.ar\/#organization"},"image":{"@id":"https:\/\/nuevodigitaldeescobar.com.ar\/?p=996#primaryimage"},"thumbnailUrl":"https:\/\/nuevodigitaldeescobar.com.ar\/wp-content\/uploads\/2023\/11\/chocolate-e1700158439763.jpg","articleSection":["Policiales","Pol\u00edtica"],"inLanguage":"es","potentialAction":[{"@type":"CommentAction","name":"Comment","target":["https:\/\/nuevodigitaldeescobar.com.ar\/?p=996#respond"]}]},{"@type":"WebPage","@id":"https:\/\/nuevodigitaldeescobar.com.ar\/?p=996","url":"https:\/\/nuevodigitaldeescobar.com.ar\/?p=996","name":"Caso \u201cChocolate\u201d: el juez le pide a la C\u00e1mara que apure una definici\u00f3n clave para ordenar las detenciones - Nuevo Digital de Escobar","isPartOf":{"@id":"https:\/\/nuevodigitaldeescobar.com.ar\/#website"},"primaryImageOfPage":{"@id":"https:\/\/nuevodigitaldeescobar.com.ar\/?p=996#primaryimage"},"image":{"@id":"https:\/\/nuevodigitaldeescobar.com.ar\/?p=996#primaryimage"},"thumbnailUrl":"https:\/\/nuevodigitaldeescobar.com.ar\/wp-content\/uploads\/2023\/11\/chocolate-e1700158439763.jpg","datePublished":"2023-11-16T17:10:00+00:00","dateModified":"2023-11-16T18:14:35+00:00","breadcrumb":{"@id":"https:\/\/nuevodigitaldeescobar.com.ar\/?p=996#breadcrumb"},"inLanguage":"es","potentialAction":[{"@type":"ReadAction","target":["https:\/\/nuevodigitaldeescobar.com.ar\/?p=996"]}]},{"@type":"ImageObject","inLanguage":"es","@id":"https:\/\/nuevodigitaldeescobar.com.ar\/?p=996#primaryimage","url":"https:\/\/nuevodigitaldeescobar.com.ar\/wp-content\/uploads\/2023\/11\/chocolate-e1700158439763.jpg","contentUrl":"https:\/\/nuevodigitaldeescobar.com.ar\/wp-content\/uploads\/2023\/11\/chocolate-e1700158439763.jpg","width":720,"height":620},{"@type":"BreadcrumbList","@id":"https:\/\/nuevodigitaldeescobar.com.ar\/?p=996#breadcrumb","itemListElement":[{"@type":"ListItem","position":1,"name":"Portada","item":"https:\/\/nuevodigitaldeescobar.com.ar\/"},{"@type":"ListItem","position":2,"name":"Caso \u201cChocolate\u201d: el juez le pide a la C\u00e1mara que apure una definici\u00f3n clave para ordenar las detenciones"}]},{"@type":"WebSite","@id":"https:\/\/nuevodigitaldeescobar.com.ar\/#website","url":"https:\/\/nuevodigitaldeescobar.com.ar\/","name":"Nuevo Digital de Escobar","description":"La vida escobarense. Directora: Rosana Brunner","publisher":{"@id":"https:\/\/nuevodigitaldeescobar.com.ar\/#organization"},"potentialAction":[{"@type":"SearchAction","target":{"@type":"EntryPoint","urlTemplate":"https:\/\/nuevodigitaldeescobar.com.ar\/?s={search_term_string}"},"query-input":{"@type":"PropertyValueSpecification","valueRequired":true,"valueName":"search_term_string"}}],"inLanguage":"es"},{"@type":"Organization","@id":"https:\/\/nuevodigitaldeescobar.com.ar\/#organization","name":"Nuevo Digital de Escobar","url":"https:\/\/nuevodigitaldeescobar.com.ar\/","logo":{"@type":"ImageObject","inLanguage":"es","@id":"https:\/\/nuevodigitaldeescobar.com.ar\/#\/schema\/logo\/image\/","url":"https:\/\/nuevodigitaldeescobar.com.ar\/wp-content\/uploads\/2025\/05\/cropped-logo-nuevo2.jpg","contentUrl":"https:\/\/nuevodigitaldeescobar.com.ar\/wp-content\/uploads\/2025\/05\/cropped-logo-nuevo2.jpg","width":305,"height":305,"caption":"Nuevo Digital de Escobar"},"image":{"@id":"https:\/\/nuevodigitaldeescobar.com.ar\/#\/schema\/logo\/image\/"},"sameAs":["https:\/\/www.facebook.com\/NUEVODigitalDeEscobar","https:\/\/x.com\/nuevodigescobar","https:\/\/www.instagram.com\/nuevodigitaldeescobar"]},{"@type":"Person","@id":"https:\/\/nuevodigitaldeescobar.com.ar\/#\/schema\/person\/035e90a8efe9a80e6eec22656ad6ea4c","name":"Redacci\u00f3n","image":{"@type":"ImageObject","inLanguage":"es","@id":"https:\/\/nuevodigitaldeescobar.com.ar\/#\/schema\/person\/image\/","url":"https:\/\/secure.gravatar.com\/avatar\/8af8f40000c24e9eef3034f2be5998a372bb1389e64b1a4a36b3a7979142220d?s=96&d=mm&r=g","contentUrl":"https:\/\/secure.gravatar.com\/avatar\/8af8f40000c24e9eef3034f2be5998a372bb1389e64b1a4a36b3a7979142220d?s=96&d=mm&r=g","caption":"Redacci\u00f3n"},"sameAs":["http:\/\/nuevodigitaldeescobar.com.ar"],"url":"https:\/\/nuevodigitaldeescobar.com.ar\/?author=1"}]}},"featured_image_urls":{"full":["https:\/\/nuevodigitaldeescobar.com.ar\/wp-content\/uploads\/2023\/11\/chocolate-e1700158439763.jpg",720,620,false],"thumbnail":["https:\/\/nuevodigitaldeescobar.com.ar\/wp-content\/uploads\/2023\/11\/chocolate-150x150.jpg",150,150,true],"medium":["https:\/\/nuevodigitaldeescobar.com.ar\/wp-content\/uploads\/2023\/11\/chocolate-300x258.jpg",300,258,true],"medium_large":["https:\/\/nuevodigitaldeescobar.com.ar\/wp-content\/uploads\/2023\/11\/chocolate-e1700158439763.jpg",640,551,false],"large":["https:\/\/nuevodigitaldeescobar.com.ar\/wp-content\/uploads\/2023\/11\/chocolate-e1700158439763.jpg",640,551,false],"1536x1536":["https:\/\/nuevodigitaldeescobar.com.ar\/wp-content\/uploads\/2023\/11\/chocolate-e1700158439763.jpg",720,620,false],"2048x2048":["https:\/\/nuevodigitaldeescobar.com.ar\/wp-content\/uploads\/2023\/11\/chocolate-e1700158439763.jpg",720,620,false]},"author_info":{"display_name":"Redacci\u00f3n","author_link":"https:\/\/nuevodigitaldeescobar.com.ar\/?author=1"},"category_info":"<a href=\"https:\/\/nuevodigitaldeescobar.com.ar\/?cat=13\" rel=\"category\">Policiales<\/a> <a href=\"https:\/\/nuevodigitaldeescobar.com.ar\/?cat=6\" rel=\"category\">Pol\u00edtica<\/a>","tag_info":"Pol\u00edtica","comment_count":"0","_links":{"self":[{"href":"https:\/\/nuevodigitaldeescobar.com.ar\/index.php?rest_route=\/wp\/v2\/posts\/996","targetHints":{"allow":["GET"]}}],"collection":[{"href":"https:\/\/nuevodigitaldeescobar.com.ar\/index.php?rest_route=\/wp\/v2\/posts"}],"about":[{"href":"https:\/\/nuevodigitaldeescobar.com.ar\/index.php?rest_route=\/wp\/v2\/types\/post"}],"author":[{"embeddable":true,"href":"https:\/\/nuevodigitaldeescobar.com.ar\/index.php?rest_route=\/wp\/v2\/users\/1"}],"replies":[{"embeddable":true,"href":"https:\/\/nuevodigitaldeescobar.com.ar\/index.php?rest_route=%2Fwp%2Fv2%2Fcomments&post=996"}],"version-history":[{"count":1,"href":"https:\/\/nuevodigitaldeescobar.com.ar\/index.php?rest_route=\/wp\/v2\/posts\/996\/revisions"}],"predecessor-version":[{"id":1000,"href":"https:\/\/nuevodigitaldeescobar.com.ar\/index.php?rest_route=\/wp\/v2\/posts\/996\/revisions\/1000"}],"wp:featuredmedia":[{"embeddable":true,"href":"https:\/\/nuevodigitaldeescobar.com.ar\/index.php?rest_route=\/wp\/v2\/media\/999"}],"wp:attachment":[{"href":"https:\/\/nuevodigitaldeescobar.com.ar\/index.php?rest_route=%2Fwp%2Fv2%2Fmedia&parent=996"}],"wp:term":[{"taxonomy":"category","embeddable":true,"href":"https:\/\/nuevodigitaldeescobar.com.ar\/index.php?rest_route=%2Fwp%2Fv2%2Fcategories&post=996"},{"taxonomy":"post_tag","embeddable":true,"href":"https:\/\/nuevodigitaldeescobar.com.ar\/index.php?rest_route=%2Fwp%2Fv2%2Ftags&post=996"}],"curies":[{"name":"wp","href":"https:\/\/api.w.org\/{rel}","templated":true}]}}